{"id":41842,"date":"2013-06-24T07:53:10","date_gmt":"2013-06-24T07:53:10","guid":{"rendered":"http:\/\/www.cinevox.be\/?p=41842"},"modified":"2013-06-24T06:45:18","modified_gmt":"2013-06-24T06:45:18","slug":"la-marque-des-anges-colonie-suspecte-en-region-namuroise","status":"publish","type":"post","link":"https:\/\/welovecinema.be\/fr\/la-marque-des-anges-colonie-suspecte-en-region-namuroise\/","title":{"rendered":"La Marque des Anges <br> Colonie suspecte en r\u00e9gion namuroise"},"content":{"rendered":"<p>\u00c0 Paris, Lionel Kasdan (G\u00e9rard Depardieu), commissaire de la BRI \u00e0 la retraite, enqu\u00eate sur un meurtre \u00e9trange : un chef de ch\u0153ur a \u00e9t\u00e9 retrouv\u00e9 mort dans sa paroisse, les tympans d\u00e9truits, sans qu\u2019aucun t\u00e9moin n\u2019ait apparemment assist\u00e9 \u00e0 la sc\u00e8ne.<\/p>\n<p>De son c\u00f4t\u00e9, Frank Salek (Joey Starr), un agent d\u2019Interpol menac\u00e9 d\u2019\u00eatre mis \u00e0 pied par ses sup\u00e9rieurs \u00e0 cause de son comportement excessif, traque la piste d\u2019une organisation secr\u00e8te, sp\u00e9cialis\u00e9e dans le kidnapping d\u2019enfants.<\/p>\n<p>Lorsque Salek apprend la mort du chef de ch\u0153ur, il pense avoir \u00e9tabli un lien avec sa propre enqu\u00eate et accepte de faire \u00e9quipe avec Kasdan.<\/p>\n<p>Mais plus l\u2019enqu\u00eate avance, plus Salek semble perdre pied, comme rattrap\u00e9 par un secret jusque-l\u00e0 enfoui. D\u00e8s lors, les deux hommes vont plonger dans une affaire qui trouve sa source dans les heures les plus sombres de la Seconde Guerre mondiale&#8230;<\/p>\n<p><em id=\"__mceDel\"><!--more--><br \/>\n<\/em><\/p>\n<p><i>\u00a0<\/i><\/p>\n<p><a href=\"http:\/\/www.cinevox.be\/la-marque-des-anges-colonie-suspecte-en-region-namuroise\/grange\/\" rel=\"attachment wp-att-41843\"><img loading=\"lazy\" decoding=\"async\" class=\" wp-image-41843 alignright\" alt=\"\" src=\"http:\/\/www.cinevox.be\/wp-content\/uploads\/sites\/2\/2013\/06\/Grang\u00e9.jpg\" width=\"422\" height=\"211\" srcset=\"https:\/\/welovecinema.be\/wp-content\/uploads\/sites\/2\/2013\/06\/Grang\u00e9.jpg 660w, https:\/\/welovecinema.be\/wp-content\/uploads\/sites\/2\/2013\/06\/Grang\u00e9-480x240.jpg 480w\" sizes=\"auto, (max-width: 422px) 100vw, 422px\" \/><\/a><\/p>\n<p style=\"text-align: left;\"><i>La Marque des Anges<\/i> est bas\u00e9 sur <i>Miserere<\/i> le roman de <b>Jean-Christophe Grang\u00e9<\/b>, l\u2019auteur des<i> Rivi\u00e8res pourpres <\/i>ou du<i> Concile de Pierre,<\/i> un ancien grand reporter reconverti dans le thriller \u00e0 l\u2019am\u00e9ricaine avec un vrai succ\u00e8s. Sa marque de fabrique? Un sens de l\u2019intrigue impr\u00e9visible, du rythme, du d\u00e9paysement, une solide base documentaire, des personnages tortur\u00e9s.<\/p>\n<p>&nbsp;<\/p>\n<p>R\u00e9sultat: ses livres tr\u00e8s noirs se vendent comme des petits pains.<br \/>\nAu cin\u00e9ma, le bilan est moins fulgurant avec des adaptations un peu chaotiques, parfois spectaculaires, mais qui n\u2019ont pas laiss\u00e9 de grands souvenirs aux fans du genre. Jusqu\u2019ici, personne n\u2019a r\u00e9ussi \u00e0 transformer en images, l\u2019univers \u00e9trange et violent de l\u2019\u00e9crivain qui a \u00e9galement sc\u00e9naris\u00e9 deux films \u00ab\u00a0originaux\u00a0\u00bb : <i>Vidocq<\/i>, reboot qui pr\u00e9figurait bizarrement les r\u00e9cents d\u00e9lires mettant en sc\u00e8ne Sherlock Holmes sous les traits Robert Downey Jr et l\u2019abracadabrant (mais d\u00e9lassant) <i>Switch.<\/i><\/p>\n<p>Derni\u00e8re tentative en date: <i>Le Vol des Cigognes,<\/i> d\u00e9velopp\u00e9 en deux fois 90 minutes et plomb\u00e9 par un acteur principal atone.\u00a0 Moyen moyen, donc\u2026<\/p>\n<p><i>\u00a0<\/i><\/p>\n<p><a href=\"http:\/\/www.cinevox.be\/la-marque-des-anges-colonie-suspecte-en-region-namuroise\/_mg_9505\/\" rel=\"attachment wp-att-41844\"><img loading=\"lazy\" decoding=\"async\" class=\"aligncenter size-full wp-image-41844\" alt=\"\" src=\"http:\/\/www.cinevox.be\/wp-content\/uploads\/sites\/2\/2013\/06\/mg_9505.jpg\" width=\"720\" height=\"480\" srcset=\"https:\/\/welovecinema.be\/wp-content\/uploads\/sites\/2\/2013\/06\/mg_9505.jpg 720w, https:\/\/welovecinema.be\/wp-content\/uploads\/sites\/2\/2013\/06\/mg_9505-405x270.jpg 405w\" sizes=\"auto, (max-width: 720px) 100vw, 720px\" \/><\/a><\/p>\n<p>&nbsp;<\/p>\n<p><i>La Marque des Anges <\/i>sera-t-il enfin cette exception attendue qui confirme la r\u00e8gle: la bande-annonce le laisse pr\u00e9sager, mais le sc\u00e9nario qui prend pas mal de libert\u00e9 avec le formidable roman original (le personnage de Joey Starr a \u00e9t\u00e9 carr\u00e9ment modifi\u00e9) risque une fois encore de d\u00e9sorienter les fans hardcore de Grang\u00e9.<\/p>\n<p>&nbsp;<\/p>\n<p>Le duo \u00e0 l\u2019\u00e9cran ne correspond pas du tout \u00e0 l\u2019image qu\u2019on s\u2019en fait en lisant le livre, mais Depardieu face \u00e0 JoeyStarr, l\u2019exp\u00e9rience reste engageante. M\u00eame si les derniers passages des deux hommes \u00e0 la une des m\u00e9dias n\u2019ont rien fait pour redorer leur r\u00e9putation, ils sont deux acteurs \u00e9tonnants, chacun dans leur domaine: les voir se confronter pourrait donc \u00eatre int\u00e9ressant.<\/p>\n<p>&nbsp;<\/p>\n<p><i>La Marque des Anges<\/i> est mis en sc\u00e8ne par le franco-am\u00e9ricain Sylvain White, r\u00e9alisateur de <i>Souviens-toi l\u2019Et\u00e9 dernier\u00a03<\/i> ou <i>The Losers,<\/i> qui a notamment travaill\u00e9 pour la s\u00e9rie <i>The Experts.<\/i><\/p>\n<p>Gr\u00e2ce \u00e0 <i>Saga Films<\/i> qui multiplie ce type de coproductions, le film a \u00e9t\u00e9 en partie tourn\u00e9 chez nous. Saga avait d\u00e9j\u00e0 fait de l\u2019excellent boulot dans un registre analogue sur <i>Nuit Blanche,<\/i> par exemple, avant de coproduire <i>La Vie d\u2019Une Autre<\/i> de Sylvie Testud (avec court tournage en Belgique aussi) ou <i>Two Days in New York<\/i> de Julie Delpy o\u00f9 l\u00e0 il \u00e9tait question de postproduction belge.<\/p>\n<p>&nbsp;<\/p>\n<p><a href=\"http:\/\/www.cinevox.be\/la-marque-des-anges-colonie-suspecte-en-region-namuroise\/chevetogne\/\" rel=\"attachment wp-att-41845\"><img loading=\"lazy\" decoding=\"async\" class=\"aligncenter size-large wp-image-41845\" alt=\"\" src=\"http:\/\/www.cinevox.be\/wp-content\/uploads\/sites\/2\/2013\/06\/chevetogne-800x177.jpg\" width=\"640\" height=\"141\" srcset=\"https:\/\/welovecinema.be\/wp-content\/uploads\/sites\/2\/2013\/06\/chevetogne-800x177.jpg 800w, https:\/\/welovecinema.be\/wp-content\/uploads\/sites\/2\/2013\/06\/chevetogne-480x106.jpg 480w, https:\/\/welovecinema.be\/wp-content\/uploads\/sites\/2\/2013\/06\/chevetogne.jpg 900w\" sizes=\"auto, (max-width: 640px) 100vw, 640px\" \/><\/a><\/p>\n<p>&nbsp;<\/p>\n<p>Apr\u00e8s sept semaines en France, l\u2019\u00e9quipe est rest\u00e9e une dizaine de jours au domaine provincial de Chevetogne (photo). L\u2019id\u00e9e \u00e9tait de d\u00e9nicher un lieu entour\u00e9 de routes assez larges qui puisse dans la fiction abriter une colonie sectaire et secr\u00e8te. Le Clap Wallonie, bureau d\u2019accueil pour les tournages a envoy\u00e9 \u00e0 la production des photos de cet endroit retir\u00e9, assez connu des Wallons, mais pas forc\u00e9ment des Fran\u00e7ais, et emport\u00e9 l\u2019adh\u00e9sion. Une sc\u00e8ne spectaculaire situ\u00e9e \u00e0 la fin du film o\u00f9 il est question d\u2019une traque et d\u2019une chute dans un ravin a aussi \u00e9t\u00e9 tourn\u00e9e dans la r\u00e9gion namuroise.\u00a0 Le plateau s\u2019est ensuite d\u00e9plac\u00e9 \u00e0 Bruxelles et dans ses environs pour deux ultimes semaines de travail.<\/p>\n<p><b>\u00a0<\/b><\/p>\n<p><a href=\"http:\/\/www.cinevox.be\/la-marque-des-anges-colonie-suspecte-en-region-namuroise\/img_9624\/\" rel=\"attachment wp-att-41846\"><img loading=\"lazy\" decoding=\"async\" class=\"aligncenter size-full wp-image-41846\" alt=\"\" src=\"http:\/\/www.cinevox.be\/wp-content\/uploads\/sites\/2\/2013\/06\/img_9624.jpg\" width=\"720\" height=\"480\" srcset=\"https:\/\/welovecinema.be\/wp-content\/uploads\/sites\/2\/2013\/06\/img_9624.jpg 720w, https:\/\/welovecinema.be\/wp-content\/uploads\/sites\/2\/2013\/06\/img_9624-405x270.jpg 405w\" sizes=\"auto, (max-width: 720px) 100vw, 720px\" \/><\/a><\/p>\n<p>&nbsp;<\/p>\n<p>\u00c0 c\u00f4t\u00e9 du duo<b> Starr\/Depardieu, Thierry Lhermitte<\/b> figure \u00e9galement au g\u00e9n\u00e9rique de ce polar muscl\u00e9 \u00ab\u00a0\u00e0 l\u2019am\u00e9ricaine\u00a0\u00bb qui, c\u00f4t\u00e9 belge, accueille <b>Helena Noguerra<\/b> et quelques visages familiers comme <b>Laurent d\u2019Elia<\/b>,\u00a0<b>Hugues Hausman<\/b> \u00a0et <b>Mike Luboya <\/b>dans des plus petits r\u00f4les. Le retour des Men in Blagues, comme les larrons se sont eux-m\u00eames surnomm\u00e9s.<\/p>\n<p><i>La Marque des Anges<\/i> sort en France le 26 juin. Aucune date officielle n\u2019a encore \u00e9t\u00e9 avanc\u00e9e pour le march\u00e9 belge.<\/p>\n","protected":false},"excerpt":{"rendered":"<p>\u00c0 Paris, Lionel Kasdan (G\u00e9rard Depardieu), commissaire de la BRI \u00e0 la retraite, enqu\u00eate sur un meurtre \u00e9trange : un chef de ch\u0153ur a \u00e9t\u00e9 retrouv\u00e9 mort dans sa paroisse, les tympans d\u00e9truits, sans qu\u2019aucun t\u00e9moin n\u2019ait apparemment assist\u00e9 \u00e0 la sc\u00e8ne. De son c\u00f4t\u00e9, Frank Salek (Joey Starr), un agent d\u2019Interpol menac\u00e9 d\u2019\u00eatre mis &hellip;<\/p>\n","protected":false},"author":7,"featured_media":41848,"comment_status":"closed","ping_status":"closed","sticky":false,"template":"","format":"standard","meta":{"ngg_post_thumbnail":0,"footnotes":""},"categories":[53],"tags":[1106,1109,1111,1107,1110,1108,1105],"class_list":["post-41842","post","type-post","status-publish","format-standard","has-post-thumbnail","","category-coming-soon","tag-depardieu","tag-helena-noguerra","tag-hugues-hausman","tag-joeystarr","tag-laurent-delia","tag-mike-luboya","tag-saga-film"],"yoast_head":"<!-- This site is optimized with the Yoast SEO plugin v20.4 - https:\/\/yoast.com\/wordpress\/plugins\/seo\/ -->\n<title>La Marque des Anges  Colonie suspecte en r\u00e9gion namuroise - We Love Cinema<\/title>\n<meta name=\"robots\" content=\"index, follow, max-snippet:-1, max-image-preview:large, max-video-preview:-1\" \/>\n<link rel=\"canonical\" href=\"https:\/\/welovecinema.be\/fr\/la-marque-des-anges-colonie-suspecte-en-region-namuroise\/\" \/>\n<meta property=\"og:locale\" content=\"fr_FR\" \/>\n<meta property=\"og:type\" content=\"article\" \/>\n<meta property=\"og:title\" content=\"La Marque des Anges  Colonie suspecte en r\u00e9gion namuroise - We Love Cinema\" \/>\n<meta property=\"og:description\" content=\"\u00c0 Paris, Lionel Kasdan (G\u00e9rard Depardieu), commissaire de la BRI \u00e0 la retraite, enqu\u00eate sur un meurtre \u00e9trange : un chef de ch\u0153ur a \u00e9t\u00e9 retrouv\u00e9 mort dans sa paroisse, les tympans d\u00e9truits, sans qu\u2019aucun t\u00e9moin n\u2019ait apparemment assist\u00e9 \u00e0 la sc\u00e8ne. De son c\u00f4t\u00e9, Frank Salek (Joey Starr), un agent d\u2019Interpol menac\u00e9 d\u2019\u00eatre mis &hellip;\" \/>\n<meta property=\"og:url\" content=\"https:\/\/welovecinema.be\/fr\/la-marque-des-anges-colonie-suspecte-en-region-namuroise\/\" \/>\n<meta property=\"og:site_name\" content=\"We Love Cinema\" \/>\n<meta property=\"article:publisher\" content=\"https:\/\/www.facebook.com\/welovecinema.be\" \/>\n<meta property=\"article:published_time\" content=\"2013-06-24T07:53:10+00:00\" \/>\n<meta property=\"article:modified_time\" content=\"2013-06-24T06:45:18+00:00\" \/>\n<meta property=\"og:image\" content=\"https:\/\/welovecinema.be\/wp-content\/uploads\/sites\/2\/2013\/06\/mg_8775.jpg\" \/>\n\t<meta property=\"og:image:width\" content=\"720\" \/>\n\t<meta property=\"og:image:height\" content=\"480\" \/>\n\t<meta property=\"og:image:type\" content=\"image\/jpeg\" \/>\n<meta name=\"author\" content=\"Philippe.Pierquin\" \/>\n<meta name=\"twitter:card\" content=\"summary_large_image\" \/>\n<meta name=\"twitter:label1\" content=\"\u00c9crit par\" \/>\n\t<meta name=\"twitter:data1\" content=\"Philippe.Pierquin\" \/>\n\t<meta name=\"twitter:label2\" content=\"Dur\u00e9e de lecture estim\u00e9e\" \/>\n\t<meta name=\"twitter:data2\" content=\"4 minutes\" \/>\n<script type=\"application\/ld+json\" class=\"yoast-schema-graph\">{\"@context\":\"https:\/\/schema.org\",\"@graph\":[{\"@type\":\"Article\",\"@id\":\"https:\/\/welovecinema.be\/fr\/la-marque-des-anges-colonie-suspecte-en-region-namuroise\/#article\",\"isPartOf\":{\"@id\":\"https:\/\/welovecinema.be\/fr\/la-marque-des-anges-colonie-suspecte-en-region-namuroise\/\"},\"author\":{\"name\":\"Philippe.Pierquin\",\"@id\":\"https:\/\/welovecinema.be\/nl\/#\/schema\/person\/4b9b1d857f0943453a38a7c2859ef756\"},\"headline\":\"La Marque des Anges Colonie suspecte en r\u00e9gion namuroise\",\"datePublished\":\"2013-06-24T07:53:10+00:00\",\"dateModified\":\"2013-06-24T06:45:18+00:00\",\"mainEntityOfPage\":{\"@id\":\"https:\/\/welovecinema.be\/fr\/la-marque-des-anges-colonie-suspecte-en-region-namuroise\/\"},\"wordCount\":815,\"publisher\":{\"@id\":\"https:\/\/welovecinema.be\/nl\/#organization\"},\"keywords\":[\"Depardieu\",\"Helena Noguerra\",\"Hugues Hausman\",\"JoeyStarr\",\"Laurent d\u2019Elia\",\"Mike Luboya\",\"Saga Film\"],\"articleSection\":[\"Coming soon\"],\"inLanguage\":\"fr-FR\"},{\"@type\":\"WebPage\",\"@id\":\"https:\/\/welovecinema.be\/fr\/la-marque-des-anges-colonie-suspecte-en-region-namuroise\/\",\"url\":\"https:\/\/welovecinema.be\/fr\/la-marque-des-anges-colonie-suspecte-en-region-namuroise\/\",\"name\":\"La Marque des Anges Colonie suspecte en r\u00e9gion namuroise - We Love Cinema\",\"isPartOf\":{\"@id\":\"https:\/\/welovecinema.be\/nl\/#website\"},\"datePublished\":\"2013-06-24T07:53:10+00:00\",\"dateModified\":\"2013-06-24T06:45:18+00:00\",\"breadcrumb\":{\"@id\":\"https:\/\/welovecinema.be\/fr\/la-marque-des-anges-colonie-suspecte-en-region-namuroise\/#breadcrumb\"},\"inLanguage\":\"fr-FR\",\"potentialAction\":[{\"@type\":\"ReadAction\",\"target\":[\"https:\/\/welovecinema.be\/fr\/la-marque-des-anges-colonie-suspecte-en-region-namuroise\/\"]}]},{\"@type\":\"BreadcrumbList\",\"@id\":\"https:\/\/welovecinema.be\/fr\/la-marque-des-anges-colonie-suspecte-en-region-namuroise\/#breadcrumb\",\"itemListElement\":[{\"@type\":\"ListItem\",\"position\":1,\"name\":\"Accueil\",\"item\":\"https:\/\/welovecinema.be\/fr\/\"},{\"@type\":\"ListItem\",\"position\":2,\"name\":\"La Marque des Anges Colonie suspecte en r\u00e9gion namuroise\"}]},{\"@type\":\"WebSite\",\"@id\":\"https:\/\/welovecinema.be\/nl\/#website\",\"url\":\"https:\/\/welovecinema.be\/nl\/\",\"name\":\"We Love Cinema\",\"description\":\"Toute l\u2019information du cin\u00e9ma en Belgique\",\"publisher\":{\"@id\":\"https:\/\/welovecinema.be\/nl\/#organization\"},\"potentialAction\":[{\"@type\":\"SearchAction\",\"target\":{\"@type\":\"EntryPoint\",\"urlTemplate\":\"https:\/\/welovecinema.be\/nl\/?s={search_term_string}\"},\"query-input\":\"required name=search_term_string\"}],\"inLanguage\":\"fr-FR\"},{\"@type\":\"Organization\",\"@id\":\"https:\/\/welovecinema.be\/nl\/#organization\",\"name\":\"We Love Cinema\",\"url\":\"https:\/\/welovecinema.be\/nl\/\",\"logo\":{\"@type\":\"ImageObject\",\"inLanguage\":\"fr-FR\",\"@id\":\"https:\/\/welovecinema.be\/nl\/#\/schema\/logo\/image\/\",\"url\":\"https:\/\/welovecinema.be\/wp-content\/uploads\/sites\/2\/2023\/03\/Logo-We-Love-Cinema305x128.jpg\",\"contentUrl\":\"https:\/\/welovecinema.be\/wp-content\/uploads\/sites\/2\/2023\/03\/Logo-We-Love-Cinema305x128.jpg\",\"width\":305,\"height\":128,\"caption\":\"We Love Cinema\"},\"image\":{\"@id\":\"https:\/\/welovecinema.be\/nl\/#\/schema\/logo\/image\/\"},\"sameAs\":[\"https:\/\/www.facebook.com\/welovecinema.be\",\"https:\/\/www.youtube.com\/channel\/UCX5LYGVhnKvYauW4Nta4HJA\",\"https:\/\/www.instagram.com\/welovecinema.be\/\"]},{\"@type\":\"Person\",\"@id\":\"https:\/\/welovecinema.be\/nl\/#\/schema\/person\/4b9b1d857f0943453a38a7c2859ef756\",\"name\":\"Philippe.Pierquin\",\"url\":\"https:\/\/welovecinema.be\/fr\/author\/philippe-pierquin\/\"}]}<\/script>\n<!-- \/ Yoast SEO plugin. -->","yoast_head_json":{"title":"La Marque des Anges  Colonie suspecte en r\u00e9gion namuroise - We Love Cinema","robots":{"index":"index","follow":"follow","max-snippet":"max-snippet:-1","max-image-preview":"max-image-preview:large","max-video-preview":"max-video-preview:-1"},"canonical":"https:\/\/welovecinema.be\/fr\/la-marque-des-anges-colonie-suspecte-en-region-namuroise\/","og_locale":"fr_FR","og_type":"article","og_title":"La Marque des Anges  Colonie suspecte en r\u00e9gion namuroise - We Love Cinema","og_description":"\u00c0 Paris, Lionel Kasdan (G\u00e9rard Depardieu), commissaire de la BRI \u00e0 la retraite, enqu\u00eate sur un meurtre \u00e9trange : un chef de ch\u0153ur a \u00e9t\u00e9 retrouv\u00e9 mort dans sa paroisse, les tympans d\u00e9truits, sans qu\u2019aucun t\u00e9moin n\u2019ait apparemment assist\u00e9 \u00e0 la sc\u00e8ne. De son c\u00f4t\u00e9, Frank Salek (Joey Starr), un agent d\u2019Interpol menac\u00e9 d\u2019\u00eatre mis &hellip;","og_url":"https:\/\/welovecinema.be\/fr\/la-marque-des-anges-colonie-suspecte-en-region-namuroise\/","og_site_name":"We Love Cinema","article_publisher":"https:\/\/www.facebook.com\/welovecinema.be","article_published_time":"2013-06-24T07:53:10+00:00","article_modified_time":"2013-06-24T06:45:18+00:00","og_image":[{"width":720,"height":480,"url":"https:\/\/welovecinema.be\/wp-content\/uploads\/sites\/2\/2013\/06\/mg_8775.jpg","type":"image\/jpeg"}],"author":"Philippe.Pierquin","twitter_card":"summary_large_image","twitter_misc":{"\u00c9crit par":"Philippe.Pierquin","Dur\u00e9e de lecture estim\u00e9e":"4 minutes"},"schema":{"@context":"https:\/\/schema.org","@graph":[{"@type":"Article","@id":"https:\/\/welovecinema.be\/fr\/la-marque-des-anges-colonie-suspecte-en-region-namuroise\/#article","isPartOf":{"@id":"https:\/\/welovecinema.be\/fr\/la-marque-des-anges-colonie-suspecte-en-region-namuroise\/"},"author":{"name":"Philippe.Pierquin","@id":"https:\/\/welovecinema.be\/nl\/#\/schema\/person\/4b9b1d857f0943453a38a7c2859ef756"},"headline":"La Marque des Anges Colonie suspecte en r\u00e9gion namuroise","datePublished":"2013-06-24T07:53:10+00:00","dateModified":"2013-06-24T06:45:18+00:00","mainEntityOfPage":{"@id":"https:\/\/welovecinema.be\/fr\/la-marque-des-anges-colonie-suspecte-en-region-namuroise\/"},"wordCount":815,"publisher":{"@id":"https:\/\/welovecinema.be\/nl\/#organization"},"keywords":["Depardieu","Helena Noguerra","Hugues Hausman","JoeyStarr","Laurent d\u2019Elia","Mike Luboya","Saga Film"],"articleSection":["Coming soon"],"inLanguage":"fr-FR"},{"@type":"WebPage","@id":"https:\/\/welovecinema.be\/fr\/la-marque-des-anges-colonie-suspecte-en-region-namuroise\/","url":"https:\/\/welovecinema.be\/fr\/la-marque-des-anges-colonie-suspecte-en-region-namuroise\/","name":"La Marque des Anges Colonie suspecte en r\u00e9gion namuroise - We Love Cinema","isPartOf":{"@id":"https:\/\/welovecinema.be\/nl\/#website"},"datePublished":"2013-06-24T07:53:10+00:00","dateModified":"2013-06-24T06:45:18+00:00","breadcrumb":{"@id":"https:\/\/welovecinema.be\/fr\/la-marque-des-anges-colonie-suspecte-en-region-namuroise\/#breadcrumb"},"inLanguage":"fr-FR","potentialAction":[{"@type":"ReadAction","target":["https:\/\/welovecinema.be\/fr\/la-marque-des-anges-colonie-suspecte-en-region-namuroise\/"]}]},{"@type":"BreadcrumbList","@id":"https:\/\/welovecinema.be\/fr\/la-marque-des-anges-colonie-suspecte-en-region-namuroise\/#breadcrumb","itemListElement":[{"@type":"ListItem","position":1,"name":"Accueil","item":"https:\/\/welovecinema.be\/fr\/"},{"@type":"ListItem","position":2,"name":"La Marque des Anges Colonie suspecte en r\u00e9gion namuroise"}]},{"@type":"WebSite","@id":"https:\/\/welovecinema.be\/nl\/#website","url":"https:\/\/welovecinema.be\/nl\/","name":"We Love Cinema","description":"Toute l\u2019information du cin\u00e9ma en Belgique","publisher":{"@id":"https:\/\/welovecinema.be\/nl\/#organization"},"potentialAction":[{"@type":"SearchAction","target":{"@type":"EntryPoint","urlTemplate":"https:\/\/welovecinema.be\/nl\/?s={search_term_string}"},"query-input":"required name=search_term_string"}],"inLanguage":"fr-FR"},{"@type":"Organization","@id":"https:\/\/welovecinema.be\/nl\/#organization","name":"We Love Cinema","url":"https:\/\/welovecinema.be\/nl\/","logo":{"@type":"ImageObject","inLanguage":"fr-FR","@id":"https:\/\/welovecinema.be\/nl\/#\/schema\/logo\/image\/","url":"https:\/\/welovecinema.be\/wp-content\/uploads\/sites\/2\/2023\/03\/Logo-We-Love-Cinema305x128.jpg","contentUrl":"https:\/\/welovecinema.be\/wp-content\/uploads\/sites\/2\/2023\/03\/Logo-We-Love-Cinema305x128.jpg","width":305,"height":128,"caption":"We Love Cinema"},"image":{"@id":"https:\/\/welovecinema.be\/nl\/#\/schema\/logo\/image\/"},"sameAs":["https:\/\/www.facebook.com\/welovecinema.be","https:\/\/www.youtube.com\/channel\/UCX5LYGVhnKvYauW4Nta4HJA","https:\/\/www.instagram.com\/welovecinema.be\/"]},{"@type":"Person","@id":"https:\/\/welovecinema.be\/nl\/#\/schema\/person\/4b9b1d857f0943453a38a7c2859ef756","name":"Philippe.Pierquin","url":"https:\/\/welovecinema.be\/fr\/author\/philippe-pierquin\/"}]}},"_links":{"self":[{"href":"https:\/\/welovecinema.be\/fr\/wp-json\/wp\/v2\/posts\/41842","targetHints":{"allow":["GET"]}}],"collection":[{"href":"https:\/\/welovecinema.be\/fr\/wp-json\/wp\/v2\/posts"}],"about":[{"href":"https:\/\/welovecinema.be\/fr\/wp-json\/wp\/v2\/types\/post"}],"author":[{"embeddable":true,"href":"https:\/\/welovecinema.be\/fr\/wp-json\/wp\/v2\/users\/7"}],"replies":[{"embeddable":true,"href":"https:\/\/welovecinema.be\/fr\/wp-json\/wp\/v2\/comments?post=41842"}],"version-history":[{"count":0,"href":"https:\/\/welovecinema.be\/fr\/wp-json\/wp\/v2\/posts\/41842\/revisions"}],"wp:featuredmedia":[{"embeddable":true,"href":"https:\/\/welovecinema.be\/fr\/wp-json\/wp\/v2\/media\/41848"}],"wp:attachment":[{"href":"https:\/\/welovecinema.be\/fr\/wp-json\/wp\/v2\/media?parent=41842"}],"wp:term":[{"taxonomy":"category","embeddable":true,"href":"https:\/\/welovecinema.be\/fr\/wp-json\/wp\/v2\/categories?post=41842"},{"taxonomy":"post_tag","embeddable":true,"href":"https:\/\/welovecinema.be\/fr\/wp-json\/wp\/v2\/tags?post=41842"}],"curies":[{"name":"wp","href":"https:\/\/api.w.org\/{rel}","templated":true}]}}