{"id":41024,"date":"2013-05-08T09:24:41","date_gmt":"2013-05-08T09:24:41","guid":{"rendered":"http:\/\/dev.cinevox.be\/?p=41024"},"modified":"2013-05-29T20:00:01","modified_gmt":"2013-05-29T20:00:01","slug":"matthias-schoenaerts-il-ne-parle-pas-il-tourne","status":"publish","type":"post","link":"https:\/\/welovecinema.be\/fr\/matthias-schoenaerts-il-ne-parle-pas-il-tourne\/","title":{"rendered":"Matthias Schoenaerts : il ne parle pas, il tourne"},"content":{"rendered":"<p>On l\u2019a r\u00e9cemment annonc\u00e9: <strong>Matthias Schoenaerts<\/strong> effectuera bient\u00f4t son retour \u00e0 Cannes, un an tout juste apr\u00e8s la projection de <em>De Rouille et d\u2019Os<\/em>. Il sera en tous cas pr\u00e9sent sur l\u2019\u00e9cran avec <em>Blood Ties<\/em>, pr\u00e9sent\u00e9 hors comp\u00e9tition, car si on en croit les plannings d\u2019interviews d\u00e9j\u00e0 propos\u00e9s aux journalistes, il ne rencontrera pas la presse sur la Croisette. Cela ne veut pas forc\u00e9ment dire qu\u2019il ne se d\u00e9placera pas au Festival, mais comme la majorit\u00e9 de l\u2019\u00e9quipe se pr\u00eatera au jeu de la promo, on peut raisonnablement supposer qu\u2019il ne fera au mieux qu\u2019un aller-retour, histoire de monter les marches.<!--more--><\/p>\n<p>&nbsp;<\/p>\n<p><em>Lumi\u00e8re<\/em> qui distribuera le thriller en Belgique le 30 octobre (un agenda relativement classique pour les films cannois qui visent une r\u00e9compense nationale au d\u00e9but de l\u2019ann\u00e9e suivante) a annonc\u00e9 que la projection au Festival aurait lieu le lundi 20 mai et que d\u00e8s le lendemain, des interviews \u00e9taient programm\u00e9es avec le r\u00e9alisateur <strong>Guillaume Canet, <\/strong>mais aussi avec <strong>Clive Owen, Marion Cotillard, Zoe Saldana <\/strong>et James Caan. D\u2019apr\u00e8s notre coll\u00e8gue <strong>Kurt Vandemaele<\/strong> de la version flamande de Cinevox, Il n\u2019est pas encore certain que <strong>Mila Kunis<\/strong> (qui vient d\u2019\u00eatre \u00e9lue femme la plus sexy du monde par le magazine FHM) et <strong>Billy Crudup<\/strong> seront pr\u00e9sents.<\/p>\n<p>&nbsp;<\/p>\n<p style=\"text-align: right;\"><a rel=\"attachment wp-att-42848\" href=\"http:\/\/www.cinevox.be\/matthias-schoenaerts-il-ne-parle-pas-il-tourne\/dsc_3903-2\"><img loading=\"lazy\" decoding=\"async\" class=\"aligncenter size-large wp-image-42848\" title=\"DSC_3903\" src=\"http:\/\/www.cinevox.be\/wp-content\/uploads\/sites\/2\/2013\/05\/DSC_3903-800x489.jpg\" alt=\"\" width=\"640\" height=\"391\" \/><\/a><em>[Magritte 2013 &#8211; Photo par Marie Adam-Leenaerdt]<\/em><\/p>\n<p>&nbsp;<\/p>\n<p>Seule certitude : de Matthias, il n\u2019est point fait mention. Il s\u2019agira pourtant de la pr\u00e9sentation du premier film am\u00e9ricain de la star flamande puisqu\u2019on est toujours sans nouvelle de la version US de <em>The Loft<\/em>, r\u00e9alis\u00e9e par Erik Van Looy.  Et<em> Animal Rescue<\/em> qu\u2019il a tourn\u00e9 sous la houlette de son copain <strong>Michael Roskam<\/strong> ne sera pas pr\u00eat avant de longs mois. Le shooting vient tout juste de se terminer.<\/p>\n<p>&nbsp;<\/p>\n<p><a rel=\"attachment wp-att-43043\" href=\"http:\/\/www.cinevox.be\/matthias-schoenaerts-il-ne-parle-pas-il-tourne\/941061_555442507832490_56600539_n\"><img loading=\"lazy\" decoding=\"async\" class=\"aligncenter size-full wp-image-43043\" title=\"941061_555442507832490_56600539_n\" src=\"http:\/\/www.cinevox.be\/wp-content\/uploads\/sites\/2\/2013\/05\/941061_555442507832490_56600539_n.jpg\" alt=\"\" width=\"680\" height=\"478\" \/><\/a><\/p>\n<p>&nbsp;<\/p>\n<p>Adapt\u00e9 des <em>Liens du Sang,<\/em> excellent polar fran\u00e7ais que Guillaume Canet tourna avec Fran\u00e7ois Cluzet sous la direction de Jacques Maillot (2008), le synopsis officiel de <em>Blood Ties<\/em> est celui-ci : New York, 1974. Chris, la cinquantaine, est lib\u00e9r\u00e9 pour bonne conduite apr\u00e8s plusieurs ann\u00e9es de prison pour un r\u00e8glement de compte meurtrier. Devant la prison, Frank, son jeune fr\u00e8re, un flic prometteur, est l\u00e0, \u00e0 contrec\u0153ur. Ce ne sont pas seulement des choix de \u00ab carri\u00e8res \u00bb qui ont s\u00e9par\u00e9 Chris et Frank, mais bien des choix de vies et une rivalit\u00e9 depuis l\u2019enfance. Leur p\u00e8re L\u00e9on, qui les a \u00e9lev\u00e9s seul, a toujours eu pour Chris une pr\u00e9f\u00e9rence affich\u00e9e, malgr\u00e9 les casses, la prison\u2026 Pourtant, Frank esp\u00e8re que son fr\u00e8re a chang\u00e9 et veut lui donner sa chance : il le loge, lui trouve un travail, l\u2019aide \u00e0 renouer avec ses enfants et son ex-femme, Monica. Malgr\u00e9 ces tentatives, Chris est vite rattrap\u00e9 par son pass\u00e9 et replonge. Pour Frank, c\u2019est la derni\u00e8re des trahisons, il ne fera plus rien pour Chris. Mais c\u2019est d\u00e9j\u00e0 trop tard et le destin des deux fr\u00e8res restera li\u00e9 \u00e0 jamais.<\/p>\n<p>&nbsp;<\/p>\n<p>&nbsp;<\/p>\n<p>&nbsp;<\/p>\n<p style=\"text-align: right;\"><a rel=\"attachment wp-att-42846\" href=\"http:\/\/www.cinevox.be\/matthias-schoenaerts-il-ne-parle-pas-il-tourne\/tom-hardy-at-the-animal-rescue-movie-set-in-brooklyn\"><img loading=\"lazy\" decoding=\"async\" class=\"aligncenter size-large wp-image-42846\" title=\"Tom Hardy at the &quot;Animal Rescue&quot; movie set in Brooklyn\" src=\"http:\/\/www.cinevox.be\/wp-content\/uploads\/sites\/2\/2013\/05\/anim-782x600.jpg\" alt=\"\" width=\"640\" height=\"491\" \/><\/a><em>[Tom Hardy dans Animal Rescue]<\/em><\/p>\n<p>&nbsp;<\/p>\n<p>&nbsp;<\/p>\n<p>Conscient qu\u2019il conna\u00eet aujourd\u2019hui une p\u00e9riode de haute conjoncture et que ce genre d\u2019opportunit\u00e9 ne peut pas \u00eatre n\u00e9glig\u00e9, Matthias Schoenaert surfe avec application sur la cr\u00eate de la vague.<\/p>\n<p>&nbsp;<\/p>\n<p><a rel=\"attachment wp-att-42840\" href=\"http:\/\/www.cinevox.be\/matthias-schoenaerts-il-ne-parle-pas-il-tourne\/kw\"><img loading=\"lazy\" decoding=\"async\" class=\"aligncenter size-large wp-image-42840\" title=\"KW\" src=\"http:\/\/www.cinevox.be\/wp-content\/uploads\/sites\/2\/2013\/05\/KW-800x600.jpg\" alt=\"\" width=\"640\" height=\"480\" \/><\/a><\/p>\n<p>&nbsp;<\/p>\n<p>Actuellement, il se trouve en Angleterre o\u00f9 il tourne <em>A Little Chaos<\/em> d\u2019<strong>Alan Rickman <\/strong>aux c\u00f4t\u00e9s de <strong>Kate Winslet <\/strong>(photo ci-dessus). Le 24 juin, il d\u00e9butera <em>Une Suite Fran\u00e7aise <\/em>le nouveau projet de <strong>Saul Dibb <\/strong>\u00e0 qui on doit notamment <em>The Duchess.<\/em> <strong>Michelle Williams<\/strong> (photo ci-dessous) et <strong>Kistin Scott Thomas<\/strong> y seront ses partenaires.<\/p>\n<p>&nbsp;<\/p>\n<p><a rel=\"attachment wp-att-42835\" href=\"http:\/\/www.cinevox.be\/matthias-schoenaerts-il-ne-parle-pas-il-tourne\/michelle-williams1-e1349946719151\"><img loading=\"lazy\" decoding=\"async\" class=\"aligncenter size-large wp-image-42835\" title=\"Michelle-Williams1-e1349946719151\" src=\"http:\/\/www.cinevox.be\/wp-content\/uploads\/sites\/2\/2013\/05\/Michelle-Williams1-e1349946719151-800x488.jpg\" alt=\"\" width=\"640\" height=\"390\" \/><\/a><\/p>\n<p>&nbsp;<\/p>\n<p>Dans ces deux longs m\u00e9trages, Matthias tiendra le premier r\u00f4le masculin. Dans<em> Blood Ties <\/em>et m\u00eame <em>Animal Rescue,<\/em> ses apparitions sont par contre des seconds r\u00f4les. Une excellente mani\u00e8re d\u2019apprendre sans supporter le poids d\u2019une production importante.<\/p>\n<p>&nbsp;<\/p>\n<p><a rel=\"attachment wp-att-42854\" href=\"http:\/\/www.cinevox.be\/matthias-schoenaerts-il-ne-parle-pas-il-tourne\/img_1718\"><img loading=\"lazy\" decoding=\"async\" class=\"alignleft size-medium wp-image-42854\" title=\"IMG_1718\" src=\"http:\/\/www.cinevox.be\/wp-content\/uploads\/sites\/2\/2013\/05\/IMG_1718-229x270.jpg\" alt=\"\" width=\"229\" height=\"270\" \/><\/a>D\u00e9sormais happ\u00e9 par le march\u00e9 international, <strong>Matthias Schoenaerts<\/strong> ne devrait pas revenir sur un plateau belge avant quelque temps. On sait que <strong>J\u00e9r\u00e9my Renier<\/strong> l\u2019a remplac\u00e9 dans <em>The Waste Land<\/em> et on a tout r\u00e9cemment appris que c\u2019est <strong>Geert Van Rampelberg<\/strong> (photo P.P. ci-contre), Ensor 2012 du meilleur acteur pour <em>Tot Altijd,<\/em> qui emm\u00e8nerait le casting de <em>De Behandeling,<\/em> blockbuster annonc\u00e9 de 2014, qui sera r\u00e9alis\u00e9 par <strong>Hans Herbots<\/strong> (la s\u00e9rie <em>The Spiral<\/em>) d\u2019apr\u00e8s un roman tr\u00e8s flippant de Mo Hayder.<\/p>\n<p>&nbsp;<\/p>\n<p>Par contre, on pourrait retrouver Matthias sur le prochain projet de <strong>Thomas Vinterberg<\/strong> (<em>Festen, Jagten<\/em>), une nouvelle version de <em>Far From the Madding Crowd<\/em> de Thomas Hardy, d\u00e9j\u00e0 adapt\u00e9 en 1915 et en 1967 par John Schlesinger.<\/p>\n<p>Agenda charg\u00e9, donc pour le bel Anversois dans la fleur de l\u2019\u00e2ge qui choisit avec soin les propositions pouvant lui donner une visibilit\u00e9 internationale. Son talent faisant le reste, on ne voit pas trop ce qui pourrait l\u2019emp\u00eacher de devenir sous peu une star de renomm\u00e9e mondiale.<\/p>\n<p>&nbsp;<\/p>\n<p>&nbsp;<\/p>\n","protected":false},"excerpt":{"rendered":"<p>On l\u2019a r\u00e9cemment annonc\u00e9: Matthias Schoenaerts effectuera bient\u00f4t son retour \u00e0 Cannes, un an tout juste apr\u00e8s la projection de De Rouille et d\u2019Os. Il sera en tous cas pr\u00e9sent sur l\u2019\u00e9cran avec Blood Ties, pr\u00e9sent\u00e9 hors comp\u00e9tition, car si on en croit les plannings d\u2019interviews d\u00e9j\u00e0 propos\u00e9s aux journalistes, il ne rencontrera pas la &hellip;<\/p>\n","protected":false},"author":339,"featured_media":41026,"comment_status":"closed","ping_status":"closed","sticky":false,"template":"","format":"standard","meta":{"ngg_post_thumbnail":0,"footnotes":""},"categories":[1923,7],"tags":[],"class_list":["post-41024","post","type-post","status-publish","format-standard","has-post-thumbnail","","category-en-bref","category-actualites"],"yoast_head":"<!-- This site is optimized with the Yoast SEO plugin v20.4 - https:\/\/yoast.com\/wordpress\/plugins\/seo\/ -->\n<title>Matthias Schoenaerts : il ne parle pas, il tourne - We Love Cinema<\/title>\n<meta name=\"robots\" content=\"index, follow, max-snippet:-1, max-image-preview:large, max-video-preview:-1\" \/>\n<link rel=\"canonical\" href=\"https:\/\/welovecinema.be\/fr\/matthias-schoenaerts-il-ne-parle-pas-il-tourne\/\" \/>\n<meta property=\"og:locale\" content=\"fr_FR\" \/>\n<meta property=\"og:type\" content=\"article\" \/>\n<meta property=\"og:title\" content=\"Matthias Schoenaerts : il ne parle pas, il tourne - We Love Cinema\" \/>\n<meta property=\"og:description\" content=\"On l\u2019a r\u00e9cemment annonc\u00e9: Matthias Schoenaerts effectuera bient\u00f4t son retour \u00e0 Cannes, un an tout juste apr\u00e8s la projection de De Rouille et d\u2019Os. Il sera en tous cas pr\u00e9sent sur l\u2019\u00e9cran avec Blood Ties, pr\u00e9sent\u00e9 hors comp\u00e9tition, car si on en croit les plannings d\u2019interviews d\u00e9j\u00e0 propos\u00e9s aux journalistes, il ne rencontrera pas la &hellip;\" \/>\n<meta property=\"og:url\" content=\"https:\/\/welovecinema.be\/fr\/matthias-schoenaerts-il-ne-parle-pas-il-tourne\/\" \/>\n<meta property=\"og:site_name\" content=\"We Love Cinema\" \/>\n<meta property=\"article:publisher\" content=\"https:\/\/www.facebook.com\/welovecinema.be\" \/>\n<meta property=\"article:published_time\" content=\"2013-05-08T09:24:41+00:00\" \/>\n<meta property=\"article:modified_time\" content=\"2013-05-29T20:00:01+00:00\" \/>\n<meta property=\"og:image\" content=\"https:\/\/welovecinema.be\/wp-content\/uploads\/sites\/2\/2013\/05\/mBT-300x2251.jpg\" \/>\n\t<meta property=\"og:image:width\" content=\"300\" \/>\n\t<meta property=\"og:image:height\" content=\"225\" \/>\n\t<meta property=\"og:image:type\" content=\"image\/jpeg\" \/>\n<meta name=\"author\" content=\"Laurent\" \/>\n<meta name=\"twitter:card\" content=\"summary_large_image\" \/>\n<meta name=\"twitter:label1\" content=\"\u00c9crit par\" \/>\n\t<meta name=\"twitter:data1\" content=\"Laurent\" \/>\n\t<meta name=\"twitter:label2\" content=\"Dur\u00e9e de lecture estim\u00e9e\" \/>\n\t<meta name=\"twitter:data2\" content=\"4 minutes\" \/>\n<script type=\"application\/ld+json\" class=\"yoast-schema-graph\">{\"@context\":\"https:\/\/schema.org\",\"@graph\":[{\"@type\":\"Article\",\"@id\":\"https:\/\/welovecinema.be\/fr\/matthias-schoenaerts-il-ne-parle-pas-il-tourne\/#article\",\"isPartOf\":{\"@id\":\"https:\/\/welovecinema.be\/fr\/matthias-schoenaerts-il-ne-parle-pas-il-tourne\/\"},\"author\":{\"name\":\"Laurent\",\"@id\":\"https:\/\/welovecinema.be\/nl\/#\/schema\/person\/4722f79d5e4255f537dc2d0f44988650\"},\"headline\":\"Matthias Schoenaerts : il ne parle pas, il tourne\",\"datePublished\":\"2013-05-08T09:24:41+00:00\",\"dateModified\":\"2013-05-29T20:00:01+00:00\",\"mainEntityOfPage\":{\"@id\":\"https:\/\/welovecinema.be\/fr\/matthias-schoenaerts-il-ne-parle-pas-il-tourne\/\"},\"wordCount\":874,\"publisher\":{\"@id\":\"https:\/\/welovecinema.be\/nl\/#organization\"},\"articleSection\":[\"En bref\",\"News\"],\"inLanguage\":\"fr-FR\"},{\"@type\":\"WebPage\",\"@id\":\"https:\/\/welovecinema.be\/fr\/matthias-schoenaerts-il-ne-parle-pas-il-tourne\/\",\"url\":\"https:\/\/welovecinema.be\/fr\/matthias-schoenaerts-il-ne-parle-pas-il-tourne\/\",\"name\":\"Matthias Schoenaerts : il ne parle pas, il tourne - We Love Cinema\",\"isPartOf\":{\"@id\":\"https:\/\/welovecinema.be\/nl\/#website\"},\"datePublished\":\"2013-05-08T09:24:41+00:00\",\"dateModified\":\"2013-05-29T20:00:01+00:00\",\"breadcrumb\":{\"@id\":\"https:\/\/welovecinema.be\/fr\/matthias-schoenaerts-il-ne-parle-pas-il-tourne\/#breadcrumb\"},\"inLanguage\":\"fr-FR\",\"potentialAction\":[{\"@type\":\"ReadAction\",\"target\":[\"https:\/\/welovecinema.be\/fr\/matthias-schoenaerts-il-ne-parle-pas-il-tourne\/\"]}]},{\"@type\":\"BreadcrumbList\",\"@id\":\"https:\/\/welovecinema.be\/fr\/matthias-schoenaerts-il-ne-parle-pas-il-tourne\/#breadcrumb\",\"itemListElement\":[{\"@type\":\"ListItem\",\"position\":1,\"name\":\"Accueil\",\"item\":\"https:\/\/welovecinema.be\/fr\/\"},{\"@type\":\"ListItem\",\"position\":2,\"name\":\"Matthias Schoenaerts : il ne parle pas, il tourne\"}]},{\"@type\":\"WebSite\",\"@id\":\"https:\/\/welovecinema.be\/nl\/#website\",\"url\":\"https:\/\/welovecinema.be\/nl\/\",\"name\":\"We Love Cinema\",\"description\":\"Toute l\u2019information du cin\u00e9ma en Belgique\",\"publisher\":{\"@id\":\"https:\/\/welovecinema.be\/nl\/#organization\"},\"potentialAction\":[{\"@type\":\"SearchAction\",\"target\":{\"@type\":\"EntryPoint\",\"urlTemplate\":\"https:\/\/welovecinema.be\/nl\/?s={search_term_string}\"},\"query-input\":\"required name=search_term_string\"}],\"inLanguage\":\"fr-FR\"},{\"@type\":\"Organization\",\"@id\":\"https:\/\/welovecinema.be\/nl\/#organization\",\"name\":\"We Love Cinema\",\"url\":\"https:\/\/welovecinema.be\/nl\/\",\"logo\":{\"@type\":\"ImageObject\",\"inLanguage\":\"fr-FR\",\"@id\":\"https:\/\/welovecinema.be\/nl\/#\/schema\/logo\/image\/\",\"url\":\"https:\/\/welovecinema.be\/wp-content\/uploads\/sites\/2\/2023\/03\/Logo-We-Love-Cinema305x128.jpg\",\"contentUrl\":\"https:\/\/welovecinema.be\/wp-content\/uploads\/sites\/2\/2023\/03\/Logo-We-Love-Cinema305x128.jpg\",\"width\":305,\"height\":128,\"caption\":\"We Love Cinema\"},\"image\":{\"@id\":\"https:\/\/welovecinema.be\/nl\/#\/schema\/logo\/image\/\"},\"sameAs\":[\"https:\/\/www.facebook.com\/welovecinema.be\",\"https:\/\/www.youtube.com\/channel\/UCX5LYGVhnKvYauW4Nta4HJA\",\"https:\/\/www.instagram.com\/welovecinema.be\/\"]},{\"@type\":\"Person\",\"@id\":\"https:\/\/welovecinema.be\/nl\/#\/schema\/person\/4722f79d5e4255f537dc2d0f44988650\",\"name\":\"Laurent\",\"url\":\"https:\/\/welovecinema.be\/fr\/author\/laurent\/\"}]}<\/script>\n<!-- \/ Yoast SEO plugin. -->","yoast_head_json":{"title":"Matthias Schoenaerts : il ne parle pas, il tourne - We Love Cinema","robots":{"index":"index","follow":"follow","max-snippet":"max-snippet:-1","max-image-preview":"max-image-preview:large","max-video-preview":"max-video-preview:-1"},"canonical":"https:\/\/welovecinema.be\/fr\/matthias-schoenaerts-il-ne-parle-pas-il-tourne\/","og_locale":"fr_FR","og_type":"article","og_title":"Matthias Schoenaerts : il ne parle pas, il tourne - We Love Cinema","og_description":"On l\u2019a r\u00e9cemment annonc\u00e9: Matthias Schoenaerts effectuera bient\u00f4t son retour \u00e0 Cannes, un an tout juste apr\u00e8s la projection de De Rouille et d\u2019Os. Il sera en tous cas pr\u00e9sent sur l\u2019\u00e9cran avec Blood Ties, pr\u00e9sent\u00e9 hors comp\u00e9tition, car si on en croit les plannings d\u2019interviews d\u00e9j\u00e0 propos\u00e9s aux journalistes, il ne rencontrera pas la &hellip;","og_url":"https:\/\/welovecinema.be\/fr\/matthias-schoenaerts-il-ne-parle-pas-il-tourne\/","og_site_name":"We Love Cinema","article_publisher":"https:\/\/www.facebook.com\/welovecinema.be","article_published_time":"2013-05-08T09:24:41+00:00","article_modified_time":"2013-05-29T20:00:01+00:00","og_image":[{"width":300,"height":225,"url":"https:\/\/welovecinema.be\/wp-content\/uploads\/sites\/2\/2013\/05\/mBT-300x2251.jpg","type":"image\/jpeg"}],"author":"Laurent","twitter_card":"summary_large_image","twitter_misc":{"\u00c9crit par":"Laurent","Dur\u00e9e de lecture estim\u00e9e":"4 minutes"},"schema":{"@context":"https:\/\/schema.org","@graph":[{"@type":"Article","@id":"https:\/\/welovecinema.be\/fr\/matthias-schoenaerts-il-ne-parle-pas-il-tourne\/#article","isPartOf":{"@id":"https:\/\/welovecinema.be\/fr\/matthias-schoenaerts-il-ne-parle-pas-il-tourne\/"},"author":{"name":"Laurent","@id":"https:\/\/welovecinema.be\/nl\/#\/schema\/person\/4722f79d5e4255f537dc2d0f44988650"},"headline":"Matthias Schoenaerts : il ne parle pas, il tourne","datePublished":"2013-05-08T09:24:41+00:00","dateModified":"2013-05-29T20:00:01+00:00","mainEntityOfPage":{"@id":"https:\/\/welovecinema.be\/fr\/matthias-schoenaerts-il-ne-parle-pas-il-tourne\/"},"wordCount":874,"publisher":{"@id":"https:\/\/welovecinema.be\/nl\/#organization"},"articleSection":["En bref","News"],"inLanguage":"fr-FR"},{"@type":"WebPage","@id":"https:\/\/welovecinema.be\/fr\/matthias-schoenaerts-il-ne-parle-pas-il-tourne\/","url":"https:\/\/welovecinema.be\/fr\/matthias-schoenaerts-il-ne-parle-pas-il-tourne\/","name":"Matthias Schoenaerts : il ne parle pas, il tourne - We Love Cinema","isPartOf":{"@id":"https:\/\/welovecinema.be\/nl\/#website"},"datePublished":"2013-05-08T09:24:41+00:00","dateModified":"2013-05-29T20:00:01+00:00","breadcrumb":{"@id":"https:\/\/welovecinema.be\/fr\/matthias-schoenaerts-il-ne-parle-pas-il-tourne\/#breadcrumb"},"inLanguage":"fr-FR","potentialAction":[{"@type":"ReadAction","target":["https:\/\/welovecinema.be\/fr\/matthias-schoenaerts-il-ne-parle-pas-il-tourne\/"]}]},{"@type":"BreadcrumbList","@id":"https:\/\/welovecinema.be\/fr\/matthias-schoenaerts-il-ne-parle-pas-il-tourne\/#breadcrumb","itemListElement":[{"@type":"ListItem","position":1,"name":"Accueil","item":"https:\/\/welovecinema.be\/fr\/"},{"@type":"ListItem","position":2,"name":"Matthias Schoenaerts : il ne parle pas, il tourne"}]},{"@type":"WebSite","@id":"https:\/\/welovecinema.be\/nl\/#website","url":"https:\/\/welovecinema.be\/nl\/","name":"We Love Cinema","description":"Toute l\u2019information du cin\u00e9ma en Belgique","publisher":{"@id":"https:\/\/welovecinema.be\/nl\/#organization"},"potentialAction":[{"@type":"SearchAction","target":{"@type":"EntryPoint","urlTemplate":"https:\/\/welovecinema.be\/nl\/?s={search_term_string}"},"query-input":"required name=search_term_string"}],"inLanguage":"fr-FR"},{"@type":"Organization","@id":"https:\/\/welovecinema.be\/nl\/#organization","name":"We Love Cinema","url":"https:\/\/welovecinema.be\/nl\/","logo":{"@type":"ImageObject","inLanguage":"fr-FR","@id":"https:\/\/welovecinema.be\/nl\/#\/schema\/logo\/image\/","url":"https:\/\/welovecinema.be\/wp-content\/uploads\/sites\/2\/2023\/03\/Logo-We-Love-Cinema305x128.jpg","contentUrl":"https:\/\/welovecinema.be\/wp-content\/uploads\/sites\/2\/2023\/03\/Logo-We-Love-Cinema305x128.jpg","width":305,"height":128,"caption":"We Love Cinema"},"image":{"@id":"https:\/\/welovecinema.be\/nl\/#\/schema\/logo\/image\/"},"sameAs":["https:\/\/www.facebook.com\/welovecinema.be","https:\/\/www.youtube.com\/channel\/UCX5LYGVhnKvYauW4Nta4HJA","https:\/\/www.instagram.com\/welovecinema.be\/"]},{"@type":"Person","@id":"https:\/\/welovecinema.be\/nl\/#\/schema\/person\/4722f79d5e4255f537dc2d0f44988650","name":"Laurent","url":"https:\/\/welovecinema.be\/fr\/author\/laurent\/"}]}},"_links":{"self":[{"href":"https:\/\/welovecinema.be\/fr\/wp-json\/wp\/v2\/posts\/41024","targetHints":{"allow":["GET"]}}],"collection":[{"href":"https:\/\/welovecinema.be\/fr\/wp-json\/wp\/v2\/posts"}],"about":[{"href":"https:\/\/welovecinema.be\/fr\/wp-json\/wp\/v2\/types\/post"}],"author":[{"embeddable":true,"href":"https:\/\/welovecinema.be\/fr\/wp-json\/wp\/v2\/users\/339"}],"replies":[{"embeddable":true,"href":"https:\/\/welovecinema.be\/fr\/wp-json\/wp\/v2\/comments?post=41024"}],"version-history":[{"count":0,"href":"https:\/\/welovecinema.be\/fr\/wp-json\/wp\/v2\/posts\/41024\/revisions"}],"wp:featuredmedia":[{"embeddable":true,"href":"https:\/\/welovecinema.be\/fr\/wp-json\/wp\/v2\/media\/41026"}],"wp:attachment":[{"href":"https:\/\/welovecinema.be\/fr\/wp-json\/wp\/v2\/media?parent=41024"}],"wp:term":[{"taxonomy":"category","embeddable":true,"href":"https:\/\/welovecinema.be\/fr\/wp-json\/wp\/v2\/categories?post=41024"},{"taxonomy":"post_tag","embeddable":true,"href":"https:\/\/welovecinema.be\/fr\/wp-json\/wp\/v2\/tags?post=41024"}],"curies":[{"name":"wp","href":"https:\/\/api.w.org\/{rel}","templated":true}]}}