{"id":3997,"date":"2011-06-28T09:53:41","date_gmt":"2011-06-28T09:53:41","guid":{"rendered":"http:\/\/www.cinevox.be\/?p=3997"},"modified":"2011-06-28T20:03:41","modified_gmt":"2011-06-28T20:03:41","slug":"thomas-doret-de-cannes-a-munich","status":"publish","type":"post","link":"https:\/\/welovecinema.be\/fr\/thomas-doret-de-cannes-a-munich\/","title":{"rendered":"Thomas Doret: <br>Le gamin \u00e0 Munich"},"content":{"rendered":"<p>\u00c0 Cannes, les fr\u00e8res <strong>Dardenne<\/strong> et <strong>Bouli\u00a0 Lanners<\/strong> ne se sont pas content\u00e9s de pr\u00e9senter des films qui ont trust\u00e9 les r\u00e9compenses. Ils ont \u00e9galement amen\u00e9 \u00e0 l&rsquo;\u00e9cran une s\u00e9rie de jeunes acteurs hyper talentueux, promis \u00e0 une belle carri\u00e8re. Si les h\u00e9ros des <em>G\u00e9ants <\/em>sont trois, <strong>Thomas Doret<\/strong>, lui, est seul aux c\u00f4t\u00e9s de <strong>C\u00e9cile de France <\/strong>dans <em>Le Gamin au V\u00e9lo<\/em>. Et le moins qu&rsquo;on puisse \u00e9crire est qu&rsquo;il irradie la pellicule de son \u00e9nergie animale.<!--more--><\/p>\n<p>Nullement impressionn\u00e9 par le show m\u00e9diatique cannois, Thomas a aussi s\u00e9duit tous les journalistes qui l&rsquo;ont rencontr\u00e9 par son aplomb et ses remarques dr\u00f4les, sens\u00e9es et d\u00e9contract\u00e9es. Au bas des marches ou en interview, il avait toujours le mot pour rire bluffant !\u00a0Il est clair que, m\u00eame sans l&rsquo;oeil des fr\u00e8res sur lui, Thomas est un vrai petit showman.<\/p>\n<p>En Belgique, en Italie et en France, <em>Le Gamin au V\u00e9lo<\/em> est sorti en salles, d\u00e9passant all\u00e8grement le demi-million de spectateurs. \u00c9norme ! Ailleurs,\u00a0 le fim va d\u00e9buter sa carri\u00e8re un peu plus tard. \u00a0Vendredi, il \u00e9tait pr\u00e9sent\u00e9 en ouverture du festival de Munich en pr\u00e9sence des fr\u00e8res Dardenne et de leur nouvelle d\u00e9couverte tonique.<\/p>\n<p>\u00a0\u00bb Le film \u00e9tait projet\u00e9 dans un des grands cin\u00e9mas de Munich\u00a0\u00bb, explique Thomas qu&rsquo;on sent d\u00e9j\u00e0 aguerri aux discussions professionnelles, \u00e0 peine impressionn\u00e9 par ce qui lui arrive. \u00ab\u00a0Vendredi, les spectateurs, \u00e9taient venus nombreux, et lorsque nous sommes arriv\u00e9s \u00e0 la fin de la projection, nous avons eu droit \u00e0 de longs applaudissements.\u00a0\u00bb<\/p>\n<p>\u00ab\u00a0Je crois qu&rsquo;ils ont bien\u00a0 aim\u00e9\u00a0\u00bb, ajoute-t-il ravi. Il faut pr\u00e9ciser que la grande salle qui accueillait le film \u00e9tait pleine comme un oeuf, \u00e0 tel point qu&rsquo;une autre d\u00fbt \u00eatre ouverte en parall\u00e8le. Pour un total d&rsquo;environ 1600 personnes !<\/p>\n<p><a rel=\"attachment wp-att-3999\" href=\"http:\/\/www.cinevox.be\/thomas-doret-de-cannes-a-munich\/gamin-1-3\/\"><img loading=\"lazy\" decoding=\"async\" class=\"alignright size-medium wp-image-3999\" title=\"gamin 1\" src=\"http:\/\/www.cinevox.be\/wp-content\/uploads\/sites\/2\/2011\/06\/gamin-11-480x240.jpg\" alt=\"\" width=\"480\" height=\"240\" srcset=\"https:\/\/welovecinema.be\/wp-content\/uploads\/sites\/2\/2011\/06\/gamin-11-480x240.jpg 480w, https:\/\/welovecinema.be\/wp-content\/uploads\/sites\/2\/2011\/06\/gamin-11.jpg 540w\" sizes=\"auto, (max-width: 480px) 100vw, 480px\" \/><\/a>Si les fr\u00e8res n&rsquo;ont effectu\u00e9 le voyage que pour cette unique projection et pour une <a href=\"http:\/\/www.youtube.com\/watch?v=VjYzhyFrgKQ&amp;feature=player_embedded#at=313\" target=\"_blank\">conf\u00e9rence de presse<\/a> qui a attir\u00e9 toute la presse sp\u00e9cialis\u00e9e allemande, Thomas, est rest\u00e9 un jour de plus avec sa maman. \u00a0\u00ab\u00a0Une autre avant-premi\u00e8re \u00e9tait organis\u00e9e dans un grand centre culturel et j&rsquo;\u00e9tais invit\u00e9 \u00e0 la pr\u00e9senter. Les fr\u00e8res m&rsquo;ont fait confiance. Ils m&rsquo;ont brief\u00e9 et ensuite ils m&rsquo;ont t\u00e9l\u00e9phon\u00e9 pour voir si tout s&rsquo;\u00e9tait bien pass\u00e9. Pas de probl\u00e8me.\u00a0\u00bb<\/p>\n<p>Malgr\u00e9 les 500 spectateurs qui lui faisaient face !<\/p>\n<p>Il faut dire que Thomas est un talent complet qui ne se contente pas de parler fran\u00e7ais. Il cultive d\u00e9j\u00e0 de belles notions d&rsquo;Allemand et d&rsquo;Anglais. \u00a0\u00ab\u00a0J&rsquo;ai bien progress\u00e9 l\u00e0-bas\u00a0\u00bb, rigole-t-il.\u00a0 \u00ab\u00a0J&rsquo;essayais de parler dans d&rsquo;autres langues \u00e0 chaque occasion. Dans les salles, au resto. On a aussi fait une ou deux interviews.\u00a0\u00bb<\/p>\n<p>Apr\u00e8s avoir d\u00e9couvert <em>Le Gamin au V\u00e9lo, <\/em>personne ne peut imaginer que Thomas va en rester l\u00e0. Car contrairement \u00e0 ce qu&rsquo;affirment certains qui voient le gamin tr\u00e9pignant \u00e0 l&rsquo;\u00e9cran comme un prolongement de l&rsquo;acteur, les deux personnages nous semblent assez diff\u00e9rents. Ce qui ouvre d&rsquo;autres voies \u00e0 Thomas.\u00a0 Il se murmure qu&rsquo;une proposition devrait lui arriver tr\u00e8s vite de France o\u00f9 il serait invit\u00e9 \u00e0 poursuivre sa carri\u00e8re. On n&rsquo;en saura pas plus. Pour l&rsquo;instant.<\/p>\n<p><a rel=\"attachment wp-att-4001\" href=\"http:\/\/www.cinevox.be\/thomas-doret-de-cannes-a-munich\/le-gamin-au-velo-2\/\"><img loading=\"lazy\" decoding=\"async\" class=\"alignleft size-medium wp-image-4001\" title=\"le-gamin-au-velo\" src=\"http:\/\/www.cinevox.be\/wp-content\/uploads\/sites\/2\/2011\/06\/le-gamin-au-velo-405x270.jpg\" alt=\"\" width=\"405\" height=\"270\" srcset=\"https:\/\/welovecinema.be\/wp-content\/uploads\/sites\/2\/2011\/06\/le-gamin-au-velo-405x270.jpg 405w, https:\/\/welovecinema.be\/wp-content\/uploads\/sites\/2\/2011\/06\/le-gamin-au-velo-800x533.jpg 800w, https:\/\/welovecinema.be\/wp-content\/uploads\/sites\/2\/2011\/06\/le-gamin-au-velo.jpg 1200w\" sizes=\"auto, (max-width: 405px) 100vw, 405px\" \/><\/a>\u00ab\u00a0Je n&rsquo;ai pas d&rsquo;agent. Les fr\u00e8res m&rsquo;ont dit que c&rsquo;\u00e9tait trop t\u00f4t. Je leur fais confiance: ils me conseillent et je sais que je peux compter sur eux.\u00a0\u00bb<\/p>\n<p>Sans aucun doute: et comme Olivier Gourmet ou J\u00e9r\u00e9mie R\u00e9nier, on reverra peut-\u00eatre Thomas dans un prochain film de ses papas de cin\u00e9ma. Suivre les trajectoires magnifiques de ces deux mod\u00e8les, voil\u00e0 tout le mal qu&rsquo;on souhaite \u00e0 ce jeune prodige hyper sympathique qui sera cet \u00e9t\u00e9 sur la route du&#8230; Beau V\u00e9lo de Ravel.<\/p>\n<p>\u00c9videmment\u2026<\/p>\n<p>&nbsp;<\/p>\n","protected":false},"excerpt":{"rendered":"<p>\u00c0 Cannes, les fr\u00e8res Dardenne et Bouli\u00a0 Lanners ne se sont pas content\u00e9s de pr\u00e9senter des films qui ont trust\u00e9 les r\u00e9compenses. Ils ont \u00e9galement amen\u00e9 \u00e0 l&rsquo;\u00e9cran une s\u00e9rie de jeunes acteurs hyper talentueux, promis \u00e0 une belle carri\u00e8re. Si les h\u00e9ros des G\u00e9ants sont trois, Thomas Doret, lui, est seul aux c\u00f4t\u00e9s de &hellip;<\/p>\n","protected":false},"author":7,"featured_media":4032,"comment_status":"closed","ping_status":"closed","sticky":false,"template":"","format":"standard","meta":{"ngg_post_thumbnail":0,"footnotes":""},"categories":[12,7],"tags":[],"class_list":["post-3997","post","type-post","status-publish","format-standard","has-post-thumbnail","","category-awards","category-actualites"],"yoast_head":"<!-- This site is optimized with the Yoast SEO plugin v20.4 - https:\/\/yoast.com\/wordpress\/plugins\/seo\/ -->\n<title>Thomas Doret: Le gamin \u00e0 Munich  - We Love Cinema<\/title>\n<meta name=\"robots\" content=\"index, follow, max-snippet:-1, max-image-preview:large, max-video-preview:-1\" \/>\n<link rel=\"canonical\" href=\"https:\/\/welovecinema.be\/fr\/thomas-doret-de-cannes-a-munich\/\" \/>\n<meta property=\"og:locale\" content=\"fr_FR\" \/>\n<meta property=\"og:type\" content=\"article\" \/>\n<meta property=\"og:title\" content=\"Thomas Doret: Le gamin \u00e0 Munich  - We Love Cinema\" \/>\n<meta property=\"og:description\" content=\"\u00c0 Cannes, les fr\u00e8res Dardenne et Bouli\u00a0 Lanners ne se sont pas content\u00e9s de pr\u00e9senter des films qui ont trust\u00e9 les r\u00e9compenses. Ils ont \u00e9galement amen\u00e9 \u00e0 l&rsquo;\u00e9cran une s\u00e9rie de jeunes acteurs hyper talentueux, promis \u00e0 une belle carri\u00e8re. Si les h\u00e9ros des G\u00e9ants sont trois, Thomas Doret, lui, est seul aux c\u00f4t\u00e9s de &hellip;\" \/>\n<meta property=\"og:url\" content=\"https:\/\/welovecinema.be\/fr\/thomas-doret-de-cannes-a-munich\/\" \/>\n<meta property=\"og:site_name\" content=\"We Love Cinema\" \/>\n<meta property=\"article:publisher\" content=\"https:\/\/www.facebook.com\/welovecinema.be\" \/>\n<meta property=\"article:published_time\" content=\"2011-06-28T09:53:41+00:00\" \/>\n<meta property=\"article:modified_time\" content=\"2011-06-28T20:03:41+00:00\" \/>\n<meta property=\"og:image\" content=\"https:\/\/welovecinema.be\/wp-content\/uploads\/sites\/2\/2011\/06\/thomas-munich4.jpg\" \/>\n\t<meta property=\"og:image:width\" content=\"699\" \/>\n\t<meta property=\"og:image:height\" content=\"402\" \/>\n\t<meta property=\"og:image:type\" content=\"image\/jpeg\" \/>\n<meta name=\"author\" content=\"Philippe.Pierquin\" \/>\n<meta name=\"twitter:card\" content=\"summary_large_image\" \/>\n<meta name=\"twitter:label1\" content=\"\u00c9crit par\" \/>\n\t<meta name=\"twitter:data1\" content=\"Philippe.Pierquin\" \/>\n\t<meta name=\"twitter:label2\" content=\"Dur\u00e9e de lecture estim\u00e9e\" \/>\n\t<meta name=\"twitter:data2\" content=\"3 minutes\" \/>\n<script type=\"application\/ld+json\" class=\"yoast-schema-graph\">{\"@context\":\"https:\/\/schema.org\",\"@graph\":[{\"@type\":\"Article\",\"@id\":\"https:\/\/welovecinema.be\/fr\/thomas-doret-de-cannes-a-munich\/#article\",\"isPartOf\":{\"@id\":\"https:\/\/welovecinema.be\/fr\/thomas-doret-de-cannes-a-munich\/\"},\"author\":{\"name\":\"Philippe.Pierquin\",\"@id\":\"https:\/\/welovecinema.be\/nl\/#\/schema\/person\/4b9b1d857f0943453a38a7c2859ef756\"},\"headline\":\"Thomas Doret: Le gamin \u00e0 Munich\",\"datePublished\":\"2011-06-28T09:53:41+00:00\",\"dateModified\":\"2011-06-28T20:03:41+00:00\",\"mainEntityOfPage\":{\"@id\":\"https:\/\/welovecinema.be\/fr\/thomas-doret-de-cannes-a-munich\/\"},\"wordCount\":667,\"publisher\":{\"@id\":\"https:\/\/welovecinema.be\/nl\/#organization\"},\"articleSection\":[\"Evenements\",\"News\"],\"inLanguage\":\"fr-FR\"},{\"@type\":\"WebPage\",\"@id\":\"https:\/\/welovecinema.be\/fr\/thomas-doret-de-cannes-a-munich\/\",\"url\":\"https:\/\/welovecinema.be\/fr\/thomas-doret-de-cannes-a-munich\/\",\"name\":\"Thomas Doret: Le gamin \u00e0 Munich - We Love Cinema\",\"isPartOf\":{\"@id\":\"https:\/\/welovecinema.be\/nl\/#website\"},\"datePublished\":\"2011-06-28T09:53:41+00:00\",\"dateModified\":\"2011-06-28T20:03:41+00:00\",\"breadcrumb\":{\"@id\":\"https:\/\/welovecinema.be\/fr\/thomas-doret-de-cannes-a-munich\/#breadcrumb\"},\"inLanguage\":\"fr-FR\",\"potentialAction\":[{\"@type\":\"ReadAction\",\"target\":[\"https:\/\/welovecinema.be\/fr\/thomas-doret-de-cannes-a-munich\/\"]}]},{\"@type\":\"BreadcrumbList\",\"@id\":\"https:\/\/welovecinema.be\/fr\/thomas-doret-de-cannes-a-munich\/#breadcrumb\",\"itemListElement\":[{\"@type\":\"ListItem\",\"position\":1,\"name\":\"Accueil\",\"item\":\"https:\/\/welovecinema.be\/fr\/\"},{\"@type\":\"ListItem\",\"position\":2,\"name\":\"Thomas Doret: Le gamin \u00e0 Munich\"}]},{\"@type\":\"WebSite\",\"@id\":\"https:\/\/welovecinema.be\/nl\/#website\",\"url\":\"https:\/\/welovecinema.be\/nl\/\",\"name\":\"We Love Cinema\",\"description\":\"Toute l\u2019information du cin\u00e9ma en Belgique\",\"publisher\":{\"@id\":\"https:\/\/welovecinema.be\/nl\/#organization\"},\"potentialAction\":[{\"@type\":\"SearchAction\",\"target\":{\"@type\":\"EntryPoint\",\"urlTemplate\":\"https:\/\/welovecinema.be\/nl\/?s={search_term_string}\"},\"query-input\":\"required name=search_term_string\"}],\"inLanguage\":\"fr-FR\"},{\"@type\":\"Organization\",\"@id\":\"https:\/\/welovecinema.be\/nl\/#organization\",\"name\":\"We Love Cinema\",\"url\":\"https:\/\/welovecinema.be\/nl\/\",\"logo\":{\"@type\":\"ImageObject\",\"inLanguage\":\"fr-FR\",\"@id\":\"https:\/\/welovecinema.be\/nl\/#\/schema\/logo\/image\/\",\"url\":\"https:\/\/welovecinema.be\/wp-content\/uploads\/sites\/2\/2023\/03\/Logo-We-Love-Cinema305x128.jpg\",\"contentUrl\":\"https:\/\/welovecinema.be\/wp-content\/uploads\/sites\/2\/2023\/03\/Logo-We-Love-Cinema305x128.jpg\",\"width\":305,\"height\":128,\"caption\":\"We Love Cinema\"},\"image\":{\"@id\":\"https:\/\/welovecinema.be\/nl\/#\/schema\/logo\/image\/\"},\"sameAs\":[\"https:\/\/www.facebook.com\/welovecinema.be\",\"https:\/\/www.youtube.com\/channel\/UCX5LYGVhnKvYauW4Nta4HJA\",\"https:\/\/www.instagram.com\/welovecinema.be\/\"]},{\"@type\":\"Person\",\"@id\":\"https:\/\/welovecinema.be\/nl\/#\/schema\/person\/4b9b1d857f0943453a38a7c2859ef756\",\"name\":\"Philippe.Pierquin\",\"url\":\"https:\/\/welovecinema.be\/fr\/author\/philippe-pierquin\/\"}]}<\/script>\n<!-- \/ Yoast SEO plugin. -->","yoast_head_json":{"title":"Thomas Doret: Le gamin \u00e0 Munich  - We Love Cinema","robots":{"index":"index","follow":"follow","max-snippet":"max-snippet:-1","max-image-preview":"max-image-preview:large","max-video-preview":"max-video-preview:-1"},"canonical":"https:\/\/welovecinema.be\/fr\/thomas-doret-de-cannes-a-munich\/","og_locale":"fr_FR","og_type":"article","og_title":"Thomas Doret: Le gamin \u00e0 Munich  - We Love Cinema","og_description":"\u00c0 Cannes, les fr\u00e8res Dardenne et Bouli\u00a0 Lanners ne se sont pas content\u00e9s de pr\u00e9senter des films qui ont trust\u00e9 les r\u00e9compenses. Ils ont \u00e9galement amen\u00e9 \u00e0 l&rsquo;\u00e9cran une s\u00e9rie de jeunes acteurs hyper talentueux, promis \u00e0 une belle carri\u00e8re. Si les h\u00e9ros des G\u00e9ants sont trois, Thomas Doret, lui, est seul aux c\u00f4t\u00e9s de &hellip;","og_url":"https:\/\/welovecinema.be\/fr\/thomas-doret-de-cannes-a-munich\/","og_site_name":"We Love Cinema","article_publisher":"https:\/\/www.facebook.com\/welovecinema.be","article_published_time":"2011-06-28T09:53:41+00:00","article_modified_time":"2011-06-28T20:03:41+00:00","og_image":[{"width":"699","height":"402","url":"https:\/\/welovecinema.be\/wp-content\/uploads\/sites\/2\/2011\/06\/thomas-munich4.jpg","type":"image\/jpeg"}],"author":"Philippe.Pierquin","twitter_card":"summary_large_image","twitter_misc":{"\u00c9crit par":"Philippe.Pierquin","Dur\u00e9e de lecture estim\u00e9e":"3 minutes"},"schema":{"@context":"https:\/\/schema.org","@graph":[{"@type":"Article","@id":"https:\/\/welovecinema.be\/fr\/thomas-doret-de-cannes-a-munich\/#article","isPartOf":{"@id":"https:\/\/welovecinema.be\/fr\/thomas-doret-de-cannes-a-munich\/"},"author":{"name":"Philippe.Pierquin","@id":"https:\/\/welovecinema.be\/nl\/#\/schema\/person\/4b9b1d857f0943453a38a7c2859ef756"},"headline":"Thomas Doret: Le gamin \u00e0 Munich","datePublished":"2011-06-28T09:53:41+00:00","dateModified":"2011-06-28T20:03:41+00:00","mainEntityOfPage":{"@id":"https:\/\/welovecinema.be\/fr\/thomas-doret-de-cannes-a-munich\/"},"wordCount":667,"publisher":{"@id":"https:\/\/welovecinema.be\/nl\/#organization"},"articleSection":["Evenements","News"],"inLanguage":"fr-FR"},{"@type":"WebPage","@id":"https:\/\/welovecinema.be\/fr\/thomas-doret-de-cannes-a-munich\/","url":"https:\/\/welovecinema.be\/fr\/thomas-doret-de-cannes-a-munich\/","name":"Thomas Doret: Le gamin \u00e0 Munich - We Love Cinema","isPartOf":{"@id":"https:\/\/welovecinema.be\/nl\/#website"},"datePublished":"2011-06-28T09:53:41+00:00","dateModified":"2011-06-28T20:03:41+00:00","breadcrumb":{"@id":"https:\/\/welovecinema.be\/fr\/thomas-doret-de-cannes-a-munich\/#breadcrumb"},"inLanguage":"fr-FR","potentialAction":[{"@type":"ReadAction","target":["https:\/\/welovecinema.be\/fr\/thomas-doret-de-cannes-a-munich\/"]}]},{"@type":"BreadcrumbList","@id":"https:\/\/welovecinema.be\/fr\/thomas-doret-de-cannes-a-munich\/#breadcrumb","itemListElement":[{"@type":"ListItem","position":1,"name":"Accueil","item":"https:\/\/welovecinema.be\/fr\/"},{"@type":"ListItem","position":2,"name":"Thomas Doret: Le gamin \u00e0 Munich"}]},{"@type":"WebSite","@id":"https:\/\/welovecinema.be\/nl\/#website","url":"https:\/\/welovecinema.be\/nl\/","name":"We Love Cinema","description":"Toute l\u2019information du cin\u00e9ma en Belgique","publisher":{"@id":"https:\/\/welovecinema.be\/nl\/#organization"},"potentialAction":[{"@type":"SearchAction","target":{"@type":"EntryPoint","urlTemplate":"https:\/\/welovecinema.be\/nl\/?s={search_term_string}"},"query-input":"required name=search_term_string"}],"inLanguage":"fr-FR"},{"@type":"Organization","@id":"https:\/\/welovecinema.be\/nl\/#organization","name":"We Love Cinema","url":"https:\/\/welovecinema.be\/nl\/","logo":{"@type":"ImageObject","inLanguage":"fr-FR","@id":"https:\/\/welovecinema.be\/nl\/#\/schema\/logo\/image\/","url":"https:\/\/welovecinema.be\/wp-content\/uploads\/sites\/2\/2023\/03\/Logo-We-Love-Cinema305x128.jpg","contentUrl":"https:\/\/welovecinema.be\/wp-content\/uploads\/sites\/2\/2023\/03\/Logo-We-Love-Cinema305x128.jpg","width":305,"height":128,"caption":"We Love Cinema"},"image":{"@id":"https:\/\/welovecinema.be\/nl\/#\/schema\/logo\/image\/"},"sameAs":["https:\/\/www.facebook.com\/welovecinema.be","https:\/\/www.youtube.com\/channel\/UCX5LYGVhnKvYauW4Nta4HJA","https:\/\/www.instagram.com\/welovecinema.be\/"]},{"@type":"Person","@id":"https:\/\/welovecinema.be\/nl\/#\/schema\/person\/4b9b1d857f0943453a38a7c2859ef756","name":"Philippe.Pierquin","url":"https:\/\/welovecinema.be\/fr\/author\/philippe-pierquin\/"}]}},"_links":{"self":[{"href":"https:\/\/welovecinema.be\/fr\/wp-json\/wp\/v2\/posts\/3997","targetHints":{"allow":["GET"]}}],"collection":[{"href":"https:\/\/welovecinema.be\/fr\/wp-json\/wp\/v2\/posts"}],"about":[{"href":"https:\/\/welovecinema.be\/fr\/wp-json\/wp\/v2\/types\/post"}],"author":[{"embeddable":true,"href":"https:\/\/welovecinema.be\/fr\/wp-json\/wp\/v2\/users\/7"}],"replies":[{"embeddable":true,"href":"https:\/\/welovecinema.be\/fr\/wp-json\/wp\/v2\/comments?post=3997"}],"version-history":[{"count":0,"href":"https:\/\/welovecinema.be\/fr\/wp-json\/wp\/v2\/posts\/3997\/revisions"}],"wp:featuredmedia":[{"embeddable":true,"href":"https:\/\/welovecinema.be\/fr\/wp-json\/wp\/v2\/media\/4032"}],"wp:attachment":[{"href":"https:\/\/welovecinema.be\/fr\/wp-json\/wp\/v2\/media?parent=3997"}],"wp:term":[{"taxonomy":"category","embeddable":true,"href":"https:\/\/welovecinema.be\/fr\/wp-json\/wp\/v2\/categories?post=3997"},{"taxonomy":"post_tag","embeddable":true,"href":"https:\/\/welovecinema.be\/fr\/wp-json\/wp\/v2\/tags?post=3997"}],"curies":[{"name":"wp","href":"https:\/\/api.w.org\/{rel}","templated":true}]}}