{"id":39880,"date":"2013-03-26T09:42:08","date_gmt":"2013-03-26T09:42:08","guid":{"rendered":"http:\/\/www.cinevox.be\/?p=39880"},"modified":"2013-03-26T09:58:14","modified_gmt":"2013-03-26T09:58:14","slug":"une-chanson-tres-ecologique","status":"publish","type":"post","link":"https:\/\/welovecinema.be\/fr\/une-chanson-tres-ecologique\/","title":{"rendered":"Une chanson tr\u00e8s \u00e9cologique"},"content":{"rendered":"<p><em>Une Chanson pour ma m\u00e8re<\/em> sort ce mercredi. Ce sera le premier film belge distribu\u00e9 en France et en Belgique par Disney et il faut \u00eatre \u00e0 peu pr\u00e8s sourd ou totalement d\u00e9connect\u00e9 des m\u00e9dias pour ne pas savoir que<\/p>\n<p>1. C\u2019est la premi\u00e8re apparition de Dave au cin\u00e9ma et qu\u2019il y est formidable.<\/p>\n<p>2. C\u2019est le premier film d\u2019un r\u00e9alisateur belge prometteur, Jo\u00ebl Franka.<\/p>\n<p>3. C\u2019est une com\u00e9die familiale assez efficace et \u00e9mouvante.<\/p>\n<p>\u00ab\u00a0Un bon chocolat chaud pour un dimanche apr\u00e8s-midi, agr\u00e9able et r\u00e9confortant\u00a0\u00bb, comme l\u2019a sugg\u00e9r\u00e9 une personne de l\u2019\u00e9quipe de production. Elle a tout \u00e0 fait raison.<\/p>\n<p>Depuis plusieurs semaines, Cinevox pr\u00e9pare cette sortie, aiguise votre curiosit\u00e9, en distillant de nombreux extraits d\u2019interviews en vid\u00e9o que vous pouvez visionner <a href=\"http:\/\/www.cinevox.be\/?s=une+chanson&amp;lang=fr\">ici.<\/a><\/p>\n<p>&nbsp;<\/p>\n<p>Tout serait donc dit? Que nenni. Saviez-vous qu\u2019<em>Une Chanson pour ma M\u00e8re <\/em>\u00e9tait aussi un film \u00e9cocompatible? Associant le fond \u00e0 la forme, le tournage a \u00e9t\u00e9 soumis \u00e0 quelques r\u00e8gles qui annoncent peut-\u00eatre un changement d\u2019attitude plus global. Cette mani\u00e8re d\u2019envisager les choses est d\u00e9j\u00e0 d\u2019actualit\u00e9 \u00e0 l\u2019\u00e9tranger. Il \u00e9tait temps que la Belgique s\u2019y mette.<!--more--><\/p>\n<p>&nbsp;<\/p>\n<p><a rel=\"attachment wp-att-39889\" href=\"http:\/\/www.cinevox.be\/une-chanson-tres-ecologique\/ecotournage-16w-2\"><img loading=\"lazy\" decoding=\"async\" class=\"aligncenter size-full wp-image-39889\" title=\"EcOtournage-16W\" src=\"http:\/\/www.cinevox.be\/wp-content\/uploads\/sites\/2\/2013\/03\/EcOtournage-16W1.jpg\" alt=\"\" width=\"850\" height=\"567\" srcset=\"https:\/\/welovecinema.be\/wp-content\/uploads\/sites\/2\/2013\/03\/EcOtournage-16W1.jpg 850w, https:\/\/welovecinema.be\/wp-content\/uploads\/sites\/2\/2013\/03\/EcOtournage-16W1-404x270.jpg 404w, https:\/\/welovecinema.be\/wp-content\/uploads\/sites\/2\/2013\/03\/EcOtournage-16W1-800x533.jpg 800w\" sizes=\"auto, (max-width: 850px) 100vw, 850px\" \/><\/a><\/p>\n<p>&nbsp;<\/p>\n<p>Cette initiative particuli\u00e8re, on la doit \u00e0 la sympathique Sophie Cornet, \u00e9coconseill\u00e8re ind\u00e9pendante. Avec la F\u00e9d\u00e9ration Wallonie-Bruxelles, elle a \u00e9dit\u00e9 un Petit guide \u00e9cocin\u00e9ma, distribu\u00e9 par le centre du cin\u00e9ma en 2011. On peut le t\u00e9l\u00e9charger en pdf, <a href=\"http:\/\/www.audiovisuel.cfwb.be\/index.php?id=7854\" target=\"_blank\">ICI<\/a>. Il s\u2019agissait d\u2019une d\u00e9marche p\u00e9dagogique, initiatrice. D\u2019une profession de foi.<\/p>\n<p>Sophie qui axe son travail sur l\u2019industrie du divertissement et de la culture \u0153uvre aussi pour La Monnaie. Elle s\u2019y occupe de la gestion environnementale de l\u2019institution et de l\u2019impact \u00e9cologique des spectacles qui y sont d\u00e9velopp\u00e9s. Son envie de rendre les tournages plus \u00ab\u00a0\u00e9cologiquement responsables\u00a0\u00bb, elle a pu la mettre \u00e0 l\u2019\u00e9preuve sur <em>Une Chanson Pour ma M\u00e8re<\/em>. Avec le soutien de <em>Bonne Pioche, Novak<\/em> et <em>Aliz\u00e9e,<\/em> elle vient de vivre une premi\u00e8re exp\u00e9rience de longue haleine. Assez r\u00e9ussie.<span style=\"text-decoration: line-through;\"> <\/span><\/p>\n<p>&nbsp;<\/p>\n<p><a rel=\"attachment wp-att-39881\" href=\"http:\/\/www.cinevox.be\/une-chanson-tres-ecologique\/ecotournage-05w\"><img loading=\"lazy\" decoding=\"async\" class=\"aligncenter size-full wp-image-39881\" title=\"EcOtournage-05W\" src=\"http:\/\/www.cinevox.be\/wp-content\/uploads\/sites\/2\/2013\/03\/EcOtournage-05W.jpg\" alt=\"\" width=\"750\" height=\"501\" srcset=\"https:\/\/welovecinema.be\/wp-content\/uploads\/sites\/2\/2013\/03\/EcOtournage-05W.jpg 750w, https:\/\/welovecinema.be\/wp-content\/uploads\/sites\/2\/2013\/03\/EcOtournage-05W-404x270.jpg 404w\" sizes=\"auto, (max-width: 750px) 100vw, 750px\" \/><\/a><\/p>\n<p>&nbsp;<\/p>\n<p>Concr\u00e8tement, la d\u00e9marche commence par une \u00e9tude sur la mani\u00e8re de rationaliser certains aspects structurels : r\u00e9duire la consommation de papier globale. Avec une r\u00e9flexion qui s\u2019\u00e9tend du grammage des feuilles, au type d\u2019impression effectu\u00e9, en passant par l\u2019in\u00e9vitable recyclage des documents&#8230;<\/p>\n<p>&nbsp;<\/p>\n<p><a rel=\"attachment wp-att-39884\" href=\"http:\/\/www.cinevox.be\/une-chanson-tres-ecologique\/ecotournage-07w\"><img loading=\"lazy\" decoding=\"async\" class=\"alignright size-medium wp-image-39884\" title=\"EcOtournage-07W\" src=\"http:\/\/www.cinevox.be\/wp-content\/uploads\/sites\/2\/2013\/03\/EcOtournage-07W-180x270.jpg\" alt=\"\" width=\"180\" height=\"270\" srcset=\"https:\/\/welovecinema.be\/wp-content\/uploads\/sites\/2\/2013\/03\/EcOtournage-07W-180x270.jpg 180w, https:\/\/welovecinema.be\/wp-content\/uploads\/sites\/2\/2013\/03\/EcOtournage-07W-400x600.jpg 400w, https:\/\/welovecinema.be\/wp-content\/uploads\/sites\/2\/2013\/03\/EcOtournage-07W.jpg 501w\" sizes=\"auto, (max-width: 180px) 100vw, 180px\" \/><\/a>Pendant le tournage, une s\u00e9rie de<em> <\/em>d\u00e9cisions li\u00e9es \u00e0 l\u2019intendance et \u00e0 la cantine furent prises en concertation avec tous. En proscrivant les gobelets jetables, ce sont\u2026 9000 \u00e9l\u00e9ments polluants qui ont \u00e9t\u00e9 \u00e9conomis\u00e9s. Et on parle ici d\u2019une structure de taille modeste. Du coup, un partenariat fut nou\u00e9 avec une soci\u00e9t\u00e9 qui fabrique une gourde \u00e9cologique. Chaque membre de l\u2019\u00e9quipe en re\u00e7ut un exemplaire qu\u2019il pouvait remplir \u00e0 une fontaine \u00e0 eau. Pour les sodas, des bouteilles en verre, donc recyclables, remplac\u00e8rent les r\u00e9cipients en plastique ou les cannettes. Des verres classiques \u00e9taient \u00e9galement disponibles. Combin\u00e9s aux assiettes et couverts, ils ont \u00e9t\u00e9\u2026 le principal souci de l\u2019intendance, oblig\u00e9e de faire souvent la vaisselle. Mais chacun s\u2019y est finalement pli\u00e9 sans trop rechigner.<\/p>\n<p>&nbsp;<\/p>\n<p>Le tri s\u00e9lectif g\u00e9n\u00e9ral fut institutionnalis\u00e9, ce qui n\u2019a rien d\u2019une sin\u00e9cure puisque le plateau se d\u00e9pla\u00e7ait \u00e0 plusieurs reprises. \u00c0 Libramont, le travail a \u00e9t\u00e9 men\u00e9 avec la commune qui a fourni des bennes de tri. \u00c0 Overijse, des poubelles diff\u00e9renci\u00e9es ont \u00e9t\u00e9 mises \u00e0 disposition de l\u2019\u00e9quipe avec des affichettes.<\/p>\n<p>&nbsp;<\/p>\n<p><a rel=\"attachment wp-att-39882\" href=\"http:\/\/www.cinevox.be\/une-chanson-tres-ecologique\/tournage-du-film-une-chanson-pour-ma-ma%c2%a8re-de-joa%c2%abl-franka\"><img loading=\"lazy\" decoding=\"async\" class=\"aligncenter size-full wp-image-39882\" title=\"Tournage du film &quot;Une Chanson Pour Ma M\u00c3\u00a8re&quot; de Jo\u00c3\u00abl Franka\" src=\"http:\/\/www.cinevox.be\/wp-content\/uploads\/sites\/2\/2013\/03\/EcOtournage-04W.jpg\" alt=\"\" width=\"750\" height=\"501\" srcset=\"https:\/\/welovecinema.be\/wp-content\/uploads\/sites\/2\/2013\/03\/EcOtournage-04W.jpg 750w, https:\/\/welovecinema.be\/wp-content\/uploads\/sites\/2\/2013\/03\/EcOtournage-04W-404x270.jpg 404w\" sizes=\"auto, (max-width: 750px) 100vw, 750px\" \/><\/a><\/p>\n<p>&nbsp;<\/p>\n<p>L\u2019aspect \u00e9cologique du tournage passe aussi par le choix de la cantine. L\u2019\u00c9table d\u2019H\u00f4tes, implant\u00e9 \u00e0 Virginal ne se \u00ab\u00a0contente\u00a0\u00bb pas de cuisiner des produits bio. Cette rationalisation est au c\u0153ur d\u2019une r\u00e9flexion globale avec la recherche constante d\u2019aliments de petits producteurs locaux, de saison, distribu\u00e9s en circuit court. Au bout du compte, l\u2019\u00e9quipe fut ravie par les repas sains, copieux et \u00e9nerg\u00e9tiques<\/p>\n<p>&nbsp;<\/p>\n<p><a rel=\"attachment wp-att-39885\" href=\"http:\/\/www.cinevox.be\/une-chanson-tres-ecologique\/ecotournage-13w\"><img loading=\"lazy\" decoding=\"async\" class=\"alignleft size-medium wp-image-39885\" title=\"EcOtournage-13W\" src=\"http:\/\/www.cinevox.be\/wp-content\/uploads\/sites\/2\/2013\/03\/EcOtournage-13W-180x270.jpg\" alt=\"\" width=\"180\" height=\"270\" srcset=\"https:\/\/welovecinema.be\/wp-content\/uploads\/sites\/2\/2013\/03\/EcOtournage-13W-180x270.jpg 180w, https:\/\/welovecinema.be\/wp-content\/uploads\/sites\/2\/2013\/03\/EcOtournage-13W-400x600.jpg 400w, https:\/\/welovecinema.be\/wp-content\/uploads\/sites\/2\/2013\/03\/EcOtournage-13W.jpg 567w\" sizes=\"auto, (max-width: 180px) 100vw, 180px\" \/><\/a>L\u2019\u00e9quipe d\u00e9co rechercha des \u00e9l\u00e9ments de r\u00e9cup\u00e9ration et de r\u00e9utilisation pour b\u00e2tir certaines parties du d\u00e9cor.\u00a0 Au-del\u00e0 de l\u2019envie de \u00ab\u00a0recycler\u00a0\u00bb, la volont\u00e9 de travailler avec des mat\u00e9riaux plus sains, moins polluants, conduisit par exemple \u00e0 rafra\u00eechir la ferme avec de la peinture \u00e0 la chaux plut\u00f4t qu\u2019avec une quelconque mati\u00e8re moins naturelle. Selon Paul Rouschop, chef d\u00e9corateur r\u00e9put\u00e9, cette optique novatrice pourrait mener \u00e0 de substantielles \u00e9conomies si on prend le temps de la r\u00e9flexion pour envisager des achats durables et le recyclage. Le d\u00e9partement \u00ab\u00a0costumes\u00a0\u00bb a suivi une d\u00e9marche analogue : au lieu de concevoir des bures de moines, on privil\u00e9gia les costumes de r\u00e9utilisation.<\/p>\n<p>&nbsp;<\/p>\n<p>Le dernier point mis en \u0153uvre sur le tournage <em>d\u2019Une Chanson pour ma m\u00e8re<\/em> est li\u00e9 aux \u00e9missions polluantes dues aux transports. Via <a href=\"http:\/\/www.ecoscore.be\/\">ecoscore.be<\/a>, la production a pu choisir les v\u00e9hicules les plus adapt\u00e9s au concept. La soci\u00e9t\u00e9 retenue a m\u00eame fourni une voiture \u00e9lectrique qui est celle de Michel (Fabrizio Rongione) dans le film.<\/p>\n<p>&nbsp;<\/p>\n<p>La s\u00e9lection des lieux d\u2019h\u00e9bergement a naturellement \u00e9t\u00e9 op\u00e9r\u00e9e au plus pr\u00e8s du plateau tandis qu\u2019une incitation au covoiturage a \u00e9t\u00e9 renforc\u00e9e par un bonus : un remboursement au km plus \u00e9lev\u00e9 pour tous ceux qui le pratiquaient. Il suffisait d\u2019y penser.<\/p>\n<p>&nbsp;<\/p>\n<p><a rel=\"attachment wp-att-39890\" href=\"http:\/\/www.cinevox.be\/une-chanson-tres-ecologique\/ecotournage-09w\"><img loading=\"lazy\" decoding=\"async\" class=\"aligncenter size-full wp-image-39890\" title=\"EcOtournage-09W\" src=\"http:\/\/www.cinevox.be\/wp-content\/uploads\/sites\/2\/2013\/03\/EcOtournage-09W.jpg\" alt=\"\" width=\"750\" height=\"501\" srcset=\"https:\/\/welovecinema.be\/wp-content\/uploads\/sites\/2\/2013\/03\/EcOtournage-09W.jpg 750w, https:\/\/welovecinema.be\/wp-content\/uploads\/sites\/2\/2013\/03\/EcOtournage-09W-404x270.jpg 404w\" sizes=\"auto, (max-width: 750px) 100vw, 750px\" \/><\/a><\/p>\n<p>&nbsp;<\/p>\n<p>&nbsp;<\/p>\n<p>Apr\u00e8s l\u2019exceptionnel travail r\u00e9alis\u00e9 par Nic Balthazar sur son deuxi\u00e8me long m\u00e9trage <em>Tot Altijd<\/em>, celui que <strong>Sophie Cornet<\/strong> a entrepris sur le tournage d\u2019<em>Une Chanson pour ma m\u00e8re <\/em>est une d\u00e9marche, diff\u00e9rente, mais qui pourrait bien d\u00e9boucher sur une op\u00e9ration de longue haleine touchant une partie des productions initi\u00e9es chez nous.<\/p>\n<p>&nbsp;<\/p>\n<p>\u00c0 ce stade, l\u2019impact \u00e9conomique \u00e0 court terme du choix d\u2019un tournage \u00e9cocompatible est difficile \u00e0 mesurer. Mais tant que cela ne co\u00fbte pas plus cher, personne n\u2019y verra d\u2019objections. Il est n\u00e9anmoins d\u00e9j\u00e0 possible d\u2019int\u00e9grer cette r\u00e9flexion de d\u00e9veloppement durable dans des recherches de financements compl\u00e9mentaires pour trouver de nouveaux investisseurs sous la forme d\u2019institutions ou de soci\u00e9t\u00e9s sensibilis\u00e9es \u00e0 ces mati\u00e8res essentielles.<\/p>\n<p>En France et au Royaume-Uni, diff\u00e9rents outils ont \u00e9t\u00e9 imagin\u00e9s pour parvenir \u00e0 un \u00e9quilibre \u00e9conomique autour de ces d\u00e9marches \u00e9cologiques.<\/p>\n<p>Un argument capital qui ne laissera aucun producteur indiff\u00e9rent.<\/p>\n<p>&nbsp;<\/p>\n<p>D\u00e9couvrez\u00a0<a href=\"http:\/\/www.cinevox.be\/videos\/une-chanson-pour-ma-mere-le-making-of-ecocompatible\" target=\"_blank\">ici,<\/a> le making of \u00e9cocompatible<\/p>\n","protected":false},"excerpt":{"rendered":"<p>Une Chanson pour ma m\u00e8re sort ce mercredi. Ce sera le premier film belge distribu\u00e9 en France et en Belgique par Disney et il faut \u00eatre \u00e0 peu pr\u00e8s sourd ou totalement d\u00e9connect\u00e9 des m\u00e9dias pour ne pas savoir que 1. C\u2019est la premi\u00e8re apparition de Dave au cin\u00e9ma et qu\u2019il y est formidable. 2. &hellip;<\/p>\n","protected":false},"author":7,"featured_media":39887,"comment_status":"closed","ping_status":"closed","sticky":false,"template":"","format":"standard","meta":{"ngg_post_thumbnail":0,"footnotes":""},"categories":[1923],"tags":[],"class_list":["post-39880","post","type-post","status-publish","format-standard","has-post-thumbnail","","category-en-bref"],"yoast_head":"<!-- This site is optimized with the Yoast SEO plugin v20.4 - https:\/\/yoast.com\/wordpress\/plugins\/seo\/ -->\n<title>Une chanson tr\u00e8s \u00e9cologique - We Love Cinema<\/title>\n<meta name=\"robots\" content=\"index, follow, max-snippet:-1, max-image-preview:large, max-video-preview:-1\" \/>\n<link rel=\"canonical\" href=\"https:\/\/welovecinema.be\/fr\/une-chanson-tres-ecologique\/\" \/>\n<meta property=\"og:locale\" content=\"fr_FR\" \/>\n<meta property=\"og:type\" content=\"article\" \/>\n<meta property=\"og:title\" content=\"Une chanson tr\u00e8s \u00e9cologique - We Love Cinema\" \/>\n<meta property=\"og:description\" content=\"Une Chanson pour ma m\u00e8re sort ce mercredi. Ce sera le premier film belge distribu\u00e9 en France et en Belgique par Disney et il faut \u00eatre \u00e0 peu pr\u00e8s sourd ou totalement d\u00e9connect\u00e9 des m\u00e9dias pour ne pas savoir que 1. C\u2019est la premi\u00e8re apparition de Dave au cin\u00e9ma et qu\u2019il y est formidable. 2. &hellip;\" \/>\n<meta property=\"og:url\" content=\"https:\/\/welovecinema.be\/fr\/une-chanson-tres-ecologique\/\" \/>\n<meta property=\"og:site_name\" content=\"We Love Cinema\" \/>\n<meta property=\"article:publisher\" content=\"https:\/\/www.facebook.com\/welovecinema.be\" \/>\n<meta property=\"article:published_time\" content=\"2013-03-26T09:42:08+00:00\" \/>\n<meta property=\"article:modified_time\" content=\"2013-03-26T09:58:14+00:00\" \/>\n<meta property=\"og:image\" content=\"https:\/\/welovecinema.be\/wp-content\/uploads\/sites\/2\/2013\/03\/734962_575618412450729_282044184_n.jpg\" \/>\n\t<meta property=\"og:image:width\" content=\"960\" \/>\n\t<meta property=\"og:image:height\" content=\"639\" \/>\n\t<meta property=\"og:image:type\" content=\"image\/jpeg\" \/>\n<meta name=\"author\" content=\"Philippe.Pierquin\" \/>\n<meta name=\"twitter:card\" content=\"summary_large_image\" \/>\n<meta name=\"twitter:label1\" content=\"\u00c9crit par\" \/>\n\t<meta name=\"twitter:data1\" content=\"Philippe.Pierquin\" \/>\n\t<meta name=\"twitter:label2\" content=\"Dur\u00e9e de lecture estim\u00e9e\" \/>\n\t<meta name=\"twitter:data2\" content=\"6 minutes\" \/>\n<script type=\"application\/ld+json\" class=\"yoast-schema-graph\">{\"@context\":\"https:\/\/schema.org\",\"@graph\":[{\"@type\":\"Article\",\"@id\":\"https:\/\/welovecinema.be\/fr\/une-chanson-tres-ecologique\/#article\",\"isPartOf\":{\"@id\":\"https:\/\/welovecinema.be\/fr\/une-chanson-tres-ecologique\/\"},\"author\":{\"name\":\"Philippe.Pierquin\",\"@id\":\"https:\/\/welovecinema.be\/nl\/#\/schema\/person\/4b9b1d857f0943453a38a7c2859ef756\"},\"headline\":\"Une chanson tr\u00e8s \u00e9cologique\",\"datePublished\":\"2013-03-26T09:42:08+00:00\",\"dateModified\":\"2013-03-26T09:58:14+00:00\",\"mainEntityOfPage\":{\"@id\":\"https:\/\/welovecinema.be\/fr\/une-chanson-tres-ecologique\/\"},\"wordCount\":1114,\"publisher\":{\"@id\":\"https:\/\/welovecinema.be\/nl\/#organization\"},\"articleSection\":[\"En bref\"],\"inLanguage\":\"fr-FR\"},{\"@type\":\"WebPage\",\"@id\":\"https:\/\/welovecinema.be\/fr\/une-chanson-tres-ecologique\/\",\"url\":\"https:\/\/welovecinema.be\/fr\/une-chanson-tres-ecologique\/\",\"name\":\"Une chanson tr\u00e8s \u00e9cologique - We Love Cinema\",\"isPartOf\":{\"@id\":\"https:\/\/welovecinema.be\/nl\/#website\"},\"datePublished\":\"2013-03-26T09:42:08+00:00\",\"dateModified\":\"2013-03-26T09:58:14+00:00\",\"breadcrumb\":{\"@id\":\"https:\/\/welovecinema.be\/fr\/une-chanson-tres-ecologique\/#breadcrumb\"},\"inLanguage\":\"fr-FR\",\"potentialAction\":[{\"@type\":\"ReadAction\",\"target\":[\"https:\/\/welovecinema.be\/fr\/une-chanson-tres-ecologique\/\"]}]},{\"@type\":\"BreadcrumbList\",\"@id\":\"https:\/\/welovecinema.be\/fr\/une-chanson-tres-ecologique\/#breadcrumb\",\"itemListElement\":[{\"@type\":\"ListItem\",\"position\":1,\"name\":\"Accueil\",\"item\":\"https:\/\/welovecinema.be\/fr\/\"},{\"@type\":\"ListItem\",\"position\":2,\"name\":\"Une chanson tr\u00e8s \u00e9cologique\"}]},{\"@type\":\"WebSite\",\"@id\":\"https:\/\/welovecinema.be\/nl\/#website\",\"url\":\"https:\/\/welovecinema.be\/nl\/\",\"name\":\"We Love Cinema\",\"description\":\"Toute l\u2019information du cin\u00e9ma en Belgique\",\"publisher\":{\"@id\":\"https:\/\/welovecinema.be\/nl\/#organization\"},\"potentialAction\":[{\"@type\":\"SearchAction\",\"target\":{\"@type\":\"EntryPoint\",\"urlTemplate\":\"https:\/\/welovecinema.be\/nl\/?s={search_term_string}\"},\"query-input\":\"required name=search_term_string\"}],\"inLanguage\":\"fr-FR\"},{\"@type\":\"Organization\",\"@id\":\"https:\/\/welovecinema.be\/nl\/#organization\",\"name\":\"We Love Cinema\",\"url\":\"https:\/\/welovecinema.be\/nl\/\",\"logo\":{\"@type\":\"ImageObject\",\"inLanguage\":\"fr-FR\",\"@id\":\"https:\/\/welovecinema.be\/nl\/#\/schema\/logo\/image\/\",\"url\":\"https:\/\/welovecinema.be\/wp-content\/uploads\/sites\/2\/2023\/03\/Logo-We-Love-Cinema305x128.jpg\",\"contentUrl\":\"https:\/\/welovecinema.be\/wp-content\/uploads\/sites\/2\/2023\/03\/Logo-We-Love-Cinema305x128.jpg\",\"width\":305,\"height\":128,\"caption\":\"We Love Cinema\"},\"image\":{\"@id\":\"https:\/\/welovecinema.be\/nl\/#\/schema\/logo\/image\/\"},\"sameAs\":[\"https:\/\/www.facebook.com\/welovecinema.be\",\"https:\/\/www.youtube.com\/channel\/UCX5LYGVhnKvYauW4Nta4HJA\",\"https:\/\/www.instagram.com\/welovecinema.be\/\"]},{\"@type\":\"Person\",\"@id\":\"https:\/\/welovecinema.be\/nl\/#\/schema\/person\/4b9b1d857f0943453a38a7c2859ef756\",\"name\":\"Philippe.Pierquin\",\"url\":\"https:\/\/welovecinema.be\/fr\/author\/philippe-pierquin\/\"}]}<\/script>\n<!-- \/ Yoast SEO plugin. -->","yoast_head_json":{"title":"Une chanson tr\u00e8s \u00e9cologique - We Love Cinema","robots":{"index":"index","follow":"follow","max-snippet":"max-snippet:-1","max-image-preview":"max-image-preview:large","max-video-preview":"max-video-preview:-1"},"canonical":"https:\/\/welovecinema.be\/fr\/une-chanson-tres-ecologique\/","og_locale":"fr_FR","og_type":"article","og_title":"Une chanson tr\u00e8s \u00e9cologique - We Love Cinema","og_description":"Une Chanson pour ma m\u00e8re sort ce mercredi. Ce sera le premier film belge distribu\u00e9 en France et en Belgique par Disney et il faut \u00eatre \u00e0 peu pr\u00e8s sourd ou totalement d\u00e9connect\u00e9 des m\u00e9dias pour ne pas savoir que 1. C\u2019est la premi\u00e8re apparition de Dave au cin\u00e9ma et qu\u2019il y est formidable. 2. &hellip;","og_url":"https:\/\/welovecinema.be\/fr\/une-chanson-tres-ecologique\/","og_site_name":"We Love Cinema","article_publisher":"https:\/\/www.facebook.com\/welovecinema.be","article_published_time":"2013-03-26T09:42:08+00:00","article_modified_time":"2013-03-26T09:58:14+00:00","og_image":[{"width":"960","height":"639","url":"https:\/\/welovecinema.be\/wp-content\/uploads\/sites\/2\/2013\/03\/734962_575618412450729_282044184_n.jpg","type":"image\/jpeg"}],"author":"Philippe.Pierquin","twitter_card":"summary_large_image","twitter_misc":{"\u00c9crit par":"Philippe.Pierquin","Dur\u00e9e de lecture estim\u00e9e":"6 minutes"},"schema":{"@context":"https:\/\/schema.org","@graph":[{"@type":"Article","@id":"https:\/\/welovecinema.be\/fr\/une-chanson-tres-ecologique\/#article","isPartOf":{"@id":"https:\/\/welovecinema.be\/fr\/une-chanson-tres-ecologique\/"},"author":{"name":"Philippe.Pierquin","@id":"https:\/\/welovecinema.be\/nl\/#\/schema\/person\/4b9b1d857f0943453a38a7c2859ef756"},"headline":"Une chanson tr\u00e8s \u00e9cologique","datePublished":"2013-03-26T09:42:08+00:00","dateModified":"2013-03-26T09:58:14+00:00","mainEntityOfPage":{"@id":"https:\/\/welovecinema.be\/fr\/une-chanson-tres-ecologique\/"},"wordCount":1114,"publisher":{"@id":"https:\/\/welovecinema.be\/nl\/#organization"},"articleSection":["En bref"],"inLanguage":"fr-FR"},{"@type":"WebPage","@id":"https:\/\/welovecinema.be\/fr\/une-chanson-tres-ecologique\/","url":"https:\/\/welovecinema.be\/fr\/une-chanson-tres-ecologique\/","name":"Une chanson tr\u00e8s \u00e9cologique - We Love Cinema","isPartOf":{"@id":"https:\/\/welovecinema.be\/nl\/#website"},"datePublished":"2013-03-26T09:42:08+00:00","dateModified":"2013-03-26T09:58:14+00:00","breadcrumb":{"@id":"https:\/\/welovecinema.be\/fr\/une-chanson-tres-ecologique\/#breadcrumb"},"inLanguage":"fr-FR","potentialAction":[{"@type":"ReadAction","target":["https:\/\/welovecinema.be\/fr\/une-chanson-tres-ecologique\/"]}]},{"@type":"BreadcrumbList","@id":"https:\/\/welovecinema.be\/fr\/une-chanson-tres-ecologique\/#breadcrumb","itemListElement":[{"@type":"ListItem","position":1,"name":"Accueil","item":"https:\/\/welovecinema.be\/fr\/"},{"@type":"ListItem","position":2,"name":"Une chanson tr\u00e8s \u00e9cologique"}]},{"@type":"WebSite","@id":"https:\/\/welovecinema.be\/nl\/#website","url":"https:\/\/welovecinema.be\/nl\/","name":"We Love Cinema","description":"Toute l\u2019information du cin\u00e9ma en Belgique","publisher":{"@id":"https:\/\/welovecinema.be\/nl\/#organization"},"potentialAction":[{"@type":"SearchAction","target":{"@type":"EntryPoint","urlTemplate":"https:\/\/welovecinema.be\/nl\/?s={search_term_string}"},"query-input":"required name=search_term_string"}],"inLanguage":"fr-FR"},{"@type":"Organization","@id":"https:\/\/welovecinema.be\/nl\/#organization","name":"We Love Cinema","url":"https:\/\/welovecinema.be\/nl\/","logo":{"@type":"ImageObject","inLanguage":"fr-FR","@id":"https:\/\/welovecinema.be\/nl\/#\/schema\/logo\/image\/","url":"https:\/\/welovecinema.be\/wp-content\/uploads\/sites\/2\/2023\/03\/Logo-We-Love-Cinema305x128.jpg","contentUrl":"https:\/\/welovecinema.be\/wp-content\/uploads\/sites\/2\/2023\/03\/Logo-We-Love-Cinema305x128.jpg","width":305,"height":128,"caption":"We Love Cinema"},"image":{"@id":"https:\/\/welovecinema.be\/nl\/#\/schema\/logo\/image\/"},"sameAs":["https:\/\/www.facebook.com\/welovecinema.be","https:\/\/www.youtube.com\/channel\/UCX5LYGVhnKvYauW4Nta4HJA","https:\/\/www.instagram.com\/welovecinema.be\/"]},{"@type":"Person","@id":"https:\/\/welovecinema.be\/nl\/#\/schema\/person\/4b9b1d857f0943453a38a7c2859ef756","name":"Philippe.Pierquin","url":"https:\/\/welovecinema.be\/fr\/author\/philippe-pierquin\/"}]}},"_links":{"self":[{"href":"https:\/\/welovecinema.be\/fr\/wp-json\/wp\/v2\/posts\/39880","targetHints":{"allow":["GET"]}}],"collection":[{"href":"https:\/\/welovecinema.be\/fr\/wp-json\/wp\/v2\/posts"}],"about":[{"href":"https:\/\/welovecinema.be\/fr\/wp-json\/wp\/v2\/types\/post"}],"author":[{"embeddable":true,"href":"https:\/\/welovecinema.be\/fr\/wp-json\/wp\/v2\/users\/7"}],"replies":[{"embeddable":true,"href":"https:\/\/welovecinema.be\/fr\/wp-json\/wp\/v2\/comments?post=39880"}],"version-history":[{"count":0,"href":"https:\/\/welovecinema.be\/fr\/wp-json\/wp\/v2\/posts\/39880\/revisions"}],"wp:featuredmedia":[{"embeddable":true,"href":"https:\/\/welovecinema.be\/fr\/wp-json\/wp\/v2\/media\/39887"}],"wp:attachment":[{"href":"https:\/\/welovecinema.be\/fr\/wp-json\/wp\/v2\/media?parent=39880"}],"wp:term":[{"taxonomy":"category","embeddable":true,"href":"https:\/\/welovecinema.be\/fr\/wp-json\/wp\/v2\/categories?post=39880"},{"taxonomy":"post_tag","embeddable":true,"href":"https:\/\/welovecinema.be\/fr\/wp-json\/wp\/v2\/tags?post=39880"}],"curies":[{"name":"wp","href":"https:\/\/api.w.org\/{rel}","templated":true}]}}