{"id":38634,"date":"2013-03-13T05:33:23","date_gmt":"2013-03-13T05:33:23","guid":{"rendered":"http:\/\/www.cinevox.be\/?p=38634"},"modified":"2013-03-12T20:10:18","modified_gmt":"2013-03-12T20:10:18","slug":"le-magritte-du-premier-film-votre-magritte","status":"publish","type":"post","link":"https:\/\/welovecinema.be\/fr\/le-magritte-du-premier-film-votre-magritte\/","title":{"rendered":"Le Magritte du Premier film? Votre Magritte !"},"content":{"rendered":"<p>Apr\u00e8s les Magritte\u2026 les Magritte continuent. Ou plut\u00f4t une op\u00e9ration sp\u00e9ciale baptis\u00e9e. Nous avons expliqu\u00e9 <a href=\"http:\/\/www.cinevox.be\/le-magritte-du-1er-film-l%E2%80%99aventure-continue\" target=\"_blank\">ICI<\/a> quels \u00e9taient les enjeux de cette nouvelle initiative, mais nous reviendrons souvent sur le sujet, car ce Magritte c\u2019est VOUS qui allez l\u2019\u00e9lire.<\/p>\n<p><!--more--><\/p>\n<p>&nbsp;<\/p>\n<p>Douze longs m\u00e9trages en course pour d\u00e9crocher le Magritte du meilleur film \u00e9taient cette ann\u00e9e des premiers films. Douze sur dix-neuf, vous imaginez?<\/p>\n<p>&nbsp;<\/p>\n<p><a rel=\"attachment wp-att-38637\" href=\"http:\/\/www.cinevox.be\/le-magritte-du-premier-film-votre-magritte\/mdc-2013-la-ceremonie\"><img loading=\"lazy\" decoding=\"async\" class=\"aligncenter size-full wp-image-38637\" title=\"MDC 2013 \/ La Ceremonie\" src=\"http:\/\/www.cinevox.be\/wp-content\/uploads\/sites\/2\/2013\/03\/IMAGELLAN_00003465-003.jpg\" alt=\"\" width=\"2329\" height=\"1654\" srcset=\"https:\/\/welovecinema.be\/wp-content\/uploads\/sites\/2\/2013\/03\/IMAGELLAN_00003465-003.jpg 2329w, https:\/\/welovecinema.be\/wp-content\/uploads\/sites\/2\/2013\/03\/IMAGELLAN_00003465-003-380x270.jpg 380w, https:\/\/welovecinema.be\/wp-content\/uploads\/sites\/2\/2013\/03\/IMAGELLAN_00003465-003-800x568.jpg 800w\" sizes=\"auto, (max-width: 2329px) 100vw, 2329px\" \/><\/a><\/p>\n<p>&nbsp;<\/p>\n<p>&nbsp;<\/p>\n<p>Ces films ont remport\u00e9 quelques troph\u00e9es : meilleur espoir f\u00e9minin (photo ci-dessus) et meilleure musique pour <em>Mobile Home<\/em>, meilleur photo pour <em>L&rsquo;Hiver Dernier<\/em>, meilleur espoir masculin pour <em>La T\u00eate la Premi\u00e8re<\/em>, meilleur d\u00e9cor pour <em>Dead Man Talking (photo ci-dessous).<\/em><\/p>\n<p>C\u2019est bien, &#8230; mais un peu maigre au regard des nombreuses nominations engrang\u00e9es apr\u00e8s le premier tour, de la qualit\u00e9 de ces \u0153uvres et de leur succ\u00e8s en salles. Car ces premiers longs m\u00e9trages repr\u00e9sentent \u00a0en termes d\u2019entr\u00e9es un chiffre global assez impressionnant.<\/p>\n<p>&nbsp;<\/p>\n<p><a rel=\"attachment wp-att-38638\" href=\"http:\/\/www.cinevox.be\/le-magritte-du-premier-film-votre-magritte\/mdc-2013-la-ceremonie-2\"><img loading=\"lazy\" decoding=\"async\" class=\"aligncenter size-full wp-image-38638\" title=\"MDC 2013 \/ La Ceremonie\" src=\"http:\/\/www.cinevox.be\/wp-content\/uploads\/sites\/2\/2013\/03\/IMAGELLAN_00003465-047.jpg\" alt=\"\" width=\"2148\" height=\"1533\" srcset=\"https:\/\/welovecinema.be\/wp-content\/uploads\/sites\/2\/2013\/03\/IMAGELLAN_00003465-047.jpg 2148w, https:\/\/welovecinema.be\/wp-content\/uploads\/sites\/2\/2013\/03\/IMAGELLAN_00003465-047-378x270.jpg 378w, https:\/\/welovecinema.be\/wp-content\/uploads\/sites\/2\/2013\/03\/IMAGELLAN_00003465-047-800x570.jpg 800w\" sizes=\"auto, (max-width: 2148px) 100vw, 2148px\" \/><\/a><\/p>\n<p>&nbsp;<\/p>\n<p>Nous reviendrons sur leur box-office et sur leurs chances respectives d&rsquo;\u00e9merger, mais cela signifie une chose : vous \u00eates des dizaines de milliers \u00e0 avoir vu ces films et il est donc logique que vous puissiez vous exprimer pour les mettre en \u00e9vidence. Pour booster votre favori.<\/p>\n<p>Pour voter, la proc\u00e9dure est simple. Vous suivez ce lien (<a href=\"http:\/\/www.lesmagritteducinema.com\/public_vote.php?lang=fr\" target=\"_blank\">ICI<\/a>) et vous arrivez sur la page d\u00e9di\u00e9e au scrutin sur le site des Magritte. L\u00e0, vous choisissez vos trois longs m\u00e9trages pr\u00e9f\u00e9r\u00e9s (dans l&rsquo;ordre). Attention ! Il ne faut rien \u00e9crire, juste choisir les titres dans les menus d\u00e9roulants. Vous encodez ensuite votre adresse mail. Une fois que vous avez confirm\u00e9 votre vote, vous devez aller sur votre messagerie. Le site vous a envoy\u00e9 un message de v\u00e9rification: cliquez sur le lien et le tour est jou\u00e9. Votre voix est comptabilis\u00e9e.<\/p>\n<p>&nbsp;<\/p>\n<p>Avec cette protection, il n\u2019est pas possible de voter deux fois avec une m\u00eame adresse mail. Nous avons essay\u00e9 et le site nous r\u00e9pond que nous avons d\u00e9j\u00e0 fait notre devoir cin\u00e9matographique. Nous avons tent\u00e9 d\u2019autres astuces qui ne fonctionnent pas mieux. D\u2019autres v\u00e9rifications permettent en effet de limiter la fraude et un contr\u00f4le a posteriori sur la base de donn\u00e9es des votants \u00e9radiquera les \u00e9ventuels petits malins qui auraient trouv\u00e9 une faille.<\/p>\n<p>&nbsp;<\/p>\n<p>\u00c0 ce jour, plus de 900 (!!!) votes ont \u00e9t\u00e9 enregistr\u00e9s\u2026 et on en est encore qu\u2019au tout d\u00e9but de l\u2019op\u00e9ration qui durera jusqu\u2019au 1<sup>er<\/sup> mai. C\u2019est dire si la route est longue et les retournements de situation possibles. Le <em>Magritte du Premier Film<\/em> sera remis au r\u00e9alisateur du long m\u00e9trage prim\u00e9 lors de la soir\u00e9e du cin\u00e9ma belge \u00e0 Cannes. En votre pr\u00e9sence peut-\u00eatre\u2026<\/p>\n<p>&nbsp;<\/p>\n<p>Car c\u2019est un autre attrait de cette op\u00e9ration : le cin\u00e9phile qui y participe peut gagner des prix assez formidables.<\/p>\n<p>&nbsp;<\/p>\n<p style=\"text-align: right;\"><a rel=\"attachment wp-att-38639\" href=\"http:\/\/www.cinevox.be\/le-magritte-du-premier-film-votre-magritte\/img_7950\"><img loading=\"lazy\" decoding=\"async\" class=\"aligncenter size-full wp-image-38639\" title=\"IMG_7950\" src=\"http:\/\/www.cinevox.be\/wp-content\/uploads\/sites\/2\/2013\/03\/IMG_7950.jpg\" alt=\"\" width=\"5184\" height=\"3456\" srcset=\"https:\/\/welovecinema.be\/wp-content\/uploads\/sites\/2\/2013\/03\/IMG_7950.jpg 5184w, https:\/\/welovecinema.be\/wp-content\/uploads\/sites\/2\/2013\/03\/IMG_7950-405x270.jpg 405w, https:\/\/welovecinema.be\/wp-content\/uploads\/sites\/2\/2013\/03\/IMG_7950-800x533.jpg 800w\" sizes=\"auto, (max-width: 5184px) 100vw, 5184px\" \/><\/a><em>[John Shank est en course avec son premier long : L&rsquo;Hiver Dernier]<\/em><\/p>\n<p>&nbsp;<\/p>\n<p>Les 12 films en comp\u00e9titions sont actuellement propos\u00e9s un peu partout dans la f\u00e9d\u00e9ration Wallonie-Bruxelles. \u00c0 chaque s\u00e9ance, les spectateurs peuvent remplir un formulaire. \u00c0 l\u2019issue des projections, un des documents sera tir\u00e9 au sort et le bienheureux remportera un s\u00e9jour pour deux \u00e0 Cannes, durant le festival ! Le prix comporte les billets d\u2019avion aller et retour au d\u00e9part de Bruxelles, une nuit d\u2019h\u00f4tel avec petit-d\u00e9jeuner et l\u2019acc\u00e8s au Gala du Cin\u00e9ma belge francophone. Pour vous mettre d\u00e9j\u00e0 dans l\u2019ambiance, voyez les reportages photo de l\u2019an dernier : <a href=\"http:\/\/www.cinevox.be\/la-fetes-des-belges-a-cannes\" target=\"_blank\">ici<\/a> et <a href=\"http:\/\/www.cinevox.be\/?p=22316\" target=\"_blank\">ici<\/a>.<\/p>\n<p>&nbsp;<\/p>\n<p>Chaque votant est aussi susceptible de gagner une invitation pour deux \u00e0 la 4e C\u00e9r\u00e9monie des Magritte du Cin\u00e9ma qui se tiendra en f\u00e9vrier 2014. \u00c0 la fin des votes, le 1er mai prochain, un tirage au sort permettra de d\u00e9signer deux personnes qui seront invit\u00e9es avec leur accompagnant \u00e0 la 4e C\u00e9r\u00e9monie des Magritte du Cin\u00e9ma ! Souvenez-vous de la foire d\u2019empoigne provoqu\u00e9e cette ann\u00e9e par la chasse aux invitations et croisez les doigts !<\/p>\n<p>&nbsp;<\/p>\n<p>Alors ? Elle n\u2019est pas belle la vie? Il n\u2019est pas sympa le cin\u00e9ma belge?<\/p>\n<p>&nbsp;<\/p>\n","protected":false},"excerpt":{"rendered":"<p>Apr\u00e8s les Magritte\u2026 les Magritte continuent. Ou plut\u00f4t une op\u00e9ration sp\u00e9ciale baptis\u00e9e. Nous avons expliqu\u00e9 ICI quels \u00e9taient les enjeux de cette nouvelle initiative, mais nous reviendrons souvent sur le sujet, car ce Magritte c\u2019est VOUS qui allez l\u2019\u00e9lire.<\/p>\n","protected":false},"author":7,"featured_media":38643,"comment_status":"closed","ping_status":"closed","sticky":false,"template":"","format":"standard","meta":{"ngg_post_thumbnail":0,"footnotes":""},"categories":[1923,7],"tags":[],"class_list":["post-38634","post","type-post","status-publish","format-standard","has-post-thumbnail","","category-en-bref","category-actualites"],"yoast_head":"<!-- This site is optimized with the Yoast SEO plugin v20.4 - https:\/\/yoast.com\/wordpress\/plugins\/seo\/ -->\n<title>Le Magritte du Premier film? Votre Magritte ! - We Love Cinema<\/title>\n<meta name=\"robots\" content=\"index, follow, max-snippet:-1, max-image-preview:large, max-video-preview:-1\" \/>\n<link rel=\"canonical\" href=\"https:\/\/welovecinema.be\/fr\/le-magritte-du-premier-film-votre-magritte\/\" \/>\n<meta property=\"og:locale\" content=\"fr_FR\" \/>\n<meta property=\"og:type\" content=\"article\" \/>\n<meta property=\"og:title\" content=\"Le Magritte du Premier film? Votre Magritte ! - We Love Cinema\" \/>\n<meta property=\"og:description\" content=\"Apr\u00e8s les Magritte\u2026 les Magritte continuent. Ou plut\u00f4t une op\u00e9ration sp\u00e9ciale baptis\u00e9e. Nous avons expliqu\u00e9 ICI quels \u00e9taient les enjeux de cette nouvelle initiative, mais nous reviendrons souvent sur le sujet, car ce Magritte c\u2019est VOUS qui allez l\u2019\u00e9lire.\" \/>\n<meta property=\"og:url\" content=\"https:\/\/welovecinema.be\/fr\/le-magritte-du-premier-film-votre-magritte\/\" \/>\n<meta property=\"og:site_name\" content=\"We Love Cinema\" \/>\n<meta property=\"article:publisher\" content=\"https:\/\/www.facebook.com\/welovecinema.be\" \/>\n<meta property=\"article:published_time\" content=\"2013-03-13T05:33:23+00:00\" \/>\n<meta property=\"article:modified_time\" content=\"2013-03-12T20:10:18+00:00\" \/>\n<meta property=\"og:image\" content=\"https:\/\/welovecinema.be\/wp-content\/uploads\/sites\/2\/2013\/03\/DSC04305-800x600.jpg\" \/>\n\t<meta property=\"og:image:width\" content=\"800\" \/>\n\t<meta property=\"og:image:height\" content=\"600\" \/>\n\t<meta property=\"og:image:type\" content=\"image\/jpeg\" \/>\n<meta name=\"author\" content=\"Philippe.Pierquin\" \/>\n<meta name=\"twitter:card\" content=\"summary_large_image\" \/>\n<meta name=\"twitter:label1\" content=\"\u00c9crit par\" \/>\n\t<meta name=\"twitter:data1\" content=\"Philippe.Pierquin\" \/>\n\t<meta name=\"twitter:label2\" content=\"Dur\u00e9e de lecture estim\u00e9e\" \/>\n\t<meta name=\"twitter:data2\" content=\"4 minutes\" \/>\n<script type=\"application\/ld+json\" class=\"yoast-schema-graph\">{\"@context\":\"https:\/\/schema.org\",\"@graph\":[{\"@type\":\"Article\",\"@id\":\"https:\/\/welovecinema.be\/fr\/le-magritte-du-premier-film-votre-magritte\/#article\",\"isPartOf\":{\"@id\":\"https:\/\/welovecinema.be\/fr\/le-magritte-du-premier-film-votre-magritte\/\"},\"author\":{\"name\":\"Philippe.Pierquin\",\"@id\":\"https:\/\/welovecinema.be\/nl\/#\/schema\/person\/4b9b1d857f0943453a38a7c2859ef756\"},\"headline\":\"Le Magritte du Premier film? Votre Magritte !\",\"datePublished\":\"2013-03-13T05:33:23+00:00\",\"dateModified\":\"2013-03-12T20:10:18+00:00\",\"mainEntityOfPage\":{\"@id\":\"https:\/\/welovecinema.be\/fr\/le-magritte-du-premier-film-votre-magritte\/\"},\"wordCount\":729,\"publisher\":{\"@id\":\"https:\/\/welovecinema.be\/nl\/#organization\"},\"articleSection\":[\"En bref\",\"News\"],\"inLanguage\":\"fr-FR\"},{\"@type\":\"WebPage\",\"@id\":\"https:\/\/welovecinema.be\/fr\/le-magritte-du-premier-film-votre-magritte\/\",\"url\":\"https:\/\/welovecinema.be\/fr\/le-magritte-du-premier-film-votre-magritte\/\",\"name\":\"Le Magritte du Premier film? Votre Magritte ! - We Love Cinema\",\"isPartOf\":{\"@id\":\"https:\/\/welovecinema.be\/nl\/#website\"},\"datePublished\":\"2013-03-13T05:33:23+00:00\",\"dateModified\":\"2013-03-12T20:10:18+00:00\",\"breadcrumb\":{\"@id\":\"https:\/\/welovecinema.be\/fr\/le-magritte-du-premier-film-votre-magritte\/#breadcrumb\"},\"inLanguage\":\"fr-FR\",\"potentialAction\":[{\"@type\":\"ReadAction\",\"target\":[\"https:\/\/welovecinema.be\/fr\/le-magritte-du-premier-film-votre-magritte\/\"]}]},{\"@type\":\"BreadcrumbList\",\"@id\":\"https:\/\/welovecinema.be\/fr\/le-magritte-du-premier-film-votre-magritte\/#breadcrumb\",\"itemListElement\":[{\"@type\":\"ListItem\",\"position\":1,\"name\":\"Accueil\",\"item\":\"https:\/\/welovecinema.be\/fr\/\"},{\"@type\":\"ListItem\",\"position\":2,\"name\":\"Le Magritte du Premier film? Votre Magritte !\"}]},{\"@type\":\"WebSite\",\"@id\":\"https:\/\/welovecinema.be\/nl\/#website\",\"url\":\"https:\/\/welovecinema.be\/nl\/\",\"name\":\"We Love Cinema\",\"description\":\"Toute l\u2019information du cin\u00e9ma en Belgique\",\"publisher\":{\"@id\":\"https:\/\/welovecinema.be\/nl\/#organization\"},\"potentialAction\":[{\"@type\":\"SearchAction\",\"target\":{\"@type\":\"EntryPoint\",\"urlTemplate\":\"https:\/\/welovecinema.be\/nl\/?s={search_term_string}\"},\"query-input\":\"required name=search_term_string\"}],\"inLanguage\":\"fr-FR\"},{\"@type\":\"Organization\",\"@id\":\"https:\/\/welovecinema.be\/nl\/#organization\",\"name\":\"We Love Cinema\",\"url\":\"https:\/\/welovecinema.be\/nl\/\",\"logo\":{\"@type\":\"ImageObject\",\"inLanguage\":\"fr-FR\",\"@id\":\"https:\/\/welovecinema.be\/nl\/#\/schema\/logo\/image\/\",\"url\":\"https:\/\/welovecinema.be\/wp-content\/uploads\/sites\/2\/2023\/03\/Logo-We-Love-Cinema305x128.jpg\",\"contentUrl\":\"https:\/\/welovecinema.be\/wp-content\/uploads\/sites\/2\/2023\/03\/Logo-We-Love-Cinema305x128.jpg\",\"width\":305,\"height\":128,\"caption\":\"We Love Cinema\"},\"image\":{\"@id\":\"https:\/\/welovecinema.be\/nl\/#\/schema\/logo\/image\/\"},\"sameAs\":[\"https:\/\/www.facebook.com\/welovecinema.be\",\"https:\/\/www.youtube.com\/channel\/UCX5LYGVhnKvYauW4Nta4HJA\",\"https:\/\/www.instagram.com\/welovecinema.be\/\"]},{\"@type\":\"Person\",\"@id\":\"https:\/\/welovecinema.be\/nl\/#\/schema\/person\/4b9b1d857f0943453a38a7c2859ef756\",\"name\":\"Philippe.Pierquin\",\"url\":\"https:\/\/welovecinema.be\/fr\/author\/philippe-pierquin\/\"}]}<\/script>\n<!-- \/ Yoast SEO plugin. -->","yoast_head_json":{"title":"Le Magritte du Premier film? Votre Magritte ! - We Love Cinema","robots":{"index":"index","follow":"follow","max-snippet":"max-snippet:-1","max-image-preview":"max-image-preview:large","max-video-preview":"max-video-preview:-1"},"canonical":"https:\/\/welovecinema.be\/fr\/le-magritte-du-premier-film-votre-magritte\/","og_locale":"fr_FR","og_type":"article","og_title":"Le Magritte du Premier film? Votre Magritte ! - We Love Cinema","og_description":"Apr\u00e8s les Magritte\u2026 les Magritte continuent. Ou plut\u00f4t une op\u00e9ration sp\u00e9ciale baptis\u00e9e. Nous avons expliqu\u00e9 ICI quels \u00e9taient les enjeux de cette nouvelle initiative, mais nous reviendrons souvent sur le sujet, car ce Magritte c\u2019est VOUS qui allez l\u2019\u00e9lire.","og_url":"https:\/\/welovecinema.be\/fr\/le-magritte-du-premier-film-votre-magritte\/","og_site_name":"We Love Cinema","article_publisher":"https:\/\/www.facebook.com\/welovecinema.be","article_published_time":"2013-03-13T05:33:23+00:00","article_modified_time":"2013-03-12T20:10:18+00:00","og_image":[{"width":"800","height":"600","url":"https:\/\/welovecinema.be\/wp-content\/uploads\/sites\/2\/2013\/03\/DSC04305-800x600.jpg","type":"image\/jpeg"}],"author":"Philippe.Pierquin","twitter_card":"summary_large_image","twitter_misc":{"\u00c9crit par":"Philippe.Pierquin","Dur\u00e9e de lecture estim\u00e9e":"4 minutes"},"schema":{"@context":"https:\/\/schema.org","@graph":[{"@type":"Article","@id":"https:\/\/welovecinema.be\/fr\/le-magritte-du-premier-film-votre-magritte\/#article","isPartOf":{"@id":"https:\/\/welovecinema.be\/fr\/le-magritte-du-premier-film-votre-magritte\/"},"author":{"name":"Philippe.Pierquin","@id":"https:\/\/welovecinema.be\/nl\/#\/schema\/person\/4b9b1d857f0943453a38a7c2859ef756"},"headline":"Le Magritte du Premier film? Votre Magritte !","datePublished":"2013-03-13T05:33:23+00:00","dateModified":"2013-03-12T20:10:18+00:00","mainEntityOfPage":{"@id":"https:\/\/welovecinema.be\/fr\/le-magritte-du-premier-film-votre-magritte\/"},"wordCount":729,"publisher":{"@id":"https:\/\/welovecinema.be\/nl\/#organization"},"articleSection":["En bref","News"],"inLanguage":"fr-FR"},{"@type":"WebPage","@id":"https:\/\/welovecinema.be\/fr\/le-magritte-du-premier-film-votre-magritte\/","url":"https:\/\/welovecinema.be\/fr\/le-magritte-du-premier-film-votre-magritte\/","name":"Le Magritte du Premier film? Votre Magritte ! - We Love Cinema","isPartOf":{"@id":"https:\/\/welovecinema.be\/nl\/#website"},"datePublished":"2013-03-13T05:33:23+00:00","dateModified":"2013-03-12T20:10:18+00:00","breadcrumb":{"@id":"https:\/\/welovecinema.be\/fr\/le-magritte-du-premier-film-votre-magritte\/#breadcrumb"},"inLanguage":"fr-FR","potentialAction":[{"@type":"ReadAction","target":["https:\/\/welovecinema.be\/fr\/le-magritte-du-premier-film-votre-magritte\/"]}]},{"@type":"BreadcrumbList","@id":"https:\/\/welovecinema.be\/fr\/le-magritte-du-premier-film-votre-magritte\/#breadcrumb","itemListElement":[{"@type":"ListItem","position":1,"name":"Accueil","item":"https:\/\/welovecinema.be\/fr\/"},{"@type":"ListItem","position":2,"name":"Le Magritte du Premier film? Votre Magritte !"}]},{"@type":"WebSite","@id":"https:\/\/welovecinema.be\/nl\/#website","url":"https:\/\/welovecinema.be\/nl\/","name":"We Love Cinema","description":"Toute l\u2019information du cin\u00e9ma en Belgique","publisher":{"@id":"https:\/\/welovecinema.be\/nl\/#organization"},"potentialAction":[{"@type":"SearchAction","target":{"@type":"EntryPoint","urlTemplate":"https:\/\/welovecinema.be\/nl\/?s={search_term_string}"},"query-input":"required name=search_term_string"}],"inLanguage":"fr-FR"},{"@type":"Organization","@id":"https:\/\/welovecinema.be\/nl\/#organization","name":"We Love Cinema","url":"https:\/\/welovecinema.be\/nl\/","logo":{"@type":"ImageObject","inLanguage":"fr-FR","@id":"https:\/\/welovecinema.be\/nl\/#\/schema\/logo\/image\/","url":"https:\/\/welovecinema.be\/wp-content\/uploads\/sites\/2\/2023\/03\/Logo-We-Love-Cinema305x128.jpg","contentUrl":"https:\/\/welovecinema.be\/wp-content\/uploads\/sites\/2\/2023\/03\/Logo-We-Love-Cinema305x128.jpg","width":305,"height":128,"caption":"We Love Cinema"},"image":{"@id":"https:\/\/welovecinema.be\/nl\/#\/schema\/logo\/image\/"},"sameAs":["https:\/\/www.facebook.com\/welovecinema.be","https:\/\/www.youtube.com\/channel\/UCX5LYGVhnKvYauW4Nta4HJA","https:\/\/www.instagram.com\/welovecinema.be\/"]},{"@type":"Person","@id":"https:\/\/welovecinema.be\/nl\/#\/schema\/person\/4b9b1d857f0943453a38a7c2859ef756","name":"Philippe.Pierquin","url":"https:\/\/welovecinema.be\/fr\/author\/philippe-pierquin\/"}]}},"_links":{"self":[{"href":"https:\/\/welovecinema.be\/fr\/wp-json\/wp\/v2\/posts\/38634","targetHints":{"allow":["GET"]}}],"collection":[{"href":"https:\/\/welovecinema.be\/fr\/wp-json\/wp\/v2\/posts"}],"about":[{"href":"https:\/\/welovecinema.be\/fr\/wp-json\/wp\/v2\/types\/post"}],"author":[{"embeddable":true,"href":"https:\/\/welovecinema.be\/fr\/wp-json\/wp\/v2\/users\/7"}],"replies":[{"embeddable":true,"href":"https:\/\/welovecinema.be\/fr\/wp-json\/wp\/v2\/comments?post=38634"}],"version-history":[{"count":0,"href":"https:\/\/welovecinema.be\/fr\/wp-json\/wp\/v2\/posts\/38634\/revisions"}],"wp:featuredmedia":[{"embeddable":true,"href":"https:\/\/welovecinema.be\/fr\/wp-json\/wp\/v2\/media\/38643"}],"wp:attachment":[{"href":"https:\/\/welovecinema.be\/fr\/wp-json\/wp\/v2\/media?parent=38634"}],"wp:term":[{"taxonomy":"category","embeddable":true,"href":"https:\/\/welovecinema.be\/fr\/wp-json\/wp\/v2\/categories?post=38634"},{"taxonomy":"post_tag","embeddable":true,"href":"https:\/\/welovecinema.be\/fr\/wp-json\/wp\/v2\/tags?post=38634"}],"curies":[{"name":"wp","href":"https:\/\/api.w.org\/{rel}","templated":true}]}}