{"id":38575,"date":"2013-03-05T07:49:53","date_gmt":"2013-03-05T07:49:53","guid":{"rendered":"http:\/\/www.cinevox.be\/?p=38575"},"modified":"2013-04-24T12:40:53","modified_gmt":"2013-04-24T12:40:53","slug":"jeremie-renier-dans-elefante-blanco-bande-annonce","status":"publish","type":"post","link":"https:\/\/welovecinema.be\/fr\/jeremie-renier-dans-elefante-blanco-bande-annonce\/","title":{"rendered":"Jeremie Renier dans Elefante Blanco &#8211; Bande annonce"},"content":{"rendered":"<p>Le \u00ab\u00a0bidonville de la Vierge\u00a0\u00bb dans la banlieue de Buenos Aires. Julian et Nicolas, deux pr\u00eatres et amis de longue date, \u0153uvrent pour aider la population. Julian se sert de ses relations politiques pour superviser la construction d&rsquo;un h\u00f4pital. Nicolas le rejoint apr\u00e8s l&rsquo;\u00e9chec d&rsquo;un projet qu&rsquo;il menait dans la jungle, o\u00f9 des forces paramilitaires ont assassin\u00e9 les habitants. Profond\u00e9ment choqu\u00e9, il trouve un peu de r\u00e9confort aupr\u00e8s de Luciana, une jeune assistante sociale, ath\u00e9e et s\u00e9duisante. Alors que la foi de Nicolas s&rsquo;\u00e9branle, les tensions et la violence entre les cartels dans le bidonville augmentent. Quand le minist\u00e8re ordonne l&rsquo;arr\u00eat des travaux pour l&rsquo;h\u00f4pital, c&rsquo;est l&rsquo;\u00e9tincelle qui met le feu aux poudres<\/p>\n<p><!--more--><\/p>\n<p>Elefante Blanco avec Jeremie Renier, Ricardo Marin et Martina Gusman sort en Belgique le 13 mars 2013<\/p>\n","protected":false},"excerpt":{"rendered":"<p>Le \u00ab\u00a0bidonville de la Vierge\u00a0\u00bb dans la banlieue de Buenos Aires. Julian et Nicolas, deux pr\u00eatres et amis de longue date, \u0153uvrent pour aider la population. Julian se sert de ses relations politiques pour superviser la construction d&rsquo;un h\u00f4pital. Nicolas le rejoint apr\u00e8s l&rsquo;\u00e9chec d&rsquo;un projet qu&rsquo;il menait dans la jungle, o\u00f9 des forces paramilitaires &hellip;<\/p>\n","protected":false},"author":7,"featured_media":38576,"comment_status":"closed","ping_status":"closed","sticky":false,"template":"","format":"standard","meta":{"ngg_post_thumbnail":0,"footnotes":""},"categories":[53],"tags":[],"class_list":["post-38575","post","type-post","status-publish","format-standard","has-post-thumbnail","","category-coming-soon"],"yoast_head":"<!-- This site is optimized with the Yoast SEO plugin v20.4 - https:\/\/yoast.com\/wordpress\/plugins\/seo\/ -->\n<title>Jeremie Renier dans Elefante Blanco - Bande annonce - We Love Cinema<\/title>\n<meta name=\"robots\" content=\"index, follow, max-snippet:-1, max-image-preview:large, max-video-preview:-1\" \/>\n<link rel=\"canonical\" href=\"https:\/\/welovecinema.be\/fr\/jeremie-renier-dans-elefante-blanco-bande-annonce\/\" \/>\n<meta property=\"og:locale\" content=\"fr_FR\" \/>\n<meta property=\"og:type\" content=\"article\" \/>\n<meta property=\"og:title\" content=\"Jeremie Renier dans Elefante Blanco - Bande annonce - We Love Cinema\" \/>\n<meta property=\"og:description\" content=\"Le \u00ab\u00a0bidonville de la Vierge\u00a0\u00bb dans la banlieue de Buenos Aires. Julian et Nicolas, deux pr\u00eatres et amis de longue date, \u0153uvrent pour aider la population. Julian se sert de ses relations politiques pour superviser la construction d&rsquo;un h\u00f4pital. Nicolas le rejoint apr\u00e8s l&rsquo;\u00e9chec d&rsquo;un projet qu&rsquo;il menait dans la jungle, o\u00f9 des forces paramilitaires &hellip;\" \/>\n<meta property=\"og:url\" content=\"https:\/\/welovecinema.be\/fr\/jeremie-renier-dans-elefante-blanco-bande-annonce\/\" \/>\n<meta property=\"og:site_name\" content=\"We Love Cinema\" \/>\n<meta property=\"article:publisher\" content=\"https:\/\/www.facebook.com\/welovecinema.be\" \/>\n<meta property=\"article:published_time\" content=\"2013-03-05T07:49:53+00:00\" \/>\n<meta property=\"article:modified_time\" content=\"2013-04-24T12:40:53+00:00\" \/>\n<meta property=\"og:image\" content=\"https:\/\/welovecinema.be\/wp-content\/uploads\/sites\/2\/2013\/03\/elefante-blanco-2012-3-g.jpg\" \/>\n\t<meta property=\"og:image:width\" content=\"1505\" \/>\n\t<meta property=\"og:image:height\" content=\"1000\" \/>\n\t<meta property=\"og:image:type\" content=\"image\/jpeg\" \/>\n<meta name=\"author\" content=\"Philippe.Pierquin\" \/>\n<meta name=\"twitter:card\" content=\"summary_large_image\" \/>\n<meta name=\"twitter:label1\" content=\"\u00c9crit par\" \/>\n\t<meta name=\"twitter:data1\" content=\"Philippe.Pierquin\" \/>\n\t<meta name=\"twitter:label2\" content=\"Dur\u00e9e de lecture estim\u00e9e\" \/>\n\t<meta name=\"twitter:data2\" content=\"1 minute\" \/>\n<script type=\"application\/ld+json\" class=\"yoast-schema-graph\">{\"@context\":\"https:\/\/schema.org\",\"@graph\":[{\"@type\":\"Article\",\"@id\":\"https:\/\/welovecinema.be\/fr\/jeremie-renier-dans-elefante-blanco-bande-annonce\/#article\",\"isPartOf\":{\"@id\":\"https:\/\/welovecinema.be\/fr\/jeremie-renier-dans-elefante-blanco-bande-annonce\/\"},\"author\":{\"name\":\"Philippe.Pierquin\",\"@id\":\"https:\/\/welovecinema.be\/nl\/#\/schema\/person\/4b9b1d857f0943453a38a7c2859ef756\"},\"headline\":\"Jeremie Renier dans Elefante Blanco &#8211; Bande annonce\",\"datePublished\":\"2013-03-05T07:49:53+00:00\",\"dateModified\":\"2013-04-24T12:40:53+00:00\",\"mainEntityOfPage\":{\"@id\":\"https:\/\/welovecinema.be\/fr\/jeremie-renier-dans-elefante-blanco-bande-annonce\/\"},\"wordCount\":156,\"publisher\":{\"@id\":\"https:\/\/welovecinema.be\/nl\/#organization\"},\"articleSection\":[\"Coming soon\"],\"inLanguage\":\"fr-FR\"},{\"@type\":\"WebPage\",\"@id\":\"https:\/\/welovecinema.be\/fr\/jeremie-renier-dans-elefante-blanco-bande-annonce\/\",\"url\":\"https:\/\/welovecinema.be\/fr\/jeremie-renier-dans-elefante-blanco-bande-annonce\/\",\"name\":\"Jeremie Renier dans Elefante Blanco - Bande annonce - We Love Cinema\",\"isPartOf\":{\"@id\":\"https:\/\/welovecinema.be\/nl\/#website\"},\"datePublished\":\"2013-03-05T07:49:53+00:00\",\"dateModified\":\"2013-04-24T12:40:53+00:00\",\"breadcrumb\":{\"@id\":\"https:\/\/welovecinema.be\/fr\/jeremie-renier-dans-elefante-blanco-bande-annonce\/#breadcrumb\"},\"inLanguage\":\"fr-FR\",\"potentialAction\":[{\"@type\":\"ReadAction\",\"target\":[\"https:\/\/welovecinema.be\/fr\/jeremie-renier-dans-elefante-blanco-bande-annonce\/\"]}]},{\"@type\":\"BreadcrumbList\",\"@id\":\"https:\/\/welovecinema.be\/fr\/jeremie-renier-dans-elefante-blanco-bande-annonce\/#breadcrumb\",\"itemListElement\":[{\"@type\":\"ListItem\",\"position\":1,\"name\":\"Accueil\",\"item\":\"https:\/\/welovecinema.be\/fr\/\"},{\"@type\":\"ListItem\",\"position\":2,\"name\":\"Jeremie Renier dans Elefante Blanco &#8211; Bande annonce\"}]},{\"@type\":\"WebSite\",\"@id\":\"https:\/\/welovecinema.be\/nl\/#website\",\"url\":\"https:\/\/welovecinema.be\/nl\/\",\"name\":\"We Love Cinema\",\"description\":\"Toute l\u2019information du cin\u00e9ma en Belgique\",\"publisher\":{\"@id\":\"https:\/\/welovecinema.be\/nl\/#organization\"},\"potentialAction\":[{\"@type\":\"SearchAction\",\"target\":{\"@type\":\"EntryPoint\",\"urlTemplate\":\"https:\/\/welovecinema.be\/nl\/?s={search_term_string}\"},\"query-input\":\"required name=search_term_string\"}],\"inLanguage\":\"fr-FR\"},{\"@type\":\"Organization\",\"@id\":\"https:\/\/welovecinema.be\/nl\/#organization\",\"name\":\"We Love Cinema\",\"url\":\"https:\/\/welovecinema.be\/nl\/\",\"logo\":{\"@type\":\"ImageObject\",\"inLanguage\":\"fr-FR\",\"@id\":\"https:\/\/welovecinema.be\/nl\/#\/schema\/logo\/image\/\",\"url\":\"https:\/\/welovecinema.be\/wp-content\/uploads\/sites\/2\/2023\/03\/Logo-We-Love-Cinema305x128.jpg\",\"contentUrl\":\"https:\/\/welovecinema.be\/wp-content\/uploads\/sites\/2\/2023\/03\/Logo-We-Love-Cinema305x128.jpg\",\"width\":305,\"height\":128,\"caption\":\"We Love Cinema\"},\"image\":{\"@id\":\"https:\/\/welovecinema.be\/nl\/#\/schema\/logo\/image\/\"},\"sameAs\":[\"https:\/\/www.facebook.com\/welovecinema.be\",\"https:\/\/www.youtube.com\/channel\/UCX5LYGVhnKvYauW4Nta4HJA\",\"https:\/\/www.instagram.com\/welovecinema.be\/\"]},{\"@type\":\"Person\",\"@id\":\"https:\/\/welovecinema.be\/nl\/#\/schema\/person\/4b9b1d857f0943453a38a7c2859ef756\",\"name\":\"Philippe.Pierquin\",\"url\":\"https:\/\/welovecinema.be\/fr\/author\/philippe-pierquin\/\"}]}<\/script>\n<!-- \/ Yoast SEO plugin. -->","yoast_head_json":{"title":"Jeremie Renier dans Elefante Blanco - Bande annonce - We Love Cinema","robots":{"index":"index","follow":"follow","max-snippet":"max-snippet:-1","max-image-preview":"max-image-preview:large","max-video-preview":"max-video-preview:-1"},"canonical":"https:\/\/welovecinema.be\/fr\/jeremie-renier-dans-elefante-blanco-bande-annonce\/","og_locale":"fr_FR","og_type":"article","og_title":"Jeremie Renier dans Elefante Blanco - Bande annonce - We Love Cinema","og_description":"Le \u00ab\u00a0bidonville de la Vierge\u00a0\u00bb dans la banlieue de Buenos Aires. Julian et Nicolas, deux pr\u00eatres et amis de longue date, \u0153uvrent pour aider la population. Julian se sert de ses relations politiques pour superviser la construction d&rsquo;un h\u00f4pital. Nicolas le rejoint apr\u00e8s l&rsquo;\u00e9chec d&rsquo;un projet qu&rsquo;il menait dans la jungle, o\u00f9 des forces paramilitaires &hellip;","og_url":"https:\/\/welovecinema.be\/fr\/jeremie-renier-dans-elefante-blanco-bande-annonce\/","og_site_name":"We Love Cinema","article_publisher":"https:\/\/www.facebook.com\/welovecinema.be","article_published_time":"2013-03-05T07:49:53+00:00","article_modified_time":"2013-04-24T12:40:53+00:00","og_image":[{"width":"1505","height":"1000","url":"https:\/\/welovecinema.be\/wp-content\/uploads\/sites\/2\/2013\/03\/elefante-blanco-2012-3-g.jpg","type":"image\/jpeg"}],"author":"Philippe.Pierquin","twitter_card":"summary_large_image","twitter_misc":{"\u00c9crit par":"Philippe.Pierquin","Dur\u00e9e de lecture estim\u00e9e":"1 minute"},"schema":{"@context":"https:\/\/schema.org","@graph":[{"@type":"Article","@id":"https:\/\/welovecinema.be\/fr\/jeremie-renier-dans-elefante-blanco-bande-annonce\/#article","isPartOf":{"@id":"https:\/\/welovecinema.be\/fr\/jeremie-renier-dans-elefante-blanco-bande-annonce\/"},"author":{"name":"Philippe.Pierquin","@id":"https:\/\/welovecinema.be\/nl\/#\/schema\/person\/4b9b1d857f0943453a38a7c2859ef756"},"headline":"Jeremie Renier dans Elefante Blanco &#8211; Bande annonce","datePublished":"2013-03-05T07:49:53+00:00","dateModified":"2013-04-24T12:40:53+00:00","mainEntityOfPage":{"@id":"https:\/\/welovecinema.be\/fr\/jeremie-renier-dans-elefante-blanco-bande-annonce\/"},"wordCount":156,"publisher":{"@id":"https:\/\/welovecinema.be\/nl\/#organization"},"articleSection":["Coming soon"],"inLanguage":"fr-FR"},{"@type":"WebPage","@id":"https:\/\/welovecinema.be\/fr\/jeremie-renier-dans-elefante-blanco-bande-annonce\/","url":"https:\/\/welovecinema.be\/fr\/jeremie-renier-dans-elefante-blanco-bande-annonce\/","name":"Jeremie Renier dans Elefante Blanco - Bande annonce - We Love Cinema","isPartOf":{"@id":"https:\/\/welovecinema.be\/nl\/#website"},"datePublished":"2013-03-05T07:49:53+00:00","dateModified":"2013-04-24T12:40:53+00:00","breadcrumb":{"@id":"https:\/\/welovecinema.be\/fr\/jeremie-renier-dans-elefante-blanco-bande-annonce\/#breadcrumb"},"inLanguage":"fr-FR","potentialAction":[{"@type":"ReadAction","target":["https:\/\/welovecinema.be\/fr\/jeremie-renier-dans-elefante-blanco-bande-annonce\/"]}]},{"@type":"BreadcrumbList","@id":"https:\/\/welovecinema.be\/fr\/jeremie-renier-dans-elefante-blanco-bande-annonce\/#breadcrumb","itemListElement":[{"@type":"ListItem","position":1,"name":"Accueil","item":"https:\/\/welovecinema.be\/fr\/"},{"@type":"ListItem","position":2,"name":"Jeremie Renier dans Elefante Blanco &#8211; Bande annonce"}]},{"@type":"WebSite","@id":"https:\/\/welovecinema.be\/nl\/#website","url":"https:\/\/welovecinema.be\/nl\/","name":"We Love Cinema","description":"Toute l\u2019information du cin\u00e9ma en Belgique","publisher":{"@id":"https:\/\/welovecinema.be\/nl\/#organization"},"potentialAction":[{"@type":"SearchAction","target":{"@type":"EntryPoint","urlTemplate":"https:\/\/welovecinema.be\/nl\/?s={search_term_string}"},"query-input":"required name=search_term_string"}],"inLanguage":"fr-FR"},{"@type":"Organization","@id":"https:\/\/welovecinema.be\/nl\/#organization","name":"We Love Cinema","url":"https:\/\/welovecinema.be\/nl\/","logo":{"@type":"ImageObject","inLanguage":"fr-FR","@id":"https:\/\/welovecinema.be\/nl\/#\/schema\/logo\/image\/","url":"https:\/\/welovecinema.be\/wp-content\/uploads\/sites\/2\/2023\/03\/Logo-We-Love-Cinema305x128.jpg","contentUrl":"https:\/\/welovecinema.be\/wp-content\/uploads\/sites\/2\/2023\/03\/Logo-We-Love-Cinema305x128.jpg","width":305,"height":128,"caption":"We Love Cinema"},"image":{"@id":"https:\/\/welovecinema.be\/nl\/#\/schema\/logo\/image\/"},"sameAs":["https:\/\/www.facebook.com\/welovecinema.be","https:\/\/www.youtube.com\/channel\/UCX5LYGVhnKvYauW4Nta4HJA","https:\/\/www.instagram.com\/welovecinema.be\/"]},{"@type":"Person","@id":"https:\/\/welovecinema.be\/nl\/#\/schema\/person\/4b9b1d857f0943453a38a7c2859ef756","name":"Philippe.Pierquin","url":"https:\/\/welovecinema.be\/fr\/author\/philippe-pierquin\/"}]}},"_links":{"self":[{"href":"https:\/\/welovecinema.be\/fr\/wp-json\/wp\/v2\/posts\/38575","targetHints":{"allow":["GET"]}}],"collection":[{"href":"https:\/\/welovecinema.be\/fr\/wp-json\/wp\/v2\/posts"}],"about":[{"href":"https:\/\/welovecinema.be\/fr\/wp-json\/wp\/v2\/types\/post"}],"author":[{"embeddable":true,"href":"https:\/\/welovecinema.be\/fr\/wp-json\/wp\/v2\/users\/7"}],"replies":[{"embeddable":true,"href":"https:\/\/welovecinema.be\/fr\/wp-json\/wp\/v2\/comments?post=38575"}],"version-history":[{"count":0,"href":"https:\/\/welovecinema.be\/fr\/wp-json\/wp\/v2\/posts\/38575\/revisions"}],"wp:featuredmedia":[{"embeddable":true,"href":"https:\/\/welovecinema.be\/fr\/wp-json\/wp\/v2\/media\/38576"}],"wp:attachment":[{"href":"https:\/\/welovecinema.be\/fr\/wp-json\/wp\/v2\/media?parent=38575"}],"wp:term":[{"taxonomy":"category","embeddable":true,"href":"https:\/\/welovecinema.be\/fr\/wp-json\/wp\/v2\/categories?post=38575"},{"taxonomy":"post_tag","embeddable":true,"href":"https:\/\/welovecinema.be\/fr\/wp-json\/wp\/v2\/tags?post=38575"}],"curies":[{"name":"wp","href":"https:\/\/api.w.org\/{rel}","templated":true}]}}