{"id":3776,"date":"2011-06-24T15:05:28","date_gmt":"2011-06-24T15:05:28","guid":{"rendered":"http:\/\/www.cinevox.be\/?p=3776"},"modified":"2011-06-25T08:37:17","modified_gmt":"2011-06-25T08:37:17","slug":"ouverture-de-la-quinzaine-des-realisateurs-a-larenberg-une-soiree-feerique","status":"publish","type":"post","link":"https:\/\/welovecinema.be\/fr\/ouverture-de-la-quinzaine-des-realisateurs-a-larenberg-une-soiree-feerique\/","title":{"rendered":"Ouverture de la Quinzaine des R\u00e9alisateurs \u00e0 l&rsquo;Arenberg : <br> Une soir\u00e9e&#8230; f\u00e9\u00e9rique !"},"content":{"rendered":"<p>Comme \u00e0 Cannes, la Quinzaine des R\u00e9alisateurs organis\u00e9e en d\u00e9centralisation \u00e0 l&rsquo;Arenberg \u00e0 Bruxelles s&rsquo;est ouverte avec <em>la F\u00e9e<\/em> d&rsquo;Abel, Gordon et Romy ce jeudi 23 juin.<\/p>\n<p>Un grand moment de po\u00e9sie visuelle, loufoque et \u00e9mouvante en pr\u00e9sence des r\u00e9alisateurs qui ont ravi le public cin\u00e9phile pr\u00e9sent \u00e0 l&rsquo;\u00e9v\u00e8nement.<\/p>\n<p>Comme <strong>Fiona Gordon<\/strong> et <strong>Dominique Abel<\/strong> aiment davantage les images que les mots, appr\u00e9cient plus les sourires que les adjectifs dithyrambiques, c&rsquo;est notre photographe <strong>Marianne Grimont<\/strong> (<a href=\"http:\/\/www.grimont.be\" target=\"_blank\">www.grimont.be<\/a>) qui \u00a0nous offre en quelques clich\u00e9s sa vision de la soir\u00e9e. No comment !<!--more--><\/p>\n<p>&nbsp;<\/p>\n<p>&nbsp;<\/p>\n<p><a rel=\"attachment wp-att-3777\" href=\"http:\/\/www.cinevox.be\/ouverture-de-la-quinzaine-des-realisateurs-a-larenberg-une-soiree-feerique\/_mg03708\/\"><img loading=\"lazy\" decoding=\"async\" class=\"aligncenter size-full wp-image-3777\" title=\"_MG03708\" src=\"http:\/\/www.cinevox.be\/wp-content\/uploads\/sites\/2\/2011\/06\/MG03708.jpg\" alt=\"\" width=\"1000\" height=\"665\" srcset=\"https:\/\/welovecinema.be\/wp-content\/uploads\/sites\/2\/2011\/06\/MG03708.jpg 1000w, https:\/\/welovecinema.be\/wp-content\/uploads\/sites\/2\/2011\/06\/MG03708-406x270.jpg 406w, https:\/\/welovecinema.be\/wp-content\/uploads\/sites\/2\/2011\/06\/MG03708-800x532.jpg 800w\" sizes=\"auto, (max-width: 1000px) 100vw, 1000px\" \/><\/a><a rel=\"attachment wp-att-3778\" href=\"http:\/\/www.cinevox.be\/ouverture-de-la-quinzaine-des-realisateurs-a-larenberg-une-soiree-feerique\/_mg03699\/\"><\/a><\/p>\n<p>&nbsp;<\/p>\n<p><a rel=\"attachment wp-att-3778\" href=\"http:\/\/www.cinevox.be\/ouverture-de-la-quinzaine-des-realisateurs-a-larenberg-une-soiree-feerique\/_mg03699\/\"><img loading=\"lazy\" decoding=\"async\" class=\"aligncenter size-full wp-image-3778\" title=\"_MG03699\" src=\"http:\/\/www.cinevox.be\/wp-content\/uploads\/sites\/2\/2011\/06\/MG03699.jpg\" alt=\"\" width=\"1000\" height=\"665\" srcset=\"https:\/\/welovecinema.be\/wp-content\/uploads\/sites\/2\/2011\/06\/MG03699.jpg 1000w, https:\/\/welovecinema.be\/wp-content\/uploads\/sites\/2\/2011\/06\/MG03699-406x270.jpg 406w, https:\/\/welovecinema.be\/wp-content\/uploads\/sites\/2\/2011\/06\/MG03699-800x532.jpg 800w\" sizes=\"auto, (max-width: 1000px) 100vw, 1000px\" \/><\/a><a rel=\"attachment wp-att-3779\" href=\"http:\/\/www.cinevox.be\/ouverture-de-la-quinzaine-des-realisateurs-a-larenberg-une-soiree-feerique\/_mg03658\/\"><\/a><\/p>\n<p>&nbsp;<\/p>\n<p><a rel=\"attachment wp-att-3780\" href=\"http:\/\/www.cinevox.be\/ouverture-de-la-quinzaine-des-realisateurs-a-larenberg-une-soiree-feerique\/_mg03706\/\"><img loading=\"lazy\" decoding=\"async\" class=\"aligncenter size-full wp-image-3780\" title=\"_MG03706\" src=\"http:\/\/www.cinevox.be\/wp-content\/uploads\/sites\/2\/2011\/06\/MG03706.jpg\" alt=\"\" width=\"1000\" height=\"665\" srcset=\"https:\/\/welovecinema.be\/wp-content\/uploads\/sites\/2\/2011\/06\/MG03706.jpg 1000w, https:\/\/welovecinema.be\/wp-content\/uploads\/sites\/2\/2011\/06\/MG03706-406x270.jpg 406w, https:\/\/welovecinema.be\/wp-content\/uploads\/sites\/2\/2011\/06\/MG03706-800x532.jpg 800w\" sizes=\"auto, (max-width: 1000px) 100vw, 1000px\" \/><\/a><\/p>\n<p>&nbsp;<\/p>\n<p><a rel=\"attachment wp-att-3779\" href=\"http:\/\/www.cinevox.be\/ouverture-de-la-quinzaine-des-realisateurs-a-larenberg-une-soiree-feerique\/_mg03658\/\"><img loading=\"lazy\" decoding=\"async\" class=\"aligncenter size-full wp-image-3779\" title=\"_MG03658\" src=\"http:\/\/www.cinevox.be\/wp-content\/uploads\/sites\/2\/2011\/06\/MG03658.jpg\" alt=\"\" width=\"1000\" height=\"665\" srcset=\"https:\/\/welovecinema.be\/wp-content\/uploads\/sites\/2\/2011\/06\/MG03658.jpg 1000w, https:\/\/welovecinema.be\/wp-content\/uploads\/sites\/2\/2011\/06\/MG03658-406x270.jpg 406w, https:\/\/welovecinema.be\/wp-content\/uploads\/sites\/2\/2011\/06\/MG03658-800x532.jpg 800w\" sizes=\"auto, (max-width: 1000px) 100vw, 1000px\" \/><\/a><\/p>\n<p><a rel=\"attachment wp-att-3781\" href=\"http:\/\/www.cinevox.be\/ouverture-de-la-quinzaine-des-realisateurs-a-larenberg-une-soiree-feerique\/_mg03677\/\"><\/a><\/p>\n<p>&nbsp;<\/p>\n<p><a rel=\"attachment wp-att-3781\" href=\"http:\/\/www.cinevox.be\/ouverture-de-la-quinzaine-des-realisateurs-a-larenberg-une-soiree-feerique\/_mg03677\/\"><img loading=\"lazy\" decoding=\"async\" class=\"aligncenter size-full wp-image-3781\" title=\"_MG03677\" src=\"http:\/\/www.cinevox.be\/wp-content\/uploads\/sites\/2\/2011\/06\/MG03677.jpg\" alt=\"\" width=\"1000\" height=\"665\" srcset=\"https:\/\/welovecinema.be\/wp-content\/uploads\/sites\/2\/2011\/06\/MG03677.jpg 1000w, https:\/\/welovecinema.be\/wp-content\/uploads\/sites\/2\/2011\/06\/MG03677-406x270.jpg 406w, https:\/\/welovecinema.be\/wp-content\/uploads\/sites\/2\/2011\/06\/MG03677-800x532.jpg 800w\" sizes=\"auto, (max-width: 1000px) 100vw, 1000px\" \/><\/a><a rel=\"attachment wp-att-3782\" href=\"http:\/\/www.cinevox.be\/ouverture-de-la-quinzaine-des-realisateurs-a-larenberg-une-soiree-feerique\/_mg03693\/\"><\/a><\/p>\n<p>&nbsp;<\/p>\n<p><a rel=\"attachment wp-att-3794\" href=\"http:\/\/www.cinevox.be\/ouverture-de-la-quinzaine-des-realisateurs-a-larenberg-une-soiree-feerique\/_mg03693-2\/\"><img loading=\"lazy\" decoding=\"async\" class=\"aligncenter size-full wp-image-3794\" title=\"_MG03693\" src=\"http:\/\/www.cinevox.be\/wp-content\/uploads\/sites\/2\/2011\/06\/MG036931.jpg\" alt=\"\" width=\"1000\" height=\"665\" srcset=\"https:\/\/welovecinema.be\/wp-content\/uploads\/sites\/2\/2011\/06\/MG036931.jpg 1000w, https:\/\/welovecinema.be\/wp-content\/uploads\/sites\/2\/2011\/06\/MG036931-406x270.jpg 406w, https:\/\/welovecinema.be\/wp-content\/uploads\/sites\/2\/2011\/06\/MG036931-800x532.jpg 800w\" sizes=\"auto, (max-width: 1000px) 100vw, 1000px\" \/><\/a><\/p>\n<p>&nbsp;<\/p>\n<p><span style=\"color: #0066cc;\"><a rel=\"attachment wp-att-3789\" href=\"http:\/\/www.cinevox.be\/ouverture-de-la-quinzaine-des-realisateurs-a-larenberg-une-soiree-feerique\/_mg03692\/\"><img loading=\"lazy\" decoding=\"async\" class=\"aligncenter size-full wp-image-3789\" title=\"_MG03692\" src=\"http:\/\/www.cinevox.be\/wp-content\/uploads\/sites\/2\/2011\/06\/MG03692.jpg\" alt=\"\" width=\"1000\" height=\"665\" srcset=\"https:\/\/welovecinema.be\/wp-content\/uploads\/sites\/2\/2011\/06\/MG03692.jpg 1000w, https:\/\/welovecinema.be\/wp-content\/uploads\/sites\/2\/2011\/06\/MG03692-406x270.jpg 406w, https:\/\/welovecinema.be\/wp-content\/uploads\/sites\/2\/2011\/06\/MG03692-800x532.jpg 800w\" sizes=\"auto, (max-width: 1000px) 100vw, 1000px\" \/><\/a><\/span><\/p>\n<p>&nbsp;<\/p>\n<p>&nbsp;<\/p>\n","protected":false},"excerpt":{"rendered":"<p>Comme \u00e0 Cannes, la Quinzaine des R\u00e9alisateurs organis\u00e9e en d\u00e9centralisation \u00e0 l&rsquo;Arenberg \u00e0 Bruxelles s&rsquo;est ouverte avec la F\u00e9e d&rsquo;Abel, Gordon et Romy ce jeudi 23 juin. Un grand moment de po\u00e9sie visuelle, loufoque et \u00e9mouvante en pr\u00e9sence des r\u00e9alisateurs qui ont ravi le public cin\u00e9phile pr\u00e9sent \u00e0 l&rsquo;\u00e9v\u00e8nement. Comme Fiona Gordon et Dominique Abel &hellip;<\/p>\n","protected":false},"author":7,"featured_media":3796,"comment_status":"closed","ping_status":"closed","sticky":false,"template":"","format":"standard","meta":{"ngg_post_thumbnail":0,"footnotes":""},"categories":[1923,7],"tags":[],"class_list":["post-3776","post","type-post","status-publish","format-standard","has-post-thumbnail","","category-en-bref","category-actualites"],"yoast_head":"<!-- This site is optimized with the Yoast SEO plugin v20.4 - https:\/\/yoast.com\/wordpress\/plugins\/seo\/ -->\n<title>Ouverture de la Quinzaine des R\u00e9alisateurs \u00e0 l&#039;Arenberg :  Une soir\u00e9e... f\u00e9\u00e9rique ! - We Love Cinema<\/title>\n<meta name=\"robots\" content=\"index, follow, max-snippet:-1, max-image-preview:large, max-video-preview:-1\" \/>\n<link rel=\"canonical\" href=\"https:\/\/welovecinema.be\/fr\/ouverture-de-la-quinzaine-des-realisateurs-a-larenberg-une-soiree-feerique\/\" \/>\n<meta property=\"og:locale\" content=\"fr_FR\" \/>\n<meta property=\"og:type\" content=\"article\" \/>\n<meta property=\"og:title\" content=\"Ouverture de la Quinzaine des R\u00e9alisateurs \u00e0 l&#039;Arenberg :  Une soir\u00e9e... f\u00e9\u00e9rique ! - We Love Cinema\" \/>\n<meta property=\"og:description\" content=\"Comme \u00e0 Cannes, la Quinzaine des R\u00e9alisateurs organis\u00e9e en d\u00e9centralisation \u00e0 l&rsquo;Arenberg \u00e0 Bruxelles s&rsquo;est ouverte avec la F\u00e9e d&rsquo;Abel, Gordon et Romy ce jeudi 23 juin. Un grand moment de po\u00e9sie visuelle, loufoque et \u00e9mouvante en pr\u00e9sence des r\u00e9alisateurs qui ont ravi le public cin\u00e9phile pr\u00e9sent \u00e0 l&rsquo;\u00e9v\u00e8nement. Comme Fiona Gordon et Dominique Abel &hellip;\" \/>\n<meta property=\"og:url\" content=\"https:\/\/welovecinema.be\/fr\/ouverture-de-la-quinzaine-des-realisateurs-a-larenberg-une-soiree-feerique\/\" \/>\n<meta property=\"og:site_name\" content=\"We Love Cinema\" \/>\n<meta property=\"article:publisher\" content=\"https:\/\/www.facebook.com\/welovecinema.be\" \/>\n<meta property=\"article:published_time\" content=\"2011-06-24T15:05:28+00:00\" \/>\n<meta property=\"article:modified_time\" content=\"2011-06-25T08:37:17+00:00\" \/>\n<meta property=\"og:image\" content=\"https:\/\/welovecinema.be\/wp-content\/uploads\/sites\/2\/2011\/06\/MG03696.jpg\" \/>\n\t<meta property=\"og:image:width\" content=\"1000\" \/>\n\t<meta property=\"og:image:height\" content=\"665\" \/>\n\t<meta property=\"og:image:type\" content=\"image\/jpeg\" \/>\n<meta name=\"author\" content=\"Philippe.Pierquin\" \/>\n<meta name=\"twitter:card\" content=\"summary_large_image\" \/>\n<meta name=\"twitter:label1\" content=\"\u00c9crit par\" \/>\n\t<meta name=\"twitter:data1\" content=\"Philippe.Pierquin\" \/>\n\t<meta name=\"twitter:label2\" content=\"Dur\u00e9e de lecture estim\u00e9e\" \/>\n\t<meta name=\"twitter:data2\" content=\"1 minute\" \/>\n<script type=\"application\/ld+json\" class=\"yoast-schema-graph\">{\"@context\":\"https:\/\/schema.org\",\"@graph\":[{\"@type\":\"Article\",\"@id\":\"https:\/\/welovecinema.be\/fr\/ouverture-de-la-quinzaine-des-realisateurs-a-larenberg-une-soiree-feerique\/#article\",\"isPartOf\":{\"@id\":\"https:\/\/welovecinema.be\/fr\/ouverture-de-la-quinzaine-des-realisateurs-a-larenberg-une-soiree-feerique\/\"},\"author\":{\"name\":\"Philippe.Pierquin\",\"@id\":\"https:\/\/welovecinema.be\/nl\/#\/schema\/person\/4b9b1d857f0943453a38a7c2859ef756\"},\"headline\":\"Ouverture de la Quinzaine des R\u00e9alisateurs \u00e0 l&rsquo;Arenberg : Une soir\u00e9e&#8230; f\u00e9\u00e9rique !\",\"datePublished\":\"2011-06-24T15:05:28+00:00\",\"dateModified\":\"2011-06-25T08:37:17+00:00\",\"mainEntityOfPage\":{\"@id\":\"https:\/\/welovecinema.be\/fr\/ouverture-de-la-quinzaine-des-realisateurs-a-larenberg-une-soiree-feerique\/\"},\"wordCount\":128,\"publisher\":{\"@id\":\"https:\/\/welovecinema.be\/nl\/#organization\"},\"articleSection\":[\"En bref\",\"News\"],\"inLanguage\":\"fr-FR\"},{\"@type\":\"WebPage\",\"@id\":\"https:\/\/welovecinema.be\/fr\/ouverture-de-la-quinzaine-des-realisateurs-a-larenberg-une-soiree-feerique\/\",\"url\":\"https:\/\/welovecinema.be\/fr\/ouverture-de-la-quinzaine-des-realisateurs-a-larenberg-une-soiree-feerique\/\",\"name\":\"Ouverture de la Quinzaine des R\u00e9alisateurs \u00e0 l'Arenberg : Une soir\u00e9e... f\u00e9\u00e9rique ! - We Love Cinema\",\"isPartOf\":{\"@id\":\"https:\/\/welovecinema.be\/nl\/#website\"},\"datePublished\":\"2011-06-24T15:05:28+00:00\",\"dateModified\":\"2011-06-25T08:37:17+00:00\",\"breadcrumb\":{\"@id\":\"https:\/\/welovecinema.be\/fr\/ouverture-de-la-quinzaine-des-realisateurs-a-larenberg-une-soiree-feerique\/#breadcrumb\"},\"inLanguage\":\"fr-FR\",\"potentialAction\":[{\"@type\":\"ReadAction\",\"target\":[\"https:\/\/welovecinema.be\/fr\/ouverture-de-la-quinzaine-des-realisateurs-a-larenberg-une-soiree-feerique\/\"]}]},{\"@type\":\"BreadcrumbList\",\"@id\":\"https:\/\/welovecinema.be\/fr\/ouverture-de-la-quinzaine-des-realisateurs-a-larenberg-une-soiree-feerique\/#breadcrumb\",\"itemListElement\":[{\"@type\":\"ListItem\",\"position\":1,\"name\":\"Accueil\",\"item\":\"https:\/\/welovecinema.be\/fr\/\"},{\"@type\":\"ListItem\",\"position\":2,\"name\":\"Ouverture de la Quinzaine des R\u00e9alisateurs \u00e0 l&rsquo;Arenberg : Une soir\u00e9e&#8230; f\u00e9\u00e9rique !\"}]},{\"@type\":\"WebSite\",\"@id\":\"https:\/\/welovecinema.be\/nl\/#website\",\"url\":\"https:\/\/welovecinema.be\/nl\/\",\"name\":\"We Love Cinema\",\"description\":\"Toute l\u2019information du cin\u00e9ma en Belgique\",\"publisher\":{\"@id\":\"https:\/\/welovecinema.be\/nl\/#organization\"},\"potentialAction\":[{\"@type\":\"SearchAction\",\"target\":{\"@type\":\"EntryPoint\",\"urlTemplate\":\"https:\/\/welovecinema.be\/nl\/?s={search_term_string}\"},\"query-input\":\"required name=search_term_string\"}],\"inLanguage\":\"fr-FR\"},{\"@type\":\"Organization\",\"@id\":\"https:\/\/welovecinema.be\/nl\/#organization\",\"name\":\"We Love Cinema\",\"url\":\"https:\/\/welovecinema.be\/nl\/\",\"logo\":{\"@type\":\"ImageObject\",\"inLanguage\":\"fr-FR\",\"@id\":\"https:\/\/welovecinema.be\/nl\/#\/schema\/logo\/image\/\",\"url\":\"https:\/\/welovecinema.be\/wp-content\/uploads\/sites\/2\/2023\/03\/Logo-We-Love-Cinema305x128.jpg\",\"contentUrl\":\"https:\/\/welovecinema.be\/wp-content\/uploads\/sites\/2\/2023\/03\/Logo-We-Love-Cinema305x128.jpg\",\"width\":305,\"height\":128,\"caption\":\"We Love Cinema\"},\"image\":{\"@id\":\"https:\/\/welovecinema.be\/nl\/#\/schema\/logo\/image\/\"},\"sameAs\":[\"https:\/\/www.facebook.com\/welovecinema.be\",\"https:\/\/www.youtube.com\/channel\/UCX5LYGVhnKvYauW4Nta4HJA\",\"https:\/\/www.instagram.com\/welovecinema.be\/\"]},{\"@type\":\"Person\",\"@id\":\"https:\/\/welovecinema.be\/nl\/#\/schema\/person\/4b9b1d857f0943453a38a7c2859ef756\",\"name\":\"Philippe.Pierquin\",\"url\":\"https:\/\/welovecinema.be\/fr\/author\/philippe-pierquin\/\"}]}<\/script>\n<!-- \/ Yoast SEO plugin. -->","yoast_head_json":{"title":"Ouverture de la Quinzaine des R\u00e9alisateurs \u00e0 l'Arenberg :  Une soir\u00e9e... f\u00e9\u00e9rique ! - We Love Cinema","robots":{"index":"index","follow":"follow","max-snippet":"max-snippet:-1","max-image-preview":"max-image-preview:large","max-video-preview":"max-video-preview:-1"},"canonical":"https:\/\/welovecinema.be\/fr\/ouverture-de-la-quinzaine-des-realisateurs-a-larenberg-une-soiree-feerique\/","og_locale":"fr_FR","og_type":"article","og_title":"Ouverture de la Quinzaine des R\u00e9alisateurs \u00e0 l'Arenberg :  Une soir\u00e9e... f\u00e9\u00e9rique ! - We Love Cinema","og_description":"Comme \u00e0 Cannes, la Quinzaine des R\u00e9alisateurs organis\u00e9e en d\u00e9centralisation \u00e0 l&rsquo;Arenberg \u00e0 Bruxelles s&rsquo;est ouverte avec la F\u00e9e d&rsquo;Abel, Gordon et Romy ce jeudi 23 juin. Un grand moment de po\u00e9sie visuelle, loufoque et \u00e9mouvante en pr\u00e9sence des r\u00e9alisateurs qui ont ravi le public cin\u00e9phile pr\u00e9sent \u00e0 l&rsquo;\u00e9v\u00e8nement. Comme Fiona Gordon et Dominique Abel &hellip;","og_url":"https:\/\/welovecinema.be\/fr\/ouverture-de-la-quinzaine-des-realisateurs-a-larenberg-une-soiree-feerique\/","og_site_name":"We Love Cinema","article_publisher":"https:\/\/www.facebook.com\/welovecinema.be","article_published_time":"2011-06-24T15:05:28+00:00","article_modified_time":"2011-06-25T08:37:17+00:00","og_image":[{"width":"1000","height":"665","url":"https:\/\/welovecinema.be\/wp-content\/uploads\/sites\/2\/2011\/06\/MG03696.jpg","type":"image\/jpeg"}],"author":"Philippe.Pierquin","twitter_card":"summary_large_image","twitter_misc":{"\u00c9crit par":"Philippe.Pierquin","Dur\u00e9e de lecture estim\u00e9e":"1 minute"},"schema":{"@context":"https:\/\/schema.org","@graph":[{"@type":"Article","@id":"https:\/\/welovecinema.be\/fr\/ouverture-de-la-quinzaine-des-realisateurs-a-larenberg-une-soiree-feerique\/#article","isPartOf":{"@id":"https:\/\/welovecinema.be\/fr\/ouverture-de-la-quinzaine-des-realisateurs-a-larenberg-une-soiree-feerique\/"},"author":{"name":"Philippe.Pierquin","@id":"https:\/\/welovecinema.be\/nl\/#\/schema\/person\/4b9b1d857f0943453a38a7c2859ef756"},"headline":"Ouverture de la Quinzaine des R\u00e9alisateurs \u00e0 l&rsquo;Arenberg : Une soir\u00e9e&#8230; f\u00e9\u00e9rique !","datePublished":"2011-06-24T15:05:28+00:00","dateModified":"2011-06-25T08:37:17+00:00","mainEntityOfPage":{"@id":"https:\/\/welovecinema.be\/fr\/ouverture-de-la-quinzaine-des-realisateurs-a-larenberg-une-soiree-feerique\/"},"wordCount":128,"publisher":{"@id":"https:\/\/welovecinema.be\/nl\/#organization"},"articleSection":["En bref","News"],"inLanguage":"fr-FR"},{"@type":"WebPage","@id":"https:\/\/welovecinema.be\/fr\/ouverture-de-la-quinzaine-des-realisateurs-a-larenberg-une-soiree-feerique\/","url":"https:\/\/welovecinema.be\/fr\/ouverture-de-la-quinzaine-des-realisateurs-a-larenberg-une-soiree-feerique\/","name":"Ouverture de la Quinzaine des R\u00e9alisateurs \u00e0 l'Arenberg : Une soir\u00e9e... f\u00e9\u00e9rique ! - We Love Cinema","isPartOf":{"@id":"https:\/\/welovecinema.be\/nl\/#website"},"datePublished":"2011-06-24T15:05:28+00:00","dateModified":"2011-06-25T08:37:17+00:00","breadcrumb":{"@id":"https:\/\/welovecinema.be\/fr\/ouverture-de-la-quinzaine-des-realisateurs-a-larenberg-une-soiree-feerique\/#breadcrumb"},"inLanguage":"fr-FR","potentialAction":[{"@type":"ReadAction","target":["https:\/\/welovecinema.be\/fr\/ouverture-de-la-quinzaine-des-realisateurs-a-larenberg-une-soiree-feerique\/"]}]},{"@type":"BreadcrumbList","@id":"https:\/\/welovecinema.be\/fr\/ouverture-de-la-quinzaine-des-realisateurs-a-larenberg-une-soiree-feerique\/#breadcrumb","itemListElement":[{"@type":"ListItem","position":1,"name":"Accueil","item":"https:\/\/welovecinema.be\/fr\/"},{"@type":"ListItem","position":2,"name":"Ouverture de la Quinzaine des R\u00e9alisateurs \u00e0 l&rsquo;Arenberg : Une soir\u00e9e&#8230; f\u00e9\u00e9rique !"}]},{"@type":"WebSite","@id":"https:\/\/welovecinema.be\/nl\/#website","url":"https:\/\/welovecinema.be\/nl\/","name":"We Love Cinema","description":"Toute l\u2019information du cin\u00e9ma en Belgique","publisher":{"@id":"https:\/\/welovecinema.be\/nl\/#organization"},"potentialAction":[{"@type":"SearchAction","target":{"@type":"EntryPoint","urlTemplate":"https:\/\/welovecinema.be\/nl\/?s={search_term_string}"},"query-input":"required name=search_term_string"}],"inLanguage":"fr-FR"},{"@type":"Organization","@id":"https:\/\/welovecinema.be\/nl\/#organization","name":"We Love Cinema","url":"https:\/\/welovecinema.be\/nl\/","logo":{"@type":"ImageObject","inLanguage":"fr-FR","@id":"https:\/\/welovecinema.be\/nl\/#\/schema\/logo\/image\/","url":"https:\/\/welovecinema.be\/wp-content\/uploads\/sites\/2\/2023\/03\/Logo-We-Love-Cinema305x128.jpg","contentUrl":"https:\/\/welovecinema.be\/wp-content\/uploads\/sites\/2\/2023\/03\/Logo-We-Love-Cinema305x128.jpg","width":305,"height":128,"caption":"We Love Cinema"},"image":{"@id":"https:\/\/welovecinema.be\/nl\/#\/schema\/logo\/image\/"},"sameAs":["https:\/\/www.facebook.com\/welovecinema.be","https:\/\/www.youtube.com\/channel\/UCX5LYGVhnKvYauW4Nta4HJA","https:\/\/www.instagram.com\/welovecinema.be\/"]},{"@type":"Person","@id":"https:\/\/welovecinema.be\/nl\/#\/schema\/person\/4b9b1d857f0943453a38a7c2859ef756","name":"Philippe.Pierquin","url":"https:\/\/welovecinema.be\/fr\/author\/philippe-pierquin\/"}]}},"_links":{"self":[{"href":"https:\/\/welovecinema.be\/fr\/wp-json\/wp\/v2\/posts\/3776","targetHints":{"allow":["GET"]}}],"collection":[{"href":"https:\/\/welovecinema.be\/fr\/wp-json\/wp\/v2\/posts"}],"about":[{"href":"https:\/\/welovecinema.be\/fr\/wp-json\/wp\/v2\/types\/post"}],"author":[{"embeddable":true,"href":"https:\/\/welovecinema.be\/fr\/wp-json\/wp\/v2\/users\/7"}],"replies":[{"embeddable":true,"href":"https:\/\/welovecinema.be\/fr\/wp-json\/wp\/v2\/comments?post=3776"}],"version-history":[{"count":0,"href":"https:\/\/welovecinema.be\/fr\/wp-json\/wp\/v2\/posts\/3776\/revisions"}],"wp:featuredmedia":[{"embeddable":true,"href":"https:\/\/welovecinema.be\/fr\/wp-json\/wp\/v2\/media\/3796"}],"wp:attachment":[{"href":"https:\/\/welovecinema.be\/fr\/wp-json\/wp\/v2\/media?parent=3776"}],"wp:term":[{"taxonomy":"category","embeddable":true,"href":"https:\/\/welovecinema.be\/fr\/wp-json\/wp\/v2\/categories?post=3776"},{"taxonomy":"post_tag","embeddable":true,"href":"https:\/\/welovecinema.be\/fr\/wp-json\/wp\/v2\/tags?post=3776"}],"curies":[{"name":"wp","href":"https:\/\/api.w.org\/{rel}","templated":true}]}}