{"id":37470,"date":"2013-02-15T10:02:40","date_gmt":"2013-02-15T10:02:40","guid":{"rendered":"http:\/\/www.cinevox.be\/?p=37470"},"modified":"2013-03-03T19:54:10","modified_gmt":"2013-03-03T19:54:10","slug":"etre-a-liege","status":"publish","type":"post","link":"https:\/\/welovecinema.be\/fr\/etre-a-liege\/","title":{"rendered":"\u00catre \u00e0 Li\u00e8ge"},"content":{"rendered":"<p>La vie est une histoire de rencontres et de hasards, de co\u00efncidences, d\u2019accidents, de choix, de regrets, d\u2019espoirs, de victoires et de chutes. <em>Etre<\/em> raconte tout cela \u00e0 travers le parcours de six personnages qui vont voir leur vie basculer un jour et leur destin, tout \u00e0 coup, s\u2019ouvrir \u00e0 autre chose<!--more--><\/p>\n<p>&nbsp;<\/p>\n<p>&nbsp;<\/p>\n<p>&nbsp;<\/p>\n<p>&nbsp;<\/p>\n<p>\u00ab\u00a0Ces histoires \u00e9clat\u00e9es me plaisent par-dessus tout, car ce sont les plus proches de la vraie vie \u00bb, nous explique <strong>Fara Sene<\/strong>, le r\u00e9alisateur fran\u00e7ais qui tourne \u00e0 Li\u00e8ge son tout premier long m\u00e9trage. \u00abJe suis tr\u00e8s fan du cin\u00e9ma d\u2019Innaritu qui a r\u00e9alis\u00e9 de grands films comme <em>21 Grams<\/em> ou <em>Babel <\/em>et j&rsquo;adore <em>Collision<\/em> de Paul Haggis.\u00a0\u00bb<\/p>\n<p>&nbsp;<\/p>\n<p style=\"text-align: center;\"><a rel=\"attachment wp-att-37471\" href=\"http:\/\/www.cinevox.be\/etre-a-liege\/img_8412\"><img loading=\"lazy\" decoding=\"async\" class=\"size-full wp-image-37471 aligncenter\" title=\"IMG_8412\" src=\"http:\/\/www.cinevox.be\/wp-content\/uploads\/sites\/2\/2013\/02\/IMG_8412.jpg\" alt=\"\" width=\"1200\" height=\"800\" srcset=\"https:\/\/welovecinema.be\/wp-content\/uploads\/sites\/2\/2013\/02\/IMG_8412.jpg 1200w, https:\/\/welovecinema.be\/wp-content\/uploads\/sites\/2\/2013\/02\/IMG_8412-405x270.jpg 405w, https:\/\/welovecinema.be\/wp-content\/uploads\/sites\/2\/2013\/02\/IMG_8412-800x533.jpg 800w\" sizes=\"auto, (max-width: 1200px) 100vw, 1200px\" \/><\/a><\/p>\n<p>&nbsp;<\/p>\n<p>Mais si rien n\u2019est simple dans la vie, le cin\u00e9ma ne fait pas exception : pour que ce film voie le jour, Fara aura d\u00fb se d\u00e9mener pendant plusieurs ann\u00e9es : \u00ab\u00a0J\u2019ai \u00e9crit une premi\u00e8re version du sc\u00e9nario en 2005. Ce n\u2019\u00e9tait pas exactement la m\u00eame histoire, mais l\u2019essentiel y \u00e9tait d\u00e9j\u00e0. J\u2019ai repris le texte en 2009 et depuis je me bats pour qu\u2019il se fasse. D\u00e8s le d\u00e9part, j\u2019avais pens\u00e9 \u00e0 Bruno Solo. Il a lu le sc\u00e9nario et m\u2019a dit imm\u00e9diatement qu\u2019il ferait le film, que ce soit dans un an, dans cinq ou dans dix ans\u00a0\u00bb.<\/p>\n<p>&nbsp;<\/p>\n<p>\u00ab\u00a0Je suis imm\u00e9diatement tomb\u00e9 amoureux du sc\u00e9nario\u00a0\u00bb, confirme <strong>Bruno Solo<\/strong>. \u00ab\u00a0J\u2019ai ador\u00e9 les personnages, leur parcours, l\u2019\u00e9nergie incroyable qui se d\u00e9gageait du film. Le projet a mis longtemps \u00e0 se concr\u00e9tiser, mais comme promis je suis l\u00e0. Je tenais absolument \u00e0 le faire\u00bb<\/p>\n<p>&nbsp;<\/p>\n<p style=\"text-align: center;\"><a rel=\"attachment wp-att-37472\" href=\"http:\/\/www.cinevox.be\/etre-a-liege\/img_8349\"><img loading=\"lazy\" decoding=\"async\" class=\"size-full wp-image-37472 aligncenter\" title=\"IMG_8349\" src=\"http:\/\/www.cinevox.be\/wp-content\/uploads\/sites\/2\/2013\/02\/IMG_8349.jpg\" alt=\"\" width=\"1024\" height=\"722\" srcset=\"https:\/\/welovecinema.be\/wp-content\/uploads\/sites\/2\/2013\/02\/IMG_8349.jpg 1024w, https:\/\/welovecinema.be\/wp-content\/uploads\/sites\/2\/2013\/02\/IMG_8349-382x270.jpg 382w, https:\/\/welovecinema.be\/wp-content\/uploads\/sites\/2\/2013\/02\/IMG_8349-800x564.jpg 800w\" sizes=\"auto, (max-width: 1024px) 100vw, 1024px\" \/><\/a><\/p>\n<p>&nbsp;<\/p>\n<p>Quand nous sommes venus sur le plateau, il tournait quelques sc\u00e8nes intimistes avec le jeune <strong>Valentino Bartolomeo<\/strong> qui d\u00e9bute au cin\u00e9ma avec un certain aplomb, incarnant ici son fils. Le gamin de huit ans \u00e9tait ravi de partager des sc\u00e8nes avec Bruno Solo qu&rsquo;il connaissait gr\u00e2ce \u00e0 <em>Cam\u00e9ra Caf\u00e9<\/em>, m\u00eame si: \u201cje ne l&rsquo;ai pas reconnu tout de suite\u201d, pr\u00e9cise-t-il, \u201cil a beaucoup vieilli.\u201d Une jolie vacherie, mais \u00a0prononc\u00e9e avec une vraie na\u00efvet\u00e9 et sans aucune m\u00e9chancet\u00e9. Tout le monde a quand m\u00eame beaucoup ri.<\/p>\n<p>&nbsp;<\/p>\n<p><a rel=\"attachment wp-att-37474\" href=\"http:\/\/www.cinevox.be\/etre-a-liege\/img_8415\"><img loading=\"lazy\" decoding=\"async\" class=\"aligncenter size-full wp-image-37474\" title=\"IMG_8415\" src=\"http:\/\/www.cinevox.be\/wp-content\/uploads\/sites\/2\/2013\/02\/IMG_8415.jpg\" alt=\"\" width=\"1024\" height=\"652\" srcset=\"https:\/\/welovecinema.be\/wp-content\/uploads\/sites\/2\/2013\/02\/IMG_8415.jpg 1024w, https:\/\/welovecinema.be\/wp-content\/uploads\/sites\/2\/2013\/02\/IMG_8415-424x270.jpg 424w, https:\/\/welovecinema.be\/wp-content\/uploads\/sites\/2\/2013\/02\/IMG_8415-800x509.jpg 800w\" sizes=\"auto, (max-width: 1024px) 100vw, 1024px\" \/><\/a><\/p>\n<p>&nbsp;<\/p>\n<p>Si <em>Etre <\/em>est aujourd\u2019hui en tournage, c\u2019est qu\u2019un producteur belge y a cru et s\u2019est beaucoup battu pour qu\u2019il puisse voir le jour. <strong>Nicolas Georges<\/strong> a \u00e9t\u00e9 jusqu\u2019\u00e0 cr\u00e9er sa propre soci\u00e9t\u00e9, <em>Les Films du Carr\u00e9,<\/em> pour le mettre en, chantier en \u00e9paulant le producteur fran\u00e7ais.<\/p>\n<p>&nbsp;<\/p>\n<p><a rel=\"attachment wp-att-37473\" href=\"http:\/\/www.cinevox.be\/etre-a-liege\/img_8375\"><img loading=\"lazy\" decoding=\"async\" class=\"aligncenter size-full wp-image-37473\" title=\"IMG_8375\" src=\"http:\/\/www.cinevox.be\/wp-content\/uploads\/sites\/2\/2013\/02\/IMG_8375.jpg\" alt=\"\" width=\"1024\" height=\"643\" srcset=\"https:\/\/welovecinema.be\/wp-content\/uploads\/sites\/2\/2013\/02\/IMG_8375.jpg 1024w, https:\/\/welovecinema.be\/wp-content\/uploads\/sites\/2\/2013\/02\/IMG_8375-429x270.jpg 429w, https:\/\/welovecinema.be\/wp-content\/uploads\/sites\/2\/2013\/02\/IMG_8375-800x502.jpg 800w\" sizes=\"auto, (max-width: 1024px) 100vw, 1024px\" \/><\/a><\/p>\n<p>&nbsp;<\/p>\n<p>\u201c C\u2019est un film tr\u00e8s compliqu\u00e9 \u00e0 financer \u201d, nous confie Nicolas. \u201c C\u2019est une bagarre quotidienne, mais on arrivera au bout. Le budget est tr\u00e8s \u00e9triqu\u00e9, et pour chaque probl\u00e8me qui surgit on tente de trouver une solution qui satisfasse tout le monde. L\u2019\u00e9quipe technique qui entoure Fara est essentiellement constitu\u00e9e des personnes avec qui je travaille sur les courts m\u00e9trages. \u00c7a me semble normal. La fid\u00e9lit\u00e9 est quelque chose de tr\u00e8s pr\u00e9cieux. Et du coup, l&rsquo;ambiance est excellente. Tout le monde se conna\u00eet, on gagne beaucoup de temps.\u201d<\/p>\n<p>&nbsp;<\/p>\n<p>De fait, on retrouve ici beaucoup de visages crois\u00e9s <a href=\"http:\/\/www.cinevox.be\/silence\" target=\"_blank\">ICI<\/a>, sur le plateau du court m\u00e9trage <em>Silence on d\u00e9tourne<\/em>. Tous des gens particuli\u00e8rement sympathiques. <strong>Bernard Garant<\/strong>, le r\u00e9alisateur du court est, cette fois, premier assistant. Une bonne r\u00e9p\u00e9tition en attendant de se lancer dans son propre long.<\/p>\n<p>&nbsp;<\/p>\n<p><a rel=\"attachment wp-att-37475\" href=\"http:\/\/www.cinevox.be\/etre-a-liege\/img_8413\"><img loading=\"lazy\" decoding=\"async\" class=\"alignleft size-large wp-image-37475\" title=\"IMG_8413\" src=\"http:\/\/www.cinevox.be\/wp-content\/uploads\/sites\/2\/2013\/02\/IMG_8413-466x600.jpg\" alt=\"\" width=\"466\" height=\"600\" srcset=\"https:\/\/welovecinema.be\/wp-content\/uploads\/sites\/2\/2013\/02\/IMG_8413-466x600.jpg 466w, https:\/\/welovecinema.be\/wp-content\/uploads\/sites\/2\/2013\/02\/IMG_8413-209x270.jpg 209w, https:\/\/welovecinema.be\/wp-content\/uploads\/sites\/2\/2013\/02\/IMG_8413.jpg 768w\" sizes=\"auto, (max-width: 466px) 100vw, 466px\" \/><\/a>\u201cBernard est extr\u00eamement pr\u00e9cieux\u201d, s\u2019enthousiasme Fara Sene. \u201cL&rsquo;\u00e9quipe technique est belge, ce sont des familiers de Bernard. 49 des 56 acteurs du film sont belges. On les a donc cast\u00e9s en d\u00e9cembre sur base des propositions de Bernard qui conna\u00eet parfaitement le cin\u00e9ma belge et savait qui pouvait endosser certains r\u00f4les. Pour moi, ce sont des rencontres puisque m\u00eame si le film est cens\u00e9 se passer \u00e0 Paris, l\u2019essentiel du tournage se d\u00e9roule en Belgique. J\u2019apprends \u00e0 conna\u00eetre tout le monde. C\u2019est une grande exp\u00e9rience.\u201d<\/p>\n<p>&nbsp;<\/p>\n<p>Ancien basketteur, Fara prom\u00e8ne sa silhouette longiligne sur le plateau, donnant des instructions pr\u00e9cises \u00e0 chacun. Malgr\u00e9 l\u2019exigu\u00eft\u00e9 des lieux de tournage le jour de notre passage, malgr\u00e9 les conditions difficiles rencontr\u00e9es d\u2019autres jours (un froid de pingouin qui a laiss\u00e9 une partie de l\u2019\u00e9quipe sur le flanc et rougi le nez des autres), l\u2019ambiance est au beau fixe. Professionnelle, mais d\u00e9contract\u00e9e, enthousiaste et amicale.<\/p>\n<p>\u201c30 jours pour tourner un film comme celui-ci, c\u2019est tr\u00e8s peu\u201d, relativise Fara. \u201cMais on y arrivera. Je dois parfois adapter un peu le sc\u00e9nario, mais je n\u2019ai jamais d\u00fb le trahir ou l\u2019affaiblir, c\u2019est l\u2019essentiel.\u201d<\/p>\n<p>&nbsp;<\/p>\n<p>Le tournage d\u2019<em>\u00catre<\/em> se poursuit pendant un mois encore, essentiellement \u00e0 Li\u00e8ge, avec une escapade parisienne pour les ext\u00e9rieurs. Rien n\u2019est d\u00e9cid\u00e9 pour la sortie dans les cin\u00e9mas, mais une chose est certaine, vous le retrouverez prochainement dans un Grand \u00c9cran Cin\u00e9vox. Un premier pas qui en appelle d\u2019autres.<\/p>\n<p>&nbsp;<\/p>\n[toutes les photos \u00a0\u00a9 Amiel Pierquin\/Cinevox 2013]\n","protected":false},"excerpt":{"rendered":"<p>La vie est une histoire de rencontres et de hasards, de co\u00efncidences, d\u2019accidents, de choix, de regrets, d\u2019espoirs, de victoires et de chutes. Etre raconte tout cela \u00e0 travers le parcours de six personnages qui vont voir leur vie basculer un jour et leur destin, tout \u00e0 coup, s\u2019ouvrir \u00e0 autre chose<\/p>\n","protected":false},"author":7,"featured_media":37477,"comment_status":"closed","ping_status":"closed","sticky":false,"template":"","format":"standard","meta":{"ngg_post_thumbnail":0,"footnotes":""},"categories":[7,11],"tags":[],"class_list":["post-37470","post","type-post","status-publish","format-standard","has-post-thumbnail","","category-actualites","category-tournages"],"yoast_head":"<!-- This site is optimized with the Yoast SEO plugin v20.4 - https:\/\/yoast.com\/wordpress\/plugins\/seo\/ -->\n<title>\u00catre \u00e0 Li\u00e8ge - We Love Cinema<\/title>\n<meta name=\"robots\" content=\"index, follow, max-snippet:-1, max-image-preview:large, max-video-preview:-1\" \/>\n<link rel=\"canonical\" href=\"https:\/\/welovecinema.be\/fr\/etre-a-liege\/\" \/>\n<meta property=\"og:locale\" content=\"fr_FR\" \/>\n<meta property=\"og:type\" content=\"article\" \/>\n<meta property=\"og:title\" content=\"\u00catre \u00e0 Li\u00e8ge - We Love Cinema\" \/>\n<meta property=\"og:description\" content=\"La vie est une histoire de rencontres et de hasards, de co\u00efncidences, d\u2019accidents, de choix, de regrets, d\u2019espoirs, de victoires et de chutes. Etre raconte tout cela \u00e0 travers le parcours de six personnages qui vont voir leur vie basculer un jour et leur destin, tout \u00e0 coup, s\u2019ouvrir \u00e0 autre chose\" \/>\n<meta property=\"og:url\" content=\"https:\/\/welovecinema.be\/fr\/etre-a-liege\/\" \/>\n<meta property=\"og:site_name\" content=\"We Love Cinema\" \/>\n<meta property=\"article:publisher\" content=\"https:\/\/www.facebook.com\/welovecinema.be\" \/>\n<meta property=\"article:published_time\" content=\"2013-02-15T10:02:40+00:00\" \/>\n<meta property=\"article:modified_time\" content=\"2013-03-03T19:54:10+00:00\" \/>\n<meta property=\"og:image\" content=\"https:\/\/welovecinema.be\/wp-content\/uploads\/sites\/2\/2013\/02\/IMG_8365.jpg\" \/>\n\t<meta property=\"og:image:width\" content=\"1024\" \/>\n\t<meta property=\"og:image:height\" content=\"699\" \/>\n\t<meta property=\"og:image:type\" content=\"image\/jpeg\" \/>\n<meta name=\"author\" content=\"Philippe.Pierquin\" \/>\n<meta name=\"twitter:card\" content=\"summary_large_image\" \/>\n<meta name=\"twitter:label1\" content=\"\u00c9crit par\" \/>\n\t<meta name=\"twitter:data1\" content=\"Philippe.Pierquin\" \/>\n\t<meta name=\"twitter:label2\" content=\"Dur\u00e9e de lecture estim\u00e9e\" \/>\n\t<meta name=\"twitter:data2\" content=\"4 minutes\" \/>\n<script type=\"application\/ld+json\" class=\"yoast-schema-graph\">{\"@context\":\"https:\/\/schema.org\",\"@graph\":[{\"@type\":\"Article\",\"@id\":\"https:\/\/welovecinema.be\/fr\/etre-a-liege\/#article\",\"isPartOf\":{\"@id\":\"https:\/\/welovecinema.be\/fr\/etre-a-liege\/\"},\"author\":{\"name\":\"Philippe.Pierquin\",\"@id\":\"https:\/\/welovecinema.be\/nl\/#\/schema\/person\/4b9b1d857f0943453a38a7c2859ef756\"},\"headline\":\"\u00catre \u00e0 Li\u00e8ge\",\"datePublished\":\"2013-02-15T10:02:40+00:00\",\"dateModified\":\"2013-03-03T19:54:10+00:00\",\"mainEntityOfPage\":{\"@id\":\"https:\/\/welovecinema.be\/fr\/etre-a-liege\/\"},\"wordCount\":881,\"publisher\":{\"@id\":\"https:\/\/welovecinema.be\/nl\/#organization\"},\"articleSection\":[\"News\",\"Tournages\"],\"inLanguage\":\"fr-FR\"},{\"@type\":\"WebPage\",\"@id\":\"https:\/\/welovecinema.be\/fr\/etre-a-liege\/\",\"url\":\"https:\/\/welovecinema.be\/fr\/etre-a-liege\/\",\"name\":\"\u00catre \u00e0 Li\u00e8ge - We Love Cinema\",\"isPartOf\":{\"@id\":\"https:\/\/welovecinema.be\/nl\/#website\"},\"datePublished\":\"2013-02-15T10:02:40+00:00\",\"dateModified\":\"2013-03-03T19:54:10+00:00\",\"breadcrumb\":{\"@id\":\"https:\/\/welovecinema.be\/fr\/etre-a-liege\/#breadcrumb\"},\"inLanguage\":\"fr-FR\",\"potentialAction\":[{\"@type\":\"ReadAction\",\"target\":[\"https:\/\/welovecinema.be\/fr\/etre-a-liege\/\"]}]},{\"@type\":\"BreadcrumbList\",\"@id\":\"https:\/\/welovecinema.be\/fr\/etre-a-liege\/#breadcrumb\",\"itemListElement\":[{\"@type\":\"ListItem\",\"position\":1,\"name\":\"Accueil\",\"item\":\"https:\/\/welovecinema.be\/fr\/\"},{\"@type\":\"ListItem\",\"position\":2,\"name\":\"\u00catre \u00e0 Li\u00e8ge\"}]},{\"@type\":\"WebSite\",\"@id\":\"https:\/\/welovecinema.be\/nl\/#website\",\"url\":\"https:\/\/welovecinema.be\/nl\/\",\"name\":\"We Love Cinema\",\"description\":\"Toute l\u2019information du cin\u00e9ma en Belgique\",\"publisher\":{\"@id\":\"https:\/\/welovecinema.be\/nl\/#organization\"},\"potentialAction\":[{\"@type\":\"SearchAction\",\"target\":{\"@type\":\"EntryPoint\",\"urlTemplate\":\"https:\/\/welovecinema.be\/nl\/?s={search_term_string}\"},\"query-input\":\"required name=search_term_string\"}],\"inLanguage\":\"fr-FR\"},{\"@type\":\"Organization\",\"@id\":\"https:\/\/welovecinema.be\/nl\/#organization\",\"name\":\"We Love Cinema\",\"url\":\"https:\/\/welovecinema.be\/nl\/\",\"logo\":{\"@type\":\"ImageObject\",\"inLanguage\":\"fr-FR\",\"@id\":\"https:\/\/welovecinema.be\/nl\/#\/schema\/logo\/image\/\",\"url\":\"https:\/\/welovecinema.be\/wp-content\/uploads\/sites\/2\/2023\/03\/Logo-We-Love-Cinema305x128.jpg\",\"contentUrl\":\"https:\/\/welovecinema.be\/wp-content\/uploads\/sites\/2\/2023\/03\/Logo-We-Love-Cinema305x128.jpg\",\"width\":305,\"height\":128,\"caption\":\"We Love Cinema\"},\"image\":{\"@id\":\"https:\/\/welovecinema.be\/nl\/#\/schema\/logo\/image\/\"},\"sameAs\":[\"https:\/\/www.facebook.com\/welovecinema.be\",\"https:\/\/www.youtube.com\/channel\/UCX5LYGVhnKvYauW4Nta4HJA\",\"https:\/\/www.instagram.com\/welovecinema.be\/\"]},{\"@type\":\"Person\",\"@id\":\"https:\/\/welovecinema.be\/nl\/#\/schema\/person\/4b9b1d857f0943453a38a7c2859ef756\",\"name\":\"Philippe.Pierquin\",\"url\":\"https:\/\/welovecinema.be\/fr\/author\/philippe-pierquin\/\"}]}<\/script>\n<!-- \/ Yoast SEO plugin. -->","yoast_head_json":{"title":"\u00catre \u00e0 Li\u00e8ge - We Love Cinema","robots":{"index":"index","follow":"follow","max-snippet":"max-snippet:-1","max-image-preview":"max-image-preview:large","max-video-preview":"max-video-preview:-1"},"canonical":"https:\/\/welovecinema.be\/fr\/etre-a-liege\/","og_locale":"fr_FR","og_type":"article","og_title":"\u00catre \u00e0 Li\u00e8ge - We Love Cinema","og_description":"La vie est une histoire de rencontres et de hasards, de co\u00efncidences, d\u2019accidents, de choix, de regrets, d\u2019espoirs, de victoires et de chutes. Etre raconte tout cela \u00e0 travers le parcours de six personnages qui vont voir leur vie basculer un jour et leur destin, tout \u00e0 coup, s\u2019ouvrir \u00e0 autre chose","og_url":"https:\/\/welovecinema.be\/fr\/etre-a-liege\/","og_site_name":"We Love Cinema","article_publisher":"https:\/\/www.facebook.com\/welovecinema.be","article_published_time":"2013-02-15T10:02:40+00:00","article_modified_time":"2013-03-03T19:54:10+00:00","og_image":[{"width":"1024","height":"699","url":"https:\/\/welovecinema.be\/wp-content\/uploads\/sites\/2\/2013\/02\/IMG_8365.jpg","type":"image\/jpeg"}],"author":"Philippe.Pierquin","twitter_card":"summary_large_image","twitter_misc":{"\u00c9crit par":"Philippe.Pierquin","Dur\u00e9e de lecture estim\u00e9e":"4 minutes"},"schema":{"@context":"https:\/\/schema.org","@graph":[{"@type":"Article","@id":"https:\/\/welovecinema.be\/fr\/etre-a-liege\/#article","isPartOf":{"@id":"https:\/\/welovecinema.be\/fr\/etre-a-liege\/"},"author":{"name":"Philippe.Pierquin","@id":"https:\/\/welovecinema.be\/nl\/#\/schema\/person\/4b9b1d857f0943453a38a7c2859ef756"},"headline":"\u00catre \u00e0 Li\u00e8ge","datePublished":"2013-02-15T10:02:40+00:00","dateModified":"2013-03-03T19:54:10+00:00","mainEntityOfPage":{"@id":"https:\/\/welovecinema.be\/fr\/etre-a-liege\/"},"wordCount":881,"publisher":{"@id":"https:\/\/welovecinema.be\/nl\/#organization"},"articleSection":["News","Tournages"],"inLanguage":"fr-FR"},{"@type":"WebPage","@id":"https:\/\/welovecinema.be\/fr\/etre-a-liege\/","url":"https:\/\/welovecinema.be\/fr\/etre-a-liege\/","name":"\u00catre \u00e0 Li\u00e8ge - We Love Cinema","isPartOf":{"@id":"https:\/\/welovecinema.be\/nl\/#website"},"datePublished":"2013-02-15T10:02:40+00:00","dateModified":"2013-03-03T19:54:10+00:00","breadcrumb":{"@id":"https:\/\/welovecinema.be\/fr\/etre-a-liege\/#breadcrumb"},"inLanguage":"fr-FR","potentialAction":[{"@type":"ReadAction","target":["https:\/\/welovecinema.be\/fr\/etre-a-liege\/"]}]},{"@type":"BreadcrumbList","@id":"https:\/\/welovecinema.be\/fr\/etre-a-liege\/#breadcrumb","itemListElement":[{"@type":"ListItem","position":1,"name":"Accueil","item":"https:\/\/welovecinema.be\/fr\/"},{"@type":"ListItem","position":2,"name":"\u00catre \u00e0 Li\u00e8ge"}]},{"@type":"WebSite","@id":"https:\/\/welovecinema.be\/nl\/#website","url":"https:\/\/welovecinema.be\/nl\/","name":"We Love Cinema","description":"Toute l\u2019information du cin\u00e9ma en Belgique","publisher":{"@id":"https:\/\/welovecinema.be\/nl\/#organization"},"potentialAction":[{"@type":"SearchAction","target":{"@type":"EntryPoint","urlTemplate":"https:\/\/welovecinema.be\/nl\/?s={search_term_string}"},"query-input":"required name=search_term_string"}],"inLanguage":"fr-FR"},{"@type":"Organization","@id":"https:\/\/welovecinema.be\/nl\/#organization","name":"We Love Cinema","url":"https:\/\/welovecinema.be\/nl\/","logo":{"@type":"ImageObject","inLanguage":"fr-FR","@id":"https:\/\/welovecinema.be\/nl\/#\/schema\/logo\/image\/","url":"https:\/\/welovecinema.be\/wp-content\/uploads\/sites\/2\/2023\/03\/Logo-We-Love-Cinema305x128.jpg","contentUrl":"https:\/\/welovecinema.be\/wp-content\/uploads\/sites\/2\/2023\/03\/Logo-We-Love-Cinema305x128.jpg","width":305,"height":128,"caption":"We Love Cinema"},"image":{"@id":"https:\/\/welovecinema.be\/nl\/#\/schema\/logo\/image\/"},"sameAs":["https:\/\/www.facebook.com\/welovecinema.be","https:\/\/www.youtube.com\/channel\/UCX5LYGVhnKvYauW4Nta4HJA","https:\/\/www.instagram.com\/welovecinema.be\/"]},{"@type":"Person","@id":"https:\/\/welovecinema.be\/nl\/#\/schema\/person\/4b9b1d857f0943453a38a7c2859ef756","name":"Philippe.Pierquin","url":"https:\/\/welovecinema.be\/fr\/author\/philippe-pierquin\/"}]}},"_links":{"self":[{"href":"https:\/\/welovecinema.be\/fr\/wp-json\/wp\/v2\/posts\/37470","targetHints":{"allow":["GET"]}}],"collection":[{"href":"https:\/\/welovecinema.be\/fr\/wp-json\/wp\/v2\/posts"}],"about":[{"href":"https:\/\/welovecinema.be\/fr\/wp-json\/wp\/v2\/types\/post"}],"author":[{"embeddable":true,"href":"https:\/\/welovecinema.be\/fr\/wp-json\/wp\/v2\/users\/7"}],"replies":[{"embeddable":true,"href":"https:\/\/welovecinema.be\/fr\/wp-json\/wp\/v2\/comments?post=37470"}],"version-history":[{"count":0,"href":"https:\/\/welovecinema.be\/fr\/wp-json\/wp\/v2\/posts\/37470\/revisions"}],"wp:featuredmedia":[{"embeddable":true,"href":"https:\/\/welovecinema.be\/fr\/wp-json\/wp\/v2\/media\/37477"}],"wp:attachment":[{"href":"https:\/\/welovecinema.be\/fr\/wp-json\/wp\/v2\/media?parent=37470"}],"wp:term":[{"taxonomy":"category","embeddable":true,"href":"https:\/\/welovecinema.be\/fr\/wp-json\/wp\/v2\/categories?post=37470"},{"taxonomy":"post_tag","embeddable":true,"href":"https:\/\/welovecinema.be\/fr\/wp-json\/wp\/v2\/tags?post=37470"}],"curies":[{"name":"wp","href":"https:\/\/api.w.org\/{rel}","templated":true}]}}