{"id":37318,"date":"2013-02-14T05:22:17","date_gmt":"2013-02-14T05:22:17","guid":{"rendered":"http:\/\/www.cinevox.be\/?p=37318"},"modified":"2013-04-24T12:34:48","modified_gmt":"2013-04-24T12:34:48","slug":"stephan-streker-le-monde-nous-appartient-un-film-belge","status":"publish","type":"post","link":"https:\/\/welovecinema.be\/fr\/stephan-streker-le-monde-nous-appartient-un-film-belge\/","title":{"rendered":"Stephan Streker &#8211; Le Monde Nous Appartient &#8211; Un film belge ?"},"content":{"rendered":"<p>Une nuit, sur un pont\u2026 un coup de couteau. Il y a Pouga. Et il y a   Julien. Le film montre le destin parall\u00e8le de ces deux jeunes hommes qui   se ressemblent sans se conna\u00eetre. Ils partagent les m\u00eames valeurs et  un  m\u00eame d\u00e9sir d\u2019absolu. Ils pourraient \u00eatre amis. Et pourtant\u2026<\/p>\n<p>&nbsp;<\/p>\n<p><em> Le Monde Nous Appartient<\/em> est-il un \u00ab\u00a0film belge\u00a0\u00bb ?<\/p>\n<p>&nbsp;<\/p>\n<p><em>Le Monde nous Appartient<\/em> sort\u00a0 en Belgique le 20 f\u00e9vrier.<\/p>\n","protected":false},"excerpt":{"rendered":"<p>Une nuit, sur un pont\u2026 un coup de couteau. Il y a Pouga. Et il y a Julien. Le film montre le destin parall\u00e8le de ces deux jeunes hommes qui se ressemblent sans se conna\u00eetre. Ils partagent les m\u00eames valeurs et un m\u00eame d\u00e9sir d\u2019absolu. Ils pourraient \u00eatre amis. Et pourtant\u2026 &nbsp; Le Monde Nous &hellip;<\/p>\n","protected":false},"author":7,"featured_media":37320,"comment_status":"closed","ping_status":"closed","sticky":false,"template":"","format":"standard","meta":{"ngg_post_thumbnail":0,"footnotes":""},"categories":[1978],"tags":[],"class_list":["post-37318","post","type-post","status-publish","format-standard","has-post-thumbnail","","category-interviews"],"yoast_head":"<!-- This site is optimized with the Yoast SEO plugin v20.4 - https:\/\/yoast.com\/wordpress\/plugins\/seo\/ -->\n<title>Stephan Streker - Le Monde Nous Appartient - Un film belge ?  - We Love Cinema<\/title>\n<meta name=\"robots\" content=\"index, follow, max-snippet:-1, max-image-preview:large, max-video-preview:-1\" \/>\n<link rel=\"canonical\" href=\"https:\/\/welovecinema.be\/fr\/stephan-streker-le-monde-nous-appartient-un-film-belge\/\" \/>\n<meta property=\"og:locale\" content=\"fr_FR\" \/>\n<meta property=\"og:type\" content=\"article\" \/>\n<meta property=\"og:title\" content=\"Stephan Streker - Le Monde Nous Appartient - Un film belge ?  - We Love Cinema\" \/>\n<meta property=\"og:description\" content=\"Une nuit, sur un pont\u2026 un coup de couteau. Il y a Pouga. Et il y a Julien. Le film montre le destin parall\u00e8le de ces deux jeunes hommes qui se ressemblent sans se conna\u00eetre. Ils partagent les m\u00eames valeurs et un m\u00eame d\u00e9sir d\u2019absolu. Ils pourraient \u00eatre amis. Et pourtant\u2026 &nbsp; Le Monde Nous &hellip;\" \/>\n<meta property=\"og:url\" content=\"https:\/\/welovecinema.be\/fr\/stephan-streker-le-monde-nous-appartient-un-film-belge\/\" \/>\n<meta property=\"og:site_name\" content=\"We Love Cinema\" \/>\n<meta property=\"article:publisher\" content=\"https:\/\/www.facebook.com\/welovecinema.be\" \/>\n<meta property=\"article:published_time\" content=\"2013-02-14T05:22:17+00:00\" \/>\n<meta property=\"article:modified_time\" content=\"2013-04-24T12:34:48+00:00\" \/>\n<meta property=\"og:image\" content=\"https:\/\/welovecinema.be\/wp-content\/uploads\/sites\/2\/2012\/02\/ss-05.jpg\" \/>\n\t<meta property=\"og:image:width\" content=\"627\" \/>\n\t<meta property=\"og:image:height\" content=\"339\" \/>\n\t<meta property=\"og:image:type\" content=\"image\/jpeg\" \/>\n<meta name=\"author\" content=\"Philippe.Pierquin\" \/>\n<meta name=\"twitter:card\" content=\"summary_large_image\" \/>\n<meta name=\"twitter:label1\" content=\"\u00c9crit par\" \/>\n\t<meta name=\"twitter:data1\" content=\"Philippe.Pierquin\" \/>\n<script type=\"application\/ld+json\" class=\"yoast-schema-graph\">{\"@context\":\"https:\/\/schema.org\",\"@graph\":[{\"@type\":\"Article\",\"@id\":\"https:\/\/welovecinema.be\/fr\/stephan-streker-le-monde-nous-appartient-un-film-belge\/#article\",\"isPartOf\":{\"@id\":\"https:\/\/welovecinema.be\/fr\/stephan-streker-le-monde-nous-appartient-un-film-belge\/\"},\"author\":{\"name\":\"Philippe.Pierquin\",\"@id\":\"https:\/\/welovecinema.be\/nl\/#\/schema\/person\/4b9b1d857f0943453a38a7c2859ef756\"},\"headline\":\"Stephan Streker &#8211; Le Monde Nous Appartient &#8211; Un film belge ?\",\"datePublished\":\"2013-02-14T05:22:17+00:00\",\"dateModified\":\"2013-04-24T12:34:48+00:00\",\"mainEntityOfPage\":{\"@id\":\"https:\/\/welovecinema.be\/fr\/stephan-streker-le-monde-nous-appartient-un-film-belge\/\"},\"wordCount\":88,\"publisher\":{\"@id\":\"https:\/\/welovecinema.be\/nl\/#organization\"},\"articleSection\":[\"Rencontres\"],\"inLanguage\":\"fr-FR\"},{\"@type\":\"WebPage\",\"@id\":\"https:\/\/welovecinema.be\/fr\/stephan-streker-le-monde-nous-appartient-un-film-belge\/\",\"url\":\"https:\/\/welovecinema.be\/fr\/stephan-streker-le-monde-nous-appartient-un-film-belge\/\",\"name\":\"Stephan Streker - Le Monde Nous Appartient - Un film belge ? - We Love Cinema\",\"isPartOf\":{\"@id\":\"https:\/\/welovecinema.be\/nl\/#website\"},\"datePublished\":\"2013-02-14T05:22:17+00:00\",\"dateModified\":\"2013-04-24T12:34:48+00:00\",\"breadcrumb\":{\"@id\":\"https:\/\/welovecinema.be\/fr\/stephan-streker-le-monde-nous-appartient-un-film-belge\/#breadcrumb\"},\"inLanguage\":\"fr-FR\",\"potentialAction\":[{\"@type\":\"ReadAction\",\"target\":[\"https:\/\/welovecinema.be\/fr\/stephan-streker-le-monde-nous-appartient-un-film-belge\/\"]}]},{\"@type\":\"BreadcrumbList\",\"@id\":\"https:\/\/welovecinema.be\/fr\/stephan-streker-le-monde-nous-appartient-un-film-belge\/#breadcrumb\",\"itemListElement\":[{\"@type\":\"ListItem\",\"position\":1,\"name\":\"Accueil\",\"item\":\"https:\/\/welovecinema.be\/fr\/\"},{\"@type\":\"ListItem\",\"position\":2,\"name\":\"Stephan Streker &#8211; Le Monde Nous Appartient &#8211; Un film belge ?\"}]},{\"@type\":\"WebSite\",\"@id\":\"https:\/\/welovecinema.be\/nl\/#website\",\"url\":\"https:\/\/welovecinema.be\/nl\/\",\"name\":\"We Love Cinema\",\"description\":\"Toute l\u2019information du cin\u00e9ma en Belgique\",\"publisher\":{\"@id\":\"https:\/\/welovecinema.be\/nl\/#organization\"},\"potentialAction\":[{\"@type\":\"SearchAction\",\"target\":{\"@type\":\"EntryPoint\",\"urlTemplate\":\"https:\/\/welovecinema.be\/nl\/?s={search_term_string}\"},\"query-input\":\"required name=search_term_string\"}],\"inLanguage\":\"fr-FR\"},{\"@type\":\"Organization\",\"@id\":\"https:\/\/welovecinema.be\/nl\/#organization\",\"name\":\"We Love Cinema\",\"url\":\"https:\/\/welovecinema.be\/nl\/\",\"logo\":{\"@type\":\"ImageObject\",\"inLanguage\":\"fr-FR\",\"@id\":\"https:\/\/welovecinema.be\/nl\/#\/schema\/logo\/image\/\",\"url\":\"https:\/\/welovecinema.be\/wp-content\/uploads\/sites\/2\/2023\/03\/Logo-We-Love-Cinema305x128.jpg\",\"contentUrl\":\"https:\/\/welovecinema.be\/wp-content\/uploads\/sites\/2\/2023\/03\/Logo-We-Love-Cinema305x128.jpg\",\"width\":305,\"height\":128,\"caption\":\"We Love Cinema\"},\"image\":{\"@id\":\"https:\/\/welovecinema.be\/nl\/#\/schema\/logo\/image\/\"},\"sameAs\":[\"https:\/\/www.facebook.com\/welovecinema.be\",\"https:\/\/www.youtube.com\/channel\/UCX5LYGVhnKvYauW4Nta4HJA\",\"https:\/\/www.instagram.com\/welovecinema.be\/\"]},{\"@type\":\"Person\",\"@id\":\"https:\/\/welovecinema.be\/nl\/#\/schema\/person\/4b9b1d857f0943453a38a7c2859ef756\",\"name\":\"Philippe.Pierquin\",\"url\":\"https:\/\/welovecinema.be\/fr\/author\/philippe-pierquin\/\"}]}<\/script>\n<!-- \/ Yoast SEO plugin. -->","yoast_head_json":{"title":"Stephan Streker - Le Monde Nous Appartient - Un film belge ?  - We Love Cinema","robots":{"index":"index","follow":"follow","max-snippet":"max-snippet:-1","max-image-preview":"max-image-preview:large","max-video-preview":"max-video-preview:-1"},"canonical":"https:\/\/welovecinema.be\/fr\/stephan-streker-le-monde-nous-appartient-un-film-belge\/","og_locale":"fr_FR","og_type":"article","og_title":"Stephan Streker - Le Monde Nous Appartient - Un film belge ?  - We Love Cinema","og_description":"Une nuit, sur un pont\u2026 un coup de couteau. Il y a Pouga. Et il y a Julien. Le film montre le destin parall\u00e8le de ces deux jeunes hommes qui se ressemblent sans se conna\u00eetre. Ils partagent les m\u00eames valeurs et un m\u00eame d\u00e9sir d\u2019absolu. Ils pourraient \u00eatre amis. Et pourtant\u2026 &nbsp; Le Monde Nous &hellip;","og_url":"https:\/\/welovecinema.be\/fr\/stephan-streker-le-monde-nous-appartient-un-film-belge\/","og_site_name":"We Love Cinema","article_publisher":"https:\/\/www.facebook.com\/welovecinema.be","article_published_time":"2013-02-14T05:22:17+00:00","article_modified_time":"2013-04-24T12:34:48+00:00","og_image":[{"width":"627","height":"339","url":"https:\/\/welovecinema.be\/wp-content\/uploads\/sites\/2\/2012\/02\/ss-05.jpg","type":"image\/jpeg"}],"author":"Philippe.Pierquin","twitter_card":"summary_large_image","twitter_misc":{"\u00c9crit par":"Philippe.Pierquin"},"schema":{"@context":"https:\/\/schema.org","@graph":[{"@type":"Article","@id":"https:\/\/welovecinema.be\/fr\/stephan-streker-le-monde-nous-appartient-un-film-belge\/#article","isPartOf":{"@id":"https:\/\/welovecinema.be\/fr\/stephan-streker-le-monde-nous-appartient-un-film-belge\/"},"author":{"name":"Philippe.Pierquin","@id":"https:\/\/welovecinema.be\/nl\/#\/schema\/person\/4b9b1d857f0943453a38a7c2859ef756"},"headline":"Stephan Streker &#8211; Le Monde Nous Appartient &#8211; Un film belge ?","datePublished":"2013-02-14T05:22:17+00:00","dateModified":"2013-04-24T12:34:48+00:00","mainEntityOfPage":{"@id":"https:\/\/welovecinema.be\/fr\/stephan-streker-le-monde-nous-appartient-un-film-belge\/"},"wordCount":88,"publisher":{"@id":"https:\/\/welovecinema.be\/nl\/#organization"},"articleSection":["Rencontres"],"inLanguage":"fr-FR"},{"@type":"WebPage","@id":"https:\/\/welovecinema.be\/fr\/stephan-streker-le-monde-nous-appartient-un-film-belge\/","url":"https:\/\/welovecinema.be\/fr\/stephan-streker-le-monde-nous-appartient-un-film-belge\/","name":"Stephan Streker - Le Monde Nous Appartient - Un film belge ? - We Love Cinema","isPartOf":{"@id":"https:\/\/welovecinema.be\/nl\/#website"},"datePublished":"2013-02-14T05:22:17+00:00","dateModified":"2013-04-24T12:34:48+00:00","breadcrumb":{"@id":"https:\/\/welovecinema.be\/fr\/stephan-streker-le-monde-nous-appartient-un-film-belge\/#breadcrumb"},"inLanguage":"fr-FR","potentialAction":[{"@type":"ReadAction","target":["https:\/\/welovecinema.be\/fr\/stephan-streker-le-monde-nous-appartient-un-film-belge\/"]}]},{"@type":"BreadcrumbList","@id":"https:\/\/welovecinema.be\/fr\/stephan-streker-le-monde-nous-appartient-un-film-belge\/#breadcrumb","itemListElement":[{"@type":"ListItem","position":1,"name":"Accueil","item":"https:\/\/welovecinema.be\/fr\/"},{"@type":"ListItem","position":2,"name":"Stephan Streker &#8211; Le Monde Nous Appartient &#8211; Un film belge ?"}]},{"@type":"WebSite","@id":"https:\/\/welovecinema.be\/nl\/#website","url":"https:\/\/welovecinema.be\/nl\/","name":"We Love Cinema","description":"Toute l\u2019information du cin\u00e9ma en Belgique","publisher":{"@id":"https:\/\/welovecinema.be\/nl\/#organization"},"potentialAction":[{"@type":"SearchAction","target":{"@type":"EntryPoint","urlTemplate":"https:\/\/welovecinema.be\/nl\/?s={search_term_string}"},"query-input":"required name=search_term_string"}],"inLanguage":"fr-FR"},{"@type":"Organization","@id":"https:\/\/welovecinema.be\/nl\/#organization","name":"We Love Cinema","url":"https:\/\/welovecinema.be\/nl\/","logo":{"@type":"ImageObject","inLanguage":"fr-FR","@id":"https:\/\/welovecinema.be\/nl\/#\/schema\/logo\/image\/","url":"https:\/\/welovecinema.be\/wp-content\/uploads\/sites\/2\/2023\/03\/Logo-We-Love-Cinema305x128.jpg","contentUrl":"https:\/\/welovecinema.be\/wp-content\/uploads\/sites\/2\/2023\/03\/Logo-We-Love-Cinema305x128.jpg","width":305,"height":128,"caption":"We Love Cinema"},"image":{"@id":"https:\/\/welovecinema.be\/nl\/#\/schema\/logo\/image\/"},"sameAs":["https:\/\/www.facebook.com\/welovecinema.be","https:\/\/www.youtube.com\/channel\/UCX5LYGVhnKvYauW4Nta4HJA","https:\/\/www.instagram.com\/welovecinema.be\/"]},{"@type":"Person","@id":"https:\/\/welovecinema.be\/nl\/#\/schema\/person\/4b9b1d857f0943453a38a7c2859ef756","name":"Philippe.Pierquin","url":"https:\/\/welovecinema.be\/fr\/author\/philippe-pierquin\/"}]}},"_links":{"self":[{"href":"https:\/\/welovecinema.be\/fr\/wp-json\/wp\/v2\/posts\/37318","targetHints":{"allow":["GET"]}}],"collection":[{"href":"https:\/\/welovecinema.be\/fr\/wp-json\/wp\/v2\/posts"}],"about":[{"href":"https:\/\/welovecinema.be\/fr\/wp-json\/wp\/v2\/types\/post"}],"author":[{"embeddable":true,"href":"https:\/\/welovecinema.be\/fr\/wp-json\/wp\/v2\/users\/7"}],"replies":[{"embeddable":true,"href":"https:\/\/welovecinema.be\/fr\/wp-json\/wp\/v2\/comments?post=37318"}],"version-history":[{"count":0,"href":"https:\/\/welovecinema.be\/fr\/wp-json\/wp\/v2\/posts\/37318\/revisions"}],"wp:featuredmedia":[{"embeddable":true,"href":"https:\/\/welovecinema.be\/fr\/wp-json\/wp\/v2\/media\/37320"}],"wp:attachment":[{"href":"https:\/\/welovecinema.be\/fr\/wp-json\/wp\/v2\/media?parent=37318"}],"wp:term":[{"taxonomy":"category","embeddable":true,"href":"https:\/\/welovecinema.be\/fr\/wp-json\/wp\/v2\/categories?post=37318"},{"taxonomy":"post_tag","embeddable":true,"href":"https:\/\/welovecinema.be\/fr\/wp-json\/wp\/v2\/tags?post=37318"}],"curies":[{"name":"wp","href":"https:\/\/api.w.org\/{rel}","templated":true}]}}