{"id":3697,"date":"2011-06-24T08:22:57","date_gmt":"2011-06-24T08:22:57","guid":{"rendered":"http:\/\/www.cinevox.be\/?p=3697"},"modified":"2011-06-24T08:22:58","modified_gmt":"2011-06-24T08:22:58","slug":"le-cinema-flamand-ii-2-millions-de-spectateurs-en-un-an","status":"publish","type":"post","link":"https:\/\/welovecinema.be\/fr\/le-cinema-flamand-ii-2-millions-de-spectateurs-en-un-an\/","title":{"rendered":"Le cin\u00e9ma flamand II <br> 2 millions de spectateurs en un an !"},"content":{"rendered":"<p><em>[Suite de notre dossier \u00e0 la d\u00e9couverte du cin\u00e9ma flamand]<\/em><\/p>\n<p>Quel est le rapport entre <em>Zot van A, Les Aventures de Samy \u2013 Le passage secret, Frits &amp; Freddy, Adem Bo <\/em>et<em> Mega Mindy en het zwarte kristal ? <\/em>Mais oui, ce sont tous des films coproduits en Flandre.<\/p>\n<p>Si on additionne les fr\u00e9quentations de tous les longs m\u00e9trages financ\u00e9s au nord du pays et sortis en 2010, on constate que plus de 2.099.472 de tickets ont \u00e9t\u00e9 vendus : tout simplement faramineux !<em> <\/em>Ce score implique une augmentation de pr\u00e8s de 10% par rapport \u00e0 2009 et une part de march\u00e9 pour le cin\u00e9ma belge flamand qui, pour la premi\u00e8re fois, a d\u00e9pass\u00e9 en Flandre la barre des 20%.<!--more--><\/p>\n<p>Incroyablement, ce chiffre est encore meilleur que celui de l&rsquo;ann\u00e9e 2008, p\u00e9riode faste illumin\u00e9e par l&rsquo;incroyable triomphe de <em>Loft<\/em> : les 1.968.418 spectateurs payants de 2008 semblaient un record impossible \u00e0 battre. H\u00e9 non\u2026<\/p>\n<p>Face \u00e0 cette r\u00e9ussite ponctuelle qui porta l&rsquo;industrie au point d&rsquo;engendrer un remake n\u00e9erlandais (!) et une version am\u00e9ricaine en tournage actuellement, c&rsquo;est donc une offre tr\u00e8s vari\u00e9e de films commerciaux et de films d\u2019auteur qui a permis de franchir un nouveau palier.<\/p>\n<p><a rel=\"attachment wp-att-3698\" href=\"http:\/\/www.cinevox.be\/le-cinema-flamand-ii-2-millions-de-spectateurs-en-un-an\/ff\/\"><img loading=\"lazy\" decoding=\"async\" class=\"alignright size-medium wp-image-3698\" title=\"ff\" src=\"http:\/\/www.cinevox.be\/wp-content\/uploads\/sites\/2\/2011\/06\/ff-396x270.jpg\" alt=\"\" width=\"396\" height=\"270\" srcset=\"https:\/\/welovecinema.be\/wp-content\/uploads\/sites\/2\/2011\/06\/ff-396x270.jpg 396w, https:\/\/welovecinema.be\/wp-content\/uploads\/sites\/2\/2011\/06\/ff.jpg 460w\" sizes=\"auto, (max-width: 396px) 100vw, 396px\" \/><\/a>La liste des succ\u00e8s cin\u00e9matographiques belges flamands de 2010 est emmen\u00e9e par\u00a0<em>Zot van A <\/em>qui a attir\u00e9, l\u2019an dernier, 420.744 spectateurs dans les salles, suivi par le film d\u2019animation en 3D\u00a0<em>Les aventures de Samy \u2013 Le passage secret <\/em>(243.793),\u00a0<em>Frits &amp; Freddy<\/em> (200.000),\u00a0<em>Bo<\/em> (198.819) et\u00a0<em>Mega Mindy en het zwarte kristal<\/em> (135.625).<\/p>\n<p>Hors ces fantastiques performances, le documentaire\u00a0<em>Lost Down Memory Lane\u00a0(Verwaald in het Geheugen Paleis)<\/em> avec 15.490 entr\u00e9es, et\u00a0<em>Petit B\u00e9b\u00e9 J\u00e9sus de Flandr\u00a0(Little Baby Jesus of Flandr) <\/em>avec 11.483 entr\u00e9es ont marqu\u00e9 les esprits dans un autre registre. Ces deux films ont \u00e9t\u00e9 distribu\u00e9s par le producteur lui-m\u00eame, aussi bien dans le circuit commercial que dans le r\u00e9seau alternatif. Et le succ\u00e8s fut au rendez-vous. Entre-temps, ces deux titres ont respectivement atteint 23.740 et 12.133 entr\u00e9es.<\/p>\n<p>Sur cet \u00e9lan positif, 2011 a d\u00e9marr\u00e9 en force. Durant le premier trimestre de cette ann\u00e9e, les (co)productions belges flamandes ont attir\u00e9 771.265 spectateurs. Ce tr\u00e8s beau score est notamment d\u00fb au triomphe de\u00a0<em>Frits &amp; Freddy<\/em> qui a encore r\u00e9uni environ 245.000 spectateurs depuis le 1<sup>er<\/sup> janvier et surtout de\u00a0<em>Rundskop\/T\u00eate de b\u0153uf<\/em> : pr\u00e8s de 500.000 tickets vendus \u00e0 ce jour.<\/p>\n<p><em>Rundskop<\/em>, production flamande a \u00e9t\u00e9 cofinanc\u00e9 par le fonds \u00e9conomique francophone Wallimage-Bruxellimage (comme <em>Zot Van A <\/em>ou<em> Smoorverliefd<\/em>) et soutenu par la <a rel=\"attachment wp-att-3701\" href=\"http:\/\/www.cinevox.be\/le-cinema-flamand-ii-2-millions-de-spectateurs-en-un-an\/rk\/\"><img loading=\"lazy\" decoding=\"async\" class=\"alignright size-medium wp-image-3701\" title=\"rk\" src=\"http:\/\/www.cinevox.be\/wp-content\/uploads\/sites\/2\/2011\/06\/rk-480x250.jpg\" alt=\"\" width=\"480\" height=\"250\" srcset=\"https:\/\/welovecinema.be\/wp-content\/uploads\/sites\/2\/2011\/06\/rk-480x250.jpg 480w, https:\/\/welovecinema.be\/wp-content\/uploads\/sites\/2\/2011\/06\/rk-800x418.jpg 800w, https:\/\/welovecinema.be\/wp-content\/uploads\/sites\/2\/2011\/06\/rk.jpg 1027w\" sizes=\"auto, (max-width: 480px) 100vw, 480px\" \/><\/a>communaut\u00e9 fran\u00e7aise de Belgique. Son succ\u00e8s critique et son bilinguisme ont eu une cons\u00e9quence fort heureuse: encens\u00e9 par une presse francophone dithyrambique, le long m\u00e9trage de Michael Roskam a pu compter sur une exploitation en Wallonie et \u00e0 Bruxelles. \u00c0 Li\u00e8ge, o\u00f9 se d\u00e9roule une partie de l&rsquo;action, il fonctionne tellement bien qu&rsquo;il restera \u00e0 l&rsquo;affiche tout l&rsquo;\u00e9t\u00e9.<\/p>\n<p>Et pourtant, ce d\u00e9but d\u2019ann\u00e9e peut \u00eatre consid\u00e9r\u00e9 comme calme sur le plan des sorties belges flamandes, surtout si on pense aux nombreuses (co)productions majoritaires qui d\u00e9ferleront sur les \u00e9crans d&rsquo;ici la fin de l&rsquo;ann\u00e9e :\u00a0<em>Swooni <\/em>de <strong>Kaat Beels<\/strong>, <em>Hasta la vista<\/em> de <strong>Geoffrey Enthoven<\/strong>,\u00a0<em>Quixote\u2019s Island<\/em> de <strong>Didier Volckaert<\/strong>,\u00a0<em> Het varken van Madonna<\/em> de <strong>Frank Van Passel<\/strong>,\u00a0<em>Mixed Kebab<\/em> de <strong>Guy Lee Thys<\/strong>,\u00a0<a rel=\"attachment wp-att-3719\" href=\"http:\/\/www.cinevox.be\/le-cinema-flamand-ii-2-millions-de-spectateurs-en-un-an\/varken\/\"><img loading=\"lazy\" decoding=\"async\" class=\"alignright size-medium wp-image-3719\" title=\"varken\" src=\"http:\/\/www.cinevox.be\/wp-content\/uploads\/sites\/2\/2011\/06\/varken-480x270.jpg\" alt=\"\" width=\"480\" height=\"270\" srcset=\"https:\/\/welovecinema.be\/wp-content\/uploads\/sites\/2\/2011\/06\/varken-480x270.jpg 480w, https:\/\/welovecinema.be\/wp-content\/uploads\/sites\/2\/2011\/06\/varken-200x113.jpg 200w, https:\/\/welovecinema.be\/wp-content\/uploads\/sites\/2\/2011\/06\/varken-300x169.jpg 300w, https:\/\/welovecinema.be\/wp-content\/uploads\/sites\/2\/2011\/06\/varken-620x350.jpg 620w, https:\/\/welovecinema.be\/wp-content\/uploads\/sites\/2\/2011\/06\/varken.jpg 640w\" sizes=\"auto, (max-width: 480px) 100vw, 480px\" \/><\/a><em>Groenten uit Balen<\/em> de <strong>Frank Van Mechelen<\/strong>, ainsi que\u00a0<em>Code 37<\/em> de <strong>Jakob Verbruggen<\/strong> qui pourrait ouvrir le prochain festival de Gand et dont nous vous parlerons bient\u00f4t en d\u00e9tails. Il s&rsquo;agit l\u00e0 d&rsquo;un des gros morceaux de l&rsquo;ann\u00e9e, un thriller ambitieux dans la lign\u00e9e de <em>De Zaak Alzheimer<\/em> ou <em>Dossier K<\/em>, tir\u00e9 d&rsquo;une s\u00e9rie en vogue sur VTM, ce qui est toujours un gage de r\u00e9ussite commerciale.<\/p>\n<p>Au niveau international, les films belges flamands connaissent \u00e9galement une success-story sympathique. L\u2019an dernier, on comptait 975 s\u00e9lections dans les festivals \u00e0 travers le monde et 110 prix r\u00e9colt\u00e9s (contre 713 s\u00e9lections et 89 troph\u00e9es en 2009). C\u2019est le long m\u00e9trage\u00a0<em>Oxyg\u00e8ne (Adem)<\/em> qui a remport\u00e9 le plus de r\u00e9compenses en 2010. En 2011, <em>Rundskop<\/em> a remport\u00e9 le prix du jury du film policier de Beaune, <em>Adem<\/em> qui avait notamment triomph\u00e9 \u00e0 Montr\u00e9al en 2010 a re\u00e7u l<strong>e <\/strong><strong>Prix du public au 10e Festival du film de Transylvanie, en Roumanie et, bien s\u00fbr, le court m\u00e9trage<\/strong><strong> <\/strong><em>Badpakje 46<\/em> de <strong>Wannes Destoop<\/strong> a re\u00e7u le prix du jury au r\u00e9cent Festival de Cannes. Entre autres\u2026<\/p>\n<p>&nbsp;<\/p>\n<p><a rel=\"attachment wp-att-3708\" href=\"http:\/\/www.cinevox.be\/le-cinema-flamand-ii-2-millions-de-spectateurs-en-un-an\/autosave-file-vom-d-lab23-der-agfaphoto-gmbh-4\/\"><img loading=\"lazy\" decoding=\"async\" class=\"aligncenter size-full wp-image-3708\" title=\"Autosave-File vom d-lab2\/3 der AgfaPhoto GmbH\" src=\"http:\/\/www.cinevox.be\/wp-content\/uploads\/sites\/2\/2011\/06\/swooni1.jpg\" alt=\"\" width=\"720\" height=\"280\" srcset=\"https:\/\/welovecinema.be\/wp-content\/uploads\/sites\/2\/2011\/06\/swooni1.jpg 720w, https:\/\/welovecinema.be\/wp-content\/uploads\/sites\/2\/2011\/06\/swooni1-480x186.jpg 480w\" sizes=\"auto, (max-width: 720px) 100vw, 720px\" \/><\/a><\/p>\n<p>&nbsp;<\/p>\n<p>Au niveau du home entertainment,\u00a0<em>Dossier K<\/em>.,\u00a0<em>La Merditude des Choses<\/em> et\u00a0<em>Bob &amp; Bobette et les Diables du Texas<\/em> sont les films locaux les plus vendus en DVD et Bluray en 2010. En Vid\u00e9o \u00e0 la demande (VOD), le top 3 r\u00e9unit\u00a0<em>La Merditude des Choses, Dossier K<\/em>. et\u00a0<em>Bo<\/em>. (Les donn\u00e9es VOD proviennent uniquement de Belgacom). Les films ayant eu la meilleure audience \u00e0 la t\u00e9l\u00e9vision sont <em>Vleugels<\/em> (VTM),\u00a0<em>SM Rechnter<\/em> (VTM) et\u00a0<em>Los <\/em>(VTM).<\/p>\n<p>Le bilan est d&rsquo;autant plus r\u00e9jouissant qu&rsquo;il met en \u00e9vidence des films tr\u00e8s diff\u00e9rents destin\u00e9s \u00e0 des publics on ne peut plus vari\u00e9s. Pas seulement flamands d&rsquo;ailleurs. Cette ouverture au monde, souvent bas\u00e9e sur un puissant ancrage r\u00e9gionaliste, est un autre sujet de satisfaction.<\/p>\n<p>&nbsp;<\/p>\n<p>Photos extraites de \u00a0(de haut en bas) : <em>Zot Van A, Frits &amp; Freddy, Rundskop, Het Varken van Madonna, Swooni<\/em><\/p>\n","protected":false},"excerpt":{"rendered":"<p>[Suite de notre dossier \u00e0 la d\u00e9couverte du cin\u00e9ma flamand] Quel est le rapport entre Zot van A, Les Aventures de Samy \u2013 Le passage secret, Frits &amp; Freddy, Adem Bo et Mega Mindy en het zwarte kristal ? Mais oui, ce sont tous des films coproduits en Flandre. Si on additionne les fr\u00e9quentations de &hellip;<\/p>\n","protected":false},"author":7,"featured_media":3704,"comment_status":"closed","ping_status":"closed","sticky":false,"template":"","format":"standard","meta":{"ngg_post_thumbnail":0,"footnotes":""},"categories":[1923],"tags":[],"class_list":["post-3697","post","type-post","status-publish","format-standard","has-post-thumbnail","","category-en-bref"],"yoast_head":"<!-- This site is optimized with the Yoast SEO plugin v20.4 - https:\/\/yoast.com\/wordpress\/plugins\/seo\/ -->\n<title>Le cin\u00e9ma flamand II  2 millions de spectateurs en un an ! - We Love Cinema<\/title>\n<meta name=\"robots\" content=\"index, follow, max-snippet:-1, max-image-preview:large, max-video-preview:-1\" \/>\n<link rel=\"canonical\" href=\"https:\/\/welovecinema.be\/fr\/le-cinema-flamand-ii-2-millions-de-spectateurs-en-un-an\/\" \/>\n<meta property=\"og:locale\" content=\"fr_FR\" \/>\n<meta property=\"og:type\" content=\"article\" \/>\n<meta property=\"og:title\" content=\"Le cin\u00e9ma flamand II  2 millions de spectateurs en un an ! - We Love Cinema\" \/>\n<meta property=\"og:description\" content=\"[Suite de notre dossier \u00e0 la d\u00e9couverte du cin\u00e9ma flamand] Quel est le rapport entre Zot van A, Les Aventures de Samy \u2013 Le passage secret, Frits &amp; Freddy, Adem Bo et Mega Mindy en het zwarte kristal ? Mais oui, ce sont tous des films coproduits en Flandre. Si on additionne les fr\u00e9quentations de &hellip;\" \/>\n<meta property=\"og:url\" content=\"https:\/\/welovecinema.be\/fr\/le-cinema-flamand-ii-2-millions-de-spectateurs-en-un-an\/\" \/>\n<meta property=\"og:site_name\" content=\"We Love Cinema\" \/>\n<meta property=\"article:publisher\" content=\"https:\/\/www.facebook.com\/welovecinema.be\" \/>\n<meta property=\"article:published_time\" content=\"2011-06-24T08:22:57+00:00\" \/>\n<meta property=\"article:modified_time\" content=\"2011-06-24T08:22:58+00:00\" \/>\n<meta property=\"og:image\" content=\"https:\/\/welovecinema.be\/wp-content\/uploads\/sites\/2\/2011\/06\/zva.jpg\" \/>\n\t<meta property=\"og:image:width\" content=\"690\" \/>\n\t<meta property=\"og:image:height\" content=\"345\" \/>\n\t<meta property=\"og:image:type\" content=\"image\/jpeg\" \/>\n<meta name=\"author\" content=\"Philippe.Pierquin\" \/>\n<meta name=\"twitter:card\" content=\"summary_large_image\" \/>\n<meta name=\"twitter:label1\" content=\"\u00c9crit par\" \/>\n\t<meta name=\"twitter:data1\" content=\"Philippe.Pierquin\" \/>\n\t<meta name=\"twitter:label2\" content=\"Dur\u00e9e de lecture estim\u00e9e\" \/>\n\t<meta name=\"twitter:data2\" content=\"4 minutes\" \/>\n<script type=\"application\/ld+json\" class=\"yoast-schema-graph\">{\"@context\":\"https:\/\/schema.org\",\"@graph\":[{\"@type\":\"Article\",\"@id\":\"https:\/\/welovecinema.be\/fr\/le-cinema-flamand-ii-2-millions-de-spectateurs-en-un-an\/#article\",\"isPartOf\":{\"@id\":\"https:\/\/welovecinema.be\/fr\/le-cinema-flamand-ii-2-millions-de-spectateurs-en-un-an\/\"},\"author\":{\"name\":\"Philippe.Pierquin\",\"@id\":\"https:\/\/welovecinema.be\/nl\/#\/schema\/person\/4b9b1d857f0943453a38a7c2859ef756\"},\"headline\":\"Le cin\u00e9ma flamand II 2 millions de spectateurs en un an !\",\"datePublished\":\"2011-06-24T08:22:57+00:00\",\"dateModified\":\"2011-06-24T08:22:58+00:00\",\"mainEntityOfPage\":{\"@id\":\"https:\/\/welovecinema.be\/fr\/le-cinema-flamand-ii-2-millions-de-spectateurs-en-un-an\/\"},\"wordCount\":925,\"publisher\":{\"@id\":\"https:\/\/welovecinema.be\/nl\/#organization\"},\"articleSection\":[\"En bref\"],\"inLanguage\":\"fr-FR\"},{\"@type\":\"WebPage\",\"@id\":\"https:\/\/welovecinema.be\/fr\/le-cinema-flamand-ii-2-millions-de-spectateurs-en-un-an\/\",\"url\":\"https:\/\/welovecinema.be\/fr\/le-cinema-flamand-ii-2-millions-de-spectateurs-en-un-an\/\",\"name\":\"Le cin\u00e9ma flamand II 2 millions de spectateurs en un an ! - We Love Cinema\",\"isPartOf\":{\"@id\":\"https:\/\/welovecinema.be\/nl\/#website\"},\"datePublished\":\"2011-06-24T08:22:57+00:00\",\"dateModified\":\"2011-06-24T08:22:58+00:00\",\"breadcrumb\":{\"@id\":\"https:\/\/welovecinema.be\/fr\/le-cinema-flamand-ii-2-millions-de-spectateurs-en-un-an\/#breadcrumb\"},\"inLanguage\":\"fr-FR\",\"potentialAction\":[{\"@type\":\"ReadAction\",\"target\":[\"https:\/\/welovecinema.be\/fr\/le-cinema-flamand-ii-2-millions-de-spectateurs-en-un-an\/\"]}]},{\"@type\":\"BreadcrumbList\",\"@id\":\"https:\/\/welovecinema.be\/fr\/le-cinema-flamand-ii-2-millions-de-spectateurs-en-un-an\/#breadcrumb\",\"itemListElement\":[{\"@type\":\"ListItem\",\"position\":1,\"name\":\"Accueil\",\"item\":\"https:\/\/welovecinema.be\/fr\/\"},{\"@type\":\"ListItem\",\"position\":2,\"name\":\"Le cin\u00e9ma flamand II 2 millions de spectateurs en un an !\"}]},{\"@type\":\"WebSite\",\"@id\":\"https:\/\/welovecinema.be\/nl\/#website\",\"url\":\"https:\/\/welovecinema.be\/nl\/\",\"name\":\"We Love Cinema\",\"description\":\"Toute l\u2019information du cin\u00e9ma en Belgique\",\"publisher\":{\"@id\":\"https:\/\/welovecinema.be\/nl\/#organization\"},\"potentialAction\":[{\"@type\":\"SearchAction\",\"target\":{\"@type\":\"EntryPoint\",\"urlTemplate\":\"https:\/\/welovecinema.be\/nl\/?s={search_term_string}\"},\"query-input\":\"required name=search_term_string\"}],\"inLanguage\":\"fr-FR\"},{\"@type\":\"Organization\",\"@id\":\"https:\/\/welovecinema.be\/nl\/#organization\",\"name\":\"We Love Cinema\",\"url\":\"https:\/\/welovecinema.be\/nl\/\",\"logo\":{\"@type\":\"ImageObject\",\"inLanguage\":\"fr-FR\",\"@id\":\"https:\/\/welovecinema.be\/nl\/#\/schema\/logo\/image\/\",\"url\":\"https:\/\/welovecinema.be\/wp-content\/uploads\/sites\/2\/2023\/03\/Logo-We-Love-Cinema305x128.jpg\",\"contentUrl\":\"https:\/\/welovecinema.be\/wp-content\/uploads\/sites\/2\/2023\/03\/Logo-We-Love-Cinema305x128.jpg\",\"width\":305,\"height\":128,\"caption\":\"We Love Cinema\"},\"image\":{\"@id\":\"https:\/\/welovecinema.be\/nl\/#\/schema\/logo\/image\/\"},\"sameAs\":[\"https:\/\/www.facebook.com\/welovecinema.be\",\"https:\/\/www.youtube.com\/channel\/UCX5LYGVhnKvYauW4Nta4HJA\",\"https:\/\/www.instagram.com\/welovecinema.be\/\"]},{\"@type\":\"Person\",\"@id\":\"https:\/\/welovecinema.be\/nl\/#\/schema\/person\/4b9b1d857f0943453a38a7c2859ef756\",\"name\":\"Philippe.Pierquin\",\"url\":\"https:\/\/welovecinema.be\/fr\/author\/philippe-pierquin\/\"}]}<\/script>\n<!-- \/ Yoast SEO plugin. -->","yoast_head_json":{"title":"Le cin\u00e9ma flamand II  2 millions de spectateurs en un an ! - We Love Cinema","robots":{"index":"index","follow":"follow","max-snippet":"max-snippet:-1","max-image-preview":"max-image-preview:large","max-video-preview":"max-video-preview:-1"},"canonical":"https:\/\/welovecinema.be\/fr\/le-cinema-flamand-ii-2-millions-de-spectateurs-en-un-an\/","og_locale":"fr_FR","og_type":"article","og_title":"Le cin\u00e9ma flamand II  2 millions de spectateurs en un an ! - We Love Cinema","og_description":"[Suite de notre dossier \u00e0 la d\u00e9couverte du cin\u00e9ma flamand] Quel est le rapport entre Zot van A, Les Aventures de Samy \u2013 Le passage secret, Frits &amp; Freddy, Adem Bo et Mega Mindy en het zwarte kristal ? Mais oui, ce sont tous des films coproduits en Flandre. Si on additionne les fr\u00e9quentations de &hellip;","og_url":"https:\/\/welovecinema.be\/fr\/le-cinema-flamand-ii-2-millions-de-spectateurs-en-un-an\/","og_site_name":"We Love Cinema","article_publisher":"https:\/\/www.facebook.com\/welovecinema.be","article_published_time":"2011-06-24T08:22:57+00:00","article_modified_time":"2011-06-24T08:22:58+00:00","og_image":[{"width":"690","height":"345","url":"https:\/\/welovecinema.be\/wp-content\/uploads\/sites\/2\/2011\/06\/zva.jpg","type":"image\/jpeg"}],"author":"Philippe.Pierquin","twitter_card":"summary_large_image","twitter_misc":{"\u00c9crit par":"Philippe.Pierquin","Dur\u00e9e de lecture estim\u00e9e":"4 minutes"},"schema":{"@context":"https:\/\/schema.org","@graph":[{"@type":"Article","@id":"https:\/\/welovecinema.be\/fr\/le-cinema-flamand-ii-2-millions-de-spectateurs-en-un-an\/#article","isPartOf":{"@id":"https:\/\/welovecinema.be\/fr\/le-cinema-flamand-ii-2-millions-de-spectateurs-en-un-an\/"},"author":{"name":"Philippe.Pierquin","@id":"https:\/\/welovecinema.be\/nl\/#\/schema\/person\/4b9b1d857f0943453a38a7c2859ef756"},"headline":"Le cin\u00e9ma flamand II 2 millions de spectateurs en un an !","datePublished":"2011-06-24T08:22:57+00:00","dateModified":"2011-06-24T08:22:58+00:00","mainEntityOfPage":{"@id":"https:\/\/welovecinema.be\/fr\/le-cinema-flamand-ii-2-millions-de-spectateurs-en-un-an\/"},"wordCount":925,"publisher":{"@id":"https:\/\/welovecinema.be\/nl\/#organization"},"articleSection":["En bref"],"inLanguage":"fr-FR"},{"@type":"WebPage","@id":"https:\/\/welovecinema.be\/fr\/le-cinema-flamand-ii-2-millions-de-spectateurs-en-un-an\/","url":"https:\/\/welovecinema.be\/fr\/le-cinema-flamand-ii-2-millions-de-spectateurs-en-un-an\/","name":"Le cin\u00e9ma flamand II 2 millions de spectateurs en un an ! - We Love Cinema","isPartOf":{"@id":"https:\/\/welovecinema.be\/nl\/#website"},"datePublished":"2011-06-24T08:22:57+00:00","dateModified":"2011-06-24T08:22:58+00:00","breadcrumb":{"@id":"https:\/\/welovecinema.be\/fr\/le-cinema-flamand-ii-2-millions-de-spectateurs-en-un-an\/#breadcrumb"},"inLanguage":"fr-FR","potentialAction":[{"@type":"ReadAction","target":["https:\/\/welovecinema.be\/fr\/le-cinema-flamand-ii-2-millions-de-spectateurs-en-un-an\/"]}]},{"@type":"BreadcrumbList","@id":"https:\/\/welovecinema.be\/fr\/le-cinema-flamand-ii-2-millions-de-spectateurs-en-un-an\/#breadcrumb","itemListElement":[{"@type":"ListItem","position":1,"name":"Accueil","item":"https:\/\/welovecinema.be\/fr\/"},{"@type":"ListItem","position":2,"name":"Le cin\u00e9ma flamand II 2 millions de spectateurs en un an !"}]},{"@type":"WebSite","@id":"https:\/\/welovecinema.be\/nl\/#website","url":"https:\/\/welovecinema.be\/nl\/","name":"We Love Cinema","description":"Toute l\u2019information du cin\u00e9ma en Belgique","publisher":{"@id":"https:\/\/welovecinema.be\/nl\/#organization"},"potentialAction":[{"@type":"SearchAction","target":{"@type":"EntryPoint","urlTemplate":"https:\/\/welovecinema.be\/nl\/?s={search_term_string}"},"query-input":"required name=search_term_string"}],"inLanguage":"fr-FR"},{"@type":"Organization","@id":"https:\/\/welovecinema.be\/nl\/#organization","name":"We Love Cinema","url":"https:\/\/welovecinema.be\/nl\/","logo":{"@type":"ImageObject","inLanguage":"fr-FR","@id":"https:\/\/welovecinema.be\/nl\/#\/schema\/logo\/image\/","url":"https:\/\/welovecinema.be\/wp-content\/uploads\/sites\/2\/2023\/03\/Logo-We-Love-Cinema305x128.jpg","contentUrl":"https:\/\/welovecinema.be\/wp-content\/uploads\/sites\/2\/2023\/03\/Logo-We-Love-Cinema305x128.jpg","width":305,"height":128,"caption":"We Love Cinema"},"image":{"@id":"https:\/\/welovecinema.be\/nl\/#\/schema\/logo\/image\/"},"sameAs":["https:\/\/www.facebook.com\/welovecinema.be","https:\/\/www.youtube.com\/channel\/UCX5LYGVhnKvYauW4Nta4HJA","https:\/\/www.instagram.com\/welovecinema.be\/"]},{"@type":"Person","@id":"https:\/\/welovecinema.be\/nl\/#\/schema\/person\/4b9b1d857f0943453a38a7c2859ef756","name":"Philippe.Pierquin","url":"https:\/\/welovecinema.be\/fr\/author\/philippe-pierquin\/"}]}},"_links":{"self":[{"href":"https:\/\/welovecinema.be\/fr\/wp-json\/wp\/v2\/posts\/3697","targetHints":{"allow":["GET"]}}],"collection":[{"href":"https:\/\/welovecinema.be\/fr\/wp-json\/wp\/v2\/posts"}],"about":[{"href":"https:\/\/welovecinema.be\/fr\/wp-json\/wp\/v2\/types\/post"}],"author":[{"embeddable":true,"href":"https:\/\/welovecinema.be\/fr\/wp-json\/wp\/v2\/users\/7"}],"replies":[{"embeddable":true,"href":"https:\/\/welovecinema.be\/fr\/wp-json\/wp\/v2\/comments?post=3697"}],"version-history":[{"count":0,"href":"https:\/\/welovecinema.be\/fr\/wp-json\/wp\/v2\/posts\/3697\/revisions"}],"wp:featuredmedia":[{"embeddable":true,"href":"https:\/\/welovecinema.be\/fr\/wp-json\/wp\/v2\/media\/3704"}],"wp:attachment":[{"href":"https:\/\/welovecinema.be\/fr\/wp-json\/wp\/v2\/media?parent=3697"}],"wp:term":[{"taxonomy":"category","embeddable":true,"href":"https:\/\/welovecinema.be\/fr\/wp-json\/wp\/v2\/categories?post=3697"},{"taxonomy":"post_tag","embeddable":true,"href":"https:\/\/welovecinema.be\/fr\/wp-json\/wp\/v2\/tags?post=3697"}],"curies":[{"name":"wp","href":"https:\/\/api.w.org\/{rel}","templated":true}]}}