{"id":36954,"date":"2013-03-15T06:11:13","date_gmt":"2013-03-15T06:11:13","guid":{"rendered":"http:\/\/www.cinevox.be\/?p=36954"},"modified":"2013-04-24T12:40:53","modified_gmt":"2013-04-24T12:40:53","slug":"la-religieuse-ba","status":"publish","type":"post","link":"https:\/\/welovecinema.be\/fr\/la-religieuse-ba\/","title":{"rendered":"La Religieuse &#8211; Bande annonce"},"content":{"rendered":"<p>XVIIIe si\u00e8cle. Suzanne, 16 ans, est contrainte par sa famille \u00e0 rentrer dans les ordres, alors qu\u2019elle aspire \u00e0 vivre dans \u00ab le monde \u00bb. Au couvent, elle est confront\u00e9e \u00e0 l\u2019arbitraire de la hi\u00e9rarchie eccl\u00e9siastique : m\u00e8res sup\u00e9rieures tour \u00e0 tour bienveillantes, cruelles ou un peu trop aimantes\u2026 La passion et la force qui l\u2019animent lui permettent de r\u00e9sister \u00e0 la barbarie du couvent, poursuivant son unique but : lutter par tous les moyens pour retrouver sa libert\u00e9.<!--more--><\/p>\n<p>&nbsp;<\/p>\n<p><em>La Religieuse<\/em>, de Guillaume Nicloux avec Pauline Etienne et Pierre Nisse est en comp\u00e9tition au Festival de Berlin.<\/p>\n","protected":false},"excerpt":{"rendered":"<p>XVIIIe si\u00e8cle. Suzanne, 16 ans, est contrainte par sa famille \u00e0 rentrer dans les ordres, alors qu\u2019elle aspire \u00e0 vivre dans \u00ab le monde \u00bb. Au couvent, elle est confront\u00e9e \u00e0 l\u2019arbitraire de la hi\u00e9rarchie eccl\u00e9siastique : m\u00e8res sup\u00e9rieures tour \u00e0 tour bienveillantes, cruelles ou un peu trop aimantes\u2026 La passion et la force qui &hellip;<\/p>\n","protected":false},"author":7,"featured_media":36959,"comment_status":"closed","ping_status":"closed","sticky":false,"template":"","format":"standard","meta":{"ngg_post_thumbnail":0,"footnotes":""},"categories":[53],"tags":[],"class_list":["post-36954","post","type-post","status-publish","format-standard","has-post-thumbnail","","category-coming-soon"],"yoast_head":"<!-- This site is optimized with the Yoast SEO plugin v20.4 - https:\/\/yoast.com\/wordpress\/plugins\/seo\/ -->\n<title>La Religieuse - Bande annonce - We Love Cinema<\/title>\n<meta name=\"robots\" content=\"index, follow, max-snippet:-1, max-image-preview:large, max-video-preview:-1\" \/>\n<link rel=\"canonical\" href=\"https:\/\/welovecinema.be\/fr\/la-religieuse-ba\/\" \/>\n<meta property=\"og:locale\" content=\"fr_FR\" \/>\n<meta property=\"og:type\" content=\"article\" \/>\n<meta property=\"og:title\" content=\"La Religieuse - Bande annonce - We Love Cinema\" \/>\n<meta property=\"og:description\" content=\"XVIIIe si\u00e8cle. Suzanne, 16 ans, est contrainte par sa famille \u00e0 rentrer dans les ordres, alors qu\u2019elle aspire \u00e0 vivre dans \u00ab le monde \u00bb. Au couvent, elle est confront\u00e9e \u00e0 l\u2019arbitraire de la hi\u00e9rarchie eccl\u00e9siastique : m\u00e8res sup\u00e9rieures tour \u00e0 tour bienveillantes, cruelles ou un peu trop aimantes\u2026 La passion et la force qui &hellip;\" \/>\n<meta property=\"og:url\" content=\"https:\/\/welovecinema.be\/fr\/la-religieuse-ba\/\" \/>\n<meta property=\"og:site_name\" content=\"We Love Cinema\" \/>\n<meta property=\"article:publisher\" content=\"https:\/\/www.facebook.com\/welovecinema.be\" \/>\n<meta property=\"article:published_time\" content=\"2013-03-15T06:11:13+00:00\" \/>\n<meta property=\"article:modified_time\" content=\"2013-04-24T12:40:53+00:00\" \/>\n<meta property=\"og:image\" content=\"https:\/\/welovecinema.be\/wp-content\/uploads\/sites\/2\/2013\/02\/lr11.jpg\" \/>\n\t<meta property=\"og:image:width\" content=\"640\" \/>\n\t<meta property=\"og:image:height\" content=\"427\" \/>\n\t<meta property=\"og:image:type\" content=\"image\/jpeg\" \/>\n<meta name=\"author\" content=\"Philippe.Pierquin\" \/>\n<meta name=\"twitter:card\" content=\"summary_large_image\" \/>\n<meta name=\"twitter:label1\" content=\"\u00c9crit par\" \/>\n\t<meta name=\"twitter:data1\" content=\"Philippe.Pierquin\" \/>\n<script type=\"application\/ld+json\" class=\"yoast-schema-graph\">{\"@context\":\"https:\/\/schema.org\",\"@graph\":[{\"@type\":\"Article\",\"@id\":\"https:\/\/welovecinema.be\/fr\/la-religieuse-ba\/#article\",\"isPartOf\":{\"@id\":\"https:\/\/welovecinema.be\/fr\/la-religieuse-ba\/\"},\"author\":{\"name\":\"Philippe.Pierquin\",\"@id\":\"https:\/\/welovecinema.be\/nl\/#\/schema\/person\/4b9b1d857f0943453a38a7c2859ef756\"},\"headline\":\"La Religieuse &#8211; Bande annonce\",\"datePublished\":\"2013-03-15T06:11:13+00:00\",\"dateModified\":\"2013-04-24T12:40:53+00:00\",\"mainEntityOfPage\":{\"@id\":\"https:\/\/welovecinema.be\/fr\/la-religieuse-ba\/\"},\"wordCount\":104,\"publisher\":{\"@id\":\"https:\/\/welovecinema.be\/nl\/#organization\"},\"articleSection\":[\"Coming soon\"],\"inLanguage\":\"fr-FR\"},{\"@type\":\"WebPage\",\"@id\":\"https:\/\/welovecinema.be\/fr\/la-religieuse-ba\/\",\"url\":\"https:\/\/welovecinema.be\/fr\/la-religieuse-ba\/\",\"name\":\"La Religieuse - Bande annonce - We Love Cinema\",\"isPartOf\":{\"@id\":\"https:\/\/welovecinema.be\/nl\/#website\"},\"datePublished\":\"2013-03-15T06:11:13+00:00\",\"dateModified\":\"2013-04-24T12:40:53+00:00\",\"breadcrumb\":{\"@id\":\"https:\/\/welovecinema.be\/fr\/la-religieuse-ba\/#breadcrumb\"},\"inLanguage\":\"fr-FR\",\"potentialAction\":[{\"@type\":\"ReadAction\",\"target\":[\"https:\/\/welovecinema.be\/fr\/la-religieuse-ba\/\"]}]},{\"@type\":\"BreadcrumbList\",\"@id\":\"https:\/\/welovecinema.be\/fr\/la-religieuse-ba\/#breadcrumb\",\"itemListElement\":[{\"@type\":\"ListItem\",\"position\":1,\"name\":\"Accueil\",\"item\":\"https:\/\/welovecinema.be\/fr\/\"},{\"@type\":\"ListItem\",\"position\":2,\"name\":\"La Religieuse &#8211; Bande annonce\"}]},{\"@type\":\"WebSite\",\"@id\":\"https:\/\/welovecinema.be\/nl\/#website\",\"url\":\"https:\/\/welovecinema.be\/nl\/\",\"name\":\"We Love Cinema\",\"description\":\"Toute l\u2019information du cin\u00e9ma en Belgique\",\"publisher\":{\"@id\":\"https:\/\/welovecinema.be\/nl\/#organization\"},\"potentialAction\":[{\"@type\":\"SearchAction\",\"target\":{\"@type\":\"EntryPoint\",\"urlTemplate\":\"https:\/\/welovecinema.be\/nl\/?s={search_term_string}\"},\"query-input\":\"required name=search_term_string\"}],\"inLanguage\":\"fr-FR\"},{\"@type\":\"Organization\",\"@id\":\"https:\/\/welovecinema.be\/nl\/#organization\",\"name\":\"We Love Cinema\",\"url\":\"https:\/\/welovecinema.be\/nl\/\",\"logo\":{\"@type\":\"ImageObject\",\"inLanguage\":\"fr-FR\",\"@id\":\"https:\/\/welovecinema.be\/nl\/#\/schema\/logo\/image\/\",\"url\":\"https:\/\/welovecinema.be\/wp-content\/uploads\/sites\/2\/2023\/03\/Logo-We-Love-Cinema305x128.jpg\",\"contentUrl\":\"https:\/\/welovecinema.be\/wp-content\/uploads\/sites\/2\/2023\/03\/Logo-We-Love-Cinema305x128.jpg\",\"width\":305,\"height\":128,\"caption\":\"We Love Cinema\"},\"image\":{\"@id\":\"https:\/\/welovecinema.be\/nl\/#\/schema\/logo\/image\/\"},\"sameAs\":[\"https:\/\/www.facebook.com\/welovecinema.be\",\"https:\/\/www.youtube.com\/channel\/UCX5LYGVhnKvYauW4Nta4HJA\",\"https:\/\/www.instagram.com\/welovecinema.be\/\"]},{\"@type\":\"Person\",\"@id\":\"https:\/\/welovecinema.be\/nl\/#\/schema\/person\/4b9b1d857f0943453a38a7c2859ef756\",\"name\":\"Philippe.Pierquin\",\"url\":\"https:\/\/welovecinema.be\/fr\/author\/philippe-pierquin\/\"}]}<\/script>\n<!-- \/ Yoast SEO plugin. -->","yoast_head_json":{"title":"La Religieuse - Bande annonce - We Love Cinema","robots":{"index":"index","follow":"follow","max-snippet":"max-snippet:-1","max-image-preview":"max-image-preview:large","max-video-preview":"max-video-preview:-1"},"canonical":"https:\/\/welovecinema.be\/fr\/la-religieuse-ba\/","og_locale":"fr_FR","og_type":"article","og_title":"La Religieuse - Bande annonce - We Love Cinema","og_description":"XVIIIe si\u00e8cle. Suzanne, 16 ans, est contrainte par sa famille \u00e0 rentrer dans les ordres, alors qu\u2019elle aspire \u00e0 vivre dans \u00ab le monde \u00bb. Au couvent, elle est confront\u00e9e \u00e0 l\u2019arbitraire de la hi\u00e9rarchie eccl\u00e9siastique : m\u00e8res sup\u00e9rieures tour \u00e0 tour bienveillantes, cruelles ou un peu trop aimantes\u2026 La passion et la force qui &hellip;","og_url":"https:\/\/welovecinema.be\/fr\/la-religieuse-ba\/","og_site_name":"We Love Cinema","article_publisher":"https:\/\/www.facebook.com\/welovecinema.be","article_published_time":"2013-03-15T06:11:13+00:00","article_modified_time":"2013-04-24T12:40:53+00:00","og_image":[{"width":"640","height":"427","url":"https:\/\/welovecinema.be\/wp-content\/uploads\/sites\/2\/2013\/02\/lr11.jpg","type":"image\/jpeg"}],"author":"Philippe.Pierquin","twitter_card":"summary_large_image","twitter_misc":{"\u00c9crit par":"Philippe.Pierquin"},"schema":{"@context":"https:\/\/schema.org","@graph":[{"@type":"Article","@id":"https:\/\/welovecinema.be\/fr\/la-religieuse-ba\/#article","isPartOf":{"@id":"https:\/\/welovecinema.be\/fr\/la-religieuse-ba\/"},"author":{"name":"Philippe.Pierquin","@id":"https:\/\/welovecinema.be\/nl\/#\/schema\/person\/4b9b1d857f0943453a38a7c2859ef756"},"headline":"La Religieuse &#8211; Bande annonce","datePublished":"2013-03-15T06:11:13+00:00","dateModified":"2013-04-24T12:40:53+00:00","mainEntityOfPage":{"@id":"https:\/\/welovecinema.be\/fr\/la-religieuse-ba\/"},"wordCount":104,"publisher":{"@id":"https:\/\/welovecinema.be\/nl\/#organization"},"articleSection":["Coming soon"],"inLanguage":"fr-FR"},{"@type":"WebPage","@id":"https:\/\/welovecinema.be\/fr\/la-religieuse-ba\/","url":"https:\/\/welovecinema.be\/fr\/la-religieuse-ba\/","name":"La Religieuse - Bande annonce - We Love Cinema","isPartOf":{"@id":"https:\/\/welovecinema.be\/nl\/#website"},"datePublished":"2013-03-15T06:11:13+00:00","dateModified":"2013-04-24T12:40:53+00:00","breadcrumb":{"@id":"https:\/\/welovecinema.be\/fr\/la-religieuse-ba\/#breadcrumb"},"inLanguage":"fr-FR","potentialAction":[{"@type":"ReadAction","target":["https:\/\/welovecinema.be\/fr\/la-religieuse-ba\/"]}]},{"@type":"BreadcrumbList","@id":"https:\/\/welovecinema.be\/fr\/la-religieuse-ba\/#breadcrumb","itemListElement":[{"@type":"ListItem","position":1,"name":"Accueil","item":"https:\/\/welovecinema.be\/fr\/"},{"@type":"ListItem","position":2,"name":"La Religieuse &#8211; Bande annonce"}]},{"@type":"WebSite","@id":"https:\/\/welovecinema.be\/nl\/#website","url":"https:\/\/welovecinema.be\/nl\/","name":"We Love Cinema","description":"Toute l\u2019information du cin\u00e9ma en Belgique","publisher":{"@id":"https:\/\/welovecinema.be\/nl\/#organization"},"potentialAction":[{"@type":"SearchAction","target":{"@type":"EntryPoint","urlTemplate":"https:\/\/welovecinema.be\/nl\/?s={search_term_string}"},"query-input":"required name=search_term_string"}],"inLanguage":"fr-FR"},{"@type":"Organization","@id":"https:\/\/welovecinema.be\/nl\/#organization","name":"We Love Cinema","url":"https:\/\/welovecinema.be\/nl\/","logo":{"@type":"ImageObject","inLanguage":"fr-FR","@id":"https:\/\/welovecinema.be\/nl\/#\/schema\/logo\/image\/","url":"https:\/\/welovecinema.be\/wp-content\/uploads\/sites\/2\/2023\/03\/Logo-We-Love-Cinema305x128.jpg","contentUrl":"https:\/\/welovecinema.be\/wp-content\/uploads\/sites\/2\/2023\/03\/Logo-We-Love-Cinema305x128.jpg","width":305,"height":128,"caption":"We Love Cinema"},"image":{"@id":"https:\/\/welovecinema.be\/nl\/#\/schema\/logo\/image\/"},"sameAs":["https:\/\/www.facebook.com\/welovecinema.be","https:\/\/www.youtube.com\/channel\/UCX5LYGVhnKvYauW4Nta4HJA","https:\/\/www.instagram.com\/welovecinema.be\/"]},{"@type":"Person","@id":"https:\/\/welovecinema.be\/nl\/#\/schema\/person\/4b9b1d857f0943453a38a7c2859ef756","name":"Philippe.Pierquin","url":"https:\/\/welovecinema.be\/fr\/author\/philippe-pierquin\/"}]}},"_links":{"self":[{"href":"https:\/\/welovecinema.be\/fr\/wp-json\/wp\/v2\/posts\/36954","targetHints":{"allow":["GET"]}}],"collection":[{"href":"https:\/\/welovecinema.be\/fr\/wp-json\/wp\/v2\/posts"}],"about":[{"href":"https:\/\/welovecinema.be\/fr\/wp-json\/wp\/v2\/types\/post"}],"author":[{"embeddable":true,"href":"https:\/\/welovecinema.be\/fr\/wp-json\/wp\/v2\/users\/7"}],"replies":[{"embeddable":true,"href":"https:\/\/welovecinema.be\/fr\/wp-json\/wp\/v2\/comments?post=36954"}],"version-history":[{"count":0,"href":"https:\/\/welovecinema.be\/fr\/wp-json\/wp\/v2\/posts\/36954\/revisions"}],"wp:featuredmedia":[{"embeddable":true,"href":"https:\/\/welovecinema.be\/fr\/wp-json\/wp\/v2\/media\/36959"}],"wp:attachment":[{"href":"https:\/\/welovecinema.be\/fr\/wp-json\/wp\/v2\/media?parent=36954"}],"wp:term":[{"taxonomy":"category","embeddable":true,"href":"https:\/\/welovecinema.be\/fr\/wp-json\/wp\/v2\/categories?post=36954"},{"taxonomy":"post_tag","embeddable":true,"href":"https:\/\/welovecinema.be\/fr\/wp-json\/wp\/v2\/tags?post=36954"}],"curies":[{"name":"wp","href":"https:\/\/api.w.org\/{rel}","templated":true}]}}