{"id":36930,"date":"2013-02-04T12:23:57","date_gmt":"2013-02-04T12:23:57","guid":{"rendered":"http:\/\/www.cinevox.be\/?p=36930"},"modified":"2013-02-04T12:30:15","modified_gmt":"2013-02-04T12:30:15","slug":"magritte-2013-on-ferme-la-marche","status":"publish","type":"post","link":"https:\/\/welovecinema.be\/fr\/magritte-2013-on-ferme-la-marche\/","title":{"rendered":"Magritte 2013 : On ferme la marche"},"content":{"rendered":"<p>Descendons une toute derni\u00e8re fois les marches pour accueillir quelques invit\u00e9s arriv\u00e9s sur le tard. Heureusement, notre photographe bravant les conditions climatiques d\u00e9favorables n&rsquo;a pas quitt\u00e9 son poste.<\/p>\n<p>&nbsp;<\/p>\n<p><em>Toutes les photos peuvent \u00eatre utilis\u00e9es \u00a0avec le copyright [\u00a9 <\/em>Marie Adam-Leenaerdt<em>\/Cinevox 2013]<\/em><\/p>\n<p><em><br \/>\n<\/em><\/p>\n<p><!--more--><\/p>\n<p>&nbsp;<\/p>\n<p>&nbsp;<\/p>\n<p><a rel=\"attachment wp-att-36934\" href=\"http:\/\/www.cinevox.be\/magritte-2013-on-ferme-la-marche\/dsc_3768\"><img loading=\"lazy\" decoding=\"async\" class=\"aligncenter size-full wp-image-36934\" title=\"DSC_3768\" src=\"http:\/\/www.cinevox.be\/wp-content\/uploads\/sites\/2\/2013\/02\/DSC_3768.jpg\" alt=\"\" width=\"1024\" height=\"551\" srcset=\"https:\/\/welovecinema.be\/wp-content\/uploads\/sites\/2\/2013\/02\/DSC_3768.jpg 1024w, https:\/\/welovecinema.be\/wp-content\/uploads\/sites\/2\/2013\/02\/DSC_3768-480x258.jpg 480w, https:\/\/welovecinema.be\/wp-content\/uploads\/sites\/2\/2013\/02\/DSC_3768-800x430.jpg 800w\" sizes=\"auto, (max-width: 1024px) 100vw, 1024px\" \/><\/a><\/p>\n<p>Helena Noguerra, ma\u00eetresse \u00a0de c\u00e9r\u00e9monie des deux premi\u00e8res \u00e9ditions des Magritte du cin\u00e9ma<\/p>\n<p>&nbsp;<\/p>\n<p><a rel=\"attachment wp-att-36935\" href=\"http:\/\/www.cinevox.be\/magritte-2013-on-ferme-la-marche\/dsc_3805\"><img loading=\"lazy\" decoding=\"async\" class=\"aligncenter size-full wp-image-36935\" title=\"DSC_3805\" src=\"http:\/\/www.cinevox.be\/wp-content\/uploads\/sites\/2\/2013\/02\/DSC_3805.jpg\" alt=\"\" width=\"1024\" height=\"543\" srcset=\"https:\/\/welovecinema.be\/wp-content\/uploads\/sites\/2\/2013\/02\/DSC_3805.jpg 1024w, https:\/\/welovecinema.be\/wp-content\/uploads\/sites\/2\/2013\/02\/DSC_3805-480x254.jpg 480w, https:\/\/welovecinema.be\/wp-content\/uploads\/sites\/2\/2013\/02\/DSC_3805-800x424.jpg 800w\" sizes=\"auto, (max-width: 1024px) 100vw, 1024px\" \/><\/a><\/p>\n<p>Erika Sainte en catwoman, fa\u00e7on Elvis Pompillo avec Michael Bier (ADK Casting)<\/p>\n<p>&nbsp;<\/p>\n<p><a rel=\"attachment wp-att-36936\" href=\"http:\/\/www.cinevox.be\/magritte-2013-on-ferme-la-marche\/dsc_3921\"><img loading=\"lazy\" decoding=\"async\" class=\"aligncenter size-full wp-image-36936\" title=\"DSC_3921\" src=\"http:\/\/www.cinevox.be\/wp-content\/uploads\/sites\/2\/2013\/02\/DSC_3921.jpg\" alt=\"\" width=\"1024\" height=\"553\" srcset=\"https:\/\/welovecinema.be\/wp-content\/uploads\/sites\/2\/2013\/02\/DSC_3921.jpg 1024w, https:\/\/welovecinema.be\/wp-content\/uploads\/sites\/2\/2013\/02\/DSC_3921-480x259.jpg 480w, https:\/\/welovecinema.be\/wp-content\/uploads\/sites\/2\/2013\/02\/DSC_3921-800x432.jpg 800w\" sizes=\"auto, (max-width: 1024px) 100vw, 1024px\" \/><\/a><\/p>\n<p>Claude Fran\u00e7ois Jr avec&#8230; papa (voir ci-dessous)<\/p>\n<p>&nbsp;<\/p>\n<p><a rel=\"attachment wp-att-36941\" href=\"http:\/\/www.cinevox.be\/magritte-2013-on-ferme-la-marche\/dsc_3994-2\"><img loading=\"lazy\" decoding=\"async\" class=\"aligncenter size-full wp-image-36941\" title=\"DSC_3994\" src=\"http:\/\/www.cinevox.be\/wp-content\/uploads\/sites\/2\/2013\/02\/DSC_39941.jpg\" alt=\"\" width=\"1024\" height=\"673\" srcset=\"https:\/\/welovecinema.be\/wp-content\/uploads\/sites\/2\/2013\/02\/DSC_39941.jpg 1024w, https:\/\/welovecinema.be\/wp-content\/uploads\/sites\/2\/2013\/02\/DSC_39941-410x270.jpg 410w, https:\/\/welovecinema.be\/wp-content\/uploads\/sites\/2\/2013\/02\/DSC_39941-800x525.jpg 800w\" sizes=\"auto, (max-width: 1024px) 100vw, 1024px\" \/><\/a>Cloclo&#8230; heu, non, J\u00e9r\u00e9mie Renier, d&rsquo;ailleurs il ne lui ressemble plus du tout.<\/p>\n<p>&nbsp;<\/p>\n<p><a rel=\"attachment wp-att-36937\" href=\"http:\/\/www.cinevox.be\/magritte-2013-on-ferme-la-marche\/dsc_3903\"><img loading=\"lazy\" decoding=\"async\" class=\"aligncenter size-full wp-image-36937\" title=\"DSC_3903\" src=\"http:\/\/www.cinevox.be\/wp-content\/uploads\/sites\/2\/2013\/02\/DSC_3903.jpg\" alt=\"\" width=\"1024\" height=\"627\" srcset=\"https:\/\/welovecinema.be\/wp-content\/uploads\/sites\/2\/2013\/02\/DSC_3903.jpg 1024w, https:\/\/welovecinema.be\/wp-content\/uploads\/sites\/2\/2013\/02\/DSC_3903-440x270.jpg 440w, https:\/\/welovecinema.be\/wp-content\/uploads\/sites\/2\/2013\/02\/DSC_3903-800x489.jpg 800w\" sizes=\"auto, (max-width: 1024px) 100vw, 1024px\" \/><\/a><\/p>\n<p>Le couple le\u00a0plus\u00a0glamour de la soir\u00e9e:\u00a0Alexandra Schouteden et Matthiaaaaas Schoenaerts. Brad et Angelina peuvent laisser tomber&#8230;<\/p>\n<p>&nbsp;<\/p>\n<p><a rel=\"attachment wp-att-36938\" href=\"http:\/\/www.cinevox.be\/magritte-2013-on-ferme-la-marche\/dsc_3950\"><img loading=\"lazy\" decoding=\"async\" class=\"aligncenter size-full wp-image-36938\" title=\"DSC_3950\" src=\"http:\/\/www.cinevox.be\/wp-content\/uploads\/sites\/2\/2013\/02\/DSC_3950.jpg\" alt=\"\" width=\"1024\" height=\"688\" srcset=\"https:\/\/welovecinema.be\/wp-content\/uploads\/sites\/2\/2013\/02\/DSC_3950.jpg 1024w, https:\/\/welovecinema.be\/wp-content\/uploads\/sites\/2\/2013\/02\/DSC_3950-401x270.jpg 401w, https:\/\/welovecinema.be\/wp-content\/uploads\/sites\/2\/2013\/02\/DSC_3950-800x537.jpg 800w\" sizes=\"auto, (max-width: 1024px) 100vw, 1024px\" \/><\/a><\/p>\n<p>Isabelle De Hertogh fa\u00e7on Elvis Pompillo. la bonne humeur et le peps.<\/p>\n<p>&nbsp;<\/p>\n<p><a rel=\"attachment wp-att-36939\" href=\"http:\/\/www.cinevox.be\/magritte-2013-on-ferme-la-marche\/dsc_3973\"><img loading=\"lazy\" decoding=\"async\" class=\"aligncenter size-full wp-image-36939\" title=\"DSC_3973\" src=\"http:\/\/www.cinevox.be\/wp-content\/uploads\/sites\/2\/2013\/02\/DSC_3973.jpg\" alt=\"\" width=\"1024\" height=\"559\" srcset=\"https:\/\/welovecinema.be\/wp-content\/uploads\/sites\/2\/2013\/02\/DSC_3973.jpg 1024w, https:\/\/welovecinema.be\/wp-content\/uploads\/sites\/2\/2013\/02\/DSC_3973-480x262.jpg 480w, https:\/\/welovecinema.be\/wp-content\/uploads\/sites\/2\/2013\/02\/DSC_3973-800x436.jpg 800w\" sizes=\"auto, (max-width: 1024px) 100vw, 1024px\" \/><\/a>Laurette Onkelinx\u00a0et Marc\u00a0Uyttendaele, sc\u00e9nariste d&rsquo;A tort ou \u00e0 raison. A ne pas confondre avec A Perdre la Raison&#8230;<\/p>\n","protected":false},"excerpt":{"rendered":"<p>Descendons une toute derni\u00e8re fois les marches pour accueillir quelques invit\u00e9s arriv\u00e9s sur le tard. Heureusement, notre photographe bravant les conditions climatiques d\u00e9favorables n&rsquo;a pas quitt\u00e9 son poste. &nbsp; Toutes les photos peuvent \u00eatre utilis\u00e9es \u00a0avec le copyright [\u00a9 Marie Adam-Leenaerdt\/Cinevox 2013]<\/p>\n","protected":false},"author":7,"featured_media":36943,"comment_status":"closed","ping_status":"closed","sticky":false,"template":"","format":"standard","meta":{"ngg_post_thumbnail":0,"footnotes":""},"categories":[1923,7],"tags":[],"class_list":["post-36930","post","type-post","status-publish","format-standard","has-post-thumbnail","","category-en-bref","category-actualites"],"yoast_head":"<!-- This site is optimized with the Yoast SEO plugin v20.4 - https:\/\/yoast.com\/wordpress\/plugins\/seo\/ -->\n<title>Magritte 2013 : On ferme la marche - We Love Cinema<\/title>\n<meta name=\"robots\" content=\"index, follow, max-snippet:-1, max-image-preview:large, max-video-preview:-1\" \/>\n<link rel=\"canonical\" href=\"https:\/\/welovecinema.be\/fr\/magritte-2013-on-ferme-la-marche\/\" \/>\n<meta property=\"og:locale\" content=\"fr_FR\" \/>\n<meta property=\"og:type\" content=\"article\" \/>\n<meta property=\"og:title\" content=\"Magritte 2013 : On ferme la marche - We Love Cinema\" \/>\n<meta property=\"og:description\" content=\"Descendons une toute derni\u00e8re fois les marches pour accueillir quelques invit\u00e9s arriv\u00e9s sur le tard. Heureusement, notre photographe bravant les conditions climatiques d\u00e9favorables n&rsquo;a pas quitt\u00e9 son poste. &nbsp; Toutes les photos peuvent \u00eatre utilis\u00e9es \u00a0avec le copyright [\u00a9 Marie Adam-Leenaerdt\/Cinevox 2013]\" \/>\n<meta property=\"og:url\" content=\"https:\/\/welovecinema.be\/fr\/magritte-2013-on-ferme-la-marche\/\" \/>\n<meta property=\"og:site_name\" content=\"We Love Cinema\" \/>\n<meta property=\"article:publisher\" content=\"https:\/\/www.facebook.com\/welovecinema.be\" \/>\n<meta property=\"article:published_time\" content=\"2013-02-04T12:23:57+00:00\" \/>\n<meta property=\"article:modified_time\" content=\"2013-02-04T12:30:15+00:00\" \/>\n<meta property=\"og:image\" content=\"https:\/\/welovecinema.be\/wp-content\/uploads\/sites\/2\/2013\/02\/DSC_3866.jpg\" \/>\n\t<meta property=\"og:image:width\" content=\"1024\" \/>\n\t<meta property=\"og:image:height\" content=\"605\" \/>\n\t<meta property=\"og:image:type\" content=\"image\/jpeg\" \/>\n<meta name=\"author\" content=\"Philippe.Pierquin\" \/>\n<meta name=\"twitter:card\" content=\"summary_large_image\" \/>\n<meta name=\"twitter:label1\" content=\"\u00c9crit par\" \/>\n\t<meta name=\"twitter:data1\" content=\"Philippe.Pierquin\" \/>\n\t<meta name=\"twitter:label2\" content=\"Dur\u00e9e de lecture estim\u00e9e\" \/>\n\t<meta name=\"twitter:data2\" content=\"1 minute\" \/>\n<script type=\"application\/ld+json\" class=\"yoast-schema-graph\">{\"@context\":\"https:\/\/schema.org\",\"@graph\":[{\"@type\":\"Article\",\"@id\":\"https:\/\/welovecinema.be\/fr\/magritte-2013-on-ferme-la-marche\/#article\",\"isPartOf\":{\"@id\":\"https:\/\/welovecinema.be\/fr\/magritte-2013-on-ferme-la-marche\/\"},\"author\":{\"name\":\"Philippe.Pierquin\",\"@id\":\"https:\/\/welovecinema.be\/nl\/#\/schema\/person\/4b9b1d857f0943453a38a7c2859ef756\"},\"headline\":\"Magritte 2013 : On ferme la marche\",\"datePublished\":\"2013-02-04T12:23:57+00:00\",\"dateModified\":\"2013-02-04T12:30:15+00:00\",\"mainEntityOfPage\":{\"@id\":\"https:\/\/welovecinema.be\/fr\/magritte-2013-on-ferme-la-marche\/\"},\"wordCount\":169,\"publisher\":{\"@id\":\"https:\/\/welovecinema.be\/nl\/#organization\"},\"articleSection\":[\"En bref\",\"News\"],\"inLanguage\":\"fr-FR\"},{\"@type\":\"WebPage\",\"@id\":\"https:\/\/welovecinema.be\/fr\/magritte-2013-on-ferme-la-marche\/\",\"url\":\"https:\/\/welovecinema.be\/fr\/magritte-2013-on-ferme-la-marche\/\",\"name\":\"Magritte 2013 : On ferme la marche - We Love Cinema\",\"isPartOf\":{\"@id\":\"https:\/\/welovecinema.be\/nl\/#website\"},\"datePublished\":\"2013-02-04T12:23:57+00:00\",\"dateModified\":\"2013-02-04T12:30:15+00:00\",\"breadcrumb\":{\"@id\":\"https:\/\/welovecinema.be\/fr\/magritte-2013-on-ferme-la-marche\/#breadcrumb\"},\"inLanguage\":\"fr-FR\",\"potentialAction\":[{\"@type\":\"ReadAction\",\"target\":[\"https:\/\/welovecinema.be\/fr\/magritte-2013-on-ferme-la-marche\/\"]}]},{\"@type\":\"BreadcrumbList\",\"@id\":\"https:\/\/welovecinema.be\/fr\/magritte-2013-on-ferme-la-marche\/#breadcrumb\",\"itemListElement\":[{\"@type\":\"ListItem\",\"position\":1,\"name\":\"Accueil\",\"item\":\"https:\/\/welovecinema.be\/fr\/\"},{\"@type\":\"ListItem\",\"position\":2,\"name\":\"Magritte 2013 : On ferme la marche\"}]},{\"@type\":\"WebSite\",\"@id\":\"https:\/\/welovecinema.be\/nl\/#website\",\"url\":\"https:\/\/welovecinema.be\/nl\/\",\"name\":\"We Love Cinema\",\"description\":\"Toute l\u2019information du cin\u00e9ma en Belgique\",\"publisher\":{\"@id\":\"https:\/\/welovecinema.be\/nl\/#organization\"},\"potentialAction\":[{\"@type\":\"SearchAction\",\"target\":{\"@type\":\"EntryPoint\",\"urlTemplate\":\"https:\/\/welovecinema.be\/nl\/?s={search_term_string}\"},\"query-input\":\"required name=search_term_string\"}],\"inLanguage\":\"fr-FR\"},{\"@type\":\"Organization\",\"@id\":\"https:\/\/welovecinema.be\/nl\/#organization\",\"name\":\"We Love Cinema\",\"url\":\"https:\/\/welovecinema.be\/nl\/\",\"logo\":{\"@type\":\"ImageObject\",\"inLanguage\":\"fr-FR\",\"@id\":\"https:\/\/welovecinema.be\/nl\/#\/schema\/logo\/image\/\",\"url\":\"https:\/\/welovecinema.be\/wp-content\/uploads\/sites\/2\/2023\/03\/Logo-We-Love-Cinema305x128.jpg\",\"contentUrl\":\"https:\/\/welovecinema.be\/wp-content\/uploads\/sites\/2\/2023\/03\/Logo-We-Love-Cinema305x128.jpg\",\"width\":305,\"height\":128,\"caption\":\"We Love Cinema\"},\"image\":{\"@id\":\"https:\/\/welovecinema.be\/nl\/#\/schema\/logo\/image\/\"},\"sameAs\":[\"https:\/\/www.facebook.com\/welovecinema.be\",\"https:\/\/www.youtube.com\/channel\/UCX5LYGVhnKvYauW4Nta4HJA\",\"https:\/\/www.instagram.com\/welovecinema.be\/\"]},{\"@type\":\"Person\",\"@id\":\"https:\/\/welovecinema.be\/nl\/#\/schema\/person\/4b9b1d857f0943453a38a7c2859ef756\",\"name\":\"Philippe.Pierquin\",\"url\":\"https:\/\/welovecinema.be\/fr\/author\/philippe-pierquin\/\"}]}<\/script>\n<!-- \/ Yoast SEO plugin. -->","yoast_head_json":{"title":"Magritte 2013 : On ferme la marche - We Love Cinema","robots":{"index":"index","follow":"follow","max-snippet":"max-snippet:-1","max-image-preview":"max-image-preview:large","max-video-preview":"max-video-preview:-1"},"canonical":"https:\/\/welovecinema.be\/fr\/magritte-2013-on-ferme-la-marche\/","og_locale":"fr_FR","og_type":"article","og_title":"Magritte 2013 : On ferme la marche - We Love Cinema","og_description":"Descendons une toute derni\u00e8re fois les marches pour accueillir quelques invit\u00e9s arriv\u00e9s sur le tard. Heureusement, notre photographe bravant les conditions climatiques d\u00e9favorables n&rsquo;a pas quitt\u00e9 son poste. &nbsp; Toutes les photos peuvent \u00eatre utilis\u00e9es \u00a0avec le copyright [\u00a9 Marie Adam-Leenaerdt\/Cinevox 2013]","og_url":"https:\/\/welovecinema.be\/fr\/magritte-2013-on-ferme-la-marche\/","og_site_name":"We Love Cinema","article_publisher":"https:\/\/www.facebook.com\/welovecinema.be","article_published_time":"2013-02-04T12:23:57+00:00","article_modified_time":"2013-02-04T12:30:15+00:00","og_image":[{"width":"1024","height":"605","url":"https:\/\/welovecinema.be\/wp-content\/uploads\/sites\/2\/2013\/02\/DSC_3866.jpg","type":"image\/jpeg"}],"author":"Philippe.Pierquin","twitter_card":"summary_large_image","twitter_misc":{"\u00c9crit par":"Philippe.Pierquin","Dur\u00e9e de lecture estim\u00e9e":"1 minute"},"schema":{"@context":"https:\/\/schema.org","@graph":[{"@type":"Article","@id":"https:\/\/welovecinema.be\/fr\/magritte-2013-on-ferme-la-marche\/#article","isPartOf":{"@id":"https:\/\/welovecinema.be\/fr\/magritte-2013-on-ferme-la-marche\/"},"author":{"name":"Philippe.Pierquin","@id":"https:\/\/welovecinema.be\/nl\/#\/schema\/person\/4b9b1d857f0943453a38a7c2859ef756"},"headline":"Magritte 2013 : On ferme la marche","datePublished":"2013-02-04T12:23:57+00:00","dateModified":"2013-02-04T12:30:15+00:00","mainEntityOfPage":{"@id":"https:\/\/welovecinema.be\/fr\/magritte-2013-on-ferme-la-marche\/"},"wordCount":169,"publisher":{"@id":"https:\/\/welovecinema.be\/nl\/#organization"},"articleSection":["En bref","News"],"inLanguage":"fr-FR"},{"@type":"WebPage","@id":"https:\/\/welovecinema.be\/fr\/magritte-2013-on-ferme-la-marche\/","url":"https:\/\/welovecinema.be\/fr\/magritte-2013-on-ferme-la-marche\/","name":"Magritte 2013 : On ferme la marche - We Love Cinema","isPartOf":{"@id":"https:\/\/welovecinema.be\/nl\/#website"},"datePublished":"2013-02-04T12:23:57+00:00","dateModified":"2013-02-04T12:30:15+00:00","breadcrumb":{"@id":"https:\/\/welovecinema.be\/fr\/magritte-2013-on-ferme-la-marche\/#breadcrumb"},"inLanguage":"fr-FR","potentialAction":[{"@type":"ReadAction","target":["https:\/\/welovecinema.be\/fr\/magritte-2013-on-ferme-la-marche\/"]}]},{"@type":"BreadcrumbList","@id":"https:\/\/welovecinema.be\/fr\/magritte-2013-on-ferme-la-marche\/#breadcrumb","itemListElement":[{"@type":"ListItem","position":1,"name":"Accueil","item":"https:\/\/welovecinema.be\/fr\/"},{"@type":"ListItem","position":2,"name":"Magritte 2013 : On ferme la marche"}]},{"@type":"WebSite","@id":"https:\/\/welovecinema.be\/nl\/#website","url":"https:\/\/welovecinema.be\/nl\/","name":"We Love Cinema","description":"Toute l\u2019information du cin\u00e9ma en Belgique","publisher":{"@id":"https:\/\/welovecinema.be\/nl\/#organization"},"potentialAction":[{"@type":"SearchAction","target":{"@type":"EntryPoint","urlTemplate":"https:\/\/welovecinema.be\/nl\/?s={search_term_string}"},"query-input":"required name=search_term_string"}],"inLanguage":"fr-FR"},{"@type":"Organization","@id":"https:\/\/welovecinema.be\/nl\/#organization","name":"We Love Cinema","url":"https:\/\/welovecinema.be\/nl\/","logo":{"@type":"ImageObject","inLanguage":"fr-FR","@id":"https:\/\/welovecinema.be\/nl\/#\/schema\/logo\/image\/","url":"https:\/\/welovecinema.be\/wp-content\/uploads\/sites\/2\/2023\/03\/Logo-We-Love-Cinema305x128.jpg","contentUrl":"https:\/\/welovecinema.be\/wp-content\/uploads\/sites\/2\/2023\/03\/Logo-We-Love-Cinema305x128.jpg","width":305,"height":128,"caption":"We Love Cinema"},"image":{"@id":"https:\/\/welovecinema.be\/nl\/#\/schema\/logo\/image\/"},"sameAs":["https:\/\/www.facebook.com\/welovecinema.be","https:\/\/www.youtube.com\/channel\/UCX5LYGVhnKvYauW4Nta4HJA","https:\/\/www.instagram.com\/welovecinema.be\/"]},{"@type":"Person","@id":"https:\/\/welovecinema.be\/nl\/#\/schema\/person\/4b9b1d857f0943453a38a7c2859ef756","name":"Philippe.Pierquin","url":"https:\/\/welovecinema.be\/fr\/author\/philippe-pierquin\/"}]}},"_links":{"self":[{"href":"https:\/\/welovecinema.be\/fr\/wp-json\/wp\/v2\/posts\/36930","targetHints":{"allow":["GET"]}}],"collection":[{"href":"https:\/\/welovecinema.be\/fr\/wp-json\/wp\/v2\/posts"}],"about":[{"href":"https:\/\/welovecinema.be\/fr\/wp-json\/wp\/v2\/types\/post"}],"author":[{"embeddable":true,"href":"https:\/\/welovecinema.be\/fr\/wp-json\/wp\/v2\/users\/7"}],"replies":[{"embeddable":true,"href":"https:\/\/welovecinema.be\/fr\/wp-json\/wp\/v2\/comments?post=36930"}],"version-history":[{"count":0,"href":"https:\/\/welovecinema.be\/fr\/wp-json\/wp\/v2\/posts\/36930\/revisions"}],"wp:featuredmedia":[{"embeddable":true,"href":"https:\/\/welovecinema.be\/fr\/wp-json\/wp\/v2\/media\/36943"}],"wp:attachment":[{"href":"https:\/\/welovecinema.be\/fr\/wp-json\/wp\/v2\/media?parent=36930"}],"wp:term":[{"taxonomy":"category","embeddable":true,"href":"https:\/\/welovecinema.be\/fr\/wp-json\/wp\/v2\/categories?post=36930"},{"taxonomy":"post_tag","embeddable":true,"href":"https:\/\/welovecinema.be\/fr\/wp-json\/wp\/v2\/tags?post=36930"}],"curies":[{"name":"wp","href":"https:\/\/api.w.org\/{rel}","templated":true}]}}