{"id":36842,"date":"2013-02-03T16:39:58","date_gmt":"2013-02-03T16:39:58","guid":{"rendered":"http:\/\/www.cinevox.be\/?p=36842"},"modified":"2013-02-03T18:53:08","modified_gmt":"2013-02-03T18:53:08","slug":"magritte-2013-la-descente-des-marches","status":"publish","type":"post","link":"https:\/\/welovecinema.be\/fr\/magritte-2013-la-descente-des-marches\/","title":{"rendered":"Magritte 2013 : la descente des marches"},"content":{"rendered":"<p>Au bas des marches, Marie, notre jeune photographe, d\u00e9couvre les Magritte et accueille les invit\u00e9s de la soir\u00e9e. Floril\u00e8ge de ses rencontres par objectif interpos\u00e9&#8230;<\/p>\n<p style=\"text-align: right;\">&nbsp;<\/p>\n<p><em>Toutes les photos peuvent \u00eatre utilis\u00e9es \u00a0avec le copyright [\u00a9 <\/em>Marie Adam-Leenaerdt<em>\/Cinevox 2013]<\/em><\/p>\n<p><!--more--><\/p>\n<p>&nbsp;<\/p>\n<p>&nbsp;<\/p>\n<p>&nbsp;<\/p>\n<p>&nbsp;<\/p>\n<p><a rel=\"attachment wp-att-36843\" href=\"http:\/\/www.cinevox.be\/magritte-2013-la-descente-des-marches\/dsc_3107\"><img loading=\"lazy\" decoding=\"async\" class=\"aligncenter size-full wp-image-36843\" title=\"DSC_3107\" src=\"http:\/\/www.cinevox.be\/wp-content\/uploads\/sites\/2\/2013\/02\/DSC_3107.jpg\" alt=\"\" width=\"1024\" height=\"683\" srcset=\"https:\/\/welovecinema.be\/wp-content\/uploads\/sites\/2\/2013\/02\/DSC_3107.jpg 1024w, https:\/\/welovecinema.be\/wp-content\/uploads\/sites\/2\/2013\/02\/DSC_3107-404x270.jpg 404w, https:\/\/welovecinema.be\/wp-content\/uploads\/sites\/2\/2013\/02\/DSC_3107-800x533.jpg 800w\" sizes=\"auto, (max-width: 1024px) 100vw, 1024px\" \/><\/a><\/p>\n<p>Astrid Whettnall et Thomas Doret, deux p\u00e9pites de notre cin\u00e9ma.<\/p>\n<p>&nbsp;<\/p>\n<p><a rel=\"attachment wp-att-36845\" href=\"http:\/\/www.cinevox.be\/magritte-2013-la-descente-des-marches\/dsc_3174\"><img loading=\"lazy\" decoding=\"async\" class=\"aligncenter size-full wp-image-36845\" title=\"DSC_3174\" src=\"http:\/\/www.cinevox.be\/wp-content\/uploads\/sites\/2\/2013\/02\/DSC_3174.jpg\" alt=\"\" width=\"1024\" height=\"567\" srcset=\"https:\/\/welovecinema.be\/wp-content\/uploads\/sites\/2\/2013\/02\/DSC_3174.jpg 1024w, https:\/\/welovecinema.be\/wp-content\/uploads\/sites\/2\/2013\/02\/DSC_3174-480x265.jpg 480w, https:\/\/welovecinema.be\/wp-content\/uploads\/sites\/2\/2013\/02\/DSC_3174-800x442.jpg 800w\" sizes=\"auto, (max-width: 1024px) 100vw, 1024px\" \/><\/a>Bouli Lanners et Lise Ancion.<\/p>\n<p>&nbsp;<\/p>\n<p><a rel=\"attachment wp-att-36844\" href=\"http:\/\/www.cinevox.be\/magritte-2013-la-descente-des-marches\/dsc_3147\"><img loading=\"lazy\" decoding=\"async\" class=\"aligncenter size-full wp-image-36844\" title=\"DSC_3147\" src=\"http:\/\/www.cinevox.be\/wp-content\/uploads\/sites\/2\/2013\/02\/DSC_3147.jpg\" alt=\"\" width=\"1024\" height=\"470\" srcset=\"https:\/\/welovecinema.be\/wp-content\/uploads\/sites\/2\/2013\/02\/DSC_3147.jpg 1024w, https:\/\/welovecinema.be\/wp-content\/uploads\/sites\/2\/2013\/02\/DSC_3147-480x220.jpg 480w, https:\/\/welovecinema.be\/wp-content\/uploads\/sites\/2\/2013\/02\/DSC_3147-800x367.jpg 800w\" sizes=\"auto, (max-width: 1024px) 100vw, 1024px\" \/><\/a>Sylvain Goldberg (Nexus Factory) et madame.<\/p>\n<p>&nbsp;<\/p>\n<p><a rel=\"attachment wp-att-36846\" href=\"http:\/\/www.cinevox.be\/magritte-2013-la-descente-des-marches\/dsc_3190\"><img loading=\"lazy\" decoding=\"async\" class=\"aligncenter size-full wp-image-36846\" title=\"DSC_3190\" src=\"http:\/\/www.cinevox.be\/wp-content\/uploads\/sites\/2\/2013\/02\/DSC_3190.jpg\" alt=\"\" width=\"1024\" height=\"620\" srcset=\"https:\/\/welovecinema.be\/wp-content\/uploads\/sites\/2\/2013\/02\/DSC_3190.jpg 1024w, https:\/\/welovecinema.be\/wp-content\/uploads\/sites\/2\/2013\/02\/DSC_3190-445x270.jpg 445w, https:\/\/welovecinema.be\/wp-content\/uploads\/sites\/2\/2013\/02\/DSC_3190-800x484.jpg 800w\" sizes=\"auto, (max-width: 1024px) 100vw, 1024px\" \/><\/a><\/p>\n<p>Jonathan Zacca\u00ef frigorifi\u00e9 et Elodie Hesme.<\/p>\n<p>&nbsp;<\/p>\n<p><a rel=\"attachment wp-att-36847\" href=\"http:\/\/www.cinevox.be\/magritte-2013-la-descente-des-marches\/dsc_3197\"><img loading=\"lazy\" decoding=\"async\" class=\"aligncenter size-full wp-image-36847\" title=\"DSC_3197\" src=\"http:\/\/www.cinevox.be\/wp-content\/uploads\/sites\/2\/2013\/02\/DSC_3197.jpg\" alt=\"\" width=\"1024\" height=\"683\" srcset=\"https:\/\/welovecinema.be\/wp-content\/uploads\/sites\/2\/2013\/02\/DSC_3197.jpg 1024w, https:\/\/welovecinema.be\/wp-content\/uploads\/sites\/2\/2013\/02\/DSC_3197-404x270.jpg 404w, https:\/\/welovecinema.be\/wp-content\/uploads\/sites\/2\/2013\/02\/DSC_3197-800x533.jpg 800w\" sizes=\"auto, (max-width: 1024px) 100vw, 1024px\" \/><\/a><\/p>\n<p>Bernard Yerles.<\/p>\n<p>&nbsp;<\/p>\n<p><a rel=\"attachment wp-att-36848\" href=\"http:\/\/www.cinevox.be\/magritte-2013-la-descente-des-marches\/dsc_3210\"><img loading=\"lazy\" decoding=\"async\" class=\"aligncenter size-full wp-image-36848\" title=\"DSC_3210\" src=\"http:\/\/www.cinevox.be\/wp-content\/uploads\/sites\/2\/2013\/02\/DSC_3210.jpg\" alt=\"\" width=\"1024\" height=\"683\" srcset=\"https:\/\/welovecinema.be\/wp-content\/uploads\/sites\/2\/2013\/02\/DSC_3210.jpg 1024w, https:\/\/welovecinema.be\/wp-content\/uploads\/sites\/2\/2013\/02\/DSC_3210-404x270.jpg 404w, https:\/\/welovecinema.be\/wp-content\/uploads\/sites\/2\/2013\/02\/DSC_3210-800x533.jpg 800w\" sizes=\"auto, (max-width: 1024px) 100vw, 1024px\" \/><\/a><\/p>\n<p>Emilei Dequenne et son mari. Veni vidi vici.<\/p>\n<p>&nbsp;<\/p>\n<p><a rel=\"attachment wp-att-36849\" href=\"http:\/\/www.cinevox.be\/magritte-2013-la-descente-des-marches\/dsc_3246\"><img loading=\"lazy\" decoding=\"async\" class=\"aligncenter size-full wp-image-36849\" title=\"DSC_3246\" src=\"http:\/\/www.cinevox.be\/wp-content\/uploads\/sites\/2\/2013\/02\/DSC_3246.jpg\" alt=\"\" width=\"1024\" height=\"483\" srcset=\"https:\/\/welovecinema.be\/wp-content\/uploads\/sites\/2\/2013\/02\/DSC_3246.jpg 1024w, https:\/\/welovecinema.be\/wp-content\/uploads\/sites\/2\/2013\/02\/DSC_3246-480x226.jpg 480w, https:\/\/welovecinema.be\/wp-content\/uploads\/sites\/2\/2013\/02\/DSC_3246-800x377.jpg 800w\" sizes=\"auto, (max-width: 1024px) 100vw, 1024px\" \/><\/a><\/p>\n<p>Madame la ministre Fadila Laanan.<\/p>\n<p>&nbsp;<\/p>\n<p><a rel=\"attachment wp-att-36859\" href=\"http:\/\/www.cinevox.be\/magritte-2013-la-descente-des-marches\/dsc_3534\"><img loading=\"lazy\" decoding=\"async\" class=\"aligncenter size-full wp-image-36859\" title=\"DSC_3534\" src=\"http:\/\/www.cinevox.be\/wp-content\/uploads\/sites\/2\/2013\/02\/DSC_3534.jpg\" alt=\"\" width=\"1024\" height=\"528\" srcset=\"https:\/\/welovecinema.be\/wp-content\/uploads\/sites\/2\/2013\/02\/DSC_3534.jpg 1024w, https:\/\/welovecinema.be\/wp-content\/uploads\/sites\/2\/2013\/02\/DSC_3534-480x247.jpg 480w, https:\/\/welovecinema.be\/wp-content\/uploads\/sites\/2\/2013\/02\/DSC_3534-800x412.jpg 800w\" sizes=\"auto, (max-width: 1024px) 100vw, 1024px\" \/><\/a>Monsieur le ministre Didier Reynders<\/p>\n<p>&nbsp;<\/p>\n<p><a rel=\"attachment wp-att-36850\" href=\"http:\/\/www.cinevox.be\/magritte-2013-la-descente-des-marches\/dsc_3339\"><img loading=\"lazy\" decoding=\"async\" class=\"aligncenter size-full wp-image-36850\" title=\"DSC_3339\" src=\"http:\/\/www.cinevox.be\/wp-content\/uploads\/sites\/2\/2013\/02\/DSC_3339.jpg\" alt=\"\" width=\"1024\" height=\"623\" srcset=\"https:\/\/welovecinema.be\/wp-content\/uploads\/sites\/2\/2013\/02\/DSC_3339.jpg 1024w, https:\/\/welovecinema.be\/wp-content\/uploads\/sites\/2\/2013\/02\/DSC_3339-443x270.jpg 443w, https:\/\/welovecinema.be\/wp-content\/uploads\/sites\/2\/2013\/02\/DSC_3339-800x486.jpg 800w\" sizes=\"auto, (max-width: 1024px) 100vw, 1024px\" \/><\/a><\/p>\n<p>Adamo qui livrera une superbe prestation un peu plus tard sur sc\u00e8ne<\/p>\n<p>&nbsp;<\/p>\n<p><a rel=\"attachment wp-att-36851\" href=\"http:\/\/www.cinevox.be\/magritte-2013-la-descente-des-marches\/dsc_3268\"><img loading=\"lazy\" decoding=\"async\" class=\"aligncenter size-full wp-image-36851\" title=\"DSC_3268\" src=\"http:\/\/www.cinevox.be\/wp-content\/uploads\/sites\/2\/2013\/02\/DSC_3268.jpg\" alt=\"\" width=\"1024\" height=\"423\" srcset=\"https:\/\/welovecinema.be\/wp-content\/uploads\/sites\/2\/2013\/02\/DSC_3268.jpg 1024w, https:\/\/welovecinema.be\/wp-content\/uploads\/sites\/2\/2013\/02\/DSC_3268-480x198.jpg 480w, https:\/\/welovecinema.be\/wp-content\/uploads\/sites\/2\/2013\/02\/DSC_3268-800x330.jpg 800w\" sizes=\"auto, (max-width: 1024px) 100vw, 1024px\" \/><\/a><\/p>\n<p>Costa-Gavras, Magritte d&rsquo;honneur 2013<\/p>\n<p>&nbsp;<\/p>\n<p><a rel=\"attachment wp-att-36852\" href=\"http:\/\/www.cinevox.be\/magritte-2013-la-descente-des-marches\/dsc_3376\"><img loading=\"lazy\" decoding=\"async\" class=\"aligncenter size-full wp-image-36852\" title=\"DSC_3376\" src=\"http:\/\/www.cinevox.be\/wp-content\/uploads\/sites\/2\/2013\/02\/DSC_3376.jpg\" alt=\"\" width=\"1024\" height=\"683\" srcset=\"https:\/\/welovecinema.be\/wp-content\/uploads\/sites\/2\/2013\/02\/DSC_3376.jpg 1024w, https:\/\/welovecinema.be\/wp-content\/uploads\/sites\/2\/2013\/02\/DSC_3376-404x270.jpg 404w, https:\/\/welovecinema.be\/wp-content\/uploads\/sites\/2\/2013\/02\/DSC_3376-800x533.jpg 800w\" sizes=\"auto, (max-width: 1024px) 100vw, 1024px\" \/><\/a><\/p>\n<p>Yolande Moreau et son mari Yves Van der Smissen<\/p>\n<p>&nbsp;<\/p>\n<p><a rel=\"attachment wp-att-36853\" href=\"http:\/\/www.cinevox.be\/magritte-2013-la-descente-des-marches\/dsc_3300\"><img loading=\"lazy\" decoding=\"async\" class=\"aligncenter size-full wp-image-36853\" title=\"DSC_3300\" src=\"http:\/\/www.cinevox.be\/wp-content\/uploads\/sites\/2\/2013\/02\/DSC_3300.jpg\" alt=\"\" width=\"1024\" height=\"543\" srcset=\"https:\/\/welovecinema.be\/wp-content\/uploads\/sites\/2\/2013\/02\/DSC_3300.jpg 1024w, https:\/\/welovecinema.be\/wp-content\/uploads\/sites\/2\/2013\/02\/DSC_3300-480x254.jpg 480w, https:\/\/welovecinema.be\/wp-content\/uploads\/sites\/2\/2013\/02\/DSC_3300-800x424.jpg 800w\" sizes=\"auto, (max-width: 1024px) 100vw, 1024px\" \/><\/a><\/p>\n<p>Olivier Leborgne<\/p>\n<p>&nbsp;<\/p>\n<p><a rel=\"attachment wp-att-36854\" href=\"http:\/\/www.cinevox.be\/magritte-2013-la-descente-des-marches\/dsc_3385\"><img loading=\"lazy\" decoding=\"async\" class=\"aligncenter size-full wp-image-36854\" title=\"DSC_3385\" src=\"http:\/\/www.cinevox.be\/wp-content\/uploads\/sites\/2\/2013\/02\/DSC_3385.jpg\" alt=\"\" width=\"1024\" height=\"683\" srcset=\"https:\/\/welovecinema.be\/wp-content\/uploads\/sites\/2\/2013\/02\/DSC_3385.jpg 1024w, https:\/\/welovecinema.be\/wp-content\/uploads\/sites\/2\/2013\/02\/DSC_3385-404x270.jpg 404w, https:\/\/welovecinema.be\/wp-content\/uploads\/sites\/2\/2013\/02\/DSC_3385-800x533.jpg 800w\" sizes=\"auto, (max-width: 1024px) 100vw, 1024px\" \/><\/a><\/p>\n<p>Patrick Quinet (Artemis) et madame<\/p>\n<p>&nbsp;<\/p>\n<p><a rel=\"attachment wp-att-36855\" href=\"http:\/\/www.cinevox.be\/magritte-2013-la-descente-des-marches\/dsc_3439\"><img loading=\"lazy\" decoding=\"async\" class=\"aligncenter size-full wp-image-36855\" title=\"DSC_3439\" src=\"http:\/\/www.cinevox.be\/wp-content\/uploads\/sites\/2\/2013\/02\/DSC_3439.jpg\" alt=\"\" width=\"1024\" height=\"683\" srcset=\"https:\/\/welovecinema.be\/wp-content\/uploads\/sites\/2\/2013\/02\/DSC_3439.jpg 1024w, https:\/\/welovecinema.be\/wp-content\/uploads\/sites\/2\/2013\/02\/DSC_3439-404x270.jpg 404w, https:\/\/welovecinema.be\/wp-content\/uploads\/sites\/2\/2013\/02\/DSC_3439-800x533.jpg 800w\" sizes=\"auto, (max-width: 1024px) 100vw, 1024px\" \/><\/a><\/p>\n<p>Aurora Marion, nomm\u00e9e parmi les espoirs f\u00e9minins de l&rsquo;ann\u00e9e 2013 pour <em>La Folie Almayer<\/em><\/p>\n<p>&nbsp;<\/p>\n<p><a rel=\"attachment wp-att-36856\" href=\"http:\/\/www.cinevox.be\/magritte-2013-la-descente-des-marches\/dsc_3408\"><img loading=\"lazy\" decoding=\"async\" class=\"aligncenter size-full wp-image-36856\" title=\"DSC_3408\" src=\"http:\/\/www.cinevox.be\/wp-content\/uploads\/sites\/2\/2013\/02\/DSC_3408.jpg\" alt=\"\" width=\"1024\" height=\"683\" srcset=\"https:\/\/welovecinema.be\/wp-content\/uploads\/sites\/2\/2013\/02\/DSC_3408.jpg 1024w, https:\/\/welovecinema.be\/wp-content\/uploads\/sites\/2\/2013\/02\/DSC_3408-404x270.jpg 404w, https:\/\/welovecinema.be\/wp-content\/uploads\/sites\/2\/2013\/02\/DSC_3408-800x533.jpg 800w\" sizes=\"auto, (max-width: 1024px) 100vw, 1024px\" \/><\/a><\/p>\n<p>David Murgia, futur Magritte du meilleur espoir masculin. Avec ses parents, Am\u00e9lie Van Embt et Fr\u00e9d\u00e9ric de Goldschmidt<\/p>\n<p>&nbsp;<\/p>\n<p><a rel=\"attachment wp-att-36857\" href=\"http:\/\/www.cinevox.be\/magritte-2013-la-descente-des-marches\/dsc_3495\"><img loading=\"lazy\" decoding=\"async\" class=\"aligncenter size-full wp-image-36857\" title=\"DSC_3495\" src=\"http:\/\/www.cinevox.be\/wp-content\/uploads\/sites\/2\/2013\/02\/DSC_3495.jpg\" alt=\"\" width=\"1024\" height=\"587\" srcset=\"https:\/\/welovecinema.be\/wp-content\/uploads\/sites\/2\/2013\/02\/DSC_3495.jpg 1024w, https:\/\/welovecinema.be\/wp-content\/uploads\/sites\/2\/2013\/02\/DSC_3495-471x270.jpg 471w, https:\/\/welovecinema.be\/wp-content\/uploads\/sites\/2\/2013\/02\/DSC_3495-800x458.jpg 800w\" sizes=\"auto, (max-width: 1024px) 100vw, 1024px\" \/><\/a><\/p>\n<p>J\u00e9r\u00e9mie Renier, nouveau look.<\/p>\n<p>&nbsp;<\/p>\n<p><a rel=\"attachment wp-att-36858\" href=\"http:\/\/www.cinevox.be\/magritte-2013-la-descente-des-marches\/dsc_3498\"><img loading=\"lazy\" decoding=\"async\" class=\"aligncenter size-full wp-image-36858\" title=\"DSC_3498\" src=\"http:\/\/www.cinevox.be\/wp-content\/uploads\/sites\/2\/2013\/02\/DSC_3498.jpg\" alt=\"\" width=\"1024\" height=\"683\" srcset=\"https:\/\/welovecinema.be\/wp-content\/uploads\/sites\/2\/2013\/02\/DSC_3498.jpg 1024w, https:\/\/welovecinema.be\/wp-content\/uploads\/sites\/2\/2013\/02\/DSC_3498-404x270.jpg 404w, https:\/\/welovecinema.be\/wp-content\/uploads\/sites\/2\/2013\/02\/DSC_3498-800x533.jpg 800w\" sizes=\"auto, (max-width: 1024px) 100vw, 1024px\" \/><\/a><\/p>\n<p>Le portier de nuit et la F\u00e9e, Dominique Abel et Fiona Gordon qui vont remettre le Magritte du meilleur r\u00e9alisateur, l&rsquo;occasion d&rsquo;un num\u00e9ro exceptionnel.<\/p>\n<p>&nbsp;<\/p>\n<p><em>La 2e partie du reportage de Marie est visible\u00a0<a href=\"http:\/\/www.cinevox.be\/magritte-2013-au-bas-des-marches-2\" target=\"_blank\">ICI<\/a><\/em><\/p>\n","protected":false},"excerpt":{"rendered":"<p>Au bas des marches, Marie, notre jeune photographe, d\u00e9couvre les Magritte et accueille les invit\u00e9s de la soir\u00e9e. Floril\u00e8ge de ses rencontres par objectif interpos\u00e9&#8230; &nbsp; Toutes les photos peuvent \u00eatre utilis\u00e9es \u00a0avec le copyright [\u00a9 Marie Adam-Leenaerdt\/Cinevox 2013]<\/p>\n","protected":false},"author":7,"featured_media":36864,"comment_status":"closed","ping_status":"closed","sticky":false,"template":"","format":"standard","meta":{"ngg_post_thumbnail":0,"footnotes":""},"categories":[1923,7],"tags":[],"class_list":["post-36842","post","type-post","status-publish","format-standard","has-post-thumbnail","","category-en-bref","category-actualites"],"yoast_head":"<!-- This site is optimized with the Yoast SEO plugin v20.4 - https:\/\/yoast.com\/wordpress\/plugins\/seo\/ -->\n<title>Magritte 2013 : la descente des marches - We Love Cinema<\/title>\n<meta name=\"robots\" content=\"index, follow, max-snippet:-1, max-image-preview:large, max-video-preview:-1\" \/>\n<link rel=\"canonical\" href=\"https:\/\/welovecinema.be\/fr\/magritte-2013-la-descente-des-marches\/\" \/>\n<meta property=\"og:locale\" content=\"fr_FR\" \/>\n<meta property=\"og:type\" content=\"article\" \/>\n<meta property=\"og:title\" content=\"Magritte 2013 : la descente des marches - We Love Cinema\" \/>\n<meta property=\"og:description\" content=\"Au bas des marches, Marie, notre jeune photographe, d\u00e9couvre les Magritte et accueille les invit\u00e9s de la soir\u00e9e. Floril\u00e8ge de ses rencontres par objectif interpos\u00e9&#8230; &nbsp; Toutes les photos peuvent \u00eatre utilis\u00e9es \u00a0avec le copyright [\u00a9 Marie Adam-Leenaerdt\/Cinevox 2013]\" \/>\n<meta property=\"og:url\" content=\"https:\/\/welovecinema.be\/fr\/magritte-2013-la-descente-des-marches\/\" \/>\n<meta property=\"og:site_name\" content=\"We Love Cinema\" \/>\n<meta property=\"article:publisher\" content=\"https:\/\/www.facebook.com\/welovecinema.be\" \/>\n<meta property=\"article:published_time\" content=\"2013-02-03T16:39:58+00:00\" \/>\n<meta property=\"article:modified_time\" content=\"2013-02-03T18:53:08+00:00\" \/>\n<meta property=\"og:image\" content=\"https:\/\/welovecinema.be\/wp-content\/uploads\/sites\/2\/2013\/02\/DSC_3100.jpg\" \/>\n\t<meta property=\"og:image:width\" content=\"1024\" \/>\n\t<meta property=\"og:image:height\" content=\"683\" \/>\n\t<meta property=\"og:image:type\" content=\"image\/jpeg\" \/>\n<meta name=\"author\" content=\"Philippe.Pierquin\" \/>\n<meta name=\"twitter:card\" content=\"summary_large_image\" \/>\n<meta name=\"twitter:label1\" content=\"\u00c9crit par\" \/>\n\t<meta name=\"twitter:data1\" content=\"Philippe.Pierquin\" \/>\n\t<meta name=\"twitter:label2\" content=\"Dur\u00e9e de lecture estim\u00e9e\" \/>\n\t<meta name=\"twitter:data2\" content=\"1 minute\" \/>\n<script type=\"application\/ld+json\" class=\"yoast-schema-graph\">{\"@context\":\"https:\/\/schema.org\",\"@graph\":[{\"@type\":\"Article\",\"@id\":\"https:\/\/welovecinema.be\/fr\/magritte-2013-la-descente-des-marches\/#article\",\"isPartOf\":{\"@id\":\"https:\/\/welovecinema.be\/fr\/magritte-2013-la-descente-des-marches\/\"},\"author\":{\"name\":\"Philippe.Pierquin\",\"@id\":\"https:\/\/welovecinema.be\/nl\/#\/schema\/person\/4b9b1d857f0943453a38a7c2859ef756\"},\"headline\":\"Magritte 2013 : la descente des marches\",\"datePublished\":\"2013-02-03T16:39:58+00:00\",\"dateModified\":\"2013-02-03T18:53:08+00:00\",\"mainEntityOfPage\":{\"@id\":\"https:\/\/welovecinema.be\/fr\/magritte-2013-la-descente-des-marches\/\"},\"wordCount\":234,\"publisher\":{\"@id\":\"https:\/\/welovecinema.be\/nl\/#organization\"},\"articleSection\":[\"En bref\",\"News\"],\"inLanguage\":\"fr-FR\"},{\"@type\":\"WebPage\",\"@id\":\"https:\/\/welovecinema.be\/fr\/magritte-2013-la-descente-des-marches\/\",\"url\":\"https:\/\/welovecinema.be\/fr\/magritte-2013-la-descente-des-marches\/\",\"name\":\"Magritte 2013 : la descente des marches - We Love Cinema\",\"isPartOf\":{\"@id\":\"https:\/\/welovecinema.be\/nl\/#website\"},\"datePublished\":\"2013-02-03T16:39:58+00:00\",\"dateModified\":\"2013-02-03T18:53:08+00:00\",\"breadcrumb\":{\"@id\":\"https:\/\/welovecinema.be\/fr\/magritte-2013-la-descente-des-marches\/#breadcrumb\"},\"inLanguage\":\"fr-FR\",\"potentialAction\":[{\"@type\":\"ReadAction\",\"target\":[\"https:\/\/welovecinema.be\/fr\/magritte-2013-la-descente-des-marches\/\"]}]},{\"@type\":\"BreadcrumbList\",\"@id\":\"https:\/\/welovecinema.be\/fr\/magritte-2013-la-descente-des-marches\/#breadcrumb\",\"itemListElement\":[{\"@type\":\"ListItem\",\"position\":1,\"name\":\"Accueil\",\"item\":\"https:\/\/welovecinema.be\/fr\/\"},{\"@type\":\"ListItem\",\"position\":2,\"name\":\"Magritte 2013 : la descente des marches\"}]},{\"@type\":\"WebSite\",\"@id\":\"https:\/\/welovecinema.be\/nl\/#website\",\"url\":\"https:\/\/welovecinema.be\/nl\/\",\"name\":\"We Love Cinema\",\"description\":\"Toute l\u2019information du cin\u00e9ma en Belgique\",\"publisher\":{\"@id\":\"https:\/\/welovecinema.be\/nl\/#organization\"},\"potentialAction\":[{\"@type\":\"SearchAction\",\"target\":{\"@type\":\"EntryPoint\",\"urlTemplate\":\"https:\/\/welovecinema.be\/nl\/?s={search_term_string}\"},\"query-input\":\"required name=search_term_string\"}],\"inLanguage\":\"fr-FR\"},{\"@type\":\"Organization\",\"@id\":\"https:\/\/welovecinema.be\/nl\/#organization\",\"name\":\"We Love Cinema\",\"url\":\"https:\/\/welovecinema.be\/nl\/\",\"logo\":{\"@type\":\"ImageObject\",\"inLanguage\":\"fr-FR\",\"@id\":\"https:\/\/welovecinema.be\/nl\/#\/schema\/logo\/image\/\",\"url\":\"https:\/\/welovecinema.be\/wp-content\/uploads\/sites\/2\/2023\/03\/Logo-We-Love-Cinema305x128.jpg\",\"contentUrl\":\"https:\/\/welovecinema.be\/wp-content\/uploads\/sites\/2\/2023\/03\/Logo-We-Love-Cinema305x128.jpg\",\"width\":305,\"height\":128,\"caption\":\"We Love Cinema\"},\"image\":{\"@id\":\"https:\/\/welovecinema.be\/nl\/#\/schema\/logo\/image\/\"},\"sameAs\":[\"https:\/\/www.facebook.com\/welovecinema.be\",\"https:\/\/www.youtube.com\/channel\/UCX5LYGVhnKvYauW4Nta4HJA\",\"https:\/\/www.instagram.com\/welovecinema.be\/\"]},{\"@type\":\"Person\",\"@id\":\"https:\/\/welovecinema.be\/nl\/#\/schema\/person\/4b9b1d857f0943453a38a7c2859ef756\",\"name\":\"Philippe.Pierquin\",\"url\":\"https:\/\/welovecinema.be\/fr\/author\/philippe-pierquin\/\"}]}<\/script>\n<!-- \/ Yoast SEO plugin. -->","yoast_head_json":{"title":"Magritte 2013 : la descente des marches - We Love Cinema","robots":{"index":"index","follow":"follow","max-snippet":"max-snippet:-1","max-image-preview":"max-image-preview:large","max-video-preview":"max-video-preview:-1"},"canonical":"https:\/\/welovecinema.be\/fr\/magritte-2013-la-descente-des-marches\/","og_locale":"fr_FR","og_type":"article","og_title":"Magritte 2013 : la descente des marches - We Love Cinema","og_description":"Au bas des marches, Marie, notre jeune photographe, d\u00e9couvre les Magritte et accueille les invit\u00e9s de la soir\u00e9e. Floril\u00e8ge de ses rencontres par objectif interpos\u00e9&#8230; &nbsp; Toutes les photos peuvent \u00eatre utilis\u00e9es \u00a0avec le copyright [\u00a9 Marie Adam-Leenaerdt\/Cinevox 2013]","og_url":"https:\/\/welovecinema.be\/fr\/magritte-2013-la-descente-des-marches\/","og_site_name":"We Love Cinema","article_publisher":"https:\/\/www.facebook.com\/welovecinema.be","article_published_time":"2013-02-03T16:39:58+00:00","article_modified_time":"2013-02-03T18:53:08+00:00","og_image":[{"width":"1024","height":"683","url":"https:\/\/welovecinema.be\/wp-content\/uploads\/sites\/2\/2013\/02\/DSC_3100.jpg","type":"image\/jpeg"}],"author":"Philippe.Pierquin","twitter_card":"summary_large_image","twitter_misc":{"\u00c9crit par":"Philippe.Pierquin","Dur\u00e9e de lecture estim\u00e9e":"1 minute"},"schema":{"@context":"https:\/\/schema.org","@graph":[{"@type":"Article","@id":"https:\/\/welovecinema.be\/fr\/magritte-2013-la-descente-des-marches\/#article","isPartOf":{"@id":"https:\/\/welovecinema.be\/fr\/magritte-2013-la-descente-des-marches\/"},"author":{"name":"Philippe.Pierquin","@id":"https:\/\/welovecinema.be\/nl\/#\/schema\/person\/4b9b1d857f0943453a38a7c2859ef756"},"headline":"Magritte 2013 : la descente des marches","datePublished":"2013-02-03T16:39:58+00:00","dateModified":"2013-02-03T18:53:08+00:00","mainEntityOfPage":{"@id":"https:\/\/welovecinema.be\/fr\/magritte-2013-la-descente-des-marches\/"},"wordCount":234,"publisher":{"@id":"https:\/\/welovecinema.be\/nl\/#organization"},"articleSection":["En bref","News"],"inLanguage":"fr-FR"},{"@type":"WebPage","@id":"https:\/\/welovecinema.be\/fr\/magritte-2013-la-descente-des-marches\/","url":"https:\/\/welovecinema.be\/fr\/magritte-2013-la-descente-des-marches\/","name":"Magritte 2013 : la descente des marches - We Love Cinema","isPartOf":{"@id":"https:\/\/welovecinema.be\/nl\/#website"},"datePublished":"2013-02-03T16:39:58+00:00","dateModified":"2013-02-03T18:53:08+00:00","breadcrumb":{"@id":"https:\/\/welovecinema.be\/fr\/magritte-2013-la-descente-des-marches\/#breadcrumb"},"inLanguage":"fr-FR","potentialAction":[{"@type":"ReadAction","target":["https:\/\/welovecinema.be\/fr\/magritte-2013-la-descente-des-marches\/"]}]},{"@type":"BreadcrumbList","@id":"https:\/\/welovecinema.be\/fr\/magritte-2013-la-descente-des-marches\/#breadcrumb","itemListElement":[{"@type":"ListItem","position":1,"name":"Accueil","item":"https:\/\/welovecinema.be\/fr\/"},{"@type":"ListItem","position":2,"name":"Magritte 2013 : la descente des marches"}]},{"@type":"WebSite","@id":"https:\/\/welovecinema.be\/nl\/#website","url":"https:\/\/welovecinema.be\/nl\/","name":"We Love Cinema","description":"Toute l\u2019information du cin\u00e9ma en Belgique","publisher":{"@id":"https:\/\/welovecinema.be\/nl\/#organization"},"potentialAction":[{"@type":"SearchAction","target":{"@type":"EntryPoint","urlTemplate":"https:\/\/welovecinema.be\/nl\/?s={search_term_string}"},"query-input":"required name=search_term_string"}],"inLanguage":"fr-FR"},{"@type":"Organization","@id":"https:\/\/welovecinema.be\/nl\/#organization","name":"We Love Cinema","url":"https:\/\/welovecinema.be\/nl\/","logo":{"@type":"ImageObject","inLanguage":"fr-FR","@id":"https:\/\/welovecinema.be\/nl\/#\/schema\/logo\/image\/","url":"https:\/\/welovecinema.be\/wp-content\/uploads\/sites\/2\/2023\/03\/Logo-We-Love-Cinema305x128.jpg","contentUrl":"https:\/\/welovecinema.be\/wp-content\/uploads\/sites\/2\/2023\/03\/Logo-We-Love-Cinema305x128.jpg","width":305,"height":128,"caption":"We Love Cinema"},"image":{"@id":"https:\/\/welovecinema.be\/nl\/#\/schema\/logo\/image\/"},"sameAs":["https:\/\/www.facebook.com\/welovecinema.be","https:\/\/www.youtube.com\/channel\/UCX5LYGVhnKvYauW4Nta4HJA","https:\/\/www.instagram.com\/welovecinema.be\/"]},{"@type":"Person","@id":"https:\/\/welovecinema.be\/nl\/#\/schema\/person\/4b9b1d857f0943453a38a7c2859ef756","name":"Philippe.Pierquin","url":"https:\/\/welovecinema.be\/fr\/author\/philippe-pierquin\/"}]}},"_links":{"self":[{"href":"https:\/\/welovecinema.be\/fr\/wp-json\/wp\/v2\/posts\/36842","targetHints":{"allow":["GET"]}}],"collection":[{"href":"https:\/\/welovecinema.be\/fr\/wp-json\/wp\/v2\/posts"}],"about":[{"href":"https:\/\/welovecinema.be\/fr\/wp-json\/wp\/v2\/types\/post"}],"author":[{"embeddable":true,"href":"https:\/\/welovecinema.be\/fr\/wp-json\/wp\/v2\/users\/7"}],"replies":[{"embeddable":true,"href":"https:\/\/welovecinema.be\/fr\/wp-json\/wp\/v2\/comments?post=36842"}],"version-history":[{"count":0,"href":"https:\/\/welovecinema.be\/fr\/wp-json\/wp\/v2\/posts\/36842\/revisions"}],"wp:featuredmedia":[{"embeddable":true,"href":"https:\/\/welovecinema.be\/fr\/wp-json\/wp\/v2\/media\/36864"}],"wp:attachment":[{"href":"https:\/\/welovecinema.be\/fr\/wp-json\/wp\/v2\/media?parent=36842"}],"wp:term":[{"taxonomy":"category","embeddable":true,"href":"https:\/\/welovecinema.be\/fr\/wp-json\/wp\/v2\/categories?post=36842"},{"taxonomy":"post_tag","embeddable":true,"href":"https:\/\/welovecinema.be\/fr\/wp-json\/wp\/v2\/tags?post=36842"}],"curies":[{"name":"wp","href":"https:\/\/api.w.org\/{rel}","templated":true}]}}