{"id":36304,"date":"2013-01-31T05:56:26","date_gmt":"2013-01-31T05:56:26","guid":{"rendered":"http:\/\/www.cinevox.be\/?p=36304"},"modified":"2013-01-31T21:12:14","modified_gmt":"2013-01-31T21:12:14","slug":"3e-magritte-du-cinema-nos-pronostics-24-acteursactrices","status":"publish","type":"post","link":"https:\/\/welovecinema.be\/fr\/3e-magritte-du-cinema-nos-pronostics-24-acteursactrices\/","title":{"rendered":"3e Magritte du Cin\u00e9ma <br> Nos pronostics (2\/4) <br> Acteurs\/Actrices"},"content":{"rendered":"<p>Le cin\u00e9ma belge vaut par ses films, mais aussi par ses interpr\u00e8tes aujourd\u2019hui tellement demand\u00e9s\u2026 qu\u2019ils tournent beaucoup moins chez nous.<\/p>\n<p><!--more--><\/p>\n<p style=\"text-align: right;\">&nbsp;<\/p>\n<p style=\"text-align: right;\"><em>[Pour rappel :\u00a0nous n\u2019exprimons pas ici nos go\u00fbts ou nos opinions. \u00a0En nous basant sur les crit\u00e8res les plus objectifs possible, nous tentons de deviner quels seront les vainqueurs des Magritte, samedi.]<\/em><\/p>\n<p style=\"text-align: right;\"><em><br \/>\n<\/em><\/p>\n<p>Parmi les actrices et les acteurs nomm\u00e9s dans les deux cat\u00e9gories reines aux Magritte du Cin\u00e9ma, presque tous sont d\u2019authentiques vedettes en France, des talents sur lesquels on peut monter un projet.<\/p>\n<p>&nbsp;<\/p>\n<p><a rel=\"attachment wp-att-36305\" href=\"http:\/\/www.cinevox.be\/3e-magritte-du-cinema-nos-pronostics-24-acteursactrices\/emilie-2\"><img loading=\"lazy\" decoding=\"async\" class=\"aligncenter size-full wp-image-36305\" title=\"\u00e9milie\" src=\"http:\/\/www.cinevox.be\/wp-content\/uploads\/sites\/2\/2013\/01\/\u00e9milie.png\" alt=\"\" width=\"1003\" height=\"553\" srcset=\"https:\/\/welovecinema.be\/wp-content\/uploads\/sites\/2\/2013\/01\/\u00e9milie.png 1003w, https:\/\/welovecinema.be\/wp-content\/uploads\/sites\/2\/2013\/01\/\u00e9milie-480x264.png 480w, https:\/\/welovecinema.be\/wp-content\/uploads\/sites\/2\/2013\/01\/\u00e9milie-800x441.png 800w\" sizes=\"auto, (max-width: 1003px) 100vw, 1003px\" \/><\/a><\/p>\n<p>&nbsp;<\/p>\n<p>Seule <strong>Christelle Cornil<\/strong> \u00e9chappe pour l\u2019instant \u00e0 cette tendance : elle est nomm\u00e9e pour son premier grand r\u00f4le au cin\u00e9ma (dans <em>Au Cul du Loup<\/em>), deux ans apr\u00e8s avoir empoch\u00e9 le Magritte de la meilleure actrice dans un second r\u00f4le pour <em>Ill\u00e9gal<\/em>. Sa pr\u00e9sence \u00e0 ce stade qui ne souffre pas de discussion est d\u00e9j\u00e0 une formidable satisfaction pour le team de <strong>Pierre Duculot.<\/strong> Dans cette cat\u00e9gorie, il y a pourtant une \u00e9norme favorite: on voit mal qui pourrait d\u00e9tr\u00f4ner <strong>\u00c9milie Dequenne<\/strong> qui a fait l\u2019unanimit\u00e9 autour de sa prestation dans <em>A Perdre la Raison<\/em>, un film qui lui a valu un prix d\u2019interpr\u00e9tation \u00e0 Cannes,\u2026 cr\u00e9\u00e9 juste pour elle dans la section <em>Un certain Regard.<\/em><\/p>\n<p>La d\u00e9licieuse <strong>Marie Gillain<\/strong> aura le lourd handicap de d\u00e9fendre un film qui n\u2019a pas \u00e9t\u00e9 coproduit chez nous (<em>Toutes nos envies<\/em>) et la formidable <strong>D\u00e9borah Fran\u00e7ois<\/strong> est en lice pour une com\u00e9die sociale qui n\u2019a pas soulev\u00e9 l\u2019enthousiasme (<em>Les Tribulations d\u2019une caissi\u00e8re<\/em>). Elle aura bien plus de chances de l\u2019emporter l\u2019an prochain quand elle sera nomm\u00e9e pour <em>Populaire.<\/em><\/p>\n<p><em>[lire la pr\u00e9sentation de la cat\u00e9gorie sur le site des Magritte : <a href=\"http:\/\/www.lesmagritteducinema.com\/newsfile.php?lang=fr&amp;id=18\" target=\"_blank\">ICI<\/a>]<\/em><\/p>\n<p>&nbsp;<\/p>\n<p>&nbsp;<\/p>\n<p><a rel=\"attachment wp-att-36307\" href=\"http:\/\/www.cinevox.be\/3e-magritte-du-cinema-nos-pronostics-24-acteursactrices\/ez_7g0433\"><img loading=\"lazy\" decoding=\"async\" class=\"aligncenter size-full wp-image-36307\" title=\"EZ_7G0433\" src=\"http:\/\/www.cinevox.be\/wp-content\/uploads\/sites\/2\/2013\/01\/EZ_7G0433.jpg\" alt=\"\" width=\"640\" height=\"433\" srcset=\"https:\/\/welovecinema.be\/wp-content\/uploads\/sites\/2\/2013\/01\/EZ_7G0433.jpg 640w, https:\/\/welovecinema.be\/wp-content\/uploads\/sites\/2\/2013\/01\/EZ_7G0433-399x270.jpg 399w\" sizes=\"auto, (max-width: 640px) 100vw, 640px\" \/><\/a><\/p>\n<p>&nbsp;<\/p>\n<p>Chez les messieurs, par contre, bien malin qui pourrait annoncer d\u00e9j\u00e0 le futur vainqueur. M\u00eame en proc\u00e9dant par \u00e9limination, on n\u2019arrive pas \u00e0 grand-chose. Des quatre acteurs sortis du premier tour, <strong>Benoit Poelvoorde<\/strong> semble celui qui est le moins bien plac\u00e9. Dr\u00f4le et touchant dans <em>le Grand Soir,<\/em> il n\u2019a pas vol\u00e9 sa pr\u00e9sence dans le carr\u00e9 final, mais le film est pass\u00e9 un peu inaper\u00e7u. Surtout si on le compare aux films des trois com\u00e9diens qui lui font face.<\/p>\n<p>&nbsp;<\/p>\n<p>Lorsqu\u2019on pensait aux longs m\u00e9trages programm\u00e9s pour 2013, on se disait que le troph\u00e9e ne pourrait pas \u00e9chapper \u00e0 <strong>J\u00e9r\u00e9mie R\u00e9nier.<\/strong> Le Magritte\u00a02012 du meilleur second r\u00f4le (pour<em> Potiche<\/em>) n&rsquo;a pas d\u00e9\u00e7u : il livre une composition hallucinante dans <em>Cloclo<\/em>. Mais le film a fait d\u00e9bat ce qui n\u2019est pas vraiment le cas des deux autres: <em>De Rouille et d\u2019os<\/em> permet \u00e0 <strong>Matthias Schoenaerts<\/strong> de prouver qu\u2019il est aussi \u00e0 l\u2019aise en fran\u00e7ais qu\u2019en flamand ou en anglais.<\/p>\n<p>Tout le monde lui promet d\u00e9j\u00e0 le C\u00e9sar du meilleur espoir 2013. Autant dire que beaucoup le voient \u00e9galement r\u00e9aliser en Belgique un doubl\u00e9 historique apr\u00e8s son triomphe dans <em>Rundskop<\/em>. Mais ce serait faire bien peu de cas de la performance d\u2019<strong>Olivier Gourmet <\/strong>dans <em>l\u2019Exercice de l\u2019\u00c9tat.<\/em> Son meilleur r\u00f4le? Peut-\u00eatre bien, oui. D\u2019autant qu\u2019il lui permet de briller au sein d\u2019une constellation d\u2019acteurs fran\u00e7ais de tout premier plan. Entre les trois les c\u0153urs des votants ont certainement balanc\u00e9. Notre prono? <strong>Olivier Gourmet,<\/strong> de justesse?<\/p>\n<p>&nbsp;<\/p>\n<p><em>[lire la pr\u00e9sentation de la cat\u00e9gorie sur le site des Magritte : <a href=\"https:\/\/www.google.com\/calendar\/render?hl=fr&amp;gsessionid=OK\" target=\"_blank\">ICI<\/a>]<\/em><\/p>\n<p>&nbsp;<\/p>\n<p>&nbsp;<\/p>\n<p><a rel=\"attachment wp-att-36308\" href=\"http:\/\/www.cinevox.be\/3e-magritte-du-cinema-nos-pronostics-24-acteursactrices\/yolande-camille-2\"><img loading=\"lazy\" decoding=\"async\" class=\"aligncenter size-full wp-image-36308\" title=\"yolande camille\" src=\"http:\/\/www.cinevox.be\/wp-content\/uploads\/sites\/2\/2013\/01\/yolande-camille1.jpg\" alt=\"\" width=\"640\" height=\"427\" srcset=\"https:\/\/welovecinema.be\/wp-content\/uploads\/sites\/2\/2013\/01\/yolande-camille1.jpg 640w, https:\/\/welovecinema.be\/wp-content\/uploads\/sites\/2\/2013\/01\/yolande-camille1-404x270.jpg 404w\" sizes=\"auto, (max-width: 640px) 100vw, 640px\" \/><\/a><\/p>\n<p>&nbsp;<\/p>\n<p>M\u00eame bouteille \u00e0 encre dans la cat\u00e9gorie Meilleure Actrice dans un Second R\u00f4le : <strong>Natacha R\u00e9gnier<\/strong> est formidable dans \u00a0<em>38 T\u00e9moins<\/em> mais elle aura fort \u00e0 faire avec madame La pr\u00e9sidente d\u2019Honneur de la c\u00e9r\u00e9monie : <strong>Yolande Moreau<\/strong> est nomm\u00e9e aux C\u00e9sar pour <em>Camille redouble<\/em> qui fait l\u2019unanimit\u00e9. Ce n\u2019est pas un film belge, mais il a \u00e9t\u00e9 beaucoup vu. Yolande est donc notre favorite. <strong>St\u00e9phane Bissot<\/strong> dans <em>A perdre la raison<\/em> et <strong>Catherine Sal\u00e9e<\/strong> dans <em>Mobile Home<\/em> ont des r\u00f4les un peu moins capitaux dans la construction de l&rsquo;histoire Dans cette cat\u00e9gorie, c\u2019est un facteur qui joue.<\/p>\n<p>Mais personne n\u2019avait vu venir <strong>Gwen Berrou<\/strong> qui remporta le troph\u00e9e l\u2019an dernier, donc\u2026<\/p>\n<p><em>[lire la pr\u00e9sentation de la cat\u00e9gorie sur le site des Magritte : <a href=\"http:\/\/www.lesmagritteducinema.com\/newsfile.php?lang=fr&amp;id=9\" target=\"_blank\">ICI<\/a>]<\/em><\/p>\n<p>&nbsp;<\/p>\n<p><a rel=\"attachment wp-att-36309\" href=\"http:\/\/www.cinevox.be\/3e-magritte-du-cinema-nos-pronostics-24-acteursactrices\/img_7115\"><img loading=\"lazy\" decoding=\"async\" class=\"aligncenter size-full wp-image-36309\" title=\"IMG_7115\" src=\"http:\/\/www.cinevox.be\/wp-content\/uploads\/sites\/2\/2013\/01\/IMG_7115.jpg\" alt=\"\" width=\"865\" height=\"568\" srcset=\"https:\/\/welovecinema.be\/wp-content\/uploads\/sites\/2\/2013\/01\/IMG_7115.jpg 865w, https:\/\/welovecinema.be\/wp-content\/uploads\/sites\/2\/2013\/01\/IMG_7115-411x270.jpg 411w, https:\/\/welovecinema.be\/wp-content\/uploads\/sites\/2\/2013\/01\/IMG_7115-800x525.jpg 800w\" sizes=\"auto, (max-width: 865px) 100vw, 865px\" \/><\/a><\/p>\n<p>&nbsp;<\/p>\n<p>Chez les messieurs, la situation est corn\u00e9lienne pour les fans de <em>Dead Man Talking<\/em> : <strong>Jean-Luc Couchard <\/strong>ou <strong>Denis M\u2019Punga ?<\/strong> Le feu ou la glace? Deux r\u00f4les on ne peut plus diff\u00e9rents. L\u2019un nous offre un num\u00e9ro digne d\u2019un De Fun\u00e8s sous exta (un compliment, un vrai), l\u2019autre nous livre une prestation tendue et int\u00e9rieure. Mais attention ! Avec deux acteurs cit\u00e9s c\u00f4te \u00e0 c\u00f4te, les suffrages risquent de s\u2019\u00e9parpiller et\u2026 de profiter \u00e0 un de leurs \u00ab\u00a0adversaires\u00a0\u00bb. A\u00a0<strong>Dieudonn\u00e9 Kabongo, <\/strong>par exemple<strong>,<\/strong> nomm\u00e9 \u00e0 titre posthume pour sa composition d&rsquo;exploiteur formidablement antipathique dans <em>L\u2019Envahisseur<\/em> .\u00a0<strong>Bouli Lanners, <\/strong>lui, nous revient faire son petit tour annuel \u00e0 la c\u00e9r\u00e9monie avec <em>De rouille et d\u2019os<\/em>. Il y est parfait comme d\u2019habitude, mais le r\u00f4le n\u2019est sans doute pas assez difficile ou \u00e9tonnant pour lui permettre de s\u2019imposer. Sa c\u00f4te de sympathie, par contre, reste \u00e9norme. Notre favori? Hmmmmmmmmmm\u2026 <strong>Denis M&rsquo;Punga<\/strong>, peut-\u00eatre, qui provoqua une ovation incroyable lors de la premi\u00e8re mondiale du film aux Cinevox Happenings. Sa prestation a d\u00e9finitivement marqu\u00e9 les esprits.<\/p>\n<p><em>[lire la pr\u00e9sentation de la cat\u00e9gorie sur le site des Magritte : <a href=\"http:\/\/www.lesmagritteducinema.com\/newsfile.php?lang=fr&amp;id=10\" target=\"_blank\">ICI<\/a>]<\/em><\/p>\n<p>&nbsp;<\/p>\n<p><a rel=\"attachment wp-att-36310\" href=\"http:\/\/www.cinevox.be\/3e-magritte-du-cinema-nos-pronostics-24-acteursactrices\/img_7110\"><img loading=\"lazy\" decoding=\"async\" class=\"aligncenter size-full wp-image-36310\" title=\"IMG_7110\" src=\"http:\/\/www.cinevox.be\/wp-content\/uploads\/sites\/2\/2013\/01\/IMG_7110.jpg\" alt=\"\" width=\"1248\" height=\"831\" srcset=\"https:\/\/welovecinema.be\/wp-content\/uploads\/sites\/2\/2013\/01\/IMG_7110.jpg 1248w, https:\/\/welovecinema.be\/wp-content\/uploads\/sites\/2\/2013\/01\/IMG_7110-405x270.jpg 405w, https:\/\/welovecinema.be\/wp-content\/uploads\/sites\/2\/2013\/01\/IMG_7110-800x532.jpg 800w\" sizes=\"auto, (max-width: 1248px) 100vw, 1248px\" \/><\/a><\/p>\n<p>&nbsp;<\/p>\n<p>Restent les meilleurs espoirs. F\u00e9minins d\u2019abord. O\u00f9 on retrouve un autre personnage cl\u00e9 de <em>Dead man Talking <\/em>: <strong>Pauline Burlet<\/strong>. \u00a0L\u2019adolescente qui joue les chaperons rouges gagne en consistance tout au long du film. D\u2019abord fantomatique, diaphane, elle s\u2019incarne et s\u2019humanise au fil des sc\u00e8nes. Elle vient de tourner sous la direction d\u2019Asghar Farhadi (<em>Une s\u00e9paration<\/em>), c\u2019est assez dire qu\u2019il faut prendre sa jeune carri\u00e8re d\u2019actrice au s\u00e9rieux.<\/p>\n<p>L\u2019autre jeunette est <strong>Mona Job\u00e9<\/strong> qui ne se destine pas particuli\u00e8rement \u00e0 la com\u00e9die. Un Magritte la ferait-elle changer d\u2019avis? Dans <em>Miss Mouche<\/em> elle est omnipr\u00e9sente, mais on la voit tr\u00e8s peu puisqu\u2019on vit essentiellement l\u2019histoire de son point de vue. Atout charme de <em>La folie Almayer<\/em>, <strong>Aurora Marion<\/strong> divise les spectateurs. D\u00e9cal\u00e9e dans un film \u00e9vanescent, la sublime m\u00e9tisse aura peut-\u00eatre un peu de mal \u00e0 tirer son \u00e9pingle du jeu; comme <strong>Anne-Pascale Clairembourg<\/strong> craquante dans <em>Mobile home<\/em>, mais dans un r\u00f4le nettement moins important que ses cons\u0153urs. Avantage <strong>Pauline Burlet<\/strong> \u00e0 notre avis. Mais sans garantie particuli\u00e8re.<\/p>\n<p><em>[lire la pr\u00e9sentation de la cat\u00e9gorie sur le site des Magritte : <a href=\"http:\/\/www.lesmagritteducinema.com\/newsfile.php?lang=fr&amp;id=16\" target=\"_blank\">ICI<\/a>]<\/em><\/p>\n<p>&nbsp;<\/p>\n<p>&nbsp;<\/p>\n<p><a rel=\"attachment wp-att-36311\" href=\"http:\/\/www.cinevox.be\/3e-magritte-du-cinema-nos-pronostics-24-acteursactrices\/img_7655\"><img loading=\"lazy\" decoding=\"async\" class=\"aligncenter size-full wp-image-36311\" title=\"IMG_7655\" src=\"http:\/\/www.cinevox.be\/wp-content\/uploads\/sites\/2\/2013\/01\/IMG_7655.jpg\" alt=\"\" width=\"5184\" height=\"3456\" srcset=\"https:\/\/welovecinema.be\/wp-content\/uploads\/sites\/2\/2013\/01\/IMG_7655.jpg 5184w, https:\/\/welovecinema.be\/wp-content\/uploads\/sites\/2\/2013\/01\/IMG_7655-405x270.jpg 405w, https:\/\/welovecinema.be\/wp-content\/uploads\/sites\/2\/2013\/01\/IMG_7655-800x533.jpg 800w\" sizes=\"auto, (max-width: 5184px) 100vw, 5184px\" \/><\/a><\/p>\n<p>&nbsp;<\/p>\n<p>Chez les gar\u00e7ons, l&rsquo;issue semble plus \u00e9vidente. Nomm\u00e9 l\u2019an dernier pour <em>Rundskop <\/em>et battu par l\u2019incontournable <strong>Thomas Doret, David Murgia<\/strong> devrait s\u2019imposer pour sa deuxi\u00e8me apparition. Sa prestation dans <em>La T\u00eate la Premi\u00e8re<\/em> est formidable. Il insuffle une telle \u00e9nergie au film qu\u2019il a imm\u00e9diatement suscit\u00e9 l\u2019int\u00e9r\u00eat de tous les m\u00e9dias. Depuis, le petit monde du cin\u00e9ma s\u2019est aper\u00e7u que ce prodigieux acteur de th\u00e9\u00e2tre (il joue au National samedi soir) \u00e9tait un des futurs atouts majeurs du 7<sup>e<\/sup> art belge.<\/p>\n<p>Mais sa victoire pourrait \u00eatre discut\u00e9e par <strong>C\u00e9dric Constantin<\/strong> \u00e9patant dans <em>Torpedo<\/em> dont il est ici (bizarrement) le seul repr\u00e9sentant. \u00a0Evidemment, le gamin est tr\u00e8s jeune et a la vie devant lui. \u00c7a devrait jouer\u2026 contre lui.<\/p>\n<p>Dans ce contexte, les excellents <strong>Gael Maleux<\/strong> et <strong>Martin Swabey<\/strong> qui n\u2019ont que des seconds r\u00f4les dans <em>Mobile home et Little Glory<\/em>, ont sans doute moins de chances de marquer beaucoup de points.<\/p>\n<p><em>[lire la pr\u00e9sentation de la cat\u00e9gorie sur le site des Magritte : <a href=\"http:\/\/www.lesmagritteducinema.com\/newsfile.php?lang=fr&amp;id=17\" target=\"_blank\">ICI<\/a>]<\/em><\/p>\n<p>&nbsp;<\/p>\n<p>Ce qui signifie que, d\u2019apr\u00e8s notre pointage, seul parmi les quatre films favoris, <em>A perdre la Raison<\/em> est presque assur\u00e9 d\u2019un troph\u00e9e suppl\u00e9mentaire ici. <em>Dead man talking<\/em> a deux belles opportunit\u00e9s \u00e0 faire valoir. Mais rien ne prouve qu\u2019il transformera un seul de ces essais.<\/p>\n<p>Passionnant, on vous dit !<\/p>\n<p>&nbsp;<\/p>\n","protected":false},"excerpt":{"rendered":"<p>Le cin\u00e9ma belge vaut par ses films, mais aussi par ses interpr\u00e8tes aujourd\u2019hui tellement demand\u00e9s\u2026 qu\u2019ils tournent beaucoup moins chez nous.<\/p>\n","protected":false},"author":7,"featured_media":36313,"comment_status":"closed","ping_status":"closed","sticky":false,"template":"","format":"standard","meta":{"ngg_post_thumbnail":0,"footnotes":""},"categories":[1923],"tags":[],"class_list":["post-36304","post","type-post","status-publish","format-standard","has-post-thumbnail","","category-en-bref"],"yoast_head":"<!-- This site is optimized with the Yoast SEO plugin v20.4 - https:\/\/yoast.com\/wordpress\/plugins\/seo\/ -->\n<title>3e Magritte du Cin\u00e9ma  Nos pronostics (2\/4)  Acteurs\/Actrices - We Love Cinema<\/title>\n<meta name=\"robots\" content=\"index, follow, max-snippet:-1, max-image-preview:large, max-video-preview:-1\" \/>\n<link rel=\"canonical\" href=\"https:\/\/welovecinema.be\/fr\/3e-magritte-du-cinema-nos-pronostics-24-acteursactrices\/\" \/>\n<meta property=\"og:locale\" content=\"fr_FR\" \/>\n<meta property=\"og:type\" content=\"article\" \/>\n<meta property=\"og:title\" content=\"3e Magritte du Cin\u00e9ma  Nos pronostics (2\/4)  Acteurs\/Actrices - We Love Cinema\" \/>\n<meta property=\"og:description\" content=\"Le cin\u00e9ma belge vaut par ses films, mais aussi par ses interpr\u00e8tes aujourd\u2019hui tellement demand\u00e9s\u2026 qu\u2019ils tournent beaucoup moins chez nous.\" \/>\n<meta property=\"og:url\" content=\"https:\/\/welovecinema.be\/fr\/3e-magritte-du-cinema-nos-pronostics-24-acteursactrices\/\" \/>\n<meta property=\"og:site_name\" content=\"We Love Cinema\" \/>\n<meta property=\"article:publisher\" content=\"https:\/\/www.facebook.com\/welovecinema.be\" \/>\n<meta property=\"article:published_time\" content=\"2013-01-31T05:56:26+00:00\" \/>\n<meta property=\"article:modified_time\" content=\"2013-01-31T21:12:14+00:00\" \/>\n<meta property=\"og:image\" content=\"https:\/\/welovecinema.be\/wp-content\/uploads\/sites\/2\/2013\/01\/IMAGELLAN_00003237-007-800x548.jpg\" \/>\n\t<meta property=\"og:image:width\" content=\"800\" \/>\n\t<meta property=\"og:image:height\" content=\"548\" \/>\n\t<meta property=\"og:image:type\" content=\"image\/jpeg\" \/>\n<meta name=\"author\" content=\"Philippe.Pierquin\" \/>\n<meta name=\"twitter:card\" content=\"summary_large_image\" \/>\n<meta name=\"twitter:label1\" content=\"\u00c9crit par\" \/>\n\t<meta name=\"twitter:data1\" content=\"Philippe.Pierquin\" \/>\n\t<meta name=\"twitter:label2\" content=\"Dur\u00e9e de lecture estim\u00e9e\" \/>\n\t<meta name=\"twitter:data2\" content=\"7 minutes\" \/>\n<script type=\"application\/ld+json\" class=\"yoast-schema-graph\">{\"@context\":\"https:\/\/schema.org\",\"@graph\":[{\"@type\":\"Article\",\"@id\":\"https:\/\/welovecinema.be\/fr\/3e-magritte-du-cinema-nos-pronostics-24-acteursactrices\/#article\",\"isPartOf\":{\"@id\":\"https:\/\/welovecinema.be\/fr\/3e-magritte-du-cinema-nos-pronostics-24-acteursactrices\/\"},\"author\":{\"name\":\"Philippe.Pierquin\",\"@id\":\"https:\/\/welovecinema.be\/nl\/#\/schema\/person\/4b9b1d857f0943453a38a7c2859ef756\"},\"headline\":\"3e Magritte du Cin\u00e9ma Nos pronostics (2\/4) Acteurs\/Actrices\",\"datePublished\":\"2013-01-31T05:56:26+00:00\",\"dateModified\":\"2013-01-31T21:12:14+00:00\",\"mainEntityOfPage\":{\"@id\":\"https:\/\/welovecinema.be\/fr\/3e-magritte-du-cinema-nos-pronostics-24-acteursactrices\/\"},\"wordCount\":1430,\"publisher\":{\"@id\":\"https:\/\/welovecinema.be\/nl\/#organization\"},\"articleSection\":[\"En bref\"],\"inLanguage\":\"fr-FR\"},{\"@type\":\"WebPage\",\"@id\":\"https:\/\/welovecinema.be\/fr\/3e-magritte-du-cinema-nos-pronostics-24-acteursactrices\/\",\"url\":\"https:\/\/welovecinema.be\/fr\/3e-magritte-du-cinema-nos-pronostics-24-acteursactrices\/\",\"name\":\"3e Magritte du Cin\u00e9ma Nos pronostics (2\/4) Acteurs\/Actrices - We Love Cinema\",\"isPartOf\":{\"@id\":\"https:\/\/welovecinema.be\/nl\/#website\"},\"datePublished\":\"2013-01-31T05:56:26+00:00\",\"dateModified\":\"2013-01-31T21:12:14+00:00\",\"breadcrumb\":{\"@id\":\"https:\/\/welovecinema.be\/fr\/3e-magritte-du-cinema-nos-pronostics-24-acteursactrices\/#breadcrumb\"},\"inLanguage\":\"fr-FR\",\"potentialAction\":[{\"@type\":\"ReadAction\",\"target\":[\"https:\/\/welovecinema.be\/fr\/3e-magritte-du-cinema-nos-pronostics-24-acteursactrices\/\"]}]},{\"@type\":\"BreadcrumbList\",\"@id\":\"https:\/\/welovecinema.be\/fr\/3e-magritte-du-cinema-nos-pronostics-24-acteursactrices\/#breadcrumb\",\"itemListElement\":[{\"@type\":\"ListItem\",\"position\":1,\"name\":\"Accueil\",\"item\":\"https:\/\/welovecinema.be\/fr\/\"},{\"@type\":\"ListItem\",\"position\":2,\"name\":\"3e Magritte du Cin\u00e9ma Nos pronostics (2\/4) Acteurs\/Actrices\"}]},{\"@type\":\"WebSite\",\"@id\":\"https:\/\/welovecinema.be\/nl\/#website\",\"url\":\"https:\/\/welovecinema.be\/nl\/\",\"name\":\"We Love Cinema\",\"description\":\"Toute l\u2019information du cin\u00e9ma en Belgique\",\"publisher\":{\"@id\":\"https:\/\/welovecinema.be\/nl\/#organization\"},\"potentialAction\":[{\"@type\":\"SearchAction\",\"target\":{\"@type\":\"EntryPoint\",\"urlTemplate\":\"https:\/\/welovecinema.be\/nl\/?s={search_term_string}\"},\"query-input\":\"required name=search_term_string\"}],\"inLanguage\":\"fr-FR\"},{\"@type\":\"Organization\",\"@id\":\"https:\/\/welovecinema.be\/nl\/#organization\",\"name\":\"We Love Cinema\",\"url\":\"https:\/\/welovecinema.be\/nl\/\",\"logo\":{\"@type\":\"ImageObject\",\"inLanguage\":\"fr-FR\",\"@id\":\"https:\/\/welovecinema.be\/nl\/#\/schema\/logo\/image\/\",\"url\":\"https:\/\/welovecinema.be\/wp-content\/uploads\/sites\/2\/2023\/03\/Logo-We-Love-Cinema305x128.jpg\",\"contentUrl\":\"https:\/\/welovecinema.be\/wp-content\/uploads\/sites\/2\/2023\/03\/Logo-We-Love-Cinema305x128.jpg\",\"width\":305,\"height\":128,\"caption\":\"We Love Cinema\"},\"image\":{\"@id\":\"https:\/\/welovecinema.be\/nl\/#\/schema\/logo\/image\/\"},\"sameAs\":[\"https:\/\/www.facebook.com\/welovecinema.be\",\"https:\/\/www.youtube.com\/channel\/UCX5LYGVhnKvYauW4Nta4HJA\",\"https:\/\/www.instagram.com\/welovecinema.be\/\"]},{\"@type\":\"Person\",\"@id\":\"https:\/\/welovecinema.be\/nl\/#\/schema\/person\/4b9b1d857f0943453a38a7c2859ef756\",\"name\":\"Philippe.Pierquin\",\"url\":\"https:\/\/welovecinema.be\/fr\/author\/philippe-pierquin\/\"}]}<\/script>\n<!-- \/ Yoast SEO plugin. -->","yoast_head_json":{"title":"3e Magritte du Cin\u00e9ma  Nos pronostics (2\/4)  Acteurs\/Actrices - We Love Cinema","robots":{"index":"index","follow":"follow","max-snippet":"max-snippet:-1","max-image-preview":"max-image-preview:large","max-video-preview":"max-video-preview:-1"},"canonical":"https:\/\/welovecinema.be\/fr\/3e-magritte-du-cinema-nos-pronostics-24-acteursactrices\/","og_locale":"fr_FR","og_type":"article","og_title":"3e Magritte du Cin\u00e9ma  Nos pronostics (2\/4)  Acteurs\/Actrices - We Love Cinema","og_description":"Le cin\u00e9ma belge vaut par ses films, mais aussi par ses interpr\u00e8tes aujourd\u2019hui tellement demand\u00e9s\u2026 qu\u2019ils tournent beaucoup moins chez nous.","og_url":"https:\/\/welovecinema.be\/fr\/3e-magritte-du-cinema-nos-pronostics-24-acteursactrices\/","og_site_name":"We Love Cinema","article_publisher":"https:\/\/www.facebook.com\/welovecinema.be","article_published_time":"2013-01-31T05:56:26+00:00","article_modified_time":"2013-01-31T21:12:14+00:00","og_image":[{"width":"800","height":"548","url":"https:\/\/welovecinema.be\/wp-content\/uploads\/sites\/2\/2013\/01\/IMAGELLAN_00003237-007-800x548.jpg","type":"image\/jpeg"}],"author":"Philippe.Pierquin","twitter_card":"summary_large_image","twitter_misc":{"\u00c9crit par":"Philippe.Pierquin","Dur\u00e9e de lecture estim\u00e9e":"7 minutes"},"schema":{"@context":"https:\/\/schema.org","@graph":[{"@type":"Article","@id":"https:\/\/welovecinema.be\/fr\/3e-magritte-du-cinema-nos-pronostics-24-acteursactrices\/#article","isPartOf":{"@id":"https:\/\/welovecinema.be\/fr\/3e-magritte-du-cinema-nos-pronostics-24-acteursactrices\/"},"author":{"name":"Philippe.Pierquin","@id":"https:\/\/welovecinema.be\/nl\/#\/schema\/person\/4b9b1d857f0943453a38a7c2859ef756"},"headline":"3e Magritte du Cin\u00e9ma Nos pronostics (2\/4) Acteurs\/Actrices","datePublished":"2013-01-31T05:56:26+00:00","dateModified":"2013-01-31T21:12:14+00:00","mainEntityOfPage":{"@id":"https:\/\/welovecinema.be\/fr\/3e-magritte-du-cinema-nos-pronostics-24-acteursactrices\/"},"wordCount":1430,"publisher":{"@id":"https:\/\/welovecinema.be\/nl\/#organization"},"articleSection":["En bref"],"inLanguage":"fr-FR"},{"@type":"WebPage","@id":"https:\/\/welovecinema.be\/fr\/3e-magritte-du-cinema-nos-pronostics-24-acteursactrices\/","url":"https:\/\/welovecinema.be\/fr\/3e-magritte-du-cinema-nos-pronostics-24-acteursactrices\/","name":"3e Magritte du Cin\u00e9ma Nos pronostics (2\/4) Acteurs\/Actrices - We Love Cinema","isPartOf":{"@id":"https:\/\/welovecinema.be\/nl\/#website"},"datePublished":"2013-01-31T05:56:26+00:00","dateModified":"2013-01-31T21:12:14+00:00","breadcrumb":{"@id":"https:\/\/welovecinema.be\/fr\/3e-magritte-du-cinema-nos-pronostics-24-acteursactrices\/#breadcrumb"},"inLanguage":"fr-FR","potentialAction":[{"@type":"ReadAction","target":["https:\/\/welovecinema.be\/fr\/3e-magritte-du-cinema-nos-pronostics-24-acteursactrices\/"]}]},{"@type":"BreadcrumbList","@id":"https:\/\/welovecinema.be\/fr\/3e-magritte-du-cinema-nos-pronostics-24-acteursactrices\/#breadcrumb","itemListElement":[{"@type":"ListItem","position":1,"name":"Accueil","item":"https:\/\/welovecinema.be\/fr\/"},{"@type":"ListItem","position":2,"name":"3e Magritte du Cin\u00e9ma Nos pronostics (2\/4) Acteurs\/Actrices"}]},{"@type":"WebSite","@id":"https:\/\/welovecinema.be\/nl\/#website","url":"https:\/\/welovecinema.be\/nl\/","name":"We Love Cinema","description":"Toute l\u2019information du cin\u00e9ma en Belgique","publisher":{"@id":"https:\/\/welovecinema.be\/nl\/#organization"},"potentialAction":[{"@type":"SearchAction","target":{"@type":"EntryPoint","urlTemplate":"https:\/\/welovecinema.be\/nl\/?s={search_term_string}"},"query-input":"required name=search_term_string"}],"inLanguage":"fr-FR"},{"@type":"Organization","@id":"https:\/\/welovecinema.be\/nl\/#organization","name":"We Love Cinema","url":"https:\/\/welovecinema.be\/nl\/","logo":{"@type":"ImageObject","inLanguage":"fr-FR","@id":"https:\/\/welovecinema.be\/nl\/#\/schema\/logo\/image\/","url":"https:\/\/welovecinema.be\/wp-content\/uploads\/sites\/2\/2023\/03\/Logo-We-Love-Cinema305x128.jpg","contentUrl":"https:\/\/welovecinema.be\/wp-content\/uploads\/sites\/2\/2023\/03\/Logo-We-Love-Cinema305x128.jpg","width":305,"height":128,"caption":"We Love Cinema"},"image":{"@id":"https:\/\/welovecinema.be\/nl\/#\/schema\/logo\/image\/"},"sameAs":["https:\/\/www.facebook.com\/welovecinema.be","https:\/\/www.youtube.com\/channel\/UCX5LYGVhnKvYauW4Nta4HJA","https:\/\/www.instagram.com\/welovecinema.be\/"]},{"@type":"Person","@id":"https:\/\/welovecinema.be\/nl\/#\/schema\/person\/4b9b1d857f0943453a38a7c2859ef756","name":"Philippe.Pierquin","url":"https:\/\/welovecinema.be\/fr\/author\/philippe-pierquin\/"}]}},"_links":{"self":[{"href":"https:\/\/welovecinema.be\/fr\/wp-json\/wp\/v2\/posts\/36304","targetHints":{"allow":["GET"]}}],"collection":[{"href":"https:\/\/welovecinema.be\/fr\/wp-json\/wp\/v2\/posts"}],"about":[{"href":"https:\/\/welovecinema.be\/fr\/wp-json\/wp\/v2\/types\/post"}],"author":[{"embeddable":true,"href":"https:\/\/welovecinema.be\/fr\/wp-json\/wp\/v2\/users\/7"}],"replies":[{"embeddable":true,"href":"https:\/\/welovecinema.be\/fr\/wp-json\/wp\/v2\/comments?post=36304"}],"version-history":[{"count":0,"href":"https:\/\/welovecinema.be\/fr\/wp-json\/wp\/v2\/posts\/36304\/revisions"}],"wp:featuredmedia":[{"embeddable":true,"href":"https:\/\/welovecinema.be\/fr\/wp-json\/wp\/v2\/media\/36313"}],"wp:attachment":[{"href":"https:\/\/welovecinema.be\/fr\/wp-json\/wp\/v2\/media?parent=36304"}],"wp:term":[{"taxonomy":"category","embeddable":true,"href":"https:\/\/welovecinema.be\/fr\/wp-json\/wp\/v2\/categories?post=36304"},{"taxonomy":"post_tag","embeddable":true,"href":"https:\/\/welovecinema.be\/fr\/wp-json\/wp\/v2\/tags?post=36304"}],"curies":[{"name":"wp","href":"https:\/\/api.w.org\/{rel}","templated":true}]}}