{"id":36230,"date":"2013-01-29T06:54:06","date_gmt":"2013-01-29T06:54:06","guid":{"rendered":"http:\/\/www.cinevox.be\/?p=36230"},"modified":"2013-01-28T08:15:02","modified_gmt":"2013-01-28T08:15:02","slug":"%e2%80%a6-bernard-bellefroid-gaetan-bevernaege-geraldine-doignon-pierre-nisse","status":"publish","type":"post","link":"https:\/\/welovecinema.be\/fr\/%e2%80%a6-bernard-bellefroid-gaetan-bevernaege-geraldine-doignon-pierre-nisse\/","title":{"rendered":"\u2026 Bernard Bellefroid, G\u00e9raldine Doignon, Pierre Nisse"},"content":{"rendered":"<p>Deux r\u00e9alisateurs qui offrent dans des registres tr\u00e8s diff\u00e9rents (quoique\u2026 leur th\u00e8me de pr\u00e9dilection sont \u00e0 tous les rapports familiaux) et un jeune acteur li\u00e9geois de plus en plus pr\u00e9sent sur les plateaux.<\/p>\n<p>Leurs points communs ? Ces trois-l\u00e0 sont belges et nous parlent de 2013.<!--more--><\/p>\n<p>&nbsp;<\/p>\n<p><a rel=\"attachment wp-att-36231\" href=\"http:\/\/www.cinevox.be\/%e2%80%a6-bernard-bellefroid-gaetan-bevernaege-geraldine-doignon-pierre-nisse\/6a00d83451b40669e201310f3d896d970c-800wi\"><img loading=\"lazy\" decoding=\"async\" class=\"aligncenter size-full wp-image-36231\" title=\"6a00d83451b40669e201310f3d896d970c-800wi\" src=\"http:\/\/www.cinevox.be\/wp-content\/uploads\/sites\/2\/2013\/01\/6a00d83451b40669e201310f3d896d970c-800wi.jpg\" alt=\"\" width=\"640\" height=\"425\" srcset=\"https:\/\/welovecinema.be\/wp-content\/uploads\/sites\/2\/2013\/01\/6a00d83451b40669e201310f3d896d970c-800wi.jpg 640w, https:\/\/welovecinema.be\/wp-content\/uploads\/sites\/2\/2013\/01\/6a00d83451b40669e201310f3d896d970c-800wi-406x270.jpg 406w\" sizes=\"auto, (max-width: 640px) 100vw, 640px\" \/><\/a><\/p>\n<p>&nbsp;<\/p>\n<p><strong>Bernard Bellefroid<\/strong><\/p>\n<p><em>Le r\u00e9alisateur de La R\u00e9gate a deux projets tr\u00e8s avanc\u00e9s dans ses cartons. On a lu le premier sc\u00e9nario: il est magnifique. Tournage au printemps?<\/em><\/p>\n<p>&nbsp;<\/p>\n<p>2013 ? \u2026 Avant 2013, 2012 fut une tr\u00e8s belle ann\u00e9e. Je suis devenu papa pour la deuxi\u00e8me fois\u2026 Qu\u2019on le veuille ou pas, c\u2019est un fracas incroyable dans une vie. De ces fracas qui font qu\u2019on ne regarde plus tout \u00e0 fait le monde de la m\u00eame fa\u00e7on\u2026<\/p>\n<p>Ensuite, en 2012, j\u2019ai rencontr\u00e9 deux personnes incroyables qui vont faire aussi de 2013, une tr\u00e8s belle ann\u00e9e\u2026<\/p>\n<p>&nbsp;<\/p>\n<p>La rencontre avec Marcel Beaulieu, un sc\u00e9nariste qu\u00e9b\u00e9cois qui n\u2019est pas un complet inconnu pour la Belgique (il a \u00e9crit \u00ab\u00a0Farinelli\u00a0\u00bb et a \u00e9t\u00e9 prim\u00e9 au festival de Namur pour le sc\u00e9nario de \u00ab\u00a0M\u00e9moires affectives\u00a0\u00bb). Je travaille en ce moment avec Marcel \u00e0 finaliser l\u2019\u00e9criture de mon troisi\u00e8me long-m\u00e9trage qui devrait rentrer en financement dans quelques mois.<\/p>\n<p>&nbsp;<\/p>\n<p>La rencontre aussi avec une com\u00e9dienne aussi talentueuse que g\u00e9n\u00e9reuse, Lucie Debay, qui va porter avec force mon deuxi\u00e8me long-m\u00e9trage, <em>Melody<\/em>. C\u2019est un film que j\u2019ai co\u00e9crit avec Carine Zimmerlin et dont le tournage devrait commencer entre le printemps et l\u2019\u00e9t\u00e9.<\/p>\n<p>&nbsp;<\/p>\n<p>J\u2019esp\u00e8re de tout c\u0153ur que 2013 va \u00eatre une belle ann\u00e9e\u2026 Pas seulement pour moi mais aussi pour tous ceux qui n\u2019ont pas la chance de pouvoir tourner et qui luttent sans rel\u00e2che pour d\u00e9velopper, financer et faire vivre un film\u2026 Et parfois depuis trop longtemps\u2026<\/p>\n<p>&nbsp;<\/p>\n<p>Last but not least, j\u2019esp\u00e8re aussi que tous ceux qui sont \u00e0 la pointe du combat pour r\u00e9former le syst\u00e8me du tax-shelter vont y parvenir. Ce syst\u00e8me est aujourd\u2019hui gravement en danger \u00e0 la suite des agissements de financiers cyniques, qu\u2019on aurait tort d\u2019appeler producteurs et dont le d\u00e9ploiement de notre cin\u00e9ma importe peu. On ne rappellera jamais assez combien notre petit miracle belge est fragile, pas dans les id\u00e9es et de tous ceux qui le font vivre, mais dans son existence financi\u00e8re.<\/p>\n<p>Bonne ann\u00e9e \u00e0 tous !<\/p>\n<p>Et bonne ann\u00e9e \u00e0 Cin\u00e9vox ! (qui n\u2019existait pas quand \u2018la r\u00e9gate\u2019 est sorti mais dont on se demande bien comment on pourrait s\u2019en passer maintenant !)<\/p>\n<p>&nbsp;<\/p>\n<p style=\"text-align: right;\"><a rel=\"attachment wp-att-36232\" href=\"http:\/\/www.cinevox.be\/%e2%80%a6-bernard-bellefroid-gaetan-bevernaege-geraldine-doignon-pierre-nisse\/mds-2\"><img loading=\"lazy\" decoding=\"async\" class=\"aligncenter size-full wp-image-36232\" title=\"MDS-2\" src=\"http:\/\/www.cinevox.be\/wp-content\/uploads\/sites\/2\/2013\/01\/MDS-2.jpg\" alt=\"\" width=\"640\" height=\"428\" srcset=\"https:\/\/welovecinema.be\/wp-content\/uploads\/sites\/2\/2013\/01\/MDS-2.jpg 640w, https:\/\/welovecinema.be\/wp-content\/uploads\/sites\/2\/2013\/01\/MDS-2-403x270.jpg 403w\" sizes=\"auto, (max-width: 640px) 100vw, 640px\" \/><\/a><em>[Photo FIFF]<\/em><\/p>\n<p>&nbsp;<\/p>\n<p><strong> <\/strong><\/p>\n<p><strong> <\/strong><\/p>\n<p><strong>G\u00e9raldine Doignon<\/strong><\/p>\n<p><em>Apr\u00e8s son tr\u00e8s touchant \u00ab\u00a0De leur vivant\u00a0\u00bb, G\u00e9raldine Doignon est revenue en 2012 \u00e0 ses premi\u00e8res amours, le court m\u00e9trage, avec un d\u00e9licieux Syndrome du Cornichon. Sa passion? Le cin\u00e9ma, tout simplement<\/em><\/p>\n<p>&nbsp;<\/p>\n<p>Mon plus grand souhait pour 2013 est de continuer \u00e0 faire des films, \u00e0 \u00e9crire et raconter des histoires, \u00e0 travailler avec une \u00e9quipe technique et des com\u00e9diens, \u00e0 aller \u00e0 la rencontre du public comme je le fais depuis des mois avec mon film \u00ab\u00a0De leur vivant\u00a0\u00bb. Voir et entendre que des gens sont touch\u00e9s, \u00e9mus, boulevers\u00e9s par notre film est ce qu\u2019il y a de plus beau comme r\u00e9ponse \u00e0 l\u2019\u00e9norme travail fourni.<\/p>\n<p>J\u2019esp\u00e8re aussi concr\u00e9tiser bient\u00f4t mon prochain long-m\u00e9trage \u00ab\u00a0Un homme \u00e0 la mer\u00a0\u00bb dont j\u2019attends le tournage depuis un moment d\u00e9j\u00e0! Puisse les films d\u2019auteur \u00eatre mieux soutenus, depuis l\u2019\u00e9criture jusqu\u2019\u00e0 la sortie en salles!<\/p>\n<p>Enfin, que le cin\u00e9ma belge (et le cin\u00e9ma en g\u00e9n\u00e9ral) continue d\u2019\u00eatre le moyen d\u2019expression d\u2019auteurs, d\u2019artistes singuliers, diff\u00e9rents, \u00e9clectiques, qui ne rentrent dans aucun moule (et je ne parle pas des Machins).\u00a0 Bonne ann\u00e9e \u00e0 tous!<\/p>\n<p>&nbsp;<\/p>\n<p><a rel=\"attachment wp-att-36233\" href=\"http:\/\/www.cinevox.be\/%e2%80%a6-bernard-bellefroid-gaetan-bevernaege-geraldine-doignon-pierre-nisse\/img_6448b\"><img loading=\"lazy\" decoding=\"async\" class=\"aligncenter size-full wp-image-36233\" title=\"IMG_6448b\" src=\"http:\/\/www.cinevox.be\/wp-content\/uploads\/sites\/2\/2013\/01\/IMG_6448b.jpg\" alt=\"\" width=\"1200\" height=\"800\" srcset=\"https:\/\/welovecinema.be\/wp-content\/uploads\/sites\/2\/2013\/01\/IMG_6448b.jpg 1200w, https:\/\/welovecinema.be\/wp-content\/uploads\/sites\/2\/2013\/01\/IMG_6448b-405x270.jpg 405w, https:\/\/welovecinema.be\/wp-content\/uploads\/sites\/2\/2013\/01\/IMG_6448b-800x533.jpg 800w\" sizes=\"auto, (max-width: 1200px) 100vw, 1200px\" \/><\/a><\/p>\n<p>&nbsp;<\/p>\n<p><strong>Pierre Nisse<\/strong><\/p>\n<p><em>En 2012, on l\u2019a vu notamment au Cul du Loup et Mobile Home. En 2013, il sera \u00e0 l\u2019affiche de La Religieuse (en s\u00e9lection officielle \u00e0 Berlin), La Cinqui\u00e8me saison de Peter Brosens &amp; Jessica Woodworth, Safe du grand Fred Cavay\u00e9 et Grand Central de Rebecca Zlotowski. <\/em><\/p>\n<p>&nbsp;<\/p>\n<p>J\u2019esp\u00e8re tout simplement continuer \u00e0 jouer des personnages tr\u00e8s diff\u00e9rents, pourvu que les projets soient sinc\u00e8res. Il y a toujours cette envie d\u2019explorer de nouveaux r\u00f4les, de croiser des personnes inconnues\u2026 Que \u00e7a continue quoi.<\/p>\n<p>Et puis, il y a les gens que tu rencontres : les cadreurs, les ing\u00e9nieurs du son, les com\u00e9diens, les r\u00e9alisateurs, les technicos&#8230; qui aiment partager, et donnent du sens \u00e0 ce m\u00e9tier. Je vous invite tous \u00e0 aller voir le prochain film de Peter Brosens et Jessica Woodworth \u00ab\u00a0La Cinqui\u00e8me saison\u00a0\u00bb, un film engag\u00e9, qui aborde avec singularit\u00e9 le th\u00e8me de l\u2019\u00e9cologie. Un bel OVNI.<\/p>\n<p>&nbsp;<\/p>\n","protected":false},"excerpt":{"rendered":"<p>Deux r\u00e9alisateurs qui offrent dans des registres tr\u00e8s diff\u00e9rents (quoique\u2026 leur th\u00e8me de pr\u00e9dilection sont \u00e0 tous les rapports familiaux) et un jeune acteur li\u00e9geois de plus en plus pr\u00e9sent sur les plateaux. Leurs points communs ? Ces trois-l\u00e0 sont belges et nous parlent de 2013.<\/p>\n","protected":false},"author":7,"featured_media":36235,"comment_status":"closed","ping_status":"closed","sticky":false,"template":"","format":"standard","meta":{"ngg_post_thumbnail":0,"footnotes":""},"categories":[1923],"tags":[],"class_list":["post-36230","post","type-post","status-publish","format-standard","has-post-thumbnail","","category-en-bref"],"yoast_head":"<!-- This site is optimized with the Yoast SEO plugin v20.4 - https:\/\/yoast.com\/wordpress\/plugins\/seo\/ -->\n<title>\u2026 Bernard Bellefroid, G\u00e9raldine Doignon, Pierre Nisse - We Love Cinema<\/title>\n<meta name=\"robots\" content=\"index, follow, max-snippet:-1, max-image-preview:large, max-video-preview:-1\" \/>\n<link rel=\"canonical\" href=\"https:\/\/welovecinema.be\/fr\/\u2026-bernard-bellefroid-gaetan-bevernaege-geraldine-doignon-pierre-nisse\/\" \/>\n<meta property=\"og:locale\" content=\"fr_FR\" \/>\n<meta property=\"og:type\" content=\"article\" \/>\n<meta property=\"og:title\" content=\"\u2026 Bernard Bellefroid, G\u00e9raldine Doignon, Pierre Nisse - We Love Cinema\" \/>\n<meta property=\"og:description\" content=\"Deux r\u00e9alisateurs qui offrent dans des registres tr\u00e8s diff\u00e9rents (quoique\u2026 leur th\u00e8me de pr\u00e9dilection sont \u00e0 tous les rapports familiaux) et un jeune acteur li\u00e9geois de plus en plus pr\u00e9sent sur les plateaux. Leurs points communs ? Ces trois-l\u00e0 sont belges et nous parlent de 2013.\" \/>\n<meta property=\"og:url\" content=\"https:\/\/welovecinema.be\/fr\/\u2026-bernard-bellefroid-gaetan-bevernaege-geraldine-doignon-pierre-nisse\/\" \/>\n<meta property=\"og:site_name\" content=\"We Love Cinema\" \/>\n<meta property=\"article:publisher\" content=\"https:\/\/www.facebook.com\/welovecinema.be\" \/>\n<meta property=\"article:published_time\" content=\"2013-01-29T06:54:06+00:00\" \/>\n<meta property=\"article:modified_time\" content=\"2013-01-28T08:15:02+00:00\" \/>\n<meta property=\"og:image\" content=\"https:\/\/welovecinema.be\/wp-content\/uploads\/sites\/2\/2013\/01\/2013-12.jpg\" \/>\n\t<meta property=\"og:image:width\" content=\"2956\" \/>\n\t<meta property=\"og:image:height\" content=\"1680\" \/>\n\t<meta property=\"og:image:type\" content=\"image\/jpeg\" \/>\n<meta name=\"author\" content=\"Philippe.Pierquin\" \/>\n<meta name=\"twitter:card\" content=\"summary_large_image\" \/>\n<meta name=\"twitter:label1\" content=\"\u00c9crit par\" \/>\n\t<meta name=\"twitter:data1\" content=\"Philippe.Pierquin\" \/>\n\t<meta name=\"twitter:label2\" content=\"Dur\u00e9e de lecture estim\u00e9e\" \/>\n\t<meta name=\"twitter:data2\" content=\"4 minutes\" \/>\n<script type=\"application\/ld+json\" class=\"yoast-schema-graph\">{\"@context\":\"https:\/\/schema.org\",\"@graph\":[{\"@type\":\"Article\",\"@id\":\"https:\/\/welovecinema.be\/fr\/%e2%80%a6-bernard-bellefroid-gaetan-bevernaege-geraldine-doignon-pierre-nisse\/#article\",\"isPartOf\":{\"@id\":\"https:\/\/welovecinema.be\/fr\/%e2%80%a6-bernard-bellefroid-gaetan-bevernaege-geraldine-doignon-pierre-nisse\/\"},\"author\":{\"name\":\"Philippe.Pierquin\",\"@id\":\"https:\/\/welovecinema.be\/nl\/#\/schema\/person\/4b9b1d857f0943453a38a7c2859ef756\"},\"headline\":\"\u2026 Bernard Bellefroid, G\u00e9raldine Doignon, Pierre Nisse\",\"datePublished\":\"2013-01-29T06:54:06+00:00\",\"dateModified\":\"2013-01-28T08:15:02+00:00\",\"mainEntityOfPage\":{\"@id\":\"https:\/\/welovecinema.be\/fr\/%e2%80%a6-bernard-bellefroid-gaetan-bevernaege-geraldine-doignon-pierre-nisse\/\"},\"wordCount\":830,\"publisher\":{\"@id\":\"https:\/\/welovecinema.be\/nl\/#organization\"},\"articleSection\":[\"En bref\"],\"inLanguage\":\"fr-FR\"},{\"@type\":\"WebPage\",\"@id\":\"https:\/\/welovecinema.be\/fr\/%e2%80%a6-bernard-bellefroid-gaetan-bevernaege-geraldine-doignon-pierre-nisse\/\",\"url\":\"https:\/\/welovecinema.be\/fr\/%e2%80%a6-bernard-bellefroid-gaetan-bevernaege-geraldine-doignon-pierre-nisse\/\",\"name\":\"\u2026 Bernard Bellefroid, G\u00e9raldine Doignon, Pierre Nisse - We Love Cinema\",\"isPartOf\":{\"@id\":\"https:\/\/welovecinema.be\/nl\/#website\"},\"datePublished\":\"2013-01-29T06:54:06+00:00\",\"dateModified\":\"2013-01-28T08:15:02+00:00\",\"breadcrumb\":{\"@id\":\"https:\/\/welovecinema.be\/fr\/%e2%80%a6-bernard-bellefroid-gaetan-bevernaege-geraldine-doignon-pierre-nisse\/#breadcrumb\"},\"inLanguage\":\"fr-FR\",\"potentialAction\":[{\"@type\":\"ReadAction\",\"target\":[\"https:\/\/welovecinema.be\/fr\/%e2%80%a6-bernard-bellefroid-gaetan-bevernaege-geraldine-doignon-pierre-nisse\/\"]}]},{\"@type\":\"BreadcrumbList\",\"@id\":\"https:\/\/welovecinema.be\/fr\/%e2%80%a6-bernard-bellefroid-gaetan-bevernaege-geraldine-doignon-pierre-nisse\/#breadcrumb\",\"itemListElement\":[{\"@type\":\"ListItem\",\"position\":1,\"name\":\"Accueil\",\"item\":\"https:\/\/welovecinema.be\/fr\/\"},{\"@type\":\"ListItem\",\"position\":2,\"name\":\"\u2026 Bernard Bellefroid, G\u00e9raldine Doignon, Pierre Nisse\"}]},{\"@type\":\"WebSite\",\"@id\":\"https:\/\/welovecinema.be\/nl\/#website\",\"url\":\"https:\/\/welovecinema.be\/nl\/\",\"name\":\"We Love Cinema\",\"description\":\"Toute l\u2019information du cin\u00e9ma en Belgique\",\"publisher\":{\"@id\":\"https:\/\/welovecinema.be\/nl\/#organization\"},\"potentialAction\":[{\"@type\":\"SearchAction\",\"target\":{\"@type\":\"EntryPoint\",\"urlTemplate\":\"https:\/\/welovecinema.be\/nl\/?s={search_term_string}\"},\"query-input\":\"required name=search_term_string\"}],\"inLanguage\":\"fr-FR\"},{\"@type\":\"Organization\",\"@id\":\"https:\/\/welovecinema.be\/nl\/#organization\",\"name\":\"We Love Cinema\",\"url\":\"https:\/\/welovecinema.be\/nl\/\",\"logo\":{\"@type\":\"ImageObject\",\"inLanguage\":\"fr-FR\",\"@id\":\"https:\/\/welovecinema.be\/nl\/#\/schema\/logo\/image\/\",\"url\":\"https:\/\/welovecinema.be\/wp-content\/uploads\/sites\/2\/2023\/03\/Logo-We-Love-Cinema305x128.jpg\",\"contentUrl\":\"https:\/\/welovecinema.be\/wp-content\/uploads\/sites\/2\/2023\/03\/Logo-We-Love-Cinema305x128.jpg\",\"width\":305,\"height\":128,\"caption\":\"We Love Cinema\"},\"image\":{\"@id\":\"https:\/\/welovecinema.be\/nl\/#\/schema\/logo\/image\/\"},\"sameAs\":[\"https:\/\/www.facebook.com\/welovecinema.be\",\"https:\/\/www.youtube.com\/channel\/UCX5LYGVhnKvYauW4Nta4HJA\",\"https:\/\/www.instagram.com\/welovecinema.be\/\"]},{\"@type\":\"Person\",\"@id\":\"https:\/\/welovecinema.be\/nl\/#\/schema\/person\/4b9b1d857f0943453a38a7c2859ef756\",\"name\":\"Philippe.Pierquin\",\"url\":\"https:\/\/welovecinema.be\/fr\/author\/philippe-pierquin\/\"}]}<\/script>\n<!-- \/ Yoast SEO plugin. -->","yoast_head_json":{"title":"\u2026 Bernard Bellefroid, G\u00e9raldine Doignon, Pierre Nisse - We Love Cinema","robots":{"index":"index","follow":"follow","max-snippet":"max-snippet:-1","max-image-preview":"max-image-preview:large","max-video-preview":"max-video-preview:-1"},"canonical":"https:\/\/welovecinema.be\/fr\/\u2026-bernard-bellefroid-gaetan-bevernaege-geraldine-doignon-pierre-nisse\/","og_locale":"fr_FR","og_type":"article","og_title":"\u2026 Bernard Bellefroid, G\u00e9raldine Doignon, Pierre Nisse - We Love Cinema","og_description":"Deux r\u00e9alisateurs qui offrent dans des registres tr\u00e8s diff\u00e9rents (quoique\u2026 leur th\u00e8me de pr\u00e9dilection sont \u00e0 tous les rapports familiaux) et un jeune acteur li\u00e9geois de plus en plus pr\u00e9sent sur les plateaux. Leurs points communs ? Ces trois-l\u00e0 sont belges et nous parlent de 2013.","og_url":"https:\/\/welovecinema.be\/fr\/\u2026-bernard-bellefroid-gaetan-bevernaege-geraldine-doignon-pierre-nisse\/","og_site_name":"We Love Cinema","article_publisher":"https:\/\/www.facebook.com\/welovecinema.be","article_published_time":"2013-01-29T06:54:06+00:00","article_modified_time":"2013-01-28T08:15:02+00:00","og_image":[{"width":"2956","height":"1680","url":"https:\/\/welovecinema.be\/wp-content\/uploads\/sites\/2\/2013\/01\/2013-12.jpg","type":"image\/jpeg"}],"author":"Philippe.Pierquin","twitter_card":"summary_large_image","twitter_misc":{"\u00c9crit par":"Philippe.Pierquin","Dur\u00e9e de lecture estim\u00e9e":"4 minutes"},"schema":{"@context":"https:\/\/schema.org","@graph":[{"@type":"Article","@id":"https:\/\/welovecinema.be\/fr\/%e2%80%a6-bernard-bellefroid-gaetan-bevernaege-geraldine-doignon-pierre-nisse\/#article","isPartOf":{"@id":"https:\/\/welovecinema.be\/fr\/%e2%80%a6-bernard-bellefroid-gaetan-bevernaege-geraldine-doignon-pierre-nisse\/"},"author":{"name":"Philippe.Pierquin","@id":"https:\/\/welovecinema.be\/nl\/#\/schema\/person\/4b9b1d857f0943453a38a7c2859ef756"},"headline":"\u2026 Bernard Bellefroid, G\u00e9raldine Doignon, Pierre Nisse","datePublished":"2013-01-29T06:54:06+00:00","dateModified":"2013-01-28T08:15:02+00:00","mainEntityOfPage":{"@id":"https:\/\/welovecinema.be\/fr\/%e2%80%a6-bernard-bellefroid-gaetan-bevernaege-geraldine-doignon-pierre-nisse\/"},"wordCount":830,"publisher":{"@id":"https:\/\/welovecinema.be\/nl\/#organization"},"articleSection":["En bref"],"inLanguage":"fr-FR"},{"@type":"WebPage","@id":"https:\/\/welovecinema.be\/fr\/%e2%80%a6-bernard-bellefroid-gaetan-bevernaege-geraldine-doignon-pierre-nisse\/","url":"https:\/\/welovecinema.be\/fr\/%e2%80%a6-bernard-bellefroid-gaetan-bevernaege-geraldine-doignon-pierre-nisse\/","name":"\u2026 Bernard Bellefroid, G\u00e9raldine Doignon, Pierre Nisse - We Love Cinema","isPartOf":{"@id":"https:\/\/welovecinema.be\/nl\/#website"},"datePublished":"2013-01-29T06:54:06+00:00","dateModified":"2013-01-28T08:15:02+00:00","breadcrumb":{"@id":"https:\/\/welovecinema.be\/fr\/%e2%80%a6-bernard-bellefroid-gaetan-bevernaege-geraldine-doignon-pierre-nisse\/#breadcrumb"},"inLanguage":"fr-FR","potentialAction":[{"@type":"ReadAction","target":["https:\/\/welovecinema.be\/fr\/%e2%80%a6-bernard-bellefroid-gaetan-bevernaege-geraldine-doignon-pierre-nisse\/"]}]},{"@type":"BreadcrumbList","@id":"https:\/\/welovecinema.be\/fr\/%e2%80%a6-bernard-bellefroid-gaetan-bevernaege-geraldine-doignon-pierre-nisse\/#breadcrumb","itemListElement":[{"@type":"ListItem","position":1,"name":"Accueil","item":"https:\/\/welovecinema.be\/fr\/"},{"@type":"ListItem","position":2,"name":"\u2026 Bernard Bellefroid, G\u00e9raldine Doignon, Pierre Nisse"}]},{"@type":"WebSite","@id":"https:\/\/welovecinema.be\/nl\/#website","url":"https:\/\/welovecinema.be\/nl\/","name":"We Love Cinema","description":"Toute l\u2019information du cin\u00e9ma en Belgique","publisher":{"@id":"https:\/\/welovecinema.be\/nl\/#organization"},"potentialAction":[{"@type":"SearchAction","target":{"@type":"EntryPoint","urlTemplate":"https:\/\/welovecinema.be\/nl\/?s={search_term_string}"},"query-input":"required name=search_term_string"}],"inLanguage":"fr-FR"},{"@type":"Organization","@id":"https:\/\/welovecinema.be\/nl\/#organization","name":"We Love Cinema","url":"https:\/\/welovecinema.be\/nl\/","logo":{"@type":"ImageObject","inLanguage":"fr-FR","@id":"https:\/\/welovecinema.be\/nl\/#\/schema\/logo\/image\/","url":"https:\/\/welovecinema.be\/wp-content\/uploads\/sites\/2\/2023\/03\/Logo-We-Love-Cinema305x128.jpg","contentUrl":"https:\/\/welovecinema.be\/wp-content\/uploads\/sites\/2\/2023\/03\/Logo-We-Love-Cinema305x128.jpg","width":305,"height":128,"caption":"We Love Cinema"},"image":{"@id":"https:\/\/welovecinema.be\/nl\/#\/schema\/logo\/image\/"},"sameAs":["https:\/\/www.facebook.com\/welovecinema.be","https:\/\/www.youtube.com\/channel\/UCX5LYGVhnKvYauW4Nta4HJA","https:\/\/www.instagram.com\/welovecinema.be\/"]},{"@type":"Person","@id":"https:\/\/welovecinema.be\/nl\/#\/schema\/person\/4b9b1d857f0943453a38a7c2859ef756","name":"Philippe.Pierquin","url":"https:\/\/welovecinema.be\/fr\/author\/philippe-pierquin\/"}]}},"_links":{"self":[{"href":"https:\/\/welovecinema.be\/fr\/wp-json\/wp\/v2\/posts\/36230","targetHints":{"allow":["GET"]}}],"collection":[{"href":"https:\/\/welovecinema.be\/fr\/wp-json\/wp\/v2\/posts"}],"about":[{"href":"https:\/\/welovecinema.be\/fr\/wp-json\/wp\/v2\/types\/post"}],"author":[{"embeddable":true,"href":"https:\/\/welovecinema.be\/fr\/wp-json\/wp\/v2\/users\/7"}],"replies":[{"embeddable":true,"href":"https:\/\/welovecinema.be\/fr\/wp-json\/wp\/v2\/comments?post=36230"}],"version-history":[{"count":0,"href":"https:\/\/welovecinema.be\/fr\/wp-json\/wp\/v2\/posts\/36230\/revisions"}],"wp:featuredmedia":[{"embeddable":true,"href":"https:\/\/welovecinema.be\/fr\/wp-json\/wp\/v2\/media\/36235"}],"wp:attachment":[{"href":"https:\/\/welovecinema.be\/fr\/wp-json\/wp\/v2\/media?parent=36230"}],"wp:term":[{"taxonomy":"category","embeddable":true,"href":"https:\/\/welovecinema.be\/fr\/wp-json\/wp\/v2\/categories?post=36230"},{"taxonomy":"post_tag","embeddable":true,"href":"https:\/\/welovecinema.be\/fr\/wp-json\/wp\/v2\/tags?post=36230"}],"curies":[{"name":"wp","href":"https:\/\/api.w.org\/{rel}","templated":true}]}}