{"id":3549,"date":"2011-06-22T07:03:30","date_gmt":"2011-06-22T07:03:30","guid":{"rendered":"http:\/\/www.cinevox.be\/?p=3549"},"modified":"2011-06-22T07:14:03","modified_gmt":"2011-06-22T07:14:03","slug":"hard-saison-2-charlie-dupont-classe-x","status":"publish","type":"post","link":"https:\/\/welovecinema.be\/fr\/hard-saison-2-charlie-dupont-classe-x\/","title":{"rendered":"Hard, saison 2 <br>  Charlie Dupont class\u00e9 X"},"content":{"rendered":"<p>On consid\u00e8re g\u00e9n\u00e9ralement que c&rsquo;est le t\u00e9l\u00e9film <em>Mes ch\u00e8res \u00e9tudes<\/em>, qui a lanc\u00e9 la mode, aujourd&rsquo;hui fort r\u00e9pandue sur les \u00e9crans fran\u00e7ais, des s\u00e9ries et t\u00e9l\u00e9films un peu hot; explicites en tous cas. Dans ce t\u00e9l\u00e9film sulfureux, notre nationale <strong>Deborah Fran\u00e7ois<\/strong> (r\u00e9v\u00e9l\u00e9e dans <em>L&rsquo;Enfant <\/em>des fr\u00e8res Dardenne, faut-il le rappeler ?) vendait son corps pour avoir la possibilit\u00e9 de fr\u00e9quenter la Fac. Vinrent ensuite <em>Maison Close, Xanadu<\/em> et <em>Hard<\/em>. Des s\u00e9ries qui ont la jambe l\u00e9g\u00e8re et l&rsquo;audimat plut\u00f4t lourd.<\/p>\n<p>Le principe de <em>Hard <\/em>est simple, mais imparable : Sophie, dynamique quadra devenue brutalement veuve, h\u00e9rite du business de son mari qui (croyait-elle) faisait du fret sur Internet\u2026 (Mais en fait, pas du tout !)<!--more--><\/p>\n<p>Effar\u00e9e, la belle bourgeoise d\u00e9couvre que l&rsquo;homme qui partageait sa vie dirigeait en fait une soci\u00e9t\u00e9 de production de films pornographiques. Choc ! Mais aussi peut-\u00eatre r\u00e9v\u00e9lation&#8230; Car la dame n&rsquo;est pas insensible aux charmes de Roy Lapoutre, une star du X. Va-t-elle revendre la soci\u00e9t\u00e9 ou, au contraire, se lancer \u00e0 son tour dans le financement de films de pet&rsquo; ? Comment pourrait-elle alors se d\u00e9brouiller face \u00e0 ses enfants et \u00e0 ses amis plut\u00f4t collet mont\u00e9 ? A-t-elle seulement le choix si elle ne veut pas se retrouver \u00e0 la rue ? Le concept fa\u00e7on <em>Weeds,<\/em> est naturellement un pr\u00e9texte parfait pour nous faire d\u00e9couvrir les coulisses m\u00e9connues d&rsquo;un univers fascinant en multipliant les quiproquos comiques. Deux axes. Deux r\u00e9ussites.<\/p>\n<p><a rel=\"attachment wp-att-3550\" href=\"http:\/\/www.cinevox.be\/hard-saison-2-charlie-dupont-classe-x\/hard-1\/\"><img loading=\"lazy\" decoding=\"async\" class=\"alignright size-thumbnail wp-image-3550\" title=\"hard 1\" src=\"http:\/\/www.cinevox.be\/wp-content\/uploads\/sites\/2\/2011\/06\/hard-1-200x113.jpg\" alt=\"\" width=\"200\" height=\"113\" srcset=\"https:\/\/welovecinema.be\/wp-content\/uploads\/sites\/2\/2011\/06\/hard-1-200x113.jpg 200w, https:\/\/welovecinema.be\/wp-content\/uploads\/sites\/2\/2011\/06\/hard-1-480x270.jpg 480w, https:\/\/welovecinema.be\/wp-content\/uploads\/sites\/2\/2011\/06\/hard-1-300x169.jpg 300w, https:\/\/welovecinema.be\/wp-content\/uploads\/sites\/2\/2011\/06\/hard-1-620x350.jpg 620w\" sizes=\"auto, (max-width: 200px) 100vw, 200px\" \/><\/a>Dans cette s\u00e9rie o\u00f9 on devait attirer sans trop montrer, les com\u00e9diens \u00e9taient primordiaux. D\u00e8s la premi\u00e8re saison de Hard sur Canal, on remarqua la prestation de notre national <strong>Charlie Dupont<\/strong>. Avec un accent espagnol \u00e0 couper au couteau (Charlie pratique tr\u00e8s bien les accents incongrus), il interpr\u00e8te Corrado acteur X espagnol, passionn\u00e9 par son art. Car oui, pour lui, c&rsquo;en est un. R\u00e9jouissant en plus. Sa premi\u00e8re rencontre avec Sophie nous donne d&rsquo;ailleurs une des sc\u00e8nes les plus savoureuses de la s\u00e9rie, assortie d&rsquo;une des r\u00e9pliques les plus dr\u00f4les entendues sur le petit \u00e9cran ces derni\u00e8res ann\u00e9es: \u00e9loignez les enfants et visionnez-la <a href=\"http:\/\/www.youtube.com\/watch?v=9vLrZ_FoyDs&amp;feature=related\">ici<\/a> .<\/p>\n<p>\u00a0\u00bb &#8211; Cette sc\u00e8ne de rencontre est \u00e0 l&rsquo;origine de l&rsquo;expression \u00a0\u00bb gros respect\u00a0\u00bb qui est finalement devenue une sorte de leitmotiv du personnage de Corrado,\u00a0\u00bb nous explique Charlie. \u00ab\u00a0Cathy Vernet est pour moi une des r\u00e9alisatrices les plus dou\u00e9es du paysage fran\u00e7ais. Elle a le don de laisser des portes ouvertes aux plus improbables improvisations tout en sachant exactement o\u00f9 elle veut amener la sc\u00e8ne. Elle offre \u00e0 ses acteurs des situations de jeux en or massif et puis elle leur fait confiance avec bienveillance et envie de rire. \u00c0 la base le personnage n&rsquo;\u00e9tait m\u00eame pas espagnol. Mais quand je lui ai propos\u00e9 cet accent dont j&rsquo;ignorais moi-m\u00eame qu&rsquo;il \u00e9tait en moi, elle l&rsquo;a accept\u00e9 tout de suite. C&rsquo;est elle qui a accouch\u00e9 de Corrado. Et Carmen, ma \u00a0coiffeuse espagnole sur <em>Hard<\/em>, \u00e0 qui j&rsquo;ai emprunt\u00e9 toute la diction de Corrado. La merveille de l\u2019\u00e9criture de Cathy c\u2019est d\u2019\u00eatre, elle aussi, toujours ouverte, ce qui a permis \u00e0 mon personnage, qui faisait trois lignes dans la premi\u00e8re version du sc\u00e9nario, de devenir un \u00ab\u00a0vrai\u00a0\u00bb r\u00f4le dans la version finale.\u00a0\u00bb<\/p>\n<p>La r\u00e9ussite de la s\u00e9rie tient en effet aux d\u00e9calages multiples: d\u00e9calage entre l&rsquo;h\u00e9ro\u00efne et <a rel=\"attachment wp-att-3551\" href=\"http:\/\/www.cinevox.be\/hard-saison-2-charlie-dupont-classe-x\/hard-5\/\"><img loading=\"lazy\" decoding=\"async\" class=\"alignleft size-thumbnail wp-image-3551\" title=\"hard 5\" src=\"http:\/\/www.cinevox.be\/wp-content\/uploads\/sites\/2\/2011\/06\/hard-5-200x113.jpg\" alt=\"\" width=\"200\" height=\"113\" srcset=\"https:\/\/welovecinema.be\/wp-content\/uploads\/sites\/2\/2011\/06\/hard-5-200x113.jpg 200w, https:\/\/welovecinema.be\/wp-content\/uploads\/sites\/2\/2011\/06\/hard-5-480x270.jpg 480w, https:\/\/welovecinema.be\/wp-content\/uploads\/sites\/2\/2011\/06\/hard-5-300x169.jpg 300w\" sizes=\"auto, (max-width: 200px) 100vw, 200px\" \/><\/a>l&rsquo;univers qu&rsquo;elle d\u00e9couvre, mais aussi d\u00e9calage entre les personnages et les clich\u00e9s aff\u00e9rents au genre\u2026 qu&rsquo;ils ne v\u00e9hiculent pas ici. Corrado, incarn\u00e9 par <strong>Charlie Dupont<\/strong> est ainsi un homme excessivement gentil, modeste, et raffin\u00e9 dans son genre. Ce ne sont pas les caract\u00e9ristiques qui sautent \u00e0 l&rsquo;esprit quand on \u00e9voque la personnalit\u00e9 d&rsquo;un hardeur (qui n&rsquo;en manque pas\u2026 d&rsquo;ardeur, bien s\u00fbr).<\/p>\n<p>\u00a0\u00bb &#8211; Cathy fuit les clich\u00e9s comme la peste\u00a0\u00bb, sourit Charlie. \u00ab\u00a0Nous sommes sur la m\u00eame longueur d&rsquo;onde. Jouer quelque chose qui a d\u00e9j\u00e0 \u00e9t\u00e9 fait, qui est attendu, c\u2019est ce que je veux \u00e9viter dans tous mes personnages, et Cathy dans tous ses sc\u00e9narii. C&rsquo;est aussi le cas sur <em>Comme le temps passe<\/em> que j\u2019ai tourn\u00e9 avec elle et qui a remport\u00e9 le Grand Prix \u00e0 Clermont-Ferrand 2010. Par contre, tordre les clich\u00e9s, jouer avec, les pervertir sont des plaisirs ultimes. Corrado c\u2019est l&rsquo;inverse du gros lourd qu&rsquo;on s&rsquo;attend \u00e0 rencontrer sur un plateau porno. Il est doux, gentil, attentionn\u00e9. Et c&rsquo;est pour \u00e7a qu&rsquo;il est jubilant \u00e0 jouer, il est en d\u00e9calage par rapport \u00e0 tout, ce qui est un magnifique moteur de com\u00e9die.\u00a0\u00bb<\/p>\n<p><a rel=\"attachment wp-att-3552\" href=\"http:\/\/www.cinevox.be\/hard-saison-2-charlie-dupont-classe-x\/hard-6\/\"><img loading=\"lazy\" decoding=\"async\" class=\"alignright size-medium wp-image-3552\" title=\"hard 6\" src=\"http:\/\/www.cinevox.be\/wp-content\/uploads\/sites\/2\/2011\/06\/hard-6-413x270.jpg\" alt=\"\" width=\"413\" height=\"270\" srcset=\"https:\/\/welovecinema.be\/wp-content\/uploads\/sites\/2\/2011\/06\/hard-6-413x270.jpg 413w, https:\/\/welovecinema.be\/wp-content\/uploads\/sites\/2\/2011\/06\/hard-6.jpg 532w\" sizes=\"auto, (max-width: 413px) 100vw, 413px\" \/><\/a>Sans surprise, la s\u00e9rie qui a connu un joli succ\u00e8s d&rsquo;estime et d&rsquo;audience a \u00e9t\u00e9 prolong\u00e9e pour une saison\u00a02. Apr\u00e8s les six de la saison\u00a01, ce sont douze nouveaux \u00e9pisodes qui ont \u00e9t\u00e9 film\u00e9s en deux temps (grossesse de l&rsquo;actrice principale oblige). Les budgets ont aussi explos\u00e9, car le salaire des acteurs a forc\u00e9ment \u00e9t\u00e9 revaloris\u00e9 selon la progression de leur notori\u00e9t\u00e9, li\u00e9e, en partie au moins, au succ\u00e8s de la s\u00e9rie. Ce ph\u00e9nom\u00e8ne d&rsquo;auto-inflation est d&rsquo;ailleurs commun \u00e0 toutes les s\u00e9ries t\u00e9l\u00e9vis\u00e9es (ou pas, cf Harry Potter) de tous les pays.<\/p>\n<p>\u00a0\u00bb &#8211; En mati\u00e8re de cachet, y&rsquo;a qu&rsquo;une r\u00e8gle, c&rsquo;est qu&rsquo;y a pas de r\u00e8gle. Gilles Galud et Bruno Gaccio\u00a0(producteurs de Hard) ont eu l&rsquo;\u00e9l\u00e9gance de nous augmenter pour la saison 2. Mais il m&rsquo;est arriv\u00e9 de tourner pour le cin\u00e9ma pour des cachets inf\u00e9rieurs \u00e0 ceux de mes s\u00e9ries t\u00e9l\u00e9. Les acteurs belges sont m\u00eame parfois \u00a0mieux pay\u00e9s que les fran\u00e7ais, vous vous rendez compte\u00a0!\u00a0 Tout fout le camp ! (rires)\u00a0\u00bb<\/p>\n<p>Preuve que la s\u00e9rie a gagn\u00e9 du galon, elle accueille aujourd&rsquo;hui des guests assez prestigieux jouant leur propre r\u00f4le. Au fil des \u00e9pisodes, on peut ainsi croiser le fran\u00e7ais Guillaume Gallienne et une certaine\u2026 <strong>C\u00e9cile de France. <\/strong>Comme dit Charlie :<strong> <\/strong>Tout fout le camp \u00a0!<\/p>\n<p>&nbsp;<\/p>\n<p><em> <\/em><\/p>\n<p><em>La saison\u00a01 est parue en DVD le 8 juin, la saison\u00a02 sortira le 24 ao\u00fbt. Elle est actuellement diffus\u00e9e sur Canal Plus France et devrait arriver bient\u00f4t sur BeTV.<\/em><\/p>\n<p><em> <\/em><\/p>\n<p><em>Toutes les illustrations \u00a9CanalPlus<\/em><\/p>\n<p>&nbsp;<\/p>\n<p>&nbsp;<\/p>\n","protected":false},"excerpt":{"rendered":"<p>On consid\u00e8re g\u00e9n\u00e9ralement que c&rsquo;est le t\u00e9l\u00e9film Mes ch\u00e8res \u00e9tudes, qui a lanc\u00e9 la mode, aujourd&rsquo;hui fort r\u00e9pandue sur les \u00e9crans fran\u00e7ais, des s\u00e9ries et t\u00e9l\u00e9films un peu hot; explicites en tous cas. Dans ce t\u00e9l\u00e9film sulfureux, notre nationale Deborah Fran\u00e7ois (r\u00e9v\u00e9l\u00e9e dans L&rsquo;Enfant des fr\u00e8res Dardenne, faut-il le rappeler ?) vendait son corps pour &hellip;<\/p>\n","protected":false},"author":7,"featured_media":3554,"comment_status":"closed","ping_status":"closed","sticky":false,"template":"","format":"standard","meta":{"ngg_post_thumbnail":0,"footnotes":""},"categories":[7,14],"tags":[],"class_list":["post-3549","post","type-post","status-publish","format-standard","has-post-thumbnail","","category-actualites","category-home-cinema"],"yoast_head":"<!-- This site is optimized with the Yoast SEO plugin v20.4 - https:\/\/yoast.com\/wordpress\/plugins\/seo\/ -->\n<title>Hard, saison 2  Charlie Dupont class\u00e9 X - We Love Cinema<\/title>\n<meta name=\"robots\" content=\"index, follow, max-snippet:-1, max-image-preview:large, max-video-preview:-1\" \/>\n<link rel=\"canonical\" href=\"https:\/\/welovecinema.be\/fr\/hard-saison-2-charlie-dupont-classe-x\/\" \/>\n<meta property=\"og:locale\" content=\"fr_FR\" \/>\n<meta property=\"og:type\" content=\"article\" \/>\n<meta property=\"og:title\" content=\"Hard, saison 2  Charlie Dupont class\u00e9 X - We Love Cinema\" \/>\n<meta property=\"og:description\" content=\"On consid\u00e8re g\u00e9n\u00e9ralement que c&rsquo;est le t\u00e9l\u00e9film Mes ch\u00e8res \u00e9tudes, qui a lanc\u00e9 la mode, aujourd&rsquo;hui fort r\u00e9pandue sur les \u00e9crans fran\u00e7ais, des s\u00e9ries et t\u00e9l\u00e9films un peu hot; explicites en tous cas. Dans ce t\u00e9l\u00e9film sulfureux, notre nationale Deborah Fran\u00e7ois (r\u00e9v\u00e9l\u00e9e dans L&rsquo;Enfant des fr\u00e8res Dardenne, faut-il le rappeler ?) vendait son corps pour &hellip;\" \/>\n<meta property=\"og:url\" content=\"https:\/\/welovecinema.be\/fr\/hard-saison-2-charlie-dupont-classe-x\/\" \/>\n<meta property=\"og:site_name\" content=\"We Love Cinema\" \/>\n<meta property=\"article:publisher\" content=\"https:\/\/www.facebook.com\/welovecinema.be\" \/>\n<meta property=\"article:published_time\" content=\"2011-06-22T07:03:30+00:00\" \/>\n<meta property=\"article:modified_time\" content=\"2011-06-22T07:14:03+00:00\" \/>\n<meta property=\"og:image\" content=\"https:\/\/welovecinema.be\/wp-content\/uploads\/sites\/2\/2011\/06\/hard-7.jpg\" \/>\n\t<meta property=\"og:image:width\" content=\"525\" \/>\n\t<meta property=\"og:image:height\" content=\"349\" \/>\n\t<meta property=\"og:image:type\" content=\"image\/jpeg\" \/>\n<meta name=\"author\" content=\"Philippe.Pierquin\" \/>\n<meta name=\"twitter:card\" content=\"summary_large_image\" \/>\n<meta name=\"twitter:label1\" content=\"\u00c9crit par\" \/>\n\t<meta name=\"twitter:data1\" content=\"Philippe.Pierquin\" \/>\n\t<meta name=\"twitter:label2\" content=\"Dur\u00e9e de lecture estim\u00e9e\" \/>\n\t<meta name=\"twitter:data2\" content=\"5 minutes\" \/>\n<script type=\"application\/ld+json\" class=\"yoast-schema-graph\">{\"@context\":\"https:\/\/schema.org\",\"@graph\":[{\"@type\":\"Article\",\"@id\":\"https:\/\/welovecinema.be\/fr\/hard-saison-2-charlie-dupont-classe-x\/#article\",\"isPartOf\":{\"@id\":\"https:\/\/welovecinema.be\/fr\/hard-saison-2-charlie-dupont-classe-x\/\"},\"author\":{\"name\":\"Philippe.Pierquin\",\"@id\":\"https:\/\/welovecinema.be\/nl\/#\/schema\/person\/4b9b1d857f0943453a38a7c2859ef756\"},\"headline\":\"Hard, saison 2 Charlie Dupont class\u00e9 X\",\"datePublished\":\"2011-06-22T07:03:30+00:00\",\"dateModified\":\"2011-06-22T07:14:03+00:00\",\"mainEntityOfPage\":{\"@id\":\"https:\/\/welovecinema.be\/fr\/hard-saison-2-charlie-dupont-classe-x\/\"},\"wordCount\":1109,\"publisher\":{\"@id\":\"https:\/\/welovecinema.be\/nl\/#organization\"},\"articleSection\":[\"News\",\"Plateau t\u00e9l\u00e9\"],\"inLanguage\":\"fr-FR\"},{\"@type\":\"WebPage\",\"@id\":\"https:\/\/welovecinema.be\/fr\/hard-saison-2-charlie-dupont-classe-x\/\",\"url\":\"https:\/\/welovecinema.be\/fr\/hard-saison-2-charlie-dupont-classe-x\/\",\"name\":\"Hard, saison 2 Charlie Dupont class\u00e9 X - We Love Cinema\",\"isPartOf\":{\"@id\":\"https:\/\/welovecinema.be\/nl\/#website\"},\"datePublished\":\"2011-06-22T07:03:30+00:00\",\"dateModified\":\"2011-06-22T07:14:03+00:00\",\"breadcrumb\":{\"@id\":\"https:\/\/welovecinema.be\/fr\/hard-saison-2-charlie-dupont-classe-x\/#breadcrumb\"},\"inLanguage\":\"fr-FR\",\"potentialAction\":[{\"@type\":\"ReadAction\",\"target\":[\"https:\/\/welovecinema.be\/fr\/hard-saison-2-charlie-dupont-classe-x\/\"]}]},{\"@type\":\"BreadcrumbList\",\"@id\":\"https:\/\/welovecinema.be\/fr\/hard-saison-2-charlie-dupont-classe-x\/#breadcrumb\",\"itemListElement\":[{\"@type\":\"ListItem\",\"position\":1,\"name\":\"Accueil\",\"item\":\"https:\/\/welovecinema.be\/fr\/\"},{\"@type\":\"ListItem\",\"position\":2,\"name\":\"Hard, saison 2 Charlie Dupont class\u00e9 X\"}]},{\"@type\":\"WebSite\",\"@id\":\"https:\/\/welovecinema.be\/nl\/#website\",\"url\":\"https:\/\/welovecinema.be\/nl\/\",\"name\":\"We Love Cinema\",\"description\":\"Toute l\u2019information du cin\u00e9ma en Belgique\",\"publisher\":{\"@id\":\"https:\/\/welovecinema.be\/nl\/#organization\"},\"potentialAction\":[{\"@type\":\"SearchAction\",\"target\":{\"@type\":\"EntryPoint\",\"urlTemplate\":\"https:\/\/welovecinema.be\/nl\/?s={search_term_string}\"},\"query-input\":\"required name=search_term_string\"}],\"inLanguage\":\"fr-FR\"},{\"@type\":\"Organization\",\"@id\":\"https:\/\/welovecinema.be\/nl\/#organization\",\"name\":\"We Love Cinema\",\"url\":\"https:\/\/welovecinema.be\/nl\/\",\"logo\":{\"@type\":\"ImageObject\",\"inLanguage\":\"fr-FR\",\"@id\":\"https:\/\/welovecinema.be\/nl\/#\/schema\/logo\/image\/\",\"url\":\"https:\/\/welovecinema.be\/wp-content\/uploads\/sites\/2\/2023\/03\/Logo-We-Love-Cinema305x128.jpg\",\"contentUrl\":\"https:\/\/welovecinema.be\/wp-content\/uploads\/sites\/2\/2023\/03\/Logo-We-Love-Cinema305x128.jpg\",\"width\":305,\"height\":128,\"caption\":\"We Love Cinema\"},\"image\":{\"@id\":\"https:\/\/welovecinema.be\/nl\/#\/schema\/logo\/image\/\"},\"sameAs\":[\"https:\/\/www.facebook.com\/welovecinema.be\",\"https:\/\/www.youtube.com\/channel\/UCX5LYGVhnKvYauW4Nta4HJA\",\"https:\/\/www.instagram.com\/welovecinema.be\/\"]},{\"@type\":\"Person\",\"@id\":\"https:\/\/welovecinema.be\/nl\/#\/schema\/person\/4b9b1d857f0943453a38a7c2859ef756\",\"name\":\"Philippe.Pierquin\",\"url\":\"https:\/\/welovecinema.be\/fr\/author\/philippe-pierquin\/\"}]}<\/script>\n<!-- \/ Yoast SEO plugin. -->","yoast_head_json":{"title":"Hard, saison 2  Charlie Dupont class\u00e9 X - We Love Cinema","robots":{"index":"index","follow":"follow","max-snippet":"max-snippet:-1","max-image-preview":"max-image-preview:large","max-video-preview":"max-video-preview:-1"},"canonical":"https:\/\/welovecinema.be\/fr\/hard-saison-2-charlie-dupont-classe-x\/","og_locale":"fr_FR","og_type":"article","og_title":"Hard, saison 2  Charlie Dupont class\u00e9 X - We Love Cinema","og_description":"On consid\u00e8re g\u00e9n\u00e9ralement que c&rsquo;est le t\u00e9l\u00e9film Mes ch\u00e8res \u00e9tudes, qui a lanc\u00e9 la mode, aujourd&rsquo;hui fort r\u00e9pandue sur les \u00e9crans fran\u00e7ais, des s\u00e9ries et t\u00e9l\u00e9films un peu hot; explicites en tous cas. Dans ce t\u00e9l\u00e9film sulfureux, notre nationale Deborah Fran\u00e7ois (r\u00e9v\u00e9l\u00e9e dans L&rsquo;Enfant des fr\u00e8res Dardenne, faut-il le rappeler ?) vendait son corps pour &hellip;","og_url":"https:\/\/welovecinema.be\/fr\/hard-saison-2-charlie-dupont-classe-x\/","og_site_name":"We Love Cinema","article_publisher":"https:\/\/www.facebook.com\/welovecinema.be","article_published_time":"2011-06-22T07:03:30+00:00","article_modified_time":"2011-06-22T07:14:03+00:00","og_image":[{"width":"525","height":"349","url":"https:\/\/welovecinema.be\/wp-content\/uploads\/sites\/2\/2011\/06\/hard-7.jpg","type":"image\/jpeg"}],"author":"Philippe.Pierquin","twitter_card":"summary_large_image","twitter_misc":{"\u00c9crit par":"Philippe.Pierquin","Dur\u00e9e de lecture estim\u00e9e":"5 minutes"},"schema":{"@context":"https:\/\/schema.org","@graph":[{"@type":"Article","@id":"https:\/\/welovecinema.be\/fr\/hard-saison-2-charlie-dupont-classe-x\/#article","isPartOf":{"@id":"https:\/\/welovecinema.be\/fr\/hard-saison-2-charlie-dupont-classe-x\/"},"author":{"name":"Philippe.Pierquin","@id":"https:\/\/welovecinema.be\/nl\/#\/schema\/person\/4b9b1d857f0943453a38a7c2859ef756"},"headline":"Hard, saison 2 Charlie Dupont class\u00e9 X","datePublished":"2011-06-22T07:03:30+00:00","dateModified":"2011-06-22T07:14:03+00:00","mainEntityOfPage":{"@id":"https:\/\/welovecinema.be\/fr\/hard-saison-2-charlie-dupont-classe-x\/"},"wordCount":1109,"publisher":{"@id":"https:\/\/welovecinema.be\/nl\/#organization"},"articleSection":["News","Plateau t\u00e9l\u00e9"],"inLanguage":"fr-FR"},{"@type":"WebPage","@id":"https:\/\/welovecinema.be\/fr\/hard-saison-2-charlie-dupont-classe-x\/","url":"https:\/\/welovecinema.be\/fr\/hard-saison-2-charlie-dupont-classe-x\/","name":"Hard, saison 2 Charlie Dupont class\u00e9 X - We Love Cinema","isPartOf":{"@id":"https:\/\/welovecinema.be\/nl\/#website"},"datePublished":"2011-06-22T07:03:30+00:00","dateModified":"2011-06-22T07:14:03+00:00","breadcrumb":{"@id":"https:\/\/welovecinema.be\/fr\/hard-saison-2-charlie-dupont-classe-x\/#breadcrumb"},"inLanguage":"fr-FR","potentialAction":[{"@type":"ReadAction","target":["https:\/\/welovecinema.be\/fr\/hard-saison-2-charlie-dupont-classe-x\/"]}]},{"@type":"BreadcrumbList","@id":"https:\/\/welovecinema.be\/fr\/hard-saison-2-charlie-dupont-classe-x\/#breadcrumb","itemListElement":[{"@type":"ListItem","position":1,"name":"Accueil","item":"https:\/\/welovecinema.be\/fr\/"},{"@type":"ListItem","position":2,"name":"Hard, saison 2 Charlie Dupont class\u00e9 X"}]},{"@type":"WebSite","@id":"https:\/\/welovecinema.be\/nl\/#website","url":"https:\/\/welovecinema.be\/nl\/","name":"We Love Cinema","description":"Toute l\u2019information du cin\u00e9ma en Belgique","publisher":{"@id":"https:\/\/welovecinema.be\/nl\/#organization"},"potentialAction":[{"@type":"SearchAction","target":{"@type":"EntryPoint","urlTemplate":"https:\/\/welovecinema.be\/nl\/?s={search_term_string}"},"query-input":"required name=search_term_string"}],"inLanguage":"fr-FR"},{"@type":"Organization","@id":"https:\/\/welovecinema.be\/nl\/#organization","name":"We Love Cinema","url":"https:\/\/welovecinema.be\/nl\/","logo":{"@type":"ImageObject","inLanguage":"fr-FR","@id":"https:\/\/welovecinema.be\/nl\/#\/schema\/logo\/image\/","url":"https:\/\/welovecinema.be\/wp-content\/uploads\/sites\/2\/2023\/03\/Logo-We-Love-Cinema305x128.jpg","contentUrl":"https:\/\/welovecinema.be\/wp-content\/uploads\/sites\/2\/2023\/03\/Logo-We-Love-Cinema305x128.jpg","width":305,"height":128,"caption":"We Love Cinema"},"image":{"@id":"https:\/\/welovecinema.be\/nl\/#\/schema\/logo\/image\/"},"sameAs":["https:\/\/www.facebook.com\/welovecinema.be","https:\/\/www.youtube.com\/channel\/UCX5LYGVhnKvYauW4Nta4HJA","https:\/\/www.instagram.com\/welovecinema.be\/"]},{"@type":"Person","@id":"https:\/\/welovecinema.be\/nl\/#\/schema\/person\/4b9b1d857f0943453a38a7c2859ef756","name":"Philippe.Pierquin","url":"https:\/\/welovecinema.be\/fr\/author\/philippe-pierquin\/"}]}},"_links":{"self":[{"href":"https:\/\/welovecinema.be\/fr\/wp-json\/wp\/v2\/posts\/3549","targetHints":{"allow":["GET"]}}],"collection":[{"href":"https:\/\/welovecinema.be\/fr\/wp-json\/wp\/v2\/posts"}],"about":[{"href":"https:\/\/welovecinema.be\/fr\/wp-json\/wp\/v2\/types\/post"}],"author":[{"embeddable":true,"href":"https:\/\/welovecinema.be\/fr\/wp-json\/wp\/v2\/users\/7"}],"replies":[{"embeddable":true,"href":"https:\/\/welovecinema.be\/fr\/wp-json\/wp\/v2\/comments?post=3549"}],"version-history":[{"count":0,"href":"https:\/\/welovecinema.be\/fr\/wp-json\/wp\/v2\/posts\/3549\/revisions"}],"wp:featuredmedia":[{"embeddable":true,"href":"https:\/\/welovecinema.be\/fr\/wp-json\/wp\/v2\/media\/3554"}],"wp:attachment":[{"href":"https:\/\/welovecinema.be\/fr\/wp-json\/wp\/v2\/media?parent=3549"}],"wp:term":[{"taxonomy":"category","embeddable":true,"href":"https:\/\/welovecinema.be\/fr\/wp-json\/wp\/v2\/categories?post=3549"},{"taxonomy":"post_tag","embeddable":true,"href":"https:\/\/welovecinema.be\/fr\/wp-json\/wp\/v2\/tags?post=3549"}],"curies":[{"name":"wp","href":"https:\/\/api.w.org\/{rel}","templated":true}]}}