{"id":34765,"date":"2013-01-15T06:17:49","date_gmt":"2013-01-15T06:17:49","guid":{"rendered":"http:\/\/www.cinevox.be\/?p=34765"},"modified":"2012-12-28T09:30:41","modified_gmt":"2012-12-28T09:30:41","slug":"mehdi-dehbi-le-charisme-incarne","status":"publish","type":"post","link":"https:\/\/welovecinema.be\/fr\/mehdi-dehbi-le-charisme-incarne\/","title":{"rendered":"Mehdi Dehbi : le charisme incarn\u00e9"},"content":{"rendered":"<p>La plupart des interviews sont informatives. On y apprend quelques secrets de coulisses, un \u00e9tat d&rsquo;esprit, une intensit\u00e9 relationnelle sur le plateau, le sens d&rsquo;un engagement. Parfois, on croise une personnalit\u00e9 plus attachante qu&rsquo;une autre, plus sympathique ou simplement plus en phase avec soi. La rencontre donne alors l&rsquo;envie de suivre plus attentivement le parcours d&rsquo;une actrice, d&rsquo;un com\u00e9dien ou d&rsquo;un r\u00e9alisateur, de revenir sur ses traces pass\u00e9es.<br \/>\nTr\u00e8s rarement, un entretien est le th\u00e9\u00e2tre d&rsquo;une r\u00e9v\u00e9lation.<!--more--><br \/>\n&nbsp;<br \/>\n&nbsp;<br \/>\nC&rsquo;est pourtant ce qui est arriv\u00e9 quand nous avons discut\u00e9 au FIFF avec<strong> Mehdi Dehbi.<\/strong> Dans Le Sac de Farine de Kadija Leclere il a un second r\u00f4le en vue. Il y est convaincant, charismatique.<br \/>\n&nbsp;<br \/>\n&nbsp;<br \/>\nLorsqu&rsquo;il s&rsquo;assied devant notre cam\u00e9ra, on comprend imm\u00e9diatement pourquoi : ce jeune homme, tr\u00e8s beau, est d&rsquo;une incroyable maturit\u00e9. Il d\u00e9montre une ouverture d&rsquo;esprit, une curiosit\u00e9 rares. Son phras\u00e9 est pos\u00e9, son \u00e9locution brillante. Et chaque r\u00e9ponse, chaque regard, chaque sourire sont une promesse d&rsquo;avenir pour ce com\u00e9dien complet.<br \/>\nIl a beau \u00eatre li\u00e9geois, Il ne se sent pas d&rsquo;attache. Il veut conqu\u00e9rir le monde. Loin de nous l&rsquo;id\u00e9e qu&rsquo;il n&rsquo;y parviendra pas.<br \/>\n&nbsp;<br \/>\n&nbsp;<br \/>\n&nbsp;<br \/>\nPeu familier des cin\u00e9phages belges, Medhdi Dehbi a pourtant d\u00e9j\u00e0 \u00e0 son actif une filmographie assez impressionnante. Il faut dire qu&rsquo;il a d\u00e9but\u00e9 assez t\u00f4t sur le grand \u00e9cran.<br \/>\n&nbsp;<br \/>\n&nbsp;<br \/>\n<iframe loading=\"lazy\" width=\"620\" height=\"347\" src=\"http:\/\/www.youtube.com\/embed\/AaGf2zlMqBY\" frameborder=\"0\" allowfullscreen><\/iframe><br \/>\n&nbsp;<br \/>\n&nbsp;<br \/>\n&nbsp;<br \/>\nOn est d&rsquo;accord, le parcours de Mehdi est totalement atypique. Ce citoyen du monde est un acteur sans fronti\u00e8re. Sans barri\u00e8re. Sans \u0153ill\u00e8res non plus.<br \/>\n&nbsp;<br \/>\n&nbsp;<br \/>\n<iframe loading=\"lazy\" width=\"620\" height=\"347\" src=\"http:\/\/www.youtube.com\/embed\/Lc-IVBMC_Qo\" frameborder=\"0\" allowfullscreen><\/iframe><br \/>\n&nbsp;<br \/>\n&nbsp;<br \/>\n&nbsp;<br \/>\nLes trois \u00e9coles qu&rsquo;il a fr\u00e9quent\u00e9es on fait de lui un artiste unique. Chaque exp\u00e9rience l&rsquo;a fa\u00e7onn\u00e9, l&rsquo;a enrichi pour faire aujourd&rsquo;hui l&rsquo;acteur cam\u00e9l\u00e9on qu&rsquo;on conna\u00eet, capable d&rsquo;aborder les registres les plus vari\u00e9s avec une aisance \u00e9tonnante.<br \/>\n&nbsp;<br \/>\n&nbsp;<br \/>\n<iframe loading=\"lazy\" width=\"620\" height=\"347\" src=\"http:\/\/www.youtube.com\/embed\/fw5NgFQx6gA\" frameborder=\"0\" allowfullscreen><\/iframe><br \/>\n&nbsp;<br \/>\n&nbsp;<br \/>\n&nbsp;<br \/>\nL&rsquo;autre caract\u00e9ristique fondamentale de Mehdi semble \u00eatre sa d\u00e9termination. Sa confiance en lui aussi. La certitude qu&rsquo;il touchera le ciel.<br \/>\n&nbsp;<br \/>\n&nbsp;<br \/>\n<iframe loading=\"lazy\" width=\"620\" height=\"347\" src=\"http:\/\/www.youtube.com\/embed\/ZqtclQcZlZ8\" frameborder=\"0\" allowfullscreen><\/iframe><br \/>\n&nbsp;<br \/>\n&nbsp;<br \/>\n&nbsp;<br \/>\nActuellement, <strong>Mehdi Dehbi <\/strong>est donc \u00e0 l&rsquo;affiche du Sac de Farine de Kadija Leclere. En 2012, on l&rsquo;a aussi vu dans Le Fils de l&rsquo;Autre aux c\u00f4t\u00e9s d&rsquo;Emmanuelle Devos. <\/p>\n","protected":false},"excerpt":{"rendered":"<p>La plupart des interviews sont informatives. On y apprend quelques secrets de coulisses, un \u00e9tat d&rsquo;esprit, une intensit\u00e9 relationnelle sur le plateau, le sens d&rsquo;un engagement. Parfois, on croise une personnalit\u00e9 plus attachante qu&rsquo;une autre, plus sympathique ou simplement plus en phase avec soi. La rencontre donne alors l&rsquo;envie de suivre plus attentivement le parcours &hellip;<\/p>\n","protected":false},"author":7,"featured_media":34769,"comment_status":"closed","ping_status":"closed","sticky":false,"template":"","format":"standard","meta":{"ngg_post_thumbnail":0,"footnotes":""},"categories":[1978],"tags":[],"class_list":["post-34765","post","type-post","status-publish","format-standard","has-post-thumbnail","","category-interviews"],"yoast_head":"<!-- This site is optimized with the Yoast SEO plugin v20.4 - https:\/\/yoast.com\/wordpress\/plugins\/seo\/ -->\n<title>Mehdi Dehbi : le charisme incarn\u00e9 - We Love Cinema<\/title>\n<meta name=\"robots\" content=\"index, follow, max-snippet:-1, max-image-preview:large, max-video-preview:-1\" \/>\n<link rel=\"canonical\" href=\"https:\/\/welovecinema.be\/fr\/mehdi-dehbi-le-charisme-incarne\/\" \/>\n<meta property=\"og:locale\" content=\"fr_FR\" \/>\n<meta property=\"og:type\" content=\"article\" \/>\n<meta property=\"og:title\" content=\"Mehdi Dehbi : le charisme incarn\u00e9 - We Love Cinema\" \/>\n<meta property=\"og:description\" content=\"La plupart des interviews sont informatives. On y apprend quelques secrets de coulisses, un \u00e9tat d&rsquo;esprit, une intensit\u00e9 relationnelle sur le plateau, le sens d&rsquo;un engagement. Parfois, on croise une personnalit\u00e9 plus attachante qu&rsquo;une autre, plus sympathique ou simplement plus en phase avec soi. La rencontre donne alors l&rsquo;envie de suivre plus attentivement le parcours &hellip;\" \/>\n<meta property=\"og:url\" content=\"https:\/\/welovecinema.be\/fr\/mehdi-dehbi-le-charisme-incarne\/\" \/>\n<meta property=\"og:site_name\" content=\"We Love Cinema\" \/>\n<meta property=\"article:publisher\" content=\"https:\/\/www.facebook.com\/welovecinema.be\" \/>\n<meta property=\"article:published_time\" content=\"2013-01-15T06:17:49+00:00\" \/>\n<meta property=\"article:modified_time\" content=\"2012-12-28T09:30:41+00:00\" \/>\n<meta property=\"og:image\" content=\"https:\/\/welovecinema.be\/wp-content\/uploads\/sites\/2\/2013\/01\/2012-12-28_10h25_47.jpg\" \/>\n\t<meta property=\"og:image:width\" content=\"774\" \/>\n\t<meta property=\"og:image:height\" content=\"398\" \/>\n\t<meta property=\"og:image:type\" content=\"image\/jpeg\" \/>\n<meta name=\"author\" content=\"Philippe.Pierquin\" \/>\n<meta name=\"twitter:card\" content=\"summary_large_image\" \/>\n<meta name=\"twitter:label1\" content=\"\u00c9crit par\" \/>\n\t<meta name=\"twitter:data1\" content=\"Philippe.Pierquin\" \/>\n\t<meta name=\"twitter:label2\" content=\"Dur\u00e9e de lecture estim\u00e9e\" \/>\n\t<meta name=\"twitter:data2\" content=\"2 minutes\" \/>\n<script type=\"application\/ld+json\" class=\"yoast-schema-graph\">{\"@context\":\"https:\/\/schema.org\",\"@graph\":[{\"@type\":\"Article\",\"@id\":\"https:\/\/welovecinema.be\/fr\/mehdi-dehbi-le-charisme-incarne\/#article\",\"isPartOf\":{\"@id\":\"https:\/\/welovecinema.be\/fr\/mehdi-dehbi-le-charisme-incarne\/\"},\"author\":{\"name\":\"Philippe.Pierquin\",\"@id\":\"https:\/\/welovecinema.be\/nl\/#\/schema\/person\/4b9b1d857f0943453a38a7c2859ef756\"},\"headline\":\"Mehdi Dehbi : le charisme incarn\u00e9\",\"datePublished\":\"2013-01-15T06:17:49+00:00\",\"dateModified\":\"2012-12-28T09:30:41+00:00\",\"mainEntityOfPage\":{\"@id\":\"https:\/\/welovecinema.be\/fr\/mehdi-dehbi-le-charisme-incarne\/\"},\"wordCount\":422,\"publisher\":{\"@id\":\"https:\/\/welovecinema.be\/nl\/#organization\"},\"articleSection\":[\"Rencontres\"],\"inLanguage\":\"fr-FR\"},{\"@type\":\"WebPage\",\"@id\":\"https:\/\/welovecinema.be\/fr\/mehdi-dehbi-le-charisme-incarne\/\",\"url\":\"https:\/\/welovecinema.be\/fr\/mehdi-dehbi-le-charisme-incarne\/\",\"name\":\"Mehdi Dehbi : le charisme incarn\u00e9 - We Love Cinema\",\"isPartOf\":{\"@id\":\"https:\/\/welovecinema.be\/nl\/#website\"},\"datePublished\":\"2013-01-15T06:17:49+00:00\",\"dateModified\":\"2012-12-28T09:30:41+00:00\",\"breadcrumb\":{\"@id\":\"https:\/\/welovecinema.be\/fr\/mehdi-dehbi-le-charisme-incarne\/#breadcrumb\"},\"inLanguage\":\"fr-FR\",\"potentialAction\":[{\"@type\":\"ReadAction\",\"target\":[\"https:\/\/welovecinema.be\/fr\/mehdi-dehbi-le-charisme-incarne\/\"]}]},{\"@type\":\"BreadcrumbList\",\"@id\":\"https:\/\/welovecinema.be\/fr\/mehdi-dehbi-le-charisme-incarne\/#breadcrumb\",\"itemListElement\":[{\"@type\":\"ListItem\",\"position\":1,\"name\":\"Accueil\",\"item\":\"https:\/\/welovecinema.be\/fr\/\"},{\"@type\":\"ListItem\",\"position\":2,\"name\":\"Mehdi Dehbi : le charisme incarn\u00e9\"}]},{\"@type\":\"WebSite\",\"@id\":\"https:\/\/welovecinema.be\/nl\/#website\",\"url\":\"https:\/\/welovecinema.be\/nl\/\",\"name\":\"We Love Cinema\",\"description\":\"Toute l\u2019information du cin\u00e9ma en Belgique\",\"publisher\":{\"@id\":\"https:\/\/welovecinema.be\/nl\/#organization\"},\"potentialAction\":[{\"@type\":\"SearchAction\",\"target\":{\"@type\":\"EntryPoint\",\"urlTemplate\":\"https:\/\/welovecinema.be\/nl\/?s={search_term_string}\"},\"query-input\":\"required name=search_term_string\"}],\"inLanguage\":\"fr-FR\"},{\"@type\":\"Organization\",\"@id\":\"https:\/\/welovecinema.be\/nl\/#organization\",\"name\":\"We Love Cinema\",\"url\":\"https:\/\/welovecinema.be\/nl\/\",\"logo\":{\"@type\":\"ImageObject\",\"inLanguage\":\"fr-FR\",\"@id\":\"https:\/\/welovecinema.be\/nl\/#\/schema\/logo\/image\/\",\"url\":\"https:\/\/welovecinema.be\/wp-content\/uploads\/sites\/2\/2023\/03\/Logo-We-Love-Cinema305x128.jpg\",\"contentUrl\":\"https:\/\/welovecinema.be\/wp-content\/uploads\/sites\/2\/2023\/03\/Logo-We-Love-Cinema305x128.jpg\",\"width\":305,\"height\":128,\"caption\":\"We Love Cinema\"},\"image\":{\"@id\":\"https:\/\/welovecinema.be\/nl\/#\/schema\/logo\/image\/\"},\"sameAs\":[\"https:\/\/www.facebook.com\/welovecinema.be\",\"https:\/\/www.youtube.com\/channel\/UCX5LYGVhnKvYauW4Nta4HJA\",\"https:\/\/www.instagram.com\/welovecinema.be\/\"]},{\"@type\":\"Person\",\"@id\":\"https:\/\/welovecinema.be\/nl\/#\/schema\/person\/4b9b1d857f0943453a38a7c2859ef756\",\"name\":\"Philippe.Pierquin\",\"url\":\"https:\/\/welovecinema.be\/fr\/author\/philippe-pierquin\/\"}]}<\/script>\n<!-- \/ Yoast SEO plugin. -->","yoast_head_json":{"title":"Mehdi Dehbi : le charisme incarn\u00e9 - We Love Cinema","robots":{"index":"index","follow":"follow","max-snippet":"max-snippet:-1","max-image-preview":"max-image-preview:large","max-video-preview":"max-video-preview:-1"},"canonical":"https:\/\/welovecinema.be\/fr\/mehdi-dehbi-le-charisme-incarne\/","og_locale":"fr_FR","og_type":"article","og_title":"Mehdi Dehbi : le charisme incarn\u00e9 - We Love Cinema","og_description":"La plupart des interviews sont informatives. On y apprend quelques secrets de coulisses, un \u00e9tat d&rsquo;esprit, une intensit\u00e9 relationnelle sur le plateau, le sens d&rsquo;un engagement. Parfois, on croise une personnalit\u00e9 plus attachante qu&rsquo;une autre, plus sympathique ou simplement plus en phase avec soi. La rencontre donne alors l&rsquo;envie de suivre plus attentivement le parcours &hellip;","og_url":"https:\/\/welovecinema.be\/fr\/mehdi-dehbi-le-charisme-incarne\/","og_site_name":"We Love Cinema","article_publisher":"https:\/\/www.facebook.com\/welovecinema.be","article_published_time":"2013-01-15T06:17:49+00:00","article_modified_time":"2012-12-28T09:30:41+00:00","og_image":[{"width":"774","height":"398","url":"https:\/\/welovecinema.be\/wp-content\/uploads\/sites\/2\/2013\/01\/2012-12-28_10h25_47.jpg","type":"image\/jpeg"}],"author":"Philippe.Pierquin","twitter_card":"summary_large_image","twitter_misc":{"\u00c9crit par":"Philippe.Pierquin","Dur\u00e9e de lecture estim\u00e9e":"2 minutes"},"schema":{"@context":"https:\/\/schema.org","@graph":[{"@type":"Article","@id":"https:\/\/welovecinema.be\/fr\/mehdi-dehbi-le-charisme-incarne\/#article","isPartOf":{"@id":"https:\/\/welovecinema.be\/fr\/mehdi-dehbi-le-charisme-incarne\/"},"author":{"name":"Philippe.Pierquin","@id":"https:\/\/welovecinema.be\/nl\/#\/schema\/person\/4b9b1d857f0943453a38a7c2859ef756"},"headline":"Mehdi Dehbi : le charisme incarn\u00e9","datePublished":"2013-01-15T06:17:49+00:00","dateModified":"2012-12-28T09:30:41+00:00","mainEntityOfPage":{"@id":"https:\/\/welovecinema.be\/fr\/mehdi-dehbi-le-charisme-incarne\/"},"wordCount":422,"publisher":{"@id":"https:\/\/welovecinema.be\/nl\/#organization"},"articleSection":["Rencontres"],"inLanguage":"fr-FR"},{"@type":"WebPage","@id":"https:\/\/welovecinema.be\/fr\/mehdi-dehbi-le-charisme-incarne\/","url":"https:\/\/welovecinema.be\/fr\/mehdi-dehbi-le-charisme-incarne\/","name":"Mehdi Dehbi : le charisme incarn\u00e9 - We Love Cinema","isPartOf":{"@id":"https:\/\/welovecinema.be\/nl\/#website"},"datePublished":"2013-01-15T06:17:49+00:00","dateModified":"2012-12-28T09:30:41+00:00","breadcrumb":{"@id":"https:\/\/welovecinema.be\/fr\/mehdi-dehbi-le-charisme-incarne\/#breadcrumb"},"inLanguage":"fr-FR","potentialAction":[{"@type":"ReadAction","target":["https:\/\/welovecinema.be\/fr\/mehdi-dehbi-le-charisme-incarne\/"]}]},{"@type":"BreadcrumbList","@id":"https:\/\/welovecinema.be\/fr\/mehdi-dehbi-le-charisme-incarne\/#breadcrumb","itemListElement":[{"@type":"ListItem","position":1,"name":"Accueil","item":"https:\/\/welovecinema.be\/fr\/"},{"@type":"ListItem","position":2,"name":"Mehdi Dehbi : le charisme incarn\u00e9"}]},{"@type":"WebSite","@id":"https:\/\/welovecinema.be\/nl\/#website","url":"https:\/\/welovecinema.be\/nl\/","name":"We Love Cinema","description":"Toute l\u2019information du cin\u00e9ma en Belgique","publisher":{"@id":"https:\/\/welovecinema.be\/nl\/#organization"},"potentialAction":[{"@type":"SearchAction","target":{"@type":"EntryPoint","urlTemplate":"https:\/\/welovecinema.be\/nl\/?s={search_term_string}"},"query-input":"required name=search_term_string"}],"inLanguage":"fr-FR"},{"@type":"Organization","@id":"https:\/\/welovecinema.be\/nl\/#organization","name":"We Love Cinema","url":"https:\/\/welovecinema.be\/nl\/","logo":{"@type":"ImageObject","inLanguage":"fr-FR","@id":"https:\/\/welovecinema.be\/nl\/#\/schema\/logo\/image\/","url":"https:\/\/welovecinema.be\/wp-content\/uploads\/sites\/2\/2023\/03\/Logo-We-Love-Cinema305x128.jpg","contentUrl":"https:\/\/welovecinema.be\/wp-content\/uploads\/sites\/2\/2023\/03\/Logo-We-Love-Cinema305x128.jpg","width":305,"height":128,"caption":"We Love Cinema"},"image":{"@id":"https:\/\/welovecinema.be\/nl\/#\/schema\/logo\/image\/"},"sameAs":["https:\/\/www.facebook.com\/welovecinema.be","https:\/\/www.youtube.com\/channel\/UCX5LYGVhnKvYauW4Nta4HJA","https:\/\/www.instagram.com\/welovecinema.be\/"]},{"@type":"Person","@id":"https:\/\/welovecinema.be\/nl\/#\/schema\/person\/4b9b1d857f0943453a38a7c2859ef756","name":"Philippe.Pierquin","url":"https:\/\/welovecinema.be\/fr\/author\/philippe-pierquin\/"}]}},"_links":{"self":[{"href":"https:\/\/welovecinema.be\/fr\/wp-json\/wp\/v2\/posts\/34765","targetHints":{"allow":["GET"]}}],"collection":[{"href":"https:\/\/welovecinema.be\/fr\/wp-json\/wp\/v2\/posts"}],"about":[{"href":"https:\/\/welovecinema.be\/fr\/wp-json\/wp\/v2\/types\/post"}],"author":[{"embeddable":true,"href":"https:\/\/welovecinema.be\/fr\/wp-json\/wp\/v2\/users\/7"}],"replies":[{"embeddable":true,"href":"https:\/\/welovecinema.be\/fr\/wp-json\/wp\/v2\/comments?post=34765"}],"version-history":[{"count":0,"href":"https:\/\/welovecinema.be\/fr\/wp-json\/wp\/v2\/posts\/34765\/revisions"}],"wp:featuredmedia":[{"embeddable":true,"href":"https:\/\/welovecinema.be\/fr\/wp-json\/wp\/v2\/media\/34769"}],"wp:attachment":[{"href":"https:\/\/welovecinema.be\/fr\/wp-json\/wp\/v2\/media?parent=34765"}],"wp:term":[{"taxonomy":"category","embeddable":true,"href":"https:\/\/welovecinema.be\/fr\/wp-json\/wp\/v2\/categories?post=34765"},{"taxonomy":"post_tag","embeddable":true,"href":"https:\/\/welovecinema.be\/fr\/wp-json\/wp\/v2\/tags?post=34765"}],"curies":[{"name":"wp","href":"https:\/\/api.w.org\/{rel}","templated":true}]}}