{"id":34721,"date":"2012-12-27T18:16:10","date_gmt":"2012-12-27T18:16:10","guid":{"rendered":"http:\/\/www.cinevox.be\/?p=34721"},"modified":"2012-12-27T18:25:48","modified_gmt":"2012-12-27T18:25:48","slug":"kill-be-film-festival","status":"publish","type":"post","link":"https:\/\/welovecinema.be\/fr\/kill-be-film-festival\/","title":{"rendered":"Kill Be (Film festival)"},"content":{"rendered":"<p>1800 personnes pour la s\u00e9ance inaugurale. La grande salle de Bozar \u00e0 nouveau bond\u00e9e. Et un accueil plus qu&rsquo;enthousiaste pour <em>Au Nom du Fils. <\/em>Le Be film festival est d\u00e9cid\u00e9ment un \u00e9v\u00e9nement en marge, le seul qui f\u00e9d\u00e8re 10.000 spectateurs en 5 jours autour du seul cin\u00e9ma belge. Les meilleurs films de l&rsquo;ann\u00e9e, soit. Mais quand m\u00eame\u2026<\/p>\n<p>&nbsp;<\/p>\n[Toutes les photos\u00a0\u00a9 Be Film Festival]\n<p><!--more--><\/p>\n<p>&nbsp;<\/p>\n<p>&nbsp;<\/p>\n<p><em> <\/em><\/p>\n<p><a rel=\"attachment wp-att-34722\" href=\"http:\/\/www.cinevox.be\/kill-be-film-festival\/ouverture-be-film-festival-2012-7\"><img loading=\"lazy\" decoding=\"async\" class=\"alignright size-large wp-image-34722\" title=\"Ouverture Be Film Festival 2012 (7)\" src=\"http:\/\/www.cinevox.be\/wp-content\/uploads\/sites\/2\/2012\/12\/Ouverture-Be-Film-Festival-2012-7-400x600.jpg\" alt=\"\" width=\"400\" height=\"600\" srcset=\"https:\/\/welovecinema.be\/wp-content\/uploads\/sites\/2\/2012\/12\/Ouverture-Be-Film-Festival-2012-7-400x600.jpg 400w, https:\/\/welovecinema.be\/wp-content\/uploads\/sites\/2\/2012\/12\/Ouverture-Be-Film-Festival-2012-7-180x270.jpg 180w, https:\/\/welovecinema.be\/wp-content\/uploads\/sites\/2\/2012\/12\/Ouverture-Be-Film-Festival-2012-7.jpg 1200w\" sizes=\"auto, (max-width: 400px) 100vw, 400px\" \/><\/a><\/p>\n<p>Le nouveau long m\u00e9trage de <strong>Vincent Lannoo<\/strong> a indiscutablement d\u00e9croch\u00e9 la timbale en ouvrant cette huiti\u00e8me \u00e9dition d&rsquo;une des manifestations cin\u00e9matographiques belges parmi les plus sympathiques et les plus courues.<\/p>\n<p>&nbsp;<\/p>\n<p>Les r\u00e9actions sont dans l&rsquo;ensemble tr\u00e8s positives, mettant en exergue la ma\u00eetrise du r\u00e9alisateur, la partition sans faute des acteurs, l&rsquo;originalit\u00e9 du film et son audace.<\/p>\n<p>&nbsp;<\/p>\n<p>Le public belge verra-t-il n\u00e9anmoins ce d\u00e9lire d\u00e9capant en salles? Ce n&rsquo;est pas certain dans la mesure o\u00f9 un deal de distribution n&rsquo;a pas encore \u00e9t\u00e9 sign\u00e9.<\/p>\n<p>&nbsp;<\/p>\n<p>Maintenant qu&rsquo;il est clair que le sujet n&rsquo;effraie pas grand monde et que les qualit\u00e9s du film prennent le dessus dans les discussions de cin\u00e9philes, ce probl\u00e8me assez bizarre pourrait \u00eatre rapidement r\u00e9gl\u00e9. Ce qui en serait que logique\u2026 Et souhaitable.<br \/>\nUn r\u00e9alisateur belge qui nous livre sa propre version de <em>Kill Bill<\/em>, avec un panache fou, voil\u00e0 qui risque de clouer le bec aux \u00a0plus blas\u00e9s.<\/p>\n<p>&nbsp;<\/p>\n<p>&nbsp;<\/p>\n<p>&nbsp;<\/p>\n<p><a rel=\"attachment wp-att-34723\" href=\"http:\/\/www.cinevox.be\/kill-be-film-festival\/ouverture-be-film-festival-2012-4\"><img loading=\"lazy\" decoding=\"async\" class=\"aligncenter size-full wp-image-34723\" title=\"Ouverture Be Film Festival 2012 (4)\" src=\"http:\/\/www.cinevox.be\/wp-content\/uploads\/sites\/2\/2012\/12\/Ouverture-Be-Film-Festival-2012-4.jpg\" alt=\"\" width=\"1444\" height=\"974\" srcset=\"https:\/\/welovecinema.be\/wp-content\/uploads\/sites\/2\/2012\/12\/Ouverture-Be-Film-Festival-2012-4.jpg 1444w, https:\/\/welovecinema.be\/wp-content\/uploads\/sites\/2\/2012\/12\/Ouverture-Be-Film-Festival-2012-4-400x270.jpg 400w, https:\/\/welovecinema.be\/wp-content\/uploads\/sites\/2\/2012\/12\/Ouverture-Be-Film-Festival-2012-4-800x539.jpg 800w\" sizes=\"auto, (max-width: 1444px) 100vw, 1444px\" \/><\/a><\/p>\n<p style=\"text-align: right;\"><em>Astrid Whettnall, magnifique en m\u00e8re d\u00e9vast\u00e9e qui prend sa vie en mains.<\/em><\/p>\n<p>&nbsp;<\/p>\n<p><a rel=\"attachment wp-att-34724\" href=\"http:\/\/www.cinevox.be\/kill-be-film-festival\/ouverture-be-film-festival-2012-9\"><img loading=\"lazy\" decoding=\"async\" class=\"aligncenter size-full wp-image-34724\" title=\"Ouverture Be Film Festival 2012 (9)\" src=\"http:\/\/www.cinevox.be\/wp-content\/uploads\/sites\/2\/2012\/12\/Ouverture-Be-Film-Festival-2012-9.jpg\" alt=\"\" width=\"1800\" height=\"1200\" srcset=\"https:\/\/welovecinema.be\/wp-content\/uploads\/sites\/2\/2012\/12\/Ouverture-Be-Film-Festival-2012-9.jpg 1800w, https:\/\/welovecinema.be\/wp-content\/uploads\/sites\/2\/2012\/12\/Ouverture-Be-Film-Festival-2012-9-405x270.jpg 405w, https:\/\/welovecinema.be\/wp-content\/uploads\/sites\/2\/2012\/12\/Ouverture-Be-Film-Festival-2012-9-800x533.jpg 800w\" sizes=\"auto, (max-width: 1800px) 100vw, 1800px\" \/><\/a><\/p>\n<p style=\"text-align: right;\"><em>Toute l&rsquo;\u00e9quipe d&rsquo;Au Nom du Fils sur sc\u00e8ne. L&rsquo;\u00e9motion de\u00a0pr\u00e9senter\u00a0le film dans les\u00a0conditions\u00a0optimales. <\/em><\/p>\n<p>&nbsp;<\/p>\n<p><a rel=\"attachment wp-att-34725\" href=\"http:\/\/www.cinevox.be\/kill-be-film-festival\/ouverture-be-film-festival-2012-11\"><img loading=\"lazy\" decoding=\"async\" class=\"aligncenter size-full wp-image-34725\" title=\"Ouverture Be Film Festival 2012 (11)\" src=\"http:\/\/www.cinevox.be\/wp-content\/uploads\/sites\/2\/2012\/12\/Ouverture-Be-Film-Festival-2012-11.jpg\" alt=\"\" width=\"1800\" height=\"1200\" srcset=\"https:\/\/welovecinema.be\/wp-content\/uploads\/sites\/2\/2012\/12\/Ouverture-Be-Film-Festival-2012-11.jpg 1800w, https:\/\/welovecinema.be\/wp-content\/uploads\/sites\/2\/2012\/12\/Ouverture-Be-Film-Festival-2012-11-405x270.jpg 405w, https:\/\/welovecinema.be\/wp-content\/uploads\/sites\/2\/2012\/12\/Ouverture-Be-Film-Festival-2012-11-800x533.jpg 800w\" sizes=\"auto, (max-width: 1800px) 100vw, 1800px\" \/><\/a><\/p>\n<p>&nbsp;<\/p>\n<p><a rel=\"attachment wp-att-34726\" href=\"http:\/\/www.cinevox.be\/kill-be-film-festival\/ouverture-be-film-festival-2012-13\"><img loading=\"lazy\" decoding=\"async\" class=\"aligncenter size-full wp-image-34726\" title=\"Ouverture Be Film Festival 2012 (13)\" src=\"http:\/\/www.cinevox.be\/wp-content\/uploads\/sites\/2\/2012\/12\/Ouverture-Be-Film-Festival-2012-13.jpg\" alt=\"\" width=\"1800\" height=\"1200\" srcset=\"https:\/\/welovecinema.be\/wp-content\/uploads\/sites\/2\/2012\/12\/Ouverture-Be-Film-Festival-2012-13.jpg 1800w, https:\/\/welovecinema.be\/wp-content\/uploads\/sites\/2\/2012\/12\/Ouverture-Be-Film-Festival-2012-13-405x270.jpg 405w, https:\/\/welovecinema.be\/wp-content\/uploads\/sites\/2\/2012\/12\/Ouverture-Be-Film-Festival-2012-13-800x533.jpg 800w\" sizes=\"auto, (max-width: 1800px) 100vw, 1800px\" \/><\/a><\/p>\n<p style=\"text-align: right;\"><em>Le Be Film\u00a0festival,\u00a0c\u2019est\u00a0aussi un grand moment de convivialit\u00e9. \u00a0A la belge, donc&#8230;<\/em><\/p>\n<p style=\"text-align: right;\"><em><br \/>\n<\/em><\/p>\n<p><a rel=\"attachment wp-att-34727\" href=\"http:\/\/www.cinevox.be\/kill-be-film-festival\/ouverture-be-film-festival-2012-14\"><img loading=\"lazy\" decoding=\"async\" class=\"aligncenter size-full wp-image-34727\" title=\"Ouverture Be Film Festival 2012 (14)\" src=\"http:\/\/www.cinevox.be\/wp-content\/uploads\/sites\/2\/2012\/12\/Ouverture-Be-Film-Festival-2012-14.jpg\" alt=\"\" width=\"1800\" height=\"1200\" srcset=\"https:\/\/welovecinema.be\/wp-content\/uploads\/sites\/2\/2012\/12\/Ouverture-Be-Film-Festival-2012-14.jpg 1800w, https:\/\/welovecinema.be\/wp-content\/uploads\/sites\/2\/2012\/12\/Ouverture-Be-Film-Festival-2012-14-405x270.jpg 405w, https:\/\/welovecinema.be\/wp-content\/uploads\/sites\/2\/2012\/12\/Ouverture-Be-Film-Festival-2012-14-800x533.jpg 800w\" sizes=\"auto, (max-width: 1800px) 100vw, 1800px\" \/><\/a><\/p>\n<p>&nbsp;<\/p>\n<p style=\"text-align: right;\"><a rel=\"attachment wp-att-34728\" href=\"http:\/\/www.cinevox.be\/kill-be-film-festival\/ouverture-be-film-festival-2012-12\"><img loading=\"lazy\" decoding=\"async\" class=\"aligncenter size-full wp-image-34728\" title=\"Ouverture Be Film Festival 2012 (12)\" src=\"http:\/\/www.cinevox.be\/wp-content\/uploads\/sites\/2\/2012\/12\/Ouverture-Be-Film-Festival-2012-12.jpg\" alt=\"\" width=\"1800\" height=\"1200\" srcset=\"https:\/\/welovecinema.be\/wp-content\/uploads\/sites\/2\/2012\/12\/Ouverture-Be-Film-Festival-2012-12.jpg 1800w, https:\/\/welovecinema.be\/wp-content\/uploads\/sites\/2\/2012\/12\/Ouverture-Be-Film-Festival-2012-12-405x270.jpg 405w, https:\/\/welovecinema.be\/wp-content\/uploads\/sites\/2\/2012\/12\/Ouverture-Be-Film-Festival-2012-12-800x533.jpg 800w\" sizes=\"auto, (max-width: 1800px) 100vw, 1800px\" \/><\/a><em>Le\u00a0confessionnal, un grand moment de d\u00e9lire<\/em><\/p>\n","protected":false},"excerpt":{"rendered":"<p>1800 personnes pour la s\u00e9ance inaugurale. La grande salle de Bozar \u00e0 nouveau bond\u00e9e. Et un accueil plus qu&rsquo;enthousiaste pour Au Nom du Fils. Le Be film festival est d\u00e9cid\u00e9ment un \u00e9v\u00e9nement en marge, le seul qui f\u00e9d\u00e8re 10.000 spectateurs en 5 jours autour du seul cin\u00e9ma belge. Les meilleurs films de l&rsquo;ann\u00e9e, soit. Mais &hellip;<\/p>\n","protected":false},"author":7,"featured_media":34741,"comment_status":"closed","ping_status":"closed","sticky":false,"template":"","format":"standard","meta":{"ngg_post_thumbnail":0,"footnotes":""},"categories":[1923,7],"tags":[],"class_list":["post-34721","post","type-post","status-publish","format-standard","has-post-thumbnail","","category-en-bref","category-actualites"],"yoast_head":"<!-- This site is optimized with the Yoast SEO plugin v20.4 - https:\/\/yoast.com\/wordpress\/plugins\/seo\/ -->\n<title>Kill Be (Film festival) - We Love Cinema<\/title>\n<meta name=\"robots\" content=\"index, follow, max-snippet:-1, max-image-preview:large, max-video-preview:-1\" \/>\n<link rel=\"canonical\" href=\"https:\/\/welovecinema.be\/fr\/kill-be-film-festival\/\" \/>\n<meta property=\"og:locale\" content=\"fr_FR\" \/>\n<meta property=\"og:type\" content=\"article\" \/>\n<meta property=\"og:title\" content=\"Kill Be (Film festival) - We Love Cinema\" \/>\n<meta property=\"og:description\" content=\"1800 personnes pour la s\u00e9ance inaugurale. La grande salle de Bozar \u00e0 nouveau bond\u00e9e. Et un accueil plus qu&rsquo;enthousiaste pour Au Nom du Fils. Le Be film festival est d\u00e9cid\u00e9ment un \u00e9v\u00e9nement en marge, le seul qui f\u00e9d\u00e8re 10.000 spectateurs en 5 jours autour du seul cin\u00e9ma belge. Les meilleurs films de l&rsquo;ann\u00e9e, soit. Mais &hellip;\" \/>\n<meta property=\"og:url\" content=\"https:\/\/welovecinema.be\/fr\/kill-be-film-festival\/\" \/>\n<meta property=\"og:site_name\" content=\"We Love Cinema\" \/>\n<meta property=\"article:publisher\" content=\"https:\/\/www.facebook.com\/welovecinema.be\" \/>\n<meta property=\"article:published_time\" content=\"2012-12-27T18:16:10+00:00\" \/>\n<meta property=\"article:modified_time\" content=\"2012-12-27T18:25:48+00:00\" \/>\n<meta property=\"og:image\" content=\"https:\/\/welovecinema.be\/wp-content\/uploads\/sites\/2\/2012\/12\/Ouverture-Be-Film-Festival-2012-16.jpg\" \/>\n\t<meta property=\"og:image:width\" content=\"1774\" \/>\n\t<meta property=\"og:image:height\" content=\"1009\" \/>\n\t<meta property=\"og:image:type\" content=\"image\/jpeg\" \/>\n<meta name=\"author\" content=\"Philippe.Pierquin\" \/>\n<meta name=\"twitter:card\" content=\"summary_large_image\" \/>\n<meta name=\"twitter:label1\" content=\"\u00c9crit par\" \/>\n\t<meta name=\"twitter:data1\" content=\"Philippe.Pierquin\" \/>\n\t<meta name=\"twitter:label2\" content=\"Dur\u00e9e de lecture estim\u00e9e\" \/>\n\t<meta name=\"twitter:data2\" content=\"2 minutes\" \/>\n<script type=\"application\/ld+json\" class=\"yoast-schema-graph\">{\"@context\":\"https:\/\/schema.org\",\"@graph\":[{\"@type\":\"Article\",\"@id\":\"https:\/\/welovecinema.be\/fr\/kill-be-film-festival\/#article\",\"isPartOf\":{\"@id\":\"https:\/\/welovecinema.be\/fr\/kill-be-film-festival\/\"},\"author\":{\"name\":\"Philippe.Pierquin\",\"@id\":\"https:\/\/welovecinema.be\/nl\/#\/schema\/person\/4b9b1d857f0943453a38a7c2859ef756\"},\"headline\":\"Kill Be (Film festival)\",\"datePublished\":\"2012-12-27T18:16:10+00:00\",\"dateModified\":\"2012-12-27T18:25:48+00:00\",\"mainEntityOfPage\":{\"@id\":\"https:\/\/welovecinema.be\/fr\/kill-be-film-festival\/\"},\"wordCount\":323,\"publisher\":{\"@id\":\"https:\/\/welovecinema.be\/nl\/#organization\"},\"articleSection\":[\"En bref\",\"News\"],\"inLanguage\":\"fr-FR\"},{\"@type\":\"WebPage\",\"@id\":\"https:\/\/welovecinema.be\/fr\/kill-be-film-festival\/\",\"url\":\"https:\/\/welovecinema.be\/fr\/kill-be-film-festival\/\",\"name\":\"Kill Be (Film festival) - We Love Cinema\",\"isPartOf\":{\"@id\":\"https:\/\/welovecinema.be\/nl\/#website\"},\"datePublished\":\"2012-12-27T18:16:10+00:00\",\"dateModified\":\"2012-12-27T18:25:48+00:00\",\"breadcrumb\":{\"@id\":\"https:\/\/welovecinema.be\/fr\/kill-be-film-festival\/#breadcrumb\"},\"inLanguage\":\"fr-FR\",\"potentialAction\":[{\"@type\":\"ReadAction\",\"target\":[\"https:\/\/welovecinema.be\/fr\/kill-be-film-festival\/\"]}]},{\"@type\":\"BreadcrumbList\",\"@id\":\"https:\/\/welovecinema.be\/fr\/kill-be-film-festival\/#breadcrumb\",\"itemListElement\":[{\"@type\":\"ListItem\",\"position\":1,\"name\":\"Accueil\",\"item\":\"https:\/\/welovecinema.be\/fr\/\"},{\"@type\":\"ListItem\",\"position\":2,\"name\":\"Kill Be (Film festival)\"}]},{\"@type\":\"WebSite\",\"@id\":\"https:\/\/welovecinema.be\/nl\/#website\",\"url\":\"https:\/\/welovecinema.be\/nl\/\",\"name\":\"We Love Cinema\",\"description\":\"Toute l\u2019information du cin\u00e9ma en Belgique\",\"publisher\":{\"@id\":\"https:\/\/welovecinema.be\/nl\/#organization\"},\"potentialAction\":[{\"@type\":\"SearchAction\",\"target\":{\"@type\":\"EntryPoint\",\"urlTemplate\":\"https:\/\/welovecinema.be\/nl\/?s={search_term_string}\"},\"query-input\":\"required name=search_term_string\"}],\"inLanguage\":\"fr-FR\"},{\"@type\":\"Organization\",\"@id\":\"https:\/\/welovecinema.be\/nl\/#organization\",\"name\":\"We Love Cinema\",\"url\":\"https:\/\/welovecinema.be\/nl\/\",\"logo\":{\"@type\":\"ImageObject\",\"inLanguage\":\"fr-FR\",\"@id\":\"https:\/\/welovecinema.be\/nl\/#\/schema\/logo\/image\/\",\"url\":\"https:\/\/welovecinema.be\/wp-content\/uploads\/sites\/2\/2023\/03\/Logo-We-Love-Cinema305x128.jpg\",\"contentUrl\":\"https:\/\/welovecinema.be\/wp-content\/uploads\/sites\/2\/2023\/03\/Logo-We-Love-Cinema305x128.jpg\",\"width\":305,\"height\":128,\"caption\":\"We Love Cinema\"},\"image\":{\"@id\":\"https:\/\/welovecinema.be\/nl\/#\/schema\/logo\/image\/\"},\"sameAs\":[\"https:\/\/www.facebook.com\/welovecinema.be\",\"https:\/\/www.youtube.com\/channel\/UCX5LYGVhnKvYauW4Nta4HJA\",\"https:\/\/www.instagram.com\/welovecinema.be\/\"]},{\"@type\":\"Person\",\"@id\":\"https:\/\/welovecinema.be\/nl\/#\/schema\/person\/4b9b1d857f0943453a38a7c2859ef756\",\"name\":\"Philippe.Pierquin\",\"url\":\"https:\/\/welovecinema.be\/fr\/author\/philippe-pierquin\/\"}]}<\/script>\n<!-- \/ Yoast SEO plugin. -->","yoast_head_json":{"title":"Kill Be (Film festival) - We Love Cinema","robots":{"index":"index","follow":"follow","max-snippet":"max-snippet:-1","max-image-preview":"max-image-preview:large","max-video-preview":"max-video-preview:-1"},"canonical":"https:\/\/welovecinema.be\/fr\/kill-be-film-festival\/","og_locale":"fr_FR","og_type":"article","og_title":"Kill Be (Film festival) - We Love Cinema","og_description":"1800 personnes pour la s\u00e9ance inaugurale. La grande salle de Bozar \u00e0 nouveau bond\u00e9e. Et un accueil plus qu&rsquo;enthousiaste pour Au Nom du Fils. Le Be film festival est d\u00e9cid\u00e9ment un \u00e9v\u00e9nement en marge, le seul qui f\u00e9d\u00e8re 10.000 spectateurs en 5 jours autour du seul cin\u00e9ma belge. Les meilleurs films de l&rsquo;ann\u00e9e, soit. Mais &hellip;","og_url":"https:\/\/welovecinema.be\/fr\/kill-be-film-festival\/","og_site_name":"We Love Cinema","article_publisher":"https:\/\/www.facebook.com\/welovecinema.be","article_published_time":"2012-12-27T18:16:10+00:00","article_modified_time":"2012-12-27T18:25:48+00:00","og_image":[{"width":"1774","height":"1009","url":"https:\/\/welovecinema.be\/wp-content\/uploads\/sites\/2\/2012\/12\/Ouverture-Be-Film-Festival-2012-16.jpg","type":"image\/jpeg"}],"author":"Philippe.Pierquin","twitter_card":"summary_large_image","twitter_misc":{"\u00c9crit par":"Philippe.Pierquin","Dur\u00e9e de lecture estim\u00e9e":"2 minutes"},"schema":{"@context":"https:\/\/schema.org","@graph":[{"@type":"Article","@id":"https:\/\/welovecinema.be\/fr\/kill-be-film-festival\/#article","isPartOf":{"@id":"https:\/\/welovecinema.be\/fr\/kill-be-film-festival\/"},"author":{"name":"Philippe.Pierquin","@id":"https:\/\/welovecinema.be\/nl\/#\/schema\/person\/4b9b1d857f0943453a38a7c2859ef756"},"headline":"Kill Be (Film festival)","datePublished":"2012-12-27T18:16:10+00:00","dateModified":"2012-12-27T18:25:48+00:00","mainEntityOfPage":{"@id":"https:\/\/welovecinema.be\/fr\/kill-be-film-festival\/"},"wordCount":323,"publisher":{"@id":"https:\/\/welovecinema.be\/nl\/#organization"},"articleSection":["En bref","News"],"inLanguage":"fr-FR"},{"@type":"WebPage","@id":"https:\/\/welovecinema.be\/fr\/kill-be-film-festival\/","url":"https:\/\/welovecinema.be\/fr\/kill-be-film-festival\/","name":"Kill Be (Film festival) - We Love Cinema","isPartOf":{"@id":"https:\/\/welovecinema.be\/nl\/#website"},"datePublished":"2012-12-27T18:16:10+00:00","dateModified":"2012-12-27T18:25:48+00:00","breadcrumb":{"@id":"https:\/\/welovecinema.be\/fr\/kill-be-film-festival\/#breadcrumb"},"inLanguage":"fr-FR","potentialAction":[{"@type":"ReadAction","target":["https:\/\/welovecinema.be\/fr\/kill-be-film-festival\/"]}]},{"@type":"BreadcrumbList","@id":"https:\/\/welovecinema.be\/fr\/kill-be-film-festival\/#breadcrumb","itemListElement":[{"@type":"ListItem","position":1,"name":"Accueil","item":"https:\/\/welovecinema.be\/fr\/"},{"@type":"ListItem","position":2,"name":"Kill Be (Film festival)"}]},{"@type":"WebSite","@id":"https:\/\/welovecinema.be\/nl\/#website","url":"https:\/\/welovecinema.be\/nl\/","name":"We Love Cinema","description":"Toute l\u2019information du cin\u00e9ma en Belgique","publisher":{"@id":"https:\/\/welovecinema.be\/nl\/#organization"},"potentialAction":[{"@type":"SearchAction","target":{"@type":"EntryPoint","urlTemplate":"https:\/\/welovecinema.be\/nl\/?s={search_term_string}"},"query-input":"required name=search_term_string"}],"inLanguage":"fr-FR"},{"@type":"Organization","@id":"https:\/\/welovecinema.be\/nl\/#organization","name":"We Love Cinema","url":"https:\/\/welovecinema.be\/nl\/","logo":{"@type":"ImageObject","inLanguage":"fr-FR","@id":"https:\/\/welovecinema.be\/nl\/#\/schema\/logo\/image\/","url":"https:\/\/welovecinema.be\/wp-content\/uploads\/sites\/2\/2023\/03\/Logo-We-Love-Cinema305x128.jpg","contentUrl":"https:\/\/welovecinema.be\/wp-content\/uploads\/sites\/2\/2023\/03\/Logo-We-Love-Cinema305x128.jpg","width":305,"height":128,"caption":"We Love Cinema"},"image":{"@id":"https:\/\/welovecinema.be\/nl\/#\/schema\/logo\/image\/"},"sameAs":["https:\/\/www.facebook.com\/welovecinema.be","https:\/\/www.youtube.com\/channel\/UCX5LYGVhnKvYauW4Nta4HJA","https:\/\/www.instagram.com\/welovecinema.be\/"]},{"@type":"Person","@id":"https:\/\/welovecinema.be\/nl\/#\/schema\/person\/4b9b1d857f0943453a38a7c2859ef756","name":"Philippe.Pierquin","url":"https:\/\/welovecinema.be\/fr\/author\/philippe-pierquin\/"}]}},"_links":{"self":[{"href":"https:\/\/welovecinema.be\/fr\/wp-json\/wp\/v2\/posts\/34721","targetHints":{"allow":["GET"]}}],"collection":[{"href":"https:\/\/welovecinema.be\/fr\/wp-json\/wp\/v2\/posts"}],"about":[{"href":"https:\/\/welovecinema.be\/fr\/wp-json\/wp\/v2\/types\/post"}],"author":[{"embeddable":true,"href":"https:\/\/welovecinema.be\/fr\/wp-json\/wp\/v2\/users\/7"}],"replies":[{"embeddable":true,"href":"https:\/\/welovecinema.be\/fr\/wp-json\/wp\/v2\/comments?post=34721"}],"version-history":[{"count":0,"href":"https:\/\/welovecinema.be\/fr\/wp-json\/wp\/v2\/posts\/34721\/revisions"}],"wp:featuredmedia":[{"embeddable":true,"href":"https:\/\/welovecinema.be\/fr\/wp-json\/wp\/v2\/media\/34741"}],"wp:attachment":[{"href":"https:\/\/welovecinema.be\/fr\/wp-json\/wp\/v2\/media?parent=34721"}],"wp:term":[{"taxonomy":"category","embeddable":true,"href":"https:\/\/welovecinema.be\/fr\/wp-json\/wp\/v2\/categories?post=34721"},{"taxonomy":"post_tag","embeddable":true,"href":"https:\/\/welovecinema.be\/fr\/wp-json\/wp\/v2\/tags?post=34721"}],"curies":[{"name":"wp","href":"https:\/\/api.w.org\/{rel}","templated":true}]}}