{"id":34534,"date":"2012-12-28T05:53:51","date_gmt":"2012-12-28T05:53:51","guid":{"rendered":"http:\/\/www.cinevox.be\/?p=34534"},"modified":"2013-01-02T21:34:26","modified_gmt":"2013-01-02T21:34:26","slug":"les-de-2012-2","status":"publish","type":"post","link":"https:\/\/welovecinema.be\/fr\/les-de-2012-2\/","title":{"rendered":"Les 12 + de 2012 (2)"},"content":{"rendered":"<p>Hier, nous \u00e9num\u00e9rions six raisons de nous r\u00e9jouir de cette ann\u00e9e 2012 pour le cin\u00e9ma belge. En voici six autres. Champagne !<!--more--><\/p>\n<p>&nbsp;<\/p>\n<p>&nbsp;<\/p>\n<p>&nbsp;<\/p>\n<p>&nbsp;<\/p>\n<p>&nbsp;<\/p>\n<p><a rel=\"attachment wp-att-34535\" href=\"http:\/\/www.cinevox.be\/les-de-2012-2\/img_6351-2\"><img loading=\"lazy\" decoding=\"async\" class=\"aligncenter size-full wp-image-34535\" title=\"IMG_6351\" src=\"http:\/\/www.cinevox.be\/wp-content\/uploads\/sites\/2\/2012\/12\/IMG_6351.jpg\" alt=\"\" width=\"1024\" height=\"638\" srcset=\"https:\/\/welovecinema.be\/wp-content\/uploads\/sites\/2\/2012\/12\/IMG_6351.jpg 1024w, https:\/\/welovecinema.be\/wp-content\/uploads\/sites\/2\/2012\/12\/IMG_6351-433x270.jpg 433w, https:\/\/welovecinema.be\/wp-content\/uploads\/sites\/2\/2012\/12\/IMG_6351-800x498.jpg 800w\" sizes=\"auto, (max-width: 1024px) 100vw, 1024px\" \/><\/a><\/p>\n<p>&nbsp;<\/p>\n<p><strong>+ De nouveaux visages<\/strong><\/p>\n<p>Chaque ann\u00e9e, c\u2019est normal, quelques artistes se r\u00e9v\u00e8lent, devant et derri\u00e8re la cam\u00e9ra. On ne peut pas les citer tous. On ne veut d\u2019ailleurs pas s\u2019y risquer. En toute subjectivit\u00e9, on rel\u00e8vera donc trois noms pour succ\u00e9der \u00e0 Erika Sainte, Michael Roskam et Thomas Doret, r\u00e9v\u00e9lations 2011, consacr\u00e9s aux Magritte.<\/p>\n<p>Chez les dames on \u00e9pinglera <strong>Astrid Whetnall<\/strong>, \u00e9poustouflante dans <em>Au nom du fils<\/em> de Vincent Lannoo. Sa palette est large : elle est ind\u00e9niablement promise \u00e0 des r\u00f4les de plus en plus consistants. Chez les messieurs, on citera sans h\u00e9siter <strong>David Murgia<\/strong> qui confirme tout le bien que les fans de <em>La R\u00e9gate<\/em> puis de<em> Rundskop<\/em> pensaient d\u00e9j\u00e0 de lui. Il est incroyable dans <em>La T\u00eate la Premi\u00e8re<\/em> et on lui souhaite d\u2019urgence un super r\u00f4le pour 2013, histoire de ne pas laisser retomber l\u2019enthousiasme. En attendant, on ira le voir au th\u00e9\u00e2tre, car dans les prochains mois, il va br\u00fbler les planches.<\/p>\n<p>Pour les r\u00e9alisateurs, enfin, la lutte est serr\u00e9e tant le nombre de pr\u00e9tendants est important. On vous renvoie donc au d\u00e9but de notre article publi\u00e9 hier (<a href=\"http:\/\/www.cinevox.be\/?p=34514\" target=\"_blank\">ICI<\/a>) pour que vous \u00e9lisiez votre pr\u00e9f\u00e9r\u00e9. Dans son registre, chacun de ces nouveaux venus a brill\u00e9. Question de feeling et d\u2019affinit\u00e9s donc\u2026<\/p>\n<p>&nbsp;<\/p>\n<p>&nbsp;<\/p>\n<p><a rel=\"attachment wp-att-34536\" href=\"http:\/\/www.cinevox.be\/les-de-2012-2\/tapis-rouge-2-2\"><img loading=\"lazy\" decoding=\"async\" class=\"aligncenter size-full wp-image-34536\" title=\"tapis rouge 2\" src=\"http:\/\/www.cinevox.be\/wp-content\/uploads\/sites\/2\/2012\/12\/tapis-rouge-2.jpg\" alt=\"\" width=\"1024\" height=\"768\" srcset=\"https:\/\/welovecinema.be\/wp-content\/uploads\/sites\/2\/2012\/12\/tapis-rouge-2.jpg 1024w, https:\/\/welovecinema.be\/wp-content\/uploads\/sites\/2\/2012\/12\/tapis-rouge-2-360x270.jpg 360w, https:\/\/welovecinema.be\/wp-content\/uploads\/sites\/2\/2012\/12\/tapis-rouge-2-800x600.jpg 800w, https:\/\/welovecinema.be\/wp-content\/uploads\/sites\/2\/2012\/12\/tapis-rouge-2-300x225.jpg 300w\" sizes=\"auto, (max-width: 1024px) 100vw, 1024px\" \/><\/a><\/p>\n<p>&nbsp;<\/p>\n<p><strong>+ Le ci<\/strong><strong>n\u00e9ma belge toujours omnipr\u00e9sent \u00e0 Cannes<\/strong><\/p>\n<p><em>\u00c0 Perdre la Raison, Hors les murs, La T\u00eate la Premi\u00e8re, Ernest et C\u00e9lestine<\/em>, les Belges \u00e9taient \u00e0 nouveau nombreux sur la Croisette. Sans parler des coproductions comme <em>de Rouille et d&rsquo;Os<\/em> dont on a longtemps cru qu&rsquo;il pouvait pr\u00e9tendre \u00e0 la Palme d&rsquo;Or et qui est finalement reparti bredouille.<\/p>\n<p>Dans la section un certain regard, le jury a cr\u00e9\u00e9 un prix d&rsquo;interpr\u00e9tation (mixte) pour saluer le talent d&rsquo;<strong>Emilie Dequenne <\/strong>et \u00e0 la semaine de la critique, le tr\u00e8s acclam\u00e9 <em>Hors les Murs<\/em> de <strong>David Lambert<\/strong> a d\u00e9croch\u00e9 le Rail d&rsquo;Or.<\/p>\n<p>Cannes, c&rsquo;est de toute mani\u00e8re une plate-forme privil\u00e9gi\u00e9e, une rampe de lancement. <em>La T\u00eate la Premi\u00e8re<\/em> serait sans doute pass\u00e9 inaper\u00e7u sans une s\u00e9lection dans la section ACID qui lui a permis de d\u00e9crocher des articles \u00e0 la pelle, mais aussi (et surtout) un distributeur.<\/p>\n<p>A cannes, m\u00eame sans ses t\u00e9nors, le cin\u00e9ma belge garde la cote.<\/p>\n<p>&nbsp;<\/p>\n<p>&nbsp;<\/p>\n<p><a rel=\"attachment wp-att-34537\" href=\"http:\/\/www.cinevox.be\/les-de-2012-2\/mdc-2012-la-ceremonie-3\"><img loading=\"lazy\" decoding=\"async\" class=\"aligncenter size-full wp-image-34537\" title=\"MDC 2012 \/ La Ceremonie\" src=\"http:\/\/www.cinevox.be\/wp-content\/uploads\/sites\/2\/2012\/12\/IMAGELLAN_00003239-211.jpg\" alt=\"\" width=\"4906\" height=\"3360\" srcset=\"https:\/\/welovecinema.be\/wp-content\/uploads\/sites\/2\/2012\/12\/IMAGELLAN_00003239-211.jpg 4906w, https:\/\/welovecinema.be\/wp-content\/uploads\/sites\/2\/2012\/12\/IMAGELLAN_00003239-211-394x270.jpg 394w, https:\/\/welovecinema.be\/wp-content\/uploads\/sites\/2\/2012\/12\/IMAGELLAN_00003239-211-800x547.jpg 800w\" sizes=\"auto, (max-width: 4906px) 100vw, 4906px\" \/><\/a><\/p>\n<p>&nbsp;<\/p>\n<p><strong>+ Matthias Schoenaerts et Michael R. Roskam breakent \u00e0 l&rsquo;international<\/strong><\/p>\n<p>De nombreux acteurs belges francophones brillent en France, mais jusqu&rsquo;ici aucun n&rsquo;a r\u00e9ussi \u00e0 s&rsquo;imposer vraiment dans le monde anglo-saxon. Question de ma\u00eetrise de la langue sans doute. <strong>Matthias Schoenaerts<\/strong> n&rsquo;a pas ce probl\u00e8me : il speake english fluently. Et pour le film de Guillaume Canet qu&rsquo;il vient de tourner aux \u00c9tats-Unis, il a m\u00eame travaill\u00e9 un accent de Brooklyn typique des ann\u00e9es 70 qui a forc\u00e9 l&rsquo;admiration de tous ceux qui ont fr\u00e9quent\u00e9 leu tournage. Sa prestation dans <em>Rundskop,<\/em> port\u00e9e par une nomination \u00e0 l&rsquo;Oscar du meilleur film en langue \u00e9trang\u00e8re, a attir\u00e9 l&rsquo;attention des professionnels. Matthias a r\u00e9ussi \u00e0 concr\u00e9tiser son capital sympathie en choisissant de tourner avec Jacques Audiard. Sa prestation dans De Rouille et d&rsquo;Os a boulevers\u00e9 les spectateurs et il s&rsquo;est ouvert un nouvel horizon : le march\u00e9 fran\u00e7ais qu&rsquo;on ne lui pensait pas destin\u00e9. Le magazine Premi\u00e8re vient de le d\u00e9signer r\u00e9v\u00e9lation 2012<\/p>\n<p><strong>Michael R.Roskam<\/strong>, le r\u00e9alisateur de <em>Rundskop<\/em> a lui aussi re\u00e7u quelques propositions affolantes d&rsquo;Hollywood. Il est cit\u00e9 pour une s\u00e9rie HBO et deux longs m\u00e9trages. A Hollywood, aucun tournage n&rsquo;est confirm\u00e9 avant d&rsquo;avoir d\u00e9marr\u00e9. Wait and see donc\u2026<\/p>\n<p>&nbsp;<\/p>\n<p>&nbsp;<\/p>\n<p>&nbsp;<\/p>\n<p><a rel=\"attachment wp-att-34541\" href=\"http:\/\/www.cinevox.be\/les-de-2012-2\/2012-11-12_12h03_34-2\"><img loading=\"lazy\" decoding=\"async\" class=\"aligncenter size-full wp-image-34541\" title=\"2012-11-12_12h03_34\" src=\"http:\/\/www.cinevox.be\/wp-content\/uploads\/sites\/2\/2012\/12\/2012-11-12_12h03_34.jpg\" alt=\"\" width=\"1103\" height=\"729\" srcset=\"https:\/\/welovecinema.be\/wp-content\/uploads\/sites\/2\/2012\/12\/2012-11-12_12h03_34.jpg 1103w, https:\/\/welovecinema.be\/wp-content\/uploads\/sites\/2\/2012\/12\/2012-11-12_12h03_34-408x270.jpg 408w, https:\/\/welovecinema.be\/wp-content\/uploads\/sites\/2\/2012\/12\/2012-11-12_12h03_34-800x528.jpg 800w\" sizes=\"auto, (max-width: 1103px) 100vw, 1103px\" \/><\/a><\/p>\n<p>&nbsp;<\/p>\n<p><strong>+ les films belges trustent les prix du public<\/strong><\/p>\n<p>Le cin\u00e9ma belge a, cette ann\u00e9e encore, \u00e9t\u00e9 r\u00e9compens\u00e9 partout \u00e0 travers le monde \u00e0 de multiples reprises. Nous pr\u00e9parons d&rsquo;ailleurs un relev\u00e9 le plus exhaustif possible de ces prix et c&rsquo;est tout simplement hallucinant. Mais une autre tendance lourde est n\u00e9e en 2012 dans divers \u00e9v\u00e8nements internationaux: deux de nos longs m\u00e9trages ont gagn\u00e9 les prix du public dans TOUS les festivals qu&rsquo;ils ont fr\u00e9quent\u00e9s.<\/p>\n<p>Tot Altijd en a remport\u00e9 cinq et Dead Man Talking trois. Des distinctions assez \u00e9tonnantes quand on sait que ces films traitent tous les deux\u2026 de la mort. Tot Altijd a conquis les spectateurs au RamDam Festival \u00e0 Tournai, puis ceux du The End Festival d&rsquo;Amsterdam. Plus r\u00e9cemment il a fait mouche au 23e Filmfest Emden-Norderney et au 57e Seminci Valladoli o\u00f9 il d\u00e9crocha aussi le Punto de Encuentro Award du meilleur film.<\/p>\n<p>Dead Man Talking a fait de m\u00eame au FIFF, au festival des jeunes r\u00e9alisateurs de St-Jean de Luz et au festival du film de la R\u00e9union.<\/p>\n<p>Pour couronner le tout, Hasta la Vista, qui gagna ce genre de troph\u00e9es en 2011, a remport\u00e9 lui aussi le prix du public\u2026 aux European Film Awards. Face \u00e0 quatre blockbusters fran\u00e7ais, anglais et allemand, il s&rsquo;agit d&rsquo;un authentique exploit.<\/p>\n<p>Ce qui nous ram\u00e8ne h\u00e9las au constat consternant que si Hasta la Vista et Tot Altijd ont d\u00e9pass\u00e9 et tutoy\u00e9 la barre des 200.000 spectateurs en Belgique, Dead Man Talking plafonne autour des 12.000. C&rsquo;est quoi le probl\u00e8me?<\/p>\n<p>&nbsp;<\/p>\n<p>&nbsp;<\/p>\n<p><a rel=\"attachment wp-att-34539\" href=\"http:\/\/www.cinevox.be\/les-de-2012-2\/2012-10-04-fdr-fiff-4717-3\"><img loading=\"lazy\" decoding=\"async\" class=\"aligncenter size-full wp-image-34539\" title=\"2012-10-04-fdr-fiff-4717\" src=\"http:\/\/www.cinevox.be\/wp-content\/uploads\/sites\/2\/2012\/12\/2012-10-04-fdr-fiff-4717.jpg\" alt=\"\" width=\"1024\" height=\"681\" srcset=\"https:\/\/welovecinema.be\/wp-content\/uploads\/sites\/2\/2012\/12\/2012-10-04-fdr-fiff-4717.jpg 1024w, https:\/\/welovecinema.be\/wp-content\/uploads\/sites\/2\/2012\/12\/2012-10-04-fdr-fiff-4717-405x270.jpg 405w, https:\/\/welovecinema.be\/wp-content\/uploads\/sites\/2\/2012\/12\/2012-10-04-fdr-fiff-4717-800x532.jpg 800w\" sizes=\"auto, (max-width: 1024px) 100vw, 1024px\" \/><\/a><\/p>\n<p>&nbsp;<\/p>\n<p><strong>+ Une comp\u00e9tition belge au FIFF<\/strong><\/p>\n<p>Le Festival International du film francophone de Namur a remis un prix particulier au meilleur film belge de la manifestation, toutes cat\u00e9gories confondues. Le prix Cinevox a \u00e9t\u00e9 attribu\u00e9 par un jury ind\u00e9pendant compos\u00e9 de quatre cin\u00e9philes d\u00e9sign\u00e9s par le festival et chapeaut\u00e9 par Fabienne Bradfer, journaliste au Soir. Neuf films avaient \u00e9t\u00e9 retenus. Tous furent visionn\u00e9s, discut\u00e9s, compar\u00e9s et le prix fut finalement remis \u00e0 <em>Hors les Murs<\/em> de <strong>David Lambert,<\/strong> produit en Belgique par <strong>Jean-Yves Roubin<\/strong> (Frakas). La r\u00e9compense est une semaine de promotion dans les salles pour une bande-annonce de 30&Prime; qui sera donc diffus\u00e9e en janvier prochain. Le film sort en Belgique le 23 janvier alors qu&rsquo;il est arriv\u00e9 en France le 5 d\u00e9cembre et est m\u00eame d\u00e9j\u00e0 disponible en DVD\u2026 au Qu\u00e9bec.<\/p>\n<p>&nbsp;<\/p>\n<p>&nbsp;<\/p>\n<p><a rel=\"attachment wp-att-34540\" href=\"http:\/\/www.cinevox.be\/les-de-2012-2\/_vis6192-3\"><img loading=\"lazy\" decoding=\"async\" class=\"aligncenter size-full wp-image-34540\" title=\"_VIS6192\" src=\"http:\/\/www.cinevox.be\/wp-content\/uploads\/sites\/2\/2012\/12\/VIS6192.jpg\" alt=\"\" width=\"900\" height=\"650\" srcset=\"https:\/\/welovecinema.be\/wp-content\/uploads\/sites\/2\/2012\/12\/VIS6192.jpg 900w, https:\/\/welovecinema.be\/wp-content\/uploads\/sites\/2\/2012\/12\/VIS6192-373x270.jpg 373w, https:\/\/welovecinema.be\/wp-content\/uploads\/sites\/2\/2012\/12\/VIS6192-800x577.jpg 800w\" sizes=\"auto, (max-width: 900px) 100vw, 900px\" \/><\/a><\/p>\n<p>&nbsp;<\/p>\n<p><strong>+ Cinevox s&rsquo;affirme. Et continue\u2026 de plus belle<\/strong><\/p>\n<p>Initialement con\u00e7u comme un tremplin des BNP Paribas Fortis Film Days 2011, Cinevox a d&#8217;embl\u00e9e convaincu les professionnels belges du cin\u00e9ma. L&rsquo;exp\u00e9rience ne s&rsquo;est donc pas arr\u00eat\u00e9e aussi vite que pr\u00e9vu. Petit \u00e0 petit, la capsule diffus\u00e9e dans les salles de cin\u00e9ma, le site internet et la page Facebook ne sont fait une place dans les habitudes de cin\u00e9philes belges de plus en plus nombreux. Aussi bien au nord du pays qu&rsquo;au sud d&rsquo;ailleurs.<\/p>\n<p>Pour vous donner un ordre d&rsquo;id\u00e9e, le nombre de visite sur notre site ce mois-ci a \u00e9t\u00e9 3X plus important que l&rsquo;an dernier \u00e0 la m\u00eame \u00e9poque. Pour 2013, les 500.000 visites sont un objectif tr\u00e8s r\u00e9aliste. Avec une \u00e9quipe r\u00e9duite \u00e0 sa plus simple expression, faut-il le pr\u00e9ciser.<\/p>\n<p>Cinevox ne devrait donc pas s&rsquo;arr\u00eater en si bon chemin. Beaucoup de projets sont dans les cartons, mais en dire plus serait en dire trop.<\/p>\n<p>Avec le m\u00eame enthousiasme et une ligne de conduite qui n&rsquo;a jamais vari\u00e9 d&rsquo;un iota, nous resterons \u00e0 vos c\u00f4t\u00e9s le plus longtemps possible. En esp\u00e9rant qu&rsquo;un jour notre\u00a0 r\u00eave se r\u00e9alisera et que les spectateurs du sud du pays feront la f\u00eate aux films d&rsquo;ici, par dizaines, voire par centaines de milliers. Non, par charit\u00e9, mais tout simplement parce qu&rsquo;ils en ont envie. Car le cin\u00e9ma que proposent nos auteurs, acteurs, r\u00e9alisateurs, techniciens et producteurs, c&rsquo;est aussi le v\u00f4tre !<\/p>\n<p>&nbsp;<\/p>\n<p>&nbsp;<\/p>\n","protected":false},"excerpt":{"rendered":"<p>Hier, nous \u00e9num\u00e9rions six raisons de nous r\u00e9jouir de cette ann\u00e9e 2012 pour le cin\u00e9ma belge. En voici six autres. Champagne !<\/p>\n","protected":false},"author":7,"featured_media":34543,"comment_status":"closed","ping_status":"closed","sticky":false,"template":"","format":"standard","meta":{"ngg_post_thumbnail":0,"footnotes":""},"categories":[1923],"tags":[],"class_list":["post-34534","post","type-post","status-publish","format-standard","has-post-thumbnail","","category-en-bref"],"yoast_head":"<!-- This site is optimized with the Yoast SEO plugin v20.4 - https:\/\/yoast.com\/wordpress\/plugins\/seo\/ -->\n<title>Les 12 + de 2012 (2) - We Love Cinema<\/title>\n<meta name=\"robots\" content=\"index, follow, max-snippet:-1, max-image-preview:large, max-video-preview:-1\" \/>\n<link rel=\"canonical\" href=\"https:\/\/welovecinema.be\/fr\/les-de-2012-2\/\" \/>\n<meta property=\"og:locale\" content=\"fr_FR\" \/>\n<meta property=\"og:type\" content=\"article\" \/>\n<meta property=\"og:title\" content=\"Les 12 + de 2012 (2) - We Love Cinema\" \/>\n<meta property=\"og:description\" content=\"Hier, nous \u00e9num\u00e9rions six raisons de nous r\u00e9jouir de cette ann\u00e9e 2012 pour le cin\u00e9ma belge. En voici six autres. Champagne !\" \/>\n<meta property=\"og:url\" content=\"https:\/\/welovecinema.be\/fr\/les-de-2012-2\/\" \/>\n<meta property=\"og:site_name\" content=\"We Love Cinema\" \/>\n<meta property=\"article:publisher\" content=\"https:\/\/www.facebook.com\/welovecinema.be\" \/>\n<meta property=\"article:published_time\" content=\"2012-12-28T05:53:51+00:00\" \/>\n<meta property=\"article:modified_time\" content=\"2013-01-02T21:34:26+00:00\" \/>\n<meta property=\"og:image\" content=\"https:\/\/welovecinema.be\/wp-content\/uploads\/sites\/2\/2012\/12\/2012b-+b.jpg\" \/>\n\t<meta property=\"og:image:width\" content=\"2951\" \/>\n\t<meta property=\"og:image:height\" content=\"2064\" \/>\n\t<meta property=\"og:image:type\" content=\"image\/jpeg\" \/>\n<meta name=\"author\" content=\"Philippe.Pierquin\" \/>\n<meta name=\"twitter:card\" content=\"summary_large_image\" \/>\n<meta name=\"twitter:label1\" content=\"\u00c9crit par\" \/>\n\t<meta name=\"twitter:data1\" content=\"Philippe.Pierquin\" \/>\n\t<meta name=\"twitter:label2\" content=\"Dur\u00e9e de lecture estim\u00e9e\" \/>\n\t<meta name=\"twitter:data2\" content=\"7 minutes\" \/>\n<script type=\"application\/ld+json\" class=\"yoast-schema-graph\">{\"@context\":\"https:\/\/schema.org\",\"@graph\":[{\"@type\":\"Article\",\"@id\":\"https:\/\/welovecinema.be\/fr\/les-de-2012-2\/#article\",\"isPartOf\":{\"@id\":\"https:\/\/welovecinema.be\/fr\/les-de-2012-2\/\"},\"author\":{\"name\":\"Philippe.Pierquin\",\"@id\":\"https:\/\/welovecinema.be\/nl\/#\/schema\/person\/4b9b1d857f0943453a38a7c2859ef756\"},\"headline\":\"Les 12 + de 2012 (2)\",\"datePublished\":\"2012-12-28T05:53:51+00:00\",\"dateModified\":\"2013-01-02T21:34:26+00:00\",\"mainEntityOfPage\":{\"@id\":\"https:\/\/welovecinema.be\/fr\/les-de-2012-2\/\"},\"wordCount\":1368,\"publisher\":{\"@id\":\"https:\/\/welovecinema.be\/nl\/#organization\"},\"articleSection\":[\"En bref\"],\"inLanguage\":\"fr-FR\"},{\"@type\":\"WebPage\",\"@id\":\"https:\/\/welovecinema.be\/fr\/les-de-2012-2\/\",\"url\":\"https:\/\/welovecinema.be\/fr\/les-de-2012-2\/\",\"name\":\"Les 12 + de 2012 (2) - We Love Cinema\",\"isPartOf\":{\"@id\":\"https:\/\/welovecinema.be\/nl\/#website\"},\"datePublished\":\"2012-12-28T05:53:51+00:00\",\"dateModified\":\"2013-01-02T21:34:26+00:00\",\"breadcrumb\":{\"@id\":\"https:\/\/welovecinema.be\/fr\/les-de-2012-2\/#breadcrumb\"},\"inLanguage\":\"fr-FR\",\"potentialAction\":[{\"@type\":\"ReadAction\",\"target\":[\"https:\/\/welovecinema.be\/fr\/les-de-2012-2\/\"]}]},{\"@type\":\"BreadcrumbList\",\"@id\":\"https:\/\/welovecinema.be\/fr\/les-de-2012-2\/#breadcrumb\",\"itemListElement\":[{\"@type\":\"ListItem\",\"position\":1,\"name\":\"Accueil\",\"item\":\"https:\/\/welovecinema.be\/fr\/\"},{\"@type\":\"ListItem\",\"position\":2,\"name\":\"Les 12 + de 2012 (2)\"}]},{\"@type\":\"WebSite\",\"@id\":\"https:\/\/welovecinema.be\/nl\/#website\",\"url\":\"https:\/\/welovecinema.be\/nl\/\",\"name\":\"We Love Cinema\",\"description\":\"Toute l\u2019information du cin\u00e9ma en Belgique\",\"publisher\":{\"@id\":\"https:\/\/welovecinema.be\/nl\/#organization\"},\"potentialAction\":[{\"@type\":\"SearchAction\",\"target\":{\"@type\":\"EntryPoint\",\"urlTemplate\":\"https:\/\/welovecinema.be\/nl\/?s={search_term_string}\"},\"query-input\":\"required name=search_term_string\"}],\"inLanguage\":\"fr-FR\"},{\"@type\":\"Organization\",\"@id\":\"https:\/\/welovecinema.be\/nl\/#organization\",\"name\":\"We Love Cinema\",\"url\":\"https:\/\/welovecinema.be\/nl\/\",\"logo\":{\"@type\":\"ImageObject\",\"inLanguage\":\"fr-FR\",\"@id\":\"https:\/\/welovecinema.be\/nl\/#\/schema\/logo\/image\/\",\"url\":\"https:\/\/welovecinema.be\/wp-content\/uploads\/sites\/2\/2023\/03\/Logo-We-Love-Cinema305x128.jpg\",\"contentUrl\":\"https:\/\/welovecinema.be\/wp-content\/uploads\/sites\/2\/2023\/03\/Logo-We-Love-Cinema305x128.jpg\",\"width\":305,\"height\":128,\"caption\":\"We Love Cinema\"},\"image\":{\"@id\":\"https:\/\/welovecinema.be\/nl\/#\/schema\/logo\/image\/\"},\"sameAs\":[\"https:\/\/www.facebook.com\/welovecinema.be\",\"https:\/\/www.youtube.com\/channel\/UCX5LYGVhnKvYauW4Nta4HJA\",\"https:\/\/www.instagram.com\/welovecinema.be\/\"]},{\"@type\":\"Person\",\"@id\":\"https:\/\/welovecinema.be\/nl\/#\/schema\/person\/4b9b1d857f0943453a38a7c2859ef756\",\"name\":\"Philippe.Pierquin\",\"url\":\"https:\/\/welovecinema.be\/fr\/author\/philippe-pierquin\/\"}]}<\/script>\n<!-- \/ Yoast SEO plugin. -->","yoast_head_json":{"title":"Les 12 + de 2012 (2) - We Love Cinema","robots":{"index":"index","follow":"follow","max-snippet":"max-snippet:-1","max-image-preview":"max-image-preview:large","max-video-preview":"max-video-preview:-1"},"canonical":"https:\/\/welovecinema.be\/fr\/les-de-2012-2\/","og_locale":"fr_FR","og_type":"article","og_title":"Les 12 + de 2012 (2) - We Love Cinema","og_description":"Hier, nous \u00e9num\u00e9rions six raisons de nous r\u00e9jouir de cette ann\u00e9e 2012 pour le cin\u00e9ma belge. En voici six autres. Champagne !","og_url":"https:\/\/welovecinema.be\/fr\/les-de-2012-2\/","og_site_name":"We Love Cinema","article_publisher":"https:\/\/www.facebook.com\/welovecinema.be","article_published_time":"2012-12-28T05:53:51+00:00","article_modified_time":"2013-01-02T21:34:26+00:00","og_image":[{"width":"2951","height":"2064","url":"https:\/\/welovecinema.be\/wp-content\/uploads\/sites\/2\/2012\/12\/2012b-+b.jpg","type":"image\/jpeg"}],"author":"Philippe.Pierquin","twitter_card":"summary_large_image","twitter_misc":{"\u00c9crit par":"Philippe.Pierquin","Dur\u00e9e de lecture estim\u00e9e":"7 minutes"},"schema":{"@context":"https:\/\/schema.org","@graph":[{"@type":"Article","@id":"https:\/\/welovecinema.be\/fr\/les-de-2012-2\/#article","isPartOf":{"@id":"https:\/\/welovecinema.be\/fr\/les-de-2012-2\/"},"author":{"name":"Philippe.Pierquin","@id":"https:\/\/welovecinema.be\/nl\/#\/schema\/person\/4b9b1d857f0943453a38a7c2859ef756"},"headline":"Les 12 + de 2012 (2)","datePublished":"2012-12-28T05:53:51+00:00","dateModified":"2013-01-02T21:34:26+00:00","mainEntityOfPage":{"@id":"https:\/\/welovecinema.be\/fr\/les-de-2012-2\/"},"wordCount":1368,"publisher":{"@id":"https:\/\/welovecinema.be\/nl\/#organization"},"articleSection":["En bref"],"inLanguage":"fr-FR"},{"@type":"WebPage","@id":"https:\/\/welovecinema.be\/fr\/les-de-2012-2\/","url":"https:\/\/welovecinema.be\/fr\/les-de-2012-2\/","name":"Les 12 + de 2012 (2) - We Love Cinema","isPartOf":{"@id":"https:\/\/welovecinema.be\/nl\/#website"},"datePublished":"2012-12-28T05:53:51+00:00","dateModified":"2013-01-02T21:34:26+00:00","breadcrumb":{"@id":"https:\/\/welovecinema.be\/fr\/les-de-2012-2\/#breadcrumb"},"inLanguage":"fr-FR","potentialAction":[{"@type":"ReadAction","target":["https:\/\/welovecinema.be\/fr\/les-de-2012-2\/"]}]},{"@type":"BreadcrumbList","@id":"https:\/\/welovecinema.be\/fr\/les-de-2012-2\/#breadcrumb","itemListElement":[{"@type":"ListItem","position":1,"name":"Accueil","item":"https:\/\/welovecinema.be\/fr\/"},{"@type":"ListItem","position":2,"name":"Les 12 + de 2012 (2)"}]},{"@type":"WebSite","@id":"https:\/\/welovecinema.be\/nl\/#website","url":"https:\/\/welovecinema.be\/nl\/","name":"We Love Cinema","description":"Toute l\u2019information du cin\u00e9ma en Belgique","publisher":{"@id":"https:\/\/welovecinema.be\/nl\/#organization"},"potentialAction":[{"@type":"SearchAction","target":{"@type":"EntryPoint","urlTemplate":"https:\/\/welovecinema.be\/nl\/?s={search_term_string}"},"query-input":"required name=search_term_string"}],"inLanguage":"fr-FR"},{"@type":"Organization","@id":"https:\/\/welovecinema.be\/nl\/#organization","name":"We Love Cinema","url":"https:\/\/welovecinema.be\/nl\/","logo":{"@type":"ImageObject","inLanguage":"fr-FR","@id":"https:\/\/welovecinema.be\/nl\/#\/schema\/logo\/image\/","url":"https:\/\/welovecinema.be\/wp-content\/uploads\/sites\/2\/2023\/03\/Logo-We-Love-Cinema305x128.jpg","contentUrl":"https:\/\/welovecinema.be\/wp-content\/uploads\/sites\/2\/2023\/03\/Logo-We-Love-Cinema305x128.jpg","width":305,"height":128,"caption":"We Love Cinema"},"image":{"@id":"https:\/\/welovecinema.be\/nl\/#\/schema\/logo\/image\/"},"sameAs":["https:\/\/www.facebook.com\/welovecinema.be","https:\/\/www.youtube.com\/channel\/UCX5LYGVhnKvYauW4Nta4HJA","https:\/\/www.instagram.com\/welovecinema.be\/"]},{"@type":"Person","@id":"https:\/\/welovecinema.be\/nl\/#\/schema\/person\/4b9b1d857f0943453a38a7c2859ef756","name":"Philippe.Pierquin","url":"https:\/\/welovecinema.be\/fr\/author\/philippe-pierquin\/"}]}},"_links":{"self":[{"href":"https:\/\/welovecinema.be\/fr\/wp-json\/wp\/v2\/posts\/34534","targetHints":{"allow":["GET"]}}],"collection":[{"href":"https:\/\/welovecinema.be\/fr\/wp-json\/wp\/v2\/posts"}],"about":[{"href":"https:\/\/welovecinema.be\/fr\/wp-json\/wp\/v2\/types\/post"}],"author":[{"embeddable":true,"href":"https:\/\/welovecinema.be\/fr\/wp-json\/wp\/v2\/users\/7"}],"replies":[{"embeddable":true,"href":"https:\/\/welovecinema.be\/fr\/wp-json\/wp\/v2\/comments?post=34534"}],"version-history":[{"count":0,"href":"https:\/\/welovecinema.be\/fr\/wp-json\/wp\/v2\/posts\/34534\/revisions"}],"wp:featuredmedia":[{"embeddable":true,"href":"https:\/\/welovecinema.be\/fr\/wp-json\/wp\/v2\/media\/34543"}],"wp:attachment":[{"href":"https:\/\/welovecinema.be\/fr\/wp-json\/wp\/v2\/media?parent=34534"}],"wp:term":[{"taxonomy":"category","embeddable":true,"href":"https:\/\/welovecinema.be\/fr\/wp-json\/wp\/v2\/categories?post=34534"},{"taxonomy":"post_tag","embeddable":true,"href":"https:\/\/welovecinema.be\/fr\/wp-json\/wp\/v2\/tags?post=34534"}],"curies":[{"name":"wp","href":"https:\/\/api.w.org\/{rel}","templated":true}]}}