{"id":34429,"date":"2012-12-25T06:56:34","date_gmt":"2012-12-25T06:56:34","guid":{"rendered":"http:\/\/www.cinevox.be\/?p=34429"},"modified":"2013-02-20T09:35:37","modified_gmt":"2013-02-20T09:35:37","slug":"deux-histoires-d%e2%80%99amour-compliquees-pour-emilie-dequenne","status":"publish","type":"post","link":"https:\/\/welovecinema.be\/fr\/deux-histoires-d%e2%80%99amour-compliquees-pour-emilie-dequenne\/","title":{"rendered":"Deux histoires d\u2019amour compliqu\u00e9es pour Emilie Dequenne"},"content":{"rendered":"<p>Alors qu\u2019on attend toujours de d\u00e9couvrir en Belgique, <em>La Travers\u00e9e<\/em> qu\u2019elle a tourn\u00e9 aux c\u00f4t\u00e9s d\u2019un Michael Youn m\u00e9tamorphos\u00e9 (regardez <a href=\"http:\/\/www.cinevox.be\/emilie-dequenne-dans-la-traversee-la-bande-annonce\">ici<\/a> la bande-annonce), <strong>Emilie Dequenne<\/strong> sera en 2013 \u00e0 l\u2019affiche de <em>Mobius,<\/em> le thriller d\u2019\u00c9ric Rochant qui sortira en mars et dans lequel elle fait \u00e9quipe avec C\u00e9cile de France, Jean Dujardin et Tim Roth (lire <a href=\"http:\/\/www.cinevox.be\/mobius-alice-au-pays-de-loseille\" target=\"_blank\">ICI<\/a>)<\/p>\n<p style=\"text-align: right;\"><em>Photo d&rsquo;ouverture : Marc BO \/ Magritte du Cin\u00e9ma<\/em><\/p>\n<p style=\"text-align: right;\"><em> <\/em><!--more--><\/p>\n<p>Mais naturellement, la Belge hennuy\u00e8re ne compte pas s\u2019arr\u00eater en si bon chemin.<\/p>\n<p>Alors que <strong>Joachim Lafosse<\/strong> qui l\u2019a si bien mise en exergue dans <em>A Perdre la Raison<\/em> a \u00e9crit un long m\u00e9trage autour de l\u2019affaire de L\u2019Arche de Zo\u00e9 (lire <a href=\"http:\/\/www.cinevox.be\/un-nouveau-film-pour-joachim-lafosse\" target=\"_blank\">ICI<\/a>) elle va tourner sous la f\u00e9rule d\u2019Olivier Doran (<em>Pur week-end, Le Coach<\/em>) avec le tr\u00e8s intense Sami Bouajila (<em>Signatures, Omar m\u2019a tuer<\/em>).<\/p>\n<p>&nbsp;<\/p>\n<p><em><a rel=\"attachment wp-att-34433\" href=\"http:\/\/www.cinevox.be\/deux-histoires-d%e2%80%99amour-compliquees-pour-emilie-dequenne\/dsc02291\"><img loading=\"lazy\" decoding=\"async\" class=\"alignright size-large wp-image-34433\" title=\"DSC02291\" src=\"http:\/\/www.cinevox.be\/wp-content\/uploads\/sites\/2\/2012\/12\/DSC02291-431x600.jpg\" alt=\"\" width=\"431\" height=\"600\" srcset=\"https:\/\/welovecinema.be\/wp-content\/uploads\/sites\/2\/2012\/12\/DSC02291-431x600.jpg 431w, https:\/\/welovecinema.be\/wp-content\/uploads\/sites\/2\/2012\/12\/DSC02291-194x270.jpg 194w\" sizes=\"auto, (max-width: 431px) 100vw, 431px\" \/><\/a>Divin enfant<\/em> est le remake d\u2019une com\u00e9die\u2026 su\u00e9doise, \u00a0<em>Meine sch\u00f6ne Bescherung<\/em>, sorti en 2006 et diffus\u00e9 \u00e0 l\u2019international sous le titre <em>Messy Christmas<\/em>. Un titre appropri\u00e9 puisque le soir du r\u00e9veillon, une jeune femme (ici <strong>Emilie Dequenne,<\/strong> Martina Gedeck dans le film original) annonce \u00e0 son mari qu\u2019elle est enceinte. Rien d\u2019extraordinaire a priori si ce n\u2019est que lui, elle l\u2019ignore encore, ne peut pas avoir d\u2019enfant. G\u00e9raldine Pailhas, Lin Dan Pham, Guillaume de Tonqu\u00e9dec et Natacha Lindinger seront \u00e9galement r\u00e9unis dans cette grande maison au milieu des vignes bordelaises, pour passer cette soir\u00e9e qui risque bien de se transformer en cauchemar absolu. <em>[photo ci-contre par Maryline Laurin]<\/em><\/p>\n<p>&nbsp;<\/p>\n<p>Le tournage de <em>Divin enfant<\/em> qui s\u2019est d\u00e9roul\u00e9 en France et au Luxembourg se terminera 26 janvier 2013. On ne serait pas excessivement \u00e9tonn\u00e9 que cette com\u00e9die sorte pour les f\u00eatesd e fin d\u2019ann\u00e9e 2013.<\/p>\n<p>&nbsp;<\/p>\n<p>Jamais rassasi\u00e9e, \u00c9milie s&rsquo;en ira ensuite rejoidnre le plateau de son\/notre compatriote <strong>Lucas Belvaux<\/strong>. <em>Pas son genre<\/em> marque pour le r\u00e9alisateur un retour \u00e0 des choses plus l\u00e9g\u00e8res apr\u00e8s deux films tr\u00e8s sombres, <em>Rapt<\/em> et <em>38 T\u00e9moins<\/em>.<\/p>\n<p>Coproduit en Belgique par <em>Artemis<\/em>, le film conte l\u2019histoire de Cl\u00e9ment, jeune professeur de philosophie parisien qui est affect\u00e9 \u00e0 Arras pour un an. Entre l\u2019ennui qui l\u2019oppresse et la m\u00e9t\u00e9o qui le plombe, il ne sait pas \u00e0 quoi occuper son temps libre&#8230;C\u2019est alors qu\u2019il rencontre Jennifer, une jolie coiffeuse, qui devient son amante. Jennifer, c\u2019est bien s\u00fbr Emilie Dequenne.<\/p>\n<p>Apr\u00e8s <strong>C\u00e9cile de France<\/strong> dans <em>Le Gamin au V\u00e9lo<\/em>, les actrices belges se sp\u00e9cialiseraient-elles dans l\u2019art capillaire \u00e0 l\u2019\u00e9cran?<\/p>\n<p>Toujours est-il que ces deux-l\u00e0, c\u0153urs et corps libres, pourraient vivre le plus beaux des amours. H\u00e9las, la profonde fracture culturelle et sociale a ses raisons&#8230;<\/p>\n<p>C\u2019est <strong>Lo\u00efc Corbery<\/strong> (de la Com\u00e9die fran\u00e7aise) qui incarnera Cl\u00e9ment, un com\u00e9dien qu\u2019on a plut\u00f4t vu jusqu\u2019ici sur le petit \u00e9cran que sur le grand. ..<\/p>\n<p>&nbsp;<\/p>\n<p>&nbsp;<\/p>\n","protected":false},"excerpt":{"rendered":"<p>Alors qu\u2019on attend toujours de d\u00e9couvrir en Belgique, La Travers\u00e9e qu\u2019elle a tourn\u00e9 aux c\u00f4t\u00e9s d\u2019un Michael Youn m\u00e9tamorphos\u00e9 (regardez ici la bande-annonce), Emilie Dequenne sera en 2013 \u00e0 l\u2019affiche de Mobius, le thriller d\u2019\u00c9ric Rochant qui sortira en mars et dans lequel elle fait \u00e9quipe avec C\u00e9cile de France, Jean Dujardin et Tim Roth &hellip;<\/p>\n","protected":false},"author":7,"featured_media":34435,"comment_status":"closed","ping_status":"closed","sticky":false,"template":"","format":"standard","meta":{"ngg_post_thumbnail":0,"footnotes":""},"categories":[1923,7],"tags":[],"class_list":["post-34429","post","type-post","status-publish","format-standard","has-post-thumbnail","","category-en-bref","category-actualites"],"yoast_head":"<!-- This site is optimized with the Yoast SEO plugin v20.4 - https:\/\/yoast.com\/wordpress\/plugins\/seo\/ -->\n<title>Deux histoires d\u2019amour compliqu\u00e9es pour Emilie Dequenne - We Love Cinema<\/title>\n<meta name=\"robots\" content=\"index, follow, max-snippet:-1, max-image-preview:large, max-video-preview:-1\" \/>\n<link rel=\"canonical\" href=\"https:\/\/welovecinema.be\/fr\/deux-histoires-d\u2019amour-compliquees-pour-emilie-dequenne\/\" \/>\n<meta property=\"og:locale\" content=\"fr_FR\" \/>\n<meta property=\"og:type\" content=\"article\" \/>\n<meta property=\"og:title\" content=\"Deux histoires d\u2019amour compliqu\u00e9es pour Emilie Dequenne - We Love Cinema\" \/>\n<meta property=\"og:description\" content=\"Alors qu\u2019on attend toujours de d\u00e9couvrir en Belgique, La Travers\u00e9e qu\u2019elle a tourn\u00e9 aux c\u00f4t\u00e9s d\u2019un Michael Youn m\u00e9tamorphos\u00e9 (regardez ici la bande-annonce), Emilie Dequenne sera en 2013 \u00e0 l\u2019affiche de Mobius, le thriller d\u2019\u00c9ric Rochant qui sortira en mars et dans lequel elle fait \u00e9quipe avec C\u00e9cile de France, Jean Dujardin et Tim Roth &hellip;\" \/>\n<meta property=\"og:url\" content=\"https:\/\/welovecinema.be\/fr\/deux-histoires-d\u2019amour-compliquees-pour-emilie-dequenne\/\" \/>\n<meta property=\"og:site_name\" content=\"We Love Cinema\" \/>\n<meta property=\"article:publisher\" content=\"https:\/\/www.facebook.com\/welovecinema.be\" \/>\n<meta property=\"article:published_time\" content=\"2012-12-25T06:56:34+00:00\" \/>\n<meta property=\"article:modified_time\" content=\"2013-02-20T09:35:37+00:00\" \/>\n<meta property=\"og:image\" content=\"https:\/\/welovecinema.be\/wp-content\/uploads\/sites\/2\/2012\/12\/554792_380375598666021_150760608294189_951813_739382018_n.jpg\" \/>\n\t<meta property=\"og:image:width\" content=\"960\" \/>\n\t<meta property=\"og:image:height\" content=\"648\" \/>\n\t<meta property=\"og:image:type\" content=\"image\/jpeg\" \/>\n<meta name=\"author\" content=\"Philippe.Pierquin\" \/>\n<meta name=\"twitter:card\" content=\"summary_large_image\" \/>\n<meta name=\"twitter:label1\" content=\"\u00c9crit par\" \/>\n\t<meta name=\"twitter:data1\" content=\"Philippe.Pierquin\" \/>\n\t<meta name=\"twitter:label2\" content=\"Dur\u00e9e de lecture estim\u00e9e\" \/>\n\t<meta name=\"twitter:data2\" content=\"3 minutes\" \/>\n<script type=\"application\/ld+json\" class=\"yoast-schema-graph\">{\"@context\":\"https:\/\/schema.org\",\"@graph\":[{\"@type\":\"Article\",\"@id\":\"https:\/\/welovecinema.be\/fr\/deux-histoires-d%e2%80%99amour-compliquees-pour-emilie-dequenne\/#article\",\"isPartOf\":{\"@id\":\"https:\/\/welovecinema.be\/fr\/deux-histoires-d%e2%80%99amour-compliquees-pour-emilie-dequenne\/\"},\"author\":{\"name\":\"Philippe.Pierquin\",\"@id\":\"https:\/\/welovecinema.be\/nl\/#\/schema\/person\/4b9b1d857f0943453a38a7c2859ef756\"},\"headline\":\"Deux histoires d\u2019amour compliqu\u00e9es pour Emilie Dequenne\",\"datePublished\":\"2012-12-25T06:56:34+00:00\",\"dateModified\":\"2013-02-20T09:35:37+00:00\",\"mainEntityOfPage\":{\"@id\":\"https:\/\/welovecinema.be\/fr\/deux-histoires-d%e2%80%99amour-compliquees-pour-emilie-dequenne\/\"},\"wordCount\":523,\"publisher\":{\"@id\":\"https:\/\/welovecinema.be\/nl\/#organization\"},\"articleSection\":[\"En bref\",\"News\"],\"inLanguage\":\"fr-FR\"},{\"@type\":\"WebPage\",\"@id\":\"https:\/\/welovecinema.be\/fr\/deux-histoires-d%e2%80%99amour-compliquees-pour-emilie-dequenne\/\",\"url\":\"https:\/\/welovecinema.be\/fr\/deux-histoires-d%e2%80%99amour-compliquees-pour-emilie-dequenne\/\",\"name\":\"Deux histoires d\u2019amour compliqu\u00e9es pour Emilie Dequenne - We Love Cinema\",\"isPartOf\":{\"@id\":\"https:\/\/welovecinema.be\/nl\/#website\"},\"datePublished\":\"2012-12-25T06:56:34+00:00\",\"dateModified\":\"2013-02-20T09:35:37+00:00\",\"breadcrumb\":{\"@id\":\"https:\/\/welovecinema.be\/fr\/deux-histoires-d%e2%80%99amour-compliquees-pour-emilie-dequenne\/#breadcrumb\"},\"inLanguage\":\"fr-FR\",\"potentialAction\":[{\"@type\":\"ReadAction\",\"target\":[\"https:\/\/welovecinema.be\/fr\/deux-histoires-d%e2%80%99amour-compliquees-pour-emilie-dequenne\/\"]}]},{\"@type\":\"BreadcrumbList\",\"@id\":\"https:\/\/welovecinema.be\/fr\/deux-histoires-d%e2%80%99amour-compliquees-pour-emilie-dequenne\/#breadcrumb\",\"itemListElement\":[{\"@type\":\"ListItem\",\"position\":1,\"name\":\"Accueil\",\"item\":\"https:\/\/welovecinema.be\/fr\/\"},{\"@type\":\"ListItem\",\"position\":2,\"name\":\"Deux histoires d\u2019amour compliqu\u00e9es pour Emilie Dequenne\"}]},{\"@type\":\"WebSite\",\"@id\":\"https:\/\/welovecinema.be\/nl\/#website\",\"url\":\"https:\/\/welovecinema.be\/nl\/\",\"name\":\"We Love Cinema\",\"description\":\"Toute l\u2019information du cin\u00e9ma en Belgique\",\"publisher\":{\"@id\":\"https:\/\/welovecinema.be\/nl\/#organization\"},\"potentialAction\":[{\"@type\":\"SearchAction\",\"target\":{\"@type\":\"EntryPoint\",\"urlTemplate\":\"https:\/\/welovecinema.be\/nl\/?s={search_term_string}\"},\"query-input\":\"required name=search_term_string\"}],\"inLanguage\":\"fr-FR\"},{\"@type\":\"Organization\",\"@id\":\"https:\/\/welovecinema.be\/nl\/#organization\",\"name\":\"We Love Cinema\",\"url\":\"https:\/\/welovecinema.be\/nl\/\",\"logo\":{\"@type\":\"ImageObject\",\"inLanguage\":\"fr-FR\",\"@id\":\"https:\/\/welovecinema.be\/nl\/#\/schema\/logo\/image\/\",\"url\":\"https:\/\/welovecinema.be\/wp-content\/uploads\/sites\/2\/2023\/03\/Logo-We-Love-Cinema305x128.jpg\",\"contentUrl\":\"https:\/\/welovecinema.be\/wp-content\/uploads\/sites\/2\/2023\/03\/Logo-We-Love-Cinema305x128.jpg\",\"width\":305,\"height\":128,\"caption\":\"We Love Cinema\"},\"image\":{\"@id\":\"https:\/\/welovecinema.be\/nl\/#\/schema\/logo\/image\/\"},\"sameAs\":[\"https:\/\/www.facebook.com\/welovecinema.be\",\"https:\/\/www.youtube.com\/channel\/UCX5LYGVhnKvYauW4Nta4HJA\",\"https:\/\/www.instagram.com\/welovecinema.be\/\"]},{\"@type\":\"Person\",\"@id\":\"https:\/\/welovecinema.be\/nl\/#\/schema\/person\/4b9b1d857f0943453a38a7c2859ef756\",\"name\":\"Philippe.Pierquin\",\"url\":\"https:\/\/welovecinema.be\/fr\/author\/philippe-pierquin\/\"}]}<\/script>\n<!-- \/ Yoast SEO plugin. -->","yoast_head_json":{"title":"Deux histoires d\u2019amour compliqu\u00e9es pour Emilie Dequenne - We Love Cinema","robots":{"index":"index","follow":"follow","max-snippet":"max-snippet:-1","max-image-preview":"max-image-preview:large","max-video-preview":"max-video-preview:-1"},"canonical":"https:\/\/welovecinema.be\/fr\/deux-histoires-d\u2019amour-compliquees-pour-emilie-dequenne\/","og_locale":"fr_FR","og_type":"article","og_title":"Deux histoires d\u2019amour compliqu\u00e9es pour Emilie Dequenne - We Love Cinema","og_description":"Alors qu\u2019on attend toujours de d\u00e9couvrir en Belgique, La Travers\u00e9e qu\u2019elle a tourn\u00e9 aux c\u00f4t\u00e9s d\u2019un Michael Youn m\u00e9tamorphos\u00e9 (regardez ici la bande-annonce), Emilie Dequenne sera en 2013 \u00e0 l\u2019affiche de Mobius, le thriller d\u2019\u00c9ric Rochant qui sortira en mars et dans lequel elle fait \u00e9quipe avec C\u00e9cile de France, Jean Dujardin et Tim Roth &hellip;","og_url":"https:\/\/welovecinema.be\/fr\/deux-histoires-d\u2019amour-compliquees-pour-emilie-dequenne\/","og_site_name":"We Love Cinema","article_publisher":"https:\/\/www.facebook.com\/welovecinema.be","article_published_time":"2012-12-25T06:56:34+00:00","article_modified_time":"2013-02-20T09:35:37+00:00","og_image":[{"width":"960","height":"648","url":"https:\/\/welovecinema.be\/wp-content\/uploads\/sites\/2\/2012\/12\/554792_380375598666021_150760608294189_951813_739382018_n.jpg","type":"image\/jpeg"}],"author":"Philippe.Pierquin","twitter_card":"summary_large_image","twitter_misc":{"\u00c9crit par":"Philippe.Pierquin","Dur\u00e9e de lecture estim\u00e9e":"3 minutes"},"schema":{"@context":"https:\/\/schema.org","@graph":[{"@type":"Article","@id":"https:\/\/welovecinema.be\/fr\/deux-histoires-d%e2%80%99amour-compliquees-pour-emilie-dequenne\/#article","isPartOf":{"@id":"https:\/\/welovecinema.be\/fr\/deux-histoires-d%e2%80%99amour-compliquees-pour-emilie-dequenne\/"},"author":{"name":"Philippe.Pierquin","@id":"https:\/\/welovecinema.be\/nl\/#\/schema\/person\/4b9b1d857f0943453a38a7c2859ef756"},"headline":"Deux histoires d\u2019amour compliqu\u00e9es pour Emilie Dequenne","datePublished":"2012-12-25T06:56:34+00:00","dateModified":"2013-02-20T09:35:37+00:00","mainEntityOfPage":{"@id":"https:\/\/welovecinema.be\/fr\/deux-histoires-d%e2%80%99amour-compliquees-pour-emilie-dequenne\/"},"wordCount":523,"publisher":{"@id":"https:\/\/welovecinema.be\/nl\/#organization"},"articleSection":["En bref","News"],"inLanguage":"fr-FR"},{"@type":"WebPage","@id":"https:\/\/welovecinema.be\/fr\/deux-histoires-d%e2%80%99amour-compliquees-pour-emilie-dequenne\/","url":"https:\/\/welovecinema.be\/fr\/deux-histoires-d%e2%80%99amour-compliquees-pour-emilie-dequenne\/","name":"Deux histoires d\u2019amour compliqu\u00e9es pour Emilie Dequenne - We Love Cinema","isPartOf":{"@id":"https:\/\/welovecinema.be\/nl\/#website"},"datePublished":"2012-12-25T06:56:34+00:00","dateModified":"2013-02-20T09:35:37+00:00","breadcrumb":{"@id":"https:\/\/welovecinema.be\/fr\/deux-histoires-d%e2%80%99amour-compliquees-pour-emilie-dequenne\/#breadcrumb"},"inLanguage":"fr-FR","potentialAction":[{"@type":"ReadAction","target":["https:\/\/welovecinema.be\/fr\/deux-histoires-d%e2%80%99amour-compliquees-pour-emilie-dequenne\/"]}]},{"@type":"BreadcrumbList","@id":"https:\/\/welovecinema.be\/fr\/deux-histoires-d%e2%80%99amour-compliquees-pour-emilie-dequenne\/#breadcrumb","itemListElement":[{"@type":"ListItem","position":1,"name":"Accueil","item":"https:\/\/welovecinema.be\/fr\/"},{"@type":"ListItem","position":2,"name":"Deux histoires d\u2019amour compliqu\u00e9es pour Emilie Dequenne"}]},{"@type":"WebSite","@id":"https:\/\/welovecinema.be\/nl\/#website","url":"https:\/\/welovecinema.be\/nl\/","name":"We Love Cinema","description":"Toute l\u2019information du cin\u00e9ma en Belgique","publisher":{"@id":"https:\/\/welovecinema.be\/nl\/#organization"},"potentialAction":[{"@type":"SearchAction","target":{"@type":"EntryPoint","urlTemplate":"https:\/\/welovecinema.be\/nl\/?s={search_term_string}"},"query-input":"required name=search_term_string"}],"inLanguage":"fr-FR"},{"@type":"Organization","@id":"https:\/\/welovecinema.be\/nl\/#organization","name":"We Love Cinema","url":"https:\/\/welovecinema.be\/nl\/","logo":{"@type":"ImageObject","inLanguage":"fr-FR","@id":"https:\/\/welovecinema.be\/nl\/#\/schema\/logo\/image\/","url":"https:\/\/welovecinema.be\/wp-content\/uploads\/sites\/2\/2023\/03\/Logo-We-Love-Cinema305x128.jpg","contentUrl":"https:\/\/welovecinema.be\/wp-content\/uploads\/sites\/2\/2023\/03\/Logo-We-Love-Cinema305x128.jpg","width":305,"height":128,"caption":"We Love Cinema"},"image":{"@id":"https:\/\/welovecinema.be\/nl\/#\/schema\/logo\/image\/"},"sameAs":["https:\/\/www.facebook.com\/welovecinema.be","https:\/\/www.youtube.com\/channel\/UCX5LYGVhnKvYauW4Nta4HJA","https:\/\/www.instagram.com\/welovecinema.be\/"]},{"@type":"Person","@id":"https:\/\/welovecinema.be\/nl\/#\/schema\/person\/4b9b1d857f0943453a38a7c2859ef756","name":"Philippe.Pierquin","url":"https:\/\/welovecinema.be\/fr\/author\/philippe-pierquin\/"}]}},"_links":{"self":[{"href":"https:\/\/welovecinema.be\/fr\/wp-json\/wp\/v2\/posts\/34429","targetHints":{"allow":["GET"]}}],"collection":[{"href":"https:\/\/welovecinema.be\/fr\/wp-json\/wp\/v2\/posts"}],"about":[{"href":"https:\/\/welovecinema.be\/fr\/wp-json\/wp\/v2\/types\/post"}],"author":[{"embeddable":true,"href":"https:\/\/welovecinema.be\/fr\/wp-json\/wp\/v2\/users\/7"}],"replies":[{"embeddable":true,"href":"https:\/\/welovecinema.be\/fr\/wp-json\/wp\/v2\/comments?post=34429"}],"version-history":[{"count":0,"href":"https:\/\/welovecinema.be\/fr\/wp-json\/wp\/v2\/posts\/34429\/revisions"}],"wp:featuredmedia":[{"embeddable":true,"href":"https:\/\/welovecinema.be\/fr\/wp-json\/wp\/v2\/media\/34435"}],"wp:attachment":[{"href":"https:\/\/welovecinema.be\/fr\/wp-json\/wp\/v2\/media?parent=34429"}],"wp:term":[{"taxonomy":"category","embeddable":true,"href":"https:\/\/welovecinema.be\/fr\/wp-json\/wp\/v2\/categories?post=34429"},{"taxonomy":"post_tag","embeddable":true,"href":"https:\/\/welovecinema.be\/fr\/wp-json\/wp\/v2\/tags?post=34429"}],"curies":[{"name":"wp","href":"https:\/\/api.w.org\/{rel}","templated":true}]}}