{"id":34087,"date":"2012-12-20T10:19:56","date_gmt":"2012-12-20T10:19:56","guid":{"rendered":"http:\/\/www.cinevox.be\/?p=34087"},"modified":"2012-12-26T09:26:23","modified_gmt":"2012-12-26T09:26:23","slug":"lumieres2013","status":"publish","type":"post","link":"https:\/\/welovecinema.be\/fr\/lumieres2013\/","title":{"rendered":"Que les Lumi\u00e8res soient !"},"content":{"rendered":"<p>Les Prix Lumi\u00e8res sont plus ou moins l&rsquo;\u00e9quivalent fran\u00e7ais des Golden Globes am\u00e9ricains pour le septi\u00e8me art. Organis\u00e9e dans le cadre des 15es rendez-vous du cin\u00e9ma fran\u00e7ais \u00e0 Paris, organis\u00e9s par UniFrance du 15 au 21 janvier 2013, cette c\u00e9r\u00e9monie r\u00e9compensera les talents du 7e Art fran\u00e7ais et francophone de l\u2019ann\u00e9e 2012. Les troph\u00e9es seront remis \u00e0 Paris par la presse \u00e9trang\u00e8re ce 18 janvier 2013.<!--more--><\/p>\n<p>&nbsp;<\/p>\n<p>Pour cette 17e \u00e9dition, <em>A Perdre la Raison<\/em> est en nomm\u00e9 dans la cat\u00e9gorie du meilleur film francophone. <em>De Rouille et d&rsquo;Os<\/em> truste par ailleurs les citations dans la plupart des cat\u00e9gories. Et <strong>J\u00e9r\u00e9mie R\u00e9nier<\/strong> est aussi de la partie, cela va de soi.<\/p>\n<p>&nbsp;<\/p>\n<p>Cr\u00e9\u00e9s en 1995 par le journaliste am\u00e9ricain Edward Behr et le producteur fran\u00e7ais Daniel Toscan du Plantier, ces Prix Lumi\u00e8res de la critique internationale sont attribu\u00e9s aux meilleurs films du cin\u00e9ma fran\u00e7ais (ou francophones) de l\u2019ann\u00e9e pr\u00e9c\u00e9dente. C&rsquo;est l\u2019Acad\u00e9mie Lumi\u00e8res qui les d\u00e9signe par vote. Cette institution r\u00e9unit plus de 200 des journalistes internationaux en poste \u00e0 Paris et se donne pour objectif de susciter leur int\u00e9r\u00eat pour le 7e Art fran\u00e7ais.<\/p>\n<p>&nbsp;<\/p>\n<p>Majoritairement financ\u00e9 en Belgique (par Versus), <em>A Perdre la Raison<\/em> ne pouvait pas concourir dans les cat\u00e9gories franco-fran\u00e7aises. Le drame de <strong>Joachim Lafosse<\/strong> a, par contre, une r\u00e9elle chance de remporter le troph\u00e9e dans la cat\u00e9gorie \u00ab\u00a0Meilleur film francophone\u00a0\u00bb. \u00c0 moins que <em>Laurence Anyways<\/em> du Canadien Xavier Dolan ne concentre une partie des votes anglo-saxons? \u00c0 suivre. Int\u00e9ressante opposition de style en tous cas. Dans cette cat\u00e9gorie, l&rsquo;an dernier, <em>Le Gamin au V\u00e9lo<\/em> et <em>Les G\u00e9ants <\/em>s&rsquo;\u00e9taient inclin\u00e9 devant<em> Incendies<\/em> de Denis Villeneuve.<\/p>\n<p>&nbsp;<\/p>\n<p style=\"text-align: right;\"><a rel=\"attachment wp-att-34088\" href=\"http:\/\/www.cinevox.be\/lumieres2013\/dardenne-2009\"><img loading=\"lazy\" decoding=\"async\" class=\"aligncenter size-full wp-image-34088\" title=\"dardenne 2009\" src=\"http:\/\/www.cinevox.be\/wp-content\/uploads\/sites\/2\/2012\/12\/dardenne-2009.jpg\" alt=\"\" width=\"750\" height=\"500\" srcset=\"https:\/\/welovecinema.be\/wp-content\/uploads\/sites\/2\/2012\/12\/dardenne-2009.jpg 750w, https:\/\/welovecinema.be\/wp-content\/uploads\/sites\/2\/2012\/12\/dardenne-2009-405x270.jpg 405w\" sizes=\"auto, (max-width: 750px) 100vw, 750px\" \/><\/a><em>En 2009, Le Silence de Lorna des fr\u00e8res Dardenne avait remport\u00e9 le prix dans la cat\u00e9gorie \u00ab\u00a0Meilleur\u00a0film francophone\u00a0\u00bb<\/em><\/p>\n<p>&nbsp;<\/p>\n<p>&nbsp;<\/p>\n<p><em>De Rouille et d&rsquo;Os<\/em> qui est une coproduction majoritaire en France (et donc minoritaire en Belgique par la gr\u00e2ce des Fr\u00e8res Dardenne et de Delphine Tomson des <em>films du fleuve<\/em>) va se frotter une nouvelle fois \u00e0 son grand adversaire cannois, <em>Amour <\/em>de Michael Haneke.<\/p>\n<p>&nbsp;<\/p>\n<p style=\"text-align: right;\"><a rel=\"attachment wp-att-34089\" href=\"http:\/\/www.cinevox.be\/lumieres2013\/yolande-en-2009\"><img loading=\"lazy\" decoding=\"async\" class=\"aligncenter size-full wp-image-34089\" title=\"yolande en 2009\" src=\"http:\/\/www.cinevox.be\/wp-content\/uploads\/sites\/2\/2012\/12\/yolande-en-2009.jpg\" alt=\"\" width=\"750\" height=\"500\" srcset=\"https:\/\/welovecinema.be\/wp-content\/uploads\/sites\/2\/2012\/12\/yolande-en-2009.jpg 750w, https:\/\/welovecinema.be\/wp-content\/uploads\/sites\/2\/2012\/12\/yolande-en-2009-405x270.jpg 405w\" sizes=\"auto, (max-width: 750px) 100vw, 750px\" \/><\/a><em>Toujours\u00a0en 2009, Yolande Moreau \u00e9tait sacr\u00e9e \u00ab\u00a0Meuilleure Actrice\u00a0\u00bb pour S\u00e9raphine<\/em><\/p>\n<p>&nbsp;<\/p>\n<p>Le m\u00e9lo de Jacques Audiard est nomm\u00e9 dans la cat\u00e9gorie \u00ab\u00a0meilleur film\u00a0\u00bb, \u00ab\u00a0meilleur r\u00e9alisateur\u00a0\u00bb, meilleure actrice\u00a0\u00bb\u00a0 (Marion Cotillard), \u00ab\u00a0meilleur sc\u00e9nario\u00a0\u00bb\u2026 et \u00ab\u00a0meilleur acteur\u00a0\u00bb bien s\u00fbr.<\/p>\n<p>Dans cette section, Matthias Schoenaerts a deux concurrents s\u00e9rieux. Jean-Louis Trintignant et\u2026 J\u00e9r\u00e9mie R\u00e9nier pour son \u00e9bouriffante personnification de Claude Fran\u00e7ois.<\/p>\n<p>&nbsp;<\/p>\n<p>Deux acteurs belges sur cinq noms avanc\u00e9s. Classe, non?<\/p>\n<p>&nbsp;<\/p>\n<p><a rel=\"attachment wp-att-34091\" href=\"http:\/\/www.cinevox.be\/lumieres2013\/179012_142806875778543_54891_n\"><img loading=\"lazy\" decoding=\"async\" class=\"aligncenter size-full wp-image-34091\" title=\"179012_142806875778543_54891_n\" src=\"http:\/\/www.cinevox.be\/wp-content\/uploads\/sites\/2\/2012\/12\/179012_142806875778543_54891_n.jpg\" alt=\"\" width=\"640\" height=\"353\" srcset=\"https:\/\/welovecinema.be\/wp-content\/uploads\/sites\/2\/2012\/12\/179012_142806875778543_54891_n.jpg 640w, https:\/\/welovecinema.be\/wp-content\/uploads\/sites\/2\/2012\/12\/179012_142806875778543_54891_n-480x264.jpg 480w\" sizes=\"auto, (max-width: 640px) 100vw, 640px\" \/><\/a><\/p>\n<p style=\"text-align: right;\"><em>En 2010, Pauline \u00c9tienne est \u00e9lue \u00ab\u00a0meilleur espoir\u00a0\u00bb pour le r\u00f4le de Laure\u00a0pour\u00a0le superbe \u00ab\u00a0Qu&rsquo;un seul tienne et les autres suivront\u00a0\u00bb (\u00e0 rattraper si ce n&rsquo;est d\u00e9j\u00e0 fait)<\/em><\/p>\n<p style=\"text-align: right;\">&nbsp;<\/p>\n<p>&nbsp;<\/p>\n<p>&nbsp;<\/p>\n<p>Voici la liste de tous les nomin\u00e9s pour cette \u00e9dition 2013<\/p>\n<p>&nbsp;<\/p>\n<p><strong>Meilleur film<\/strong><\/p>\n<p>Amour de Michael Haneke<\/p>\n<p>De rouille et d\u2019os de Jacques Audiard<\/p>\n<p>Camille redouble de No\u00e9mie Lvovsky<\/p>\n<p>Holy Motors de Leos Carax<\/p>\n<p>Les adieux \u00e0 la reine de Beno\u00eet Jacquot<\/p>\n<p>&nbsp;<\/p>\n<p><strong>Meilleur r\u00e9alisateur<\/strong><\/p>\n<p>Jacques Audiard pour De rouille et d\u2019os<\/p>\n<p>Leos Carax pour Holy Motors<\/p>\n<p>Michael Haneke pour Amour<\/p>\n<p>No\u00e9mie Lvovsky pour Camille redouble<\/p>\n<p>Cyril Mennegun pour Louise Wimmer<\/p>\n<p>&nbsp;<\/p>\n<p><strong>Meilleur sc\u00e9nario<\/strong><\/p>\n<p>Jacques Audiard et Thoma Bidegain pour De rouille et d\u2019os<\/p>\n<p>Leos Carax pour Holy Motors<\/p>\n<p>Beno\u00eet Jacquot et Gilles Taurand pour Les adieux \u00e0 la Reine<\/p>\n<p>No\u00e9mie Lvovsky, Maud Ameline, Pierre-Olivier Mattei et Florence Seyvios pour Camille redouble<\/p>\n<p>Val\u00e9rie Zenatti et Thierry Binisti pour Une bouteille \u00e0 la mer<\/p>\n<p>&nbsp;<\/p>\n<p><strong>Meilleure actrice<\/strong><\/p>\n<p>Marion Cotillard pour De rouille et d\u2019os de Jacques Audiard<\/p>\n<p>Catherine Frot pour Les saveurs du palais de Christian Vincent<\/p>\n<p>No\u00e9mie Lvovsky pour Camille redouble de No\u00e9mie Lvovsky<\/p>\n<p>Corinne Masiero pour Louise Wimmer de Cyril Mennegun<\/p>\n<p>Emmanuelle Riva pour Amour de Michael Haneke<\/p>\n<p>&nbsp;<\/p>\n<p><strong>Meilleur acteur<\/strong><\/p>\n<p>Guillaume Canet pour Une vie meilleure de C\u00e9dric Kahn<\/p>\n<p>Denis Lavant pour Holy Motors de Leos Carax<\/p>\n<p>J\u00e9r\u00e9mie Renier pour Cloclo de Florent Emilio Siri<\/p>\n<p>Mathias Schoenaerts pour De rouille et d\u2019os de Jacques Audiard<\/p>\n<p>Jean-Louis Trintignant pour Amour de Michael Haneke<\/p>\n<p>&nbsp;<\/p>\n<p><strong>Meilleur espoir f\u00e9minin<\/strong><\/p>\n<p>Agathe Bonitzer pour Une bouteille \u00e0 la mer de Thierry Binisti<\/p>\n<p>Judith Chemla, Julia Faure et India Hair pour Camille redouble de No\u00e9mie Lvovsky<\/p>\n<p>Izia Higelin pour Mauvaise fille de Patrick Mille<\/p>\n<p>Sofiia Manousha pour Le noir (te) vous va si bien de Jacques Bral<\/p>\n<p>Soko pour Augustine d\u2019Alice Winocour<\/p>\n<p>&nbsp;<\/p>\n<p><strong>Meilleur espoir masculin<\/strong><\/p>\n<p>Cl\u00e9ment M\u00e9tayer pour Apr\u00e8s mai d\u2019Olivier Assayas<\/p>\n<p>St\u00e9phane Soo Mongo pour Rengaine de Rachid Dja\u00efdani<\/p>\n<p>Pierre Niney dans Comme des fr\u00e8res d\u2019Hugo G\u00e9lin<\/p>\n<p>Mahmoud Shalaby pour Une bouteille \u00e0 la mer de Thierry Binisti<\/p>\n<p>Ernst Umhauer pour Dans la maison de Fran\u00e7ois Ozon<\/p>\n<p>&nbsp;<\/p>\n<p><strong>Meilleur film francophone (Hors de France)<\/strong><\/p>\n<p>\u00c0 Perdre la raison de Joachim Lafosse<\/p>\n<p>Laurence Anyways de Xavier Dolan<\/p>\n<p>La pirogue de Moussa Tour\u00e9<\/p>\n<p>L\u2019enfant d\u2019en haut de Ursula Meier<\/p>\n<p>Monsieur Lazhar de Philippe Falardeau<\/p>\n<p>&nbsp;<\/p>\n","protected":false},"excerpt":{"rendered":"<p>Les Prix Lumi\u00e8res sont plus ou moins l&rsquo;\u00e9quivalent fran\u00e7ais des Golden Globes am\u00e9ricains pour le septi\u00e8me art. Organis\u00e9e dans le cadre des 15es rendez-vous du cin\u00e9ma fran\u00e7ais \u00e0 Paris, organis\u00e9s par UniFrance du 15 au 21 janvier 2013, cette c\u00e9r\u00e9monie r\u00e9compensera les talents du 7e Art fran\u00e7ais et francophone de l\u2019ann\u00e9e 2012. Les troph\u00e9es seront &hellip;<\/p>\n","protected":false},"author":7,"featured_media":34101,"comment_status":"closed","ping_status":"closed","sticky":false,"template":"","format":"standard","meta":{"ngg_post_thumbnail":0,"footnotes":""},"categories":[12,7],"tags":[],"class_list":["post-34087","post","type-post","status-publish","format-standard","has-post-thumbnail","","category-awards","category-actualites"],"yoast_head":"<!-- This site is optimized with the Yoast SEO plugin v20.4 - https:\/\/yoast.com\/wordpress\/plugins\/seo\/ -->\n<title>Que les Lumi\u00e8res soient ! - We Love Cinema<\/title>\n<meta name=\"robots\" content=\"index, follow, max-snippet:-1, max-image-preview:large, max-video-preview:-1\" \/>\n<link rel=\"canonical\" href=\"https:\/\/welovecinema.be\/fr\/lumieres2013\/\" \/>\n<meta property=\"og:locale\" content=\"fr_FR\" \/>\n<meta property=\"og:type\" content=\"article\" \/>\n<meta property=\"og:title\" content=\"Que les Lumi\u00e8res soient ! - We Love Cinema\" \/>\n<meta property=\"og:description\" content=\"Les Prix Lumi\u00e8res sont plus ou moins l&rsquo;\u00e9quivalent fran\u00e7ais des Golden Globes am\u00e9ricains pour le septi\u00e8me art. Organis\u00e9e dans le cadre des 15es rendez-vous du cin\u00e9ma fran\u00e7ais \u00e0 Paris, organis\u00e9s par UniFrance du 15 au 21 janvier 2013, cette c\u00e9r\u00e9monie r\u00e9compensera les talents du 7e Art fran\u00e7ais et francophone de l\u2019ann\u00e9e 2012. Les troph\u00e9es seront &hellip;\" \/>\n<meta property=\"og:url\" content=\"https:\/\/welovecinema.be\/fr\/lumieres2013\/\" \/>\n<meta property=\"og:site_name\" content=\"We Love Cinema\" \/>\n<meta property=\"article:publisher\" content=\"https:\/\/www.facebook.com\/welovecinema.be\" \/>\n<meta property=\"article:published_time\" content=\"2012-12-20T10:19:56+00:00\" \/>\n<meta property=\"article:modified_time\" content=\"2012-12-26T09:26:23+00:00\" \/>\n<meta property=\"og:image\" content=\"https:\/\/welovecinema.be\/wp-content\/uploads\/sites\/2\/2012\/12\/lum.jpg\" \/>\n\t<meta property=\"og:image:width\" content=\"3104\" \/>\n\t<meta property=\"og:image:height\" content=\"1512\" \/>\n\t<meta property=\"og:image:type\" content=\"image\/jpeg\" \/>\n<meta name=\"author\" content=\"Philippe.Pierquin\" \/>\n<meta name=\"twitter:card\" content=\"summary_large_image\" \/>\n<meta name=\"twitter:label1\" content=\"\u00c9crit par\" \/>\n\t<meta name=\"twitter:data1\" content=\"Philippe.Pierquin\" \/>\n\t<meta name=\"twitter:label2\" content=\"Dur\u00e9e de lecture estim\u00e9e\" \/>\n\t<meta name=\"twitter:data2\" content=\"4 minutes\" \/>\n<script type=\"application\/ld+json\" class=\"yoast-schema-graph\">{\"@context\":\"https:\/\/schema.org\",\"@graph\":[{\"@type\":\"Article\",\"@id\":\"https:\/\/welovecinema.be\/fr\/lumieres2013\/#article\",\"isPartOf\":{\"@id\":\"https:\/\/welovecinema.be\/fr\/lumieres2013\/\"},\"author\":{\"name\":\"Philippe.Pierquin\",\"@id\":\"https:\/\/welovecinema.be\/nl\/#\/schema\/person\/4b9b1d857f0943453a38a7c2859ef756\"},\"headline\":\"Que les Lumi\u00e8res soient !\",\"datePublished\":\"2012-12-20T10:19:56+00:00\",\"dateModified\":\"2012-12-26T09:26:23+00:00\",\"mainEntityOfPage\":{\"@id\":\"https:\/\/welovecinema.be\/fr\/lumieres2013\/\"},\"wordCount\":880,\"publisher\":{\"@id\":\"https:\/\/welovecinema.be\/nl\/#organization\"},\"articleSection\":[\"Evenements\",\"News\"],\"inLanguage\":\"fr-FR\"},{\"@type\":\"WebPage\",\"@id\":\"https:\/\/welovecinema.be\/fr\/lumieres2013\/\",\"url\":\"https:\/\/welovecinema.be\/fr\/lumieres2013\/\",\"name\":\"Que les Lumi\u00e8res soient ! - We Love Cinema\",\"isPartOf\":{\"@id\":\"https:\/\/welovecinema.be\/nl\/#website\"},\"datePublished\":\"2012-12-20T10:19:56+00:00\",\"dateModified\":\"2012-12-26T09:26:23+00:00\",\"breadcrumb\":{\"@id\":\"https:\/\/welovecinema.be\/fr\/lumieres2013\/#breadcrumb\"},\"inLanguage\":\"fr-FR\",\"potentialAction\":[{\"@type\":\"ReadAction\",\"target\":[\"https:\/\/welovecinema.be\/fr\/lumieres2013\/\"]}]},{\"@type\":\"BreadcrumbList\",\"@id\":\"https:\/\/welovecinema.be\/fr\/lumieres2013\/#breadcrumb\",\"itemListElement\":[{\"@type\":\"ListItem\",\"position\":1,\"name\":\"Accueil\",\"item\":\"https:\/\/welovecinema.be\/fr\/\"},{\"@type\":\"ListItem\",\"position\":2,\"name\":\"Que les Lumi\u00e8res soient !\"}]},{\"@type\":\"WebSite\",\"@id\":\"https:\/\/welovecinema.be\/nl\/#website\",\"url\":\"https:\/\/welovecinema.be\/nl\/\",\"name\":\"We Love Cinema\",\"description\":\"Toute l\u2019information du cin\u00e9ma en Belgique\",\"publisher\":{\"@id\":\"https:\/\/welovecinema.be\/nl\/#organization\"},\"potentialAction\":[{\"@type\":\"SearchAction\",\"target\":{\"@type\":\"EntryPoint\",\"urlTemplate\":\"https:\/\/welovecinema.be\/nl\/?s={search_term_string}\"},\"query-input\":\"required name=search_term_string\"}],\"inLanguage\":\"fr-FR\"},{\"@type\":\"Organization\",\"@id\":\"https:\/\/welovecinema.be\/nl\/#organization\",\"name\":\"We Love Cinema\",\"url\":\"https:\/\/welovecinema.be\/nl\/\",\"logo\":{\"@type\":\"ImageObject\",\"inLanguage\":\"fr-FR\",\"@id\":\"https:\/\/welovecinema.be\/nl\/#\/schema\/logo\/image\/\",\"url\":\"https:\/\/welovecinema.be\/wp-content\/uploads\/sites\/2\/2023\/03\/Logo-We-Love-Cinema305x128.jpg\",\"contentUrl\":\"https:\/\/welovecinema.be\/wp-content\/uploads\/sites\/2\/2023\/03\/Logo-We-Love-Cinema305x128.jpg\",\"width\":305,\"height\":128,\"caption\":\"We Love Cinema\"},\"image\":{\"@id\":\"https:\/\/welovecinema.be\/nl\/#\/schema\/logo\/image\/\"},\"sameAs\":[\"https:\/\/www.facebook.com\/welovecinema.be\",\"https:\/\/www.youtube.com\/channel\/UCX5LYGVhnKvYauW4Nta4HJA\",\"https:\/\/www.instagram.com\/welovecinema.be\/\"]},{\"@type\":\"Person\",\"@id\":\"https:\/\/welovecinema.be\/nl\/#\/schema\/person\/4b9b1d857f0943453a38a7c2859ef756\",\"name\":\"Philippe.Pierquin\",\"url\":\"https:\/\/welovecinema.be\/fr\/author\/philippe-pierquin\/\"}]}<\/script>\n<!-- \/ Yoast SEO plugin. -->","yoast_head_json":{"title":"Que les Lumi\u00e8res soient ! - We Love Cinema","robots":{"index":"index","follow":"follow","max-snippet":"max-snippet:-1","max-image-preview":"max-image-preview:large","max-video-preview":"max-video-preview:-1"},"canonical":"https:\/\/welovecinema.be\/fr\/lumieres2013\/","og_locale":"fr_FR","og_type":"article","og_title":"Que les Lumi\u00e8res soient ! - We Love Cinema","og_description":"Les Prix Lumi\u00e8res sont plus ou moins l&rsquo;\u00e9quivalent fran\u00e7ais des Golden Globes am\u00e9ricains pour le septi\u00e8me art. Organis\u00e9e dans le cadre des 15es rendez-vous du cin\u00e9ma fran\u00e7ais \u00e0 Paris, organis\u00e9s par UniFrance du 15 au 21 janvier 2013, cette c\u00e9r\u00e9monie r\u00e9compensera les talents du 7e Art fran\u00e7ais et francophone de l\u2019ann\u00e9e 2012. Les troph\u00e9es seront &hellip;","og_url":"https:\/\/welovecinema.be\/fr\/lumieres2013\/","og_site_name":"We Love Cinema","article_publisher":"https:\/\/www.facebook.com\/welovecinema.be","article_published_time":"2012-12-20T10:19:56+00:00","article_modified_time":"2012-12-26T09:26:23+00:00","og_image":[{"width":"3104","height":"1512","url":"https:\/\/welovecinema.be\/wp-content\/uploads\/sites\/2\/2012\/12\/lum.jpg","type":"image\/jpeg"}],"author":"Philippe.Pierquin","twitter_card":"summary_large_image","twitter_misc":{"\u00c9crit par":"Philippe.Pierquin","Dur\u00e9e de lecture estim\u00e9e":"4 minutes"},"schema":{"@context":"https:\/\/schema.org","@graph":[{"@type":"Article","@id":"https:\/\/welovecinema.be\/fr\/lumieres2013\/#article","isPartOf":{"@id":"https:\/\/welovecinema.be\/fr\/lumieres2013\/"},"author":{"name":"Philippe.Pierquin","@id":"https:\/\/welovecinema.be\/nl\/#\/schema\/person\/4b9b1d857f0943453a38a7c2859ef756"},"headline":"Que les Lumi\u00e8res soient !","datePublished":"2012-12-20T10:19:56+00:00","dateModified":"2012-12-26T09:26:23+00:00","mainEntityOfPage":{"@id":"https:\/\/welovecinema.be\/fr\/lumieres2013\/"},"wordCount":880,"publisher":{"@id":"https:\/\/welovecinema.be\/nl\/#organization"},"articleSection":["Evenements","News"],"inLanguage":"fr-FR"},{"@type":"WebPage","@id":"https:\/\/welovecinema.be\/fr\/lumieres2013\/","url":"https:\/\/welovecinema.be\/fr\/lumieres2013\/","name":"Que les Lumi\u00e8res soient ! - We Love Cinema","isPartOf":{"@id":"https:\/\/welovecinema.be\/nl\/#website"},"datePublished":"2012-12-20T10:19:56+00:00","dateModified":"2012-12-26T09:26:23+00:00","breadcrumb":{"@id":"https:\/\/welovecinema.be\/fr\/lumieres2013\/#breadcrumb"},"inLanguage":"fr-FR","potentialAction":[{"@type":"ReadAction","target":["https:\/\/welovecinema.be\/fr\/lumieres2013\/"]}]},{"@type":"BreadcrumbList","@id":"https:\/\/welovecinema.be\/fr\/lumieres2013\/#breadcrumb","itemListElement":[{"@type":"ListItem","position":1,"name":"Accueil","item":"https:\/\/welovecinema.be\/fr\/"},{"@type":"ListItem","position":2,"name":"Que les Lumi\u00e8res soient !"}]},{"@type":"WebSite","@id":"https:\/\/welovecinema.be\/nl\/#website","url":"https:\/\/welovecinema.be\/nl\/","name":"We Love Cinema","description":"Toute l\u2019information du cin\u00e9ma en Belgique","publisher":{"@id":"https:\/\/welovecinema.be\/nl\/#organization"},"potentialAction":[{"@type":"SearchAction","target":{"@type":"EntryPoint","urlTemplate":"https:\/\/welovecinema.be\/nl\/?s={search_term_string}"},"query-input":"required name=search_term_string"}],"inLanguage":"fr-FR"},{"@type":"Organization","@id":"https:\/\/welovecinema.be\/nl\/#organization","name":"We Love Cinema","url":"https:\/\/welovecinema.be\/nl\/","logo":{"@type":"ImageObject","inLanguage":"fr-FR","@id":"https:\/\/welovecinema.be\/nl\/#\/schema\/logo\/image\/","url":"https:\/\/welovecinema.be\/wp-content\/uploads\/sites\/2\/2023\/03\/Logo-We-Love-Cinema305x128.jpg","contentUrl":"https:\/\/welovecinema.be\/wp-content\/uploads\/sites\/2\/2023\/03\/Logo-We-Love-Cinema305x128.jpg","width":305,"height":128,"caption":"We Love Cinema"},"image":{"@id":"https:\/\/welovecinema.be\/nl\/#\/schema\/logo\/image\/"},"sameAs":["https:\/\/www.facebook.com\/welovecinema.be","https:\/\/www.youtube.com\/channel\/UCX5LYGVhnKvYauW4Nta4HJA","https:\/\/www.instagram.com\/welovecinema.be\/"]},{"@type":"Person","@id":"https:\/\/welovecinema.be\/nl\/#\/schema\/person\/4b9b1d857f0943453a38a7c2859ef756","name":"Philippe.Pierquin","url":"https:\/\/welovecinema.be\/fr\/author\/philippe-pierquin\/"}]}},"_links":{"self":[{"href":"https:\/\/welovecinema.be\/fr\/wp-json\/wp\/v2\/posts\/34087","targetHints":{"allow":["GET"]}}],"collection":[{"href":"https:\/\/welovecinema.be\/fr\/wp-json\/wp\/v2\/posts"}],"about":[{"href":"https:\/\/welovecinema.be\/fr\/wp-json\/wp\/v2\/types\/post"}],"author":[{"embeddable":true,"href":"https:\/\/welovecinema.be\/fr\/wp-json\/wp\/v2\/users\/7"}],"replies":[{"embeddable":true,"href":"https:\/\/welovecinema.be\/fr\/wp-json\/wp\/v2\/comments?post=34087"}],"version-history":[{"count":0,"href":"https:\/\/welovecinema.be\/fr\/wp-json\/wp\/v2\/posts\/34087\/revisions"}],"wp:featuredmedia":[{"embeddable":true,"href":"https:\/\/welovecinema.be\/fr\/wp-json\/wp\/v2\/media\/34101"}],"wp:attachment":[{"href":"https:\/\/welovecinema.be\/fr\/wp-json\/wp\/v2\/media?parent=34087"}],"wp:term":[{"taxonomy":"category","embeddable":true,"href":"https:\/\/welovecinema.be\/fr\/wp-json\/wp\/v2\/categories?post=34087"},{"taxonomy":"post_tag","embeddable":true,"href":"https:\/\/welovecinema.be\/fr\/wp-json\/wp\/v2\/tags?post=34087"}],"curies":[{"name":"wp","href":"https:\/\/api.w.org\/{rel}","templated":true}]}}