{"id":32765,"date":"2012-12-11T05:42:43","date_gmt":"2012-12-11T05:42:43","guid":{"rendered":"http:\/\/www.cinevox.be\/?p=32765"},"modified":"2012-12-11T13:01:47","modified_gmt":"2012-12-11T13:01:47","slug":"le-programme-du-be-film-festival","status":"publish","type":"post","link":"https:\/\/welovecinema.be\/fr\/le-programme-du-be-film-festival\/","title":{"rendered":"Le Programme du Be Film Festival"},"content":{"rendered":"<table border=\"0\" cellspacing=\"0\" cellpadding=\"5\" width=\"489\">\n<tbody>\n<tr>\n<td><strong>26 DECEMBRE<\/strong>&nbsp;<\/p>\n<p><strong>19.00\u00a0&#8211; BOZAR<\/strong><\/p>\n<p><strong> <\/strong><\/p>\n<p><strong> <\/strong><strong> <\/strong><\/td>\n<td><em><em><em><em><em><em> <\/em><\/em><\/em><\/p>\n<p style=\"display: inline !important;\">&nbsp;<\/p>\n<p style=\"display: inline !important;\"><em><em><em><a href=\"http:\/\/www.befilmfestival.be\/index.php?option=com_content&amp;view=category&amp;layout=blog&amp;id=92&amp;Itemid=131&amp;lang=fr#aunomdufils\" target=\"_blank\"><em>Au nom du fils <\/em>&#8211; Vincent Lannoo<\/a><\/em><\/em><\/em><\/p>\n<p><\/em>&nbsp;<\/p>\n<p><\/em><\/em><em><em> <\/em><\/em><\/td>\n<\/tr>\n<tr>\n<td><strong><strong>27 DECEMBRE<\/strong><\/strong><strong> <\/strong><\/p>\n<p><strong> <\/strong><strong>19.00\u00a0&#8211; BOZAR<\/strong><\/td>\n<td><em><a href=\"http:\/\/www.befilmfestival.be\/index.php?option=com_content&amp;view=category&amp;layout=blog&amp;id=93&amp;Itemid=132&amp;lang=fr#totaltijd\"><br \/>\n<\/a><em> <\/em><\/em><em><em><em><em> <\/em><\/em><\/p>\n<p style=\"display: inline !important;\"><em><em><em><em><em><em><a href=\"http:\/\/www.befilmfestival.be\/index.php?option=com_content&amp;view=category&amp;layout=blog&amp;id=93&amp;Itemid=132&amp;lang=fr#totaltijd\" target=\"_blank\"><em>Tot altijd<\/em> &#8211; Nic Balthazar<\/a><\/em><\/em><\/em><\/em><\/em><\/em><\/p>\n<p><\/em><\/em>&nbsp;<\/p>\n<p>&nbsp;<\/td>\n<\/tr>\n<tr>\n<td><strong>21.00\u00a0&#8211; BOZAR<\/strong><\/td>\n<td><a href=\"http:\/\/www.befilmfestival.be\/index.php?option=com_content&amp;view=category&amp;layout=blog&amp;id=93&amp;Itemid=132&amp;lang=fr#deadmantalking\" target=\"_blank\"><em>Dead man Talking<\/em> &#8211; Patrick Ridremont<\/a><\/td>\n<\/tr>\n<tr>\n<td><strong>21.00\u00a0&#8211; BOZAR<\/strong><\/td>\n<td><a href=\"http:\/\/www.befilmfestival.be\/index.php?option=com_content&amp;view=category&amp;layout=blog&amp;id=93&amp;Itemid=132&amp;lang=fr#thebrokencirclebreakdown\" target=\"_blank\"><em>The broken circle breakdown <\/em>&#8211; Felix Van Groeiningen<\/a><\/td>\n<\/tr>\n<tr>\n<td dir=\"ltr\"><strong>21.15 &#8211; CINEMATEK<\/strong><\/td>\n<td><a href=\"http:\/\/www.befilmfestival.be\/index.php?option=com_content&amp;view=category&amp;layout=blog&amp;id=93&amp;Itemid=132&amp;lang=fr#aperdrelaraison\"><em>A perdre la raison <\/em>&#8211; Joachim Lafosse<\/a><\/td>\n<\/tr>\n<tr>\n<td><strong><strong>28 DECEMBRE<\/strong><\/strong>&nbsp;<\/p>\n<p><strong><strong> <\/strong><\/strong><strong><strong>14.00\u00a0&#8211; BOZAR<\/strong><\/strong><\/td>\n<td>&nbsp;<\/p>\n<p><a href=\"http:\/\/www.befilmfestival.be\/index.php?option=com_content&amp;view=category&amp;layout=blog&amp;id=94&amp;Itemid=133&amp;lang=fr#apasdeloup\"><em>Een weekje weg<\/em> &#8211; Olivier Ringer<\/a><\/td>\n<\/tr>\n<tr>\n<td><strong>16.00\u00a0&#8211; BOZAR<\/strong><\/td>\n<td><a href=\"http:\/\/www.befilmfestival.be\/index.php?option=com_content&amp;view=category&amp;layout=blog&amp;id=94&amp;Itemid=133&amp;lang=fr#apasdeloup\"><em>A pas de loup<\/em> &#8211; Olivier Ringer<\/a><\/td>\n<\/tr>\n<tr>\n<td><strong>19.00\u00a0&#8211; BOZAR<\/strong><\/td>\n<td><a href=\"http:\/\/www.befilmfestival.be\/index.php?option=com_content&amp;view=category&amp;layout=blog&amp;id=94&amp;Itemid=133&amp;lang=fr#twatimoun\"><em>Twa timoun <\/em>&#8211; Jonas d&rsquo;Adesky<\/a><\/td>\n<\/tr>\n<tr>\n<td><strong>21.00\u00a0&#8211; BOZAR<\/strong><\/td>\n<td>G<a href=\"http:\/\/www.befilmfestival.be\/index.php?option=com_content&amp;view=category&amp;layout=blog&amp;id=94&amp;Itemid=133&amp;lang=fr#groentenuitbalen\"><em>roenten uit balen<\/em> &#8211; Frank Van Mechelen<\/a><\/td>\n<\/tr>\n<tr>\n<td><strong><strong>29 DECEMBRE<\/strong><\/strong>&nbsp;<\/p>\n<p><strong><strong> <\/strong><\/strong><strong><strong>14.30\u00a0&#8211; BOZAR<\/strong> <\/strong><\/p>\n<p>&nbsp;<\/p>\n<p><strong> <\/strong><strong> <\/strong><\/td>\n<td><a href=\"http:\/\/www.befilmfestival.be\/index.php?option=com_content&amp;view=category&amp;layout=blog&amp;id=95&amp;Itemid=134&amp;lang=fr#magritte1\" target=\"_blank\">Courts m\u00e9trages s\u00e9lectionn\u00e9s aux Magritte<\/a><\/td>\n<\/tr>\n<tr>\n<td><strong>16.30\u00a0&#8211; BOZAR<\/strong><\/td>\n<td><a href=\"http:\/\/www.befilmfestival.be\/index.php?option=com_content&amp;view=category&amp;layout=blog&amp;id=95&amp;Itemid=134&amp;lang=fr#magritte2\">Courts m\u00e9trages s\u00e9lectionn\u00e9s aux Magritte<\/a><\/td>\n<\/tr>\n<tr>\n<td><strong>19.00\u00a0&#8211; BOZAR<\/strong><\/td>\n<td><a href=\"http:\/\/www.befilmfestival.be\/index.php?option=com_content&amp;view=category&amp;layout=blog&amp;id=95&amp;Itemid=134&amp;lang=fr#38temoins\"><em>38 t\u00e9moins &#8211;<\/em> Lucas Belvaux<\/a><\/td>\n<\/tr>\n<tr>\n<td><strong>19.15\u00a0&#8211; CINEMATEK<\/strong><\/td>\n<td><a href=\"http:\/\/www.befilmfestival.be\/index.php?option=com_content&amp;view=category&amp;layout=blog&amp;id=95&amp;Itemid=134&amp;lang=fr#couleurdepeaumiel\"><em>Couleur de peau : miel &#8211; <\/em>Laurent Boileau &amp; Yung<\/a><\/td>\n<\/tr>\n<tr>\n<td><strong><strong>21.00\u00a0&#8211; BOZAR<\/strong><\/strong><strong> <\/strong><\/td>\n<td><a href=\"http:\/\/www.befilmfestival.be\/index.php?option=com_content&amp;view=category&amp;layout=blog&amp;id=95&amp;Itemid=134&amp;lang=fr#mobilehome\"><em>Mobile Home<\/em> &#8211; Fran\u00e7ois Pirot<\/a><\/td>\n<\/tr>\n<tr>\n<td><strong>21.15\u00a0&#8211; CINEMATEK<\/strong><\/td>\n<td><a href=\"http:\/\/www.befilmfestival.be\/index.php?option=com_content&amp;view=category&amp;layout=blog&amp;id=95&amp;Itemid=134&amp;lang=fr#littleblackspiders\"><em>Little Black Spiders<\/em> de Patrice Toye<\/a><\/td>\n<\/tr>\n<tr>\n<td><strong><strong>30 DECEMBRE<\/strong><\/strong>&nbsp;<\/p>\n<p><strong><strong>19.00\u00a0&#8211; BOZAR<\/strong><\/strong><\/td>\n<td><em>&nbsp;<\/p>\n<p><em><\/p>\n<p style=\"display: inline !important;\"><em><em><em><em><em><a href=\"http:\/\/www.befilmfestival.be\/index.php?option=com_content&amp;view=category&amp;layout=blog&amp;id=96&amp;Itemid=135&amp;lang=fr#silenceradio\"><em>Silence Radio<\/em> &#8211; Val\u00e9ry Rosier<\/a><\/em><\/em><\/em><\/em><\/em><\/p>\n<p><\/em><\/p>\n<p><\/em>&nbsp;<\/p>\n<p>&nbsp;<\/td>\n<\/tr>\n<tr>\n<td><strong>19.00\u00a0&#8211; BOZAR<\/strong><\/td>\n<td><a href=\"http:\/\/www.befilmfestival.be\/index.php?option=com_content&amp;view=category&amp;layout=blog&amp;id=96&amp;Itemid=135&amp;lang=fr#weekendaanzee\"><em>Weekend aan zee<\/em> &#8211; Isle Somers<\/a><\/td>\n<\/tr>\n<tr>\n<td><strong>21.00\u00a0&#8211; BOZAR<\/strong><\/td>\n<td><a href=\"http:\/\/www.befilmfestival.be\/index.php?option=com_content&amp;view=category&amp;layout=blog&amp;id=96&amp;Itemid=135&amp;lang=fr#welcomehome\"><em>Welcome Home<\/em> &#8211; Tom Heene<\/a><\/td>\n<\/tr>\n<tr>\n<td><strong>21.00\u00a0&#8211; BOZAR<br \/>\n<\/strong><\/td>\n<td><a href=\"http:\/\/www.befilmfestival.be\/index.php?option=com_content&amp;view=category&amp;layout=blog&amp;id=96&amp;Itemid=135&amp;lang=fr#deleurvivant\"><em>De leur vivant<\/em> &#8211; G\u00e9raldine Doignon<\/a><\/td>\n<\/tr>\n<tr>\n<td><strong>21.15\u00a0&#8211; CINEMATEK<\/strong><\/td>\n<td><a href=\"http:\/\/www.befilmfestival.be\/index.php?option=com_content&amp;view=category&amp;layout=blog&amp;id=96&amp;Itemid=135&amp;lang=fr#theinvader\"><em>The invader<\/em> &#8211; Nicolas Provost<\/a><\/td>\n<\/tr>\n<\/tbody>\n<\/table>\n<p>&nbsp;<\/p>\n","protected":false},"excerpt":{"rendered":"<p>26 DECEMBRE&nbsp; 19.00\u00a0&#8211; BOZAR &nbsp; Au nom du fils &#8211; Vincent Lannoo &nbsp; 27 DECEMBRE 19.00\u00a0&#8211; BOZAR Tot altijd &#8211; Nic Balthazar &nbsp; &nbsp; 21.00\u00a0&#8211; BOZAR Dead man Talking &#8211; Patrick Ridremont 21.00\u00a0&#8211; BOZAR The broken circle breakdown &#8211; Felix Van Groeiningen 21.15 &#8211; CINEMATEK A perdre la raison &#8211; Joachim Lafosse 28 DECEMBRE&nbsp; 14.00\u00a0&#8211; &hellip;<\/p>\n","protected":false},"author":7,"featured_media":33000,"comment_status":"closed","ping_status":"closed","sticky":false,"template":"","format":"standard","meta":{"ngg_post_thumbnail":0,"footnotes":""},"categories":[53,7],"tags":[],"class_list":["post-32765","post","type-post","status-publish","format-standard","has-post-thumbnail","","category-coming-soon","category-actualites"],"yoast_head":"<!-- This site is optimized with the Yoast SEO plugin v20.4 - https:\/\/yoast.com\/wordpress\/plugins\/seo\/ -->\n<title>Le Programme du Be Film Festival - We Love Cinema<\/title>\n<meta name=\"robots\" content=\"index, follow, max-snippet:-1, max-image-preview:large, max-video-preview:-1\" \/>\n<link rel=\"canonical\" href=\"https:\/\/welovecinema.be\/fr\/le-programme-du-be-film-festival\/\" \/>\n<meta property=\"og:locale\" content=\"fr_FR\" \/>\n<meta property=\"og:type\" content=\"article\" \/>\n<meta property=\"og:title\" content=\"Le Programme du Be Film Festival - We Love Cinema\" \/>\n<meta property=\"og:description\" content=\"26 DECEMBRE&nbsp; 19.00\u00a0&#8211; BOZAR &nbsp; Au nom du fils &#8211; Vincent Lannoo &nbsp; 27 DECEMBRE 19.00\u00a0&#8211; BOZAR Tot altijd &#8211; Nic Balthazar &nbsp; &nbsp; 21.00\u00a0&#8211; BOZAR Dead man Talking &#8211; Patrick Ridremont 21.00\u00a0&#8211; BOZAR The broken circle breakdown &#8211; Felix Van Groeiningen 21.15 &#8211; CINEMATEK A perdre la raison &#8211; Joachim Lafosse 28 DECEMBRE&nbsp; 14.00\u00a0&#8211; &hellip;\" \/>\n<meta property=\"og:url\" content=\"https:\/\/welovecinema.be\/fr\/le-programme-du-be-film-festival\/\" \/>\n<meta property=\"og:site_name\" content=\"We Love Cinema\" \/>\n<meta property=\"article:publisher\" content=\"https:\/\/www.facebook.com\/welovecinema.be\" \/>\n<meta property=\"article:published_time\" content=\"2012-12-11T05:42:43+00:00\" \/>\n<meta property=\"article:modified_time\" content=\"2012-12-11T13:01:47+00:00\" \/>\n<meta property=\"og:image\" content=\"https:\/\/welovecinema.be\/wp-content\/uploads\/sites\/2\/2012\/12\/j5ynmgcbv985b6an5dwkn2rg5h3wp7.jpg\" \/>\n\t<meta property=\"og:image:width\" content=\"461\" \/>\n\t<meta property=\"og:image:height\" content=\"347\" \/>\n\t<meta property=\"og:image:type\" content=\"image\/jpeg\" \/>\n<meta name=\"author\" content=\"Philippe.Pierquin\" \/>\n<meta name=\"twitter:card\" content=\"summary_large_image\" \/>\n<meta name=\"twitter:label1\" content=\"\u00c9crit par\" \/>\n\t<meta name=\"twitter:data1\" content=\"Philippe.Pierquin\" \/>\n\t<meta name=\"twitter:label2\" content=\"Dur\u00e9e de lecture estim\u00e9e\" \/>\n\t<meta name=\"twitter:data2\" content=\"1 minute\" \/>\n<script type=\"application\/ld+json\" class=\"yoast-schema-graph\">{\"@context\":\"https:\/\/schema.org\",\"@graph\":[{\"@type\":\"Article\",\"@id\":\"https:\/\/welovecinema.be\/fr\/le-programme-du-be-film-festival\/#article\",\"isPartOf\":{\"@id\":\"https:\/\/welovecinema.be\/fr\/le-programme-du-be-film-festival\/\"},\"author\":{\"name\":\"Philippe.Pierquin\",\"@id\":\"https:\/\/welovecinema.be\/nl\/#\/schema\/person\/4b9b1d857f0943453a38a7c2859ef756\"},\"headline\":\"Le Programme du Be Film Festival\",\"datePublished\":\"2012-12-11T05:42:43+00:00\",\"dateModified\":\"2012-12-11T13:01:47+00:00\",\"mainEntityOfPage\":{\"@id\":\"https:\/\/welovecinema.be\/fr\/le-programme-du-be-film-festival\/\"},\"wordCount\":196,\"publisher\":{\"@id\":\"https:\/\/welovecinema.be\/nl\/#organization\"},\"articleSection\":[\"Coming soon\",\"News\"],\"inLanguage\":\"fr-FR\"},{\"@type\":\"WebPage\",\"@id\":\"https:\/\/welovecinema.be\/fr\/le-programme-du-be-film-festival\/\",\"url\":\"https:\/\/welovecinema.be\/fr\/le-programme-du-be-film-festival\/\",\"name\":\"Le Programme du Be Film Festival - We Love Cinema\",\"isPartOf\":{\"@id\":\"https:\/\/welovecinema.be\/nl\/#website\"},\"datePublished\":\"2012-12-11T05:42:43+00:00\",\"dateModified\":\"2012-12-11T13:01:47+00:00\",\"breadcrumb\":{\"@id\":\"https:\/\/welovecinema.be\/fr\/le-programme-du-be-film-festival\/#breadcrumb\"},\"inLanguage\":\"fr-FR\",\"potentialAction\":[{\"@type\":\"ReadAction\",\"target\":[\"https:\/\/welovecinema.be\/fr\/le-programme-du-be-film-festival\/\"]}]},{\"@type\":\"BreadcrumbList\",\"@id\":\"https:\/\/welovecinema.be\/fr\/le-programme-du-be-film-festival\/#breadcrumb\",\"itemListElement\":[{\"@type\":\"ListItem\",\"position\":1,\"name\":\"Accueil\",\"item\":\"https:\/\/welovecinema.be\/fr\/\"},{\"@type\":\"ListItem\",\"position\":2,\"name\":\"Le Programme du Be Film Festival\"}]},{\"@type\":\"WebSite\",\"@id\":\"https:\/\/welovecinema.be\/nl\/#website\",\"url\":\"https:\/\/welovecinema.be\/nl\/\",\"name\":\"We Love Cinema\",\"description\":\"Toute l\u2019information du cin\u00e9ma en Belgique\",\"publisher\":{\"@id\":\"https:\/\/welovecinema.be\/nl\/#organization\"},\"potentialAction\":[{\"@type\":\"SearchAction\",\"target\":{\"@type\":\"EntryPoint\",\"urlTemplate\":\"https:\/\/welovecinema.be\/nl\/?s={search_term_string}\"},\"query-input\":\"required name=search_term_string\"}],\"inLanguage\":\"fr-FR\"},{\"@type\":\"Organization\",\"@id\":\"https:\/\/welovecinema.be\/nl\/#organization\",\"name\":\"We Love Cinema\",\"url\":\"https:\/\/welovecinema.be\/nl\/\",\"logo\":{\"@type\":\"ImageObject\",\"inLanguage\":\"fr-FR\",\"@id\":\"https:\/\/welovecinema.be\/nl\/#\/schema\/logo\/image\/\",\"url\":\"https:\/\/welovecinema.be\/wp-content\/uploads\/sites\/2\/2023\/03\/Logo-We-Love-Cinema305x128.jpg\",\"contentUrl\":\"https:\/\/welovecinema.be\/wp-content\/uploads\/sites\/2\/2023\/03\/Logo-We-Love-Cinema305x128.jpg\",\"width\":305,\"height\":128,\"caption\":\"We Love Cinema\"},\"image\":{\"@id\":\"https:\/\/welovecinema.be\/nl\/#\/schema\/logo\/image\/\"},\"sameAs\":[\"https:\/\/www.facebook.com\/welovecinema.be\",\"https:\/\/www.youtube.com\/channel\/UCX5LYGVhnKvYauW4Nta4HJA\",\"https:\/\/www.instagram.com\/welovecinema.be\/\"]},{\"@type\":\"Person\",\"@id\":\"https:\/\/welovecinema.be\/nl\/#\/schema\/person\/4b9b1d857f0943453a38a7c2859ef756\",\"name\":\"Philippe.Pierquin\",\"url\":\"https:\/\/welovecinema.be\/fr\/author\/philippe-pierquin\/\"}]}<\/script>\n<!-- \/ Yoast SEO plugin. -->","yoast_head_json":{"title":"Le Programme du Be Film Festival - We Love Cinema","robots":{"index":"index","follow":"follow","max-snippet":"max-snippet:-1","max-image-preview":"max-image-preview:large","max-video-preview":"max-video-preview:-1"},"canonical":"https:\/\/welovecinema.be\/fr\/le-programme-du-be-film-festival\/","og_locale":"fr_FR","og_type":"article","og_title":"Le Programme du Be Film Festival - We Love Cinema","og_description":"26 DECEMBRE&nbsp; 19.00\u00a0&#8211; BOZAR &nbsp; Au nom du fils &#8211; Vincent Lannoo &nbsp; 27 DECEMBRE 19.00\u00a0&#8211; BOZAR Tot altijd &#8211; Nic Balthazar &nbsp; &nbsp; 21.00\u00a0&#8211; BOZAR Dead man Talking &#8211; Patrick Ridremont 21.00\u00a0&#8211; BOZAR The broken circle breakdown &#8211; Felix Van Groeiningen 21.15 &#8211; CINEMATEK A perdre la raison &#8211; Joachim Lafosse 28 DECEMBRE&nbsp; 14.00\u00a0&#8211; &hellip;","og_url":"https:\/\/welovecinema.be\/fr\/le-programme-du-be-film-festival\/","og_site_name":"We Love Cinema","article_publisher":"https:\/\/www.facebook.com\/welovecinema.be","article_published_time":"2012-12-11T05:42:43+00:00","article_modified_time":"2012-12-11T13:01:47+00:00","og_image":[{"width":"461","height":"347","url":"https:\/\/welovecinema.be\/wp-content\/uploads\/sites\/2\/2012\/12\/j5ynmgcbv985b6an5dwkn2rg5h3wp7.jpg","type":"image\/jpeg"}],"author":"Philippe.Pierquin","twitter_card":"summary_large_image","twitter_misc":{"\u00c9crit par":"Philippe.Pierquin","Dur\u00e9e de lecture estim\u00e9e":"1 minute"},"schema":{"@context":"https:\/\/schema.org","@graph":[{"@type":"Article","@id":"https:\/\/welovecinema.be\/fr\/le-programme-du-be-film-festival\/#article","isPartOf":{"@id":"https:\/\/welovecinema.be\/fr\/le-programme-du-be-film-festival\/"},"author":{"name":"Philippe.Pierquin","@id":"https:\/\/welovecinema.be\/nl\/#\/schema\/person\/4b9b1d857f0943453a38a7c2859ef756"},"headline":"Le Programme du Be Film Festival","datePublished":"2012-12-11T05:42:43+00:00","dateModified":"2012-12-11T13:01:47+00:00","mainEntityOfPage":{"@id":"https:\/\/welovecinema.be\/fr\/le-programme-du-be-film-festival\/"},"wordCount":196,"publisher":{"@id":"https:\/\/welovecinema.be\/nl\/#organization"},"articleSection":["Coming soon","News"],"inLanguage":"fr-FR"},{"@type":"WebPage","@id":"https:\/\/welovecinema.be\/fr\/le-programme-du-be-film-festival\/","url":"https:\/\/welovecinema.be\/fr\/le-programme-du-be-film-festival\/","name":"Le Programme du Be Film Festival - We Love Cinema","isPartOf":{"@id":"https:\/\/welovecinema.be\/nl\/#website"},"datePublished":"2012-12-11T05:42:43+00:00","dateModified":"2012-12-11T13:01:47+00:00","breadcrumb":{"@id":"https:\/\/welovecinema.be\/fr\/le-programme-du-be-film-festival\/#breadcrumb"},"inLanguage":"fr-FR","potentialAction":[{"@type":"ReadAction","target":["https:\/\/welovecinema.be\/fr\/le-programme-du-be-film-festival\/"]}]},{"@type":"BreadcrumbList","@id":"https:\/\/welovecinema.be\/fr\/le-programme-du-be-film-festival\/#breadcrumb","itemListElement":[{"@type":"ListItem","position":1,"name":"Accueil","item":"https:\/\/welovecinema.be\/fr\/"},{"@type":"ListItem","position":2,"name":"Le Programme du Be Film Festival"}]},{"@type":"WebSite","@id":"https:\/\/welovecinema.be\/nl\/#website","url":"https:\/\/welovecinema.be\/nl\/","name":"We Love Cinema","description":"Toute l\u2019information du cin\u00e9ma en Belgique","publisher":{"@id":"https:\/\/welovecinema.be\/nl\/#organization"},"potentialAction":[{"@type":"SearchAction","target":{"@type":"EntryPoint","urlTemplate":"https:\/\/welovecinema.be\/nl\/?s={search_term_string}"},"query-input":"required name=search_term_string"}],"inLanguage":"fr-FR"},{"@type":"Organization","@id":"https:\/\/welovecinema.be\/nl\/#organization","name":"We Love Cinema","url":"https:\/\/welovecinema.be\/nl\/","logo":{"@type":"ImageObject","inLanguage":"fr-FR","@id":"https:\/\/welovecinema.be\/nl\/#\/schema\/logo\/image\/","url":"https:\/\/welovecinema.be\/wp-content\/uploads\/sites\/2\/2023\/03\/Logo-We-Love-Cinema305x128.jpg","contentUrl":"https:\/\/welovecinema.be\/wp-content\/uploads\/sites\/2\/2023\/03\/Logo-We-Love-Cinema305x128.jpg","width":305,"height":128,"caption":"We Love Cinema"},"image":{"@id":"https:\/\/welovecinema.be\/nl\/#\/schema\/logo\/image\/"},"sameAs":["https:\/\/www.facebook.com\/welovecinema.be","https:\/\/www.youtube.com\/channel\/UCX5LYGVhnKvYauW4Nta4HJA","https:\/\/www.instagram.com\/welovecinema.be\/"]},{"@type":"Person","@id":"https:\/\/welovecinema.be\/nl\/#\/schema\/person\/4b9b1d857f0943453a38a7c2859ef756","name":"Philippe.Pierquin","url":"https:\/\/welovecinema.be\/fr\/author\/philippe-pierquin\/"}]}},"_links":{"self":[{"href":"https:\/\/welovecinema.be\/fr\/wp-json\/wp\/v2\/posts\/32765","targetHints":{"allow":["GET"]}}],"collection":[{"href":"https:\/\/welovecinema.be\/fr\/wp-json\/wp\/v2\/posts"}],"about":[{"href":"https:\/\/welovecinema.be\/fr\/wp-json\/wp\/v2\/types\/post"}],"author":[{"embeddable":true,"href":"https:\/\/welovecinema.be\/fr\/wp-json\/wp\/v2\/users\/7"}],"replies":[{"embeddable":true,"href":"https:\/\/welovecinema.be\/fr\/wp-json\/wp\/v2\/comments?post=32765"}],"version-history":[{"count":0,"href":"https:\/\/welovecinema.be\/fr\/wp-json\/wp\/v2\/posts\/32765\/revisions"}],"wp:featuredmedia":[{"embeddable":true,"href":"https:\/\/welovecinema.be\/fr\/wp-json\/wp\/v2\/media\/33000"}],"wp:attachment":[{"href":"https:\/\/welovecinema.be\/fr\/wp-json\/wp\/v2\/media?parent=32765"}],"wp:term":[{"taxonomy":"category","embeddable":true,"href":"https:\/\/welovecinema.be\/fr\/wp-json\/wp\/v2\/categories?post=32765"},{"taxonomy":"post_tag","embeddable":true,"href":"https:\/\/welovecinema.be\/fr\/wp-json\/wp\/v2\/tags?post=32765"}],"curies":[{"name":"wp","href":"https:\/\/api.w.org\/{rel}","templated":true}]}}