{"id":31893,"date":"2012-11-18T07:34:40","date_gmt":"2012-11-18T07:34:40","guid":{"rendered":"http:\/\/www.cinevox.be\/?p=31893"},"modified":"2012-11-18T07:36:14","modified_gmt":"2012-11-18T07:36:14","slug":"media-1010-2012-tous-les-laureats","status":"publish","type":"post","link":"https:\/\/welovecinema.be\/fr\/media-1010-2012-tous-les-laureats\/","title":{"rendered":"Media 10\/10 2012 : tous les laur\u00e9ats"},"content":{"rendered":"<p>Media 10\/10, c&rsquo;est termin\u00e9. Ce samedi ont \u00e9t\u00e9 d\u00e9cern\u00e9s tous les prix de la manifestation.<br \/>\n<!--more--><\/p>\n<p>&nbsp;<\/p>\n<p>&nbsp;<\/p>\n<p>&nbsp;<\/p>\n<p><a rel=\"attachment wp-att-31894\" href=\"http:\/\/www.cinevox.be\/media-1010-2012-tous-les-laureats\/le-cri-du-homard\"><img loading=\"lazy\" decoding=\"async\" class=\"aligncenter size-full wp-image-31894\" title=\"Le-cri-du-homard\" src=\"http:\/\/www.cinevox.be\/wp-content\/uploads\/sites\/2\/2012\/11\/Le-cri-du-homard.jpg\" alt=\"\" width=\"1919\" height=\"1035\" srcset=\"https:\/\/welovecinema.be\/wp-content\/uploads\/sites\/2\/2012\/11\/Le-cri-du-homard.jpg 1919w, https:\/\/welovecinema.be\/wp-content\/uploads\/sites\/2\/2012\/11\/Le-cri-du-homard-480x258.jpg 480w, https:\/\/welovecinema.be\/wp-content\/uploads\/sites\/2\/2012\/11\/Le-cri-du-homard-800x431.jpg 800w\" sizes=\"auto, (max-width: 1919px) 100vw, 1919px\" \/><\/a><\/p>\n<p>&nbsp;<\/p>\n<p><strong>&#8211; Prix du meilleur court-m\u00e9trage de fiction<\/strong><br \/>\noffert par la Wallonie:<br \/>\n<a href=\"http:\/\/media10-10.us2.list-manage2.com\/track\/click?u=48f9e30d47625d8487df13f3e&amp;id=2bca0a7e00&amp;e=973f12405d\" target=\"_blank\"><em>Le Cri du Homard<\/em><\/a>, de Nicolas Guiot (photo).<br \/>\n<strong>&#8211; Prix du meilleur court-m\u00e9trage d&rsquo;animation<\/strong><br \/>\noffert par la Ville de Namur:<br \/>\n<a href=\"http:\/\/media10-10.us2.list-manage.com\/track\/click?u=48f9e30d47625d8487df13f3e&amp;id=367deb25e7&amp;e=973f12405d\" target=\"_blank\"><em>Si j&rsquo;\u00e9tais un Homme<\/em><\/a>, de Margot Reumont.<br \/>\n<strong> <\/strong><\/p>\n<p><strong>&#8211; Prix du meilleur court-m\u00e9trage documentaire<\/strong><br \/>\noffert par la F\u00e9d\u00e9ration Wallonie-Bruxelles:<br \/>\n<a href=\"http:\/\/media10-10.us2.list-manage.com\/track\/click?u=48f9e30d47625d8487df13f3e&amp;id=31925fdc8b&amp;e=973f12405d\" target=\"_blank\"><em>A nos Terres<\/em><\/a>, de Aude Verbigui\u00e9.<br \/>\n<strong> <\/strong><\/p>\n<p><strong>&#8211; Prix des Auteurs<\/strong><br \/>\noffert conjointement par le SCAM et la SACD:<br \/>\n<a href=\"http:\/\/media10-10.us2.list-manage1.com\/track\/click?u=48f9e30d47625d8487df13f3e&amp;id=4ddf805f75&amp;e=973f12405d\" target=\"_blank\"><em>A nos Terres<\/em><\/a>, de Aude Verbigui\u00e9.<br \/>\n<strong> <\/strong><\/p>\n<p><strong>&#8211; Prix du meilleur Premier court-m\u00e9trage professionnel<\/strong><br \/>\noffert par la Promotion Artistique Belge de la SABAM:<br \/>\n<a href=\"http:\/\/media10-10.us2.list-manage.com\/track\/click?u=48f9e30d47625d8487df13f3e&amp;id=49f40c45f2&amp;e=973f12405d\" target=\"_blank\"><em>I Rafi (La Couture)<\/em><\/a>, de Sandra Fassio.<br \/>\n<strong> <\/strong><\/p>\n<p><strong>&#8211; Prix de la meilleure image<\/strong><br \/>\noffert par Eye Lite:<br \/>\nattribu\u00e9 \u00e0 Adrien Lengrand pour le film<br \/>\n<a href=\"http:\/\/media10-10.us2.list-manage.com\/track\/click?u=48f9e30d47625d8487df13f3e&amp;id=ad94cd0574&amp;e=973f12405d\" target=\"_blank\"><em>Coda<\/em><\/a>, de Ewa Brykalska<\/p>\n<p>&nbsp;<\/p>\n<p><a rel=\"attachment wp-att-31895\" href=\"http:\/\/www.cinevox.be\/media-1010-2012-tous-les-laureats\/a_new_old_story_bis\"><img loading=\"lazy\" decoding=\"async\" class=\"aligncenter size-full wp-image-31895\" title=\"a_new_old_story_bis\" src=\"http:\/\/www.cinevox.be\/wp-content\/uploads\/sites\/2\/2012\/11\/a_new_old_story_bis.jpg\" alt=\"\" width=\"714\" height=\"282\" srcset=\"https:\/\/welovecinema.be\/wp-content\/uploads\/sites\/2\/2012\/11\/a_new_old_story_bis.jpg 714w, https:\/\/welovecinema.be\/wp-content\/uploads\/sites\/2\/2012\/11\/a_new_old_story_bis-480x189.jpg 480w\" sizes=\"auto, (max-width: 714px) 100vw, 714px\" \/><\/a><br \/>\n<strong>&#8211; Prix de la meilleure image num\u00e9rique<\/strong><br \/>\noffert par Axis-One:<br \/>\nattribu\u00e9 \u00e0 Manu Dacosse pour le film<br \/>\n<a href=\"http:\/\/media10-10.us2.list-manage.com\/track\/click?u=48f9e30d47625d8487df13f3e&amp;id=641a46695c&amp;e=973f12405d\" target=\"_blank\"><em>A new old Story<\/em><\/a>, de Antoine Cuypers<br \/>\n<strong> <\/strong><\/p>\n<p><strong>&#8211; Prix O.V.N.I.<\/strong><br \/>\noffert par la Province de Namur<br \/>\n<a href=\"http:\/\/media10-10.us2.list-manage.com\/track\/click?u=48f9e30d47625d8487df13f3e&amp;id=d118c668dc&amp;e=973f12405d\" target=\"_blank\"><em>Encounters with Landscape<\/em> (3X)<\/a>, de Salom\u00e9 Lamas<br \/>\n<strong><\/strong><\/p>\n<p><strong>&#8211; Prix Format court (attribu\u00e9 \u00e0 un OVNI)<\/strong><br \/>\noffert par Format Court<br \/>\n<em><a href=\"http:\/\/media10-10.us2.list-manage2.com\/track\/click?u=48f9e30d47625d8487df13f3e&amp;id=9ef70b520c&amp;e=973f12405d\" target=\"_blank\">Antero<\/a><\/em>, de Jos\u00e9 Alberto Pinto<br \/>\n<strong><\/strong><\/p>\n<p><strong>&#8211; Prix de La Trois (attribu\u00e9 \u00e0 un film d&rsquo;\u00e9tudiant)<\/strong><br \/>\n<a href=\"http:\/\/media10-10.us2.list-manage2.com\/track\/click?u=48f9e30d47625d8487df13f3e&amp;id=7314b6ef31&amp;e=973f12405d\" target=\"_blank\"><em>L&rsquo;incertitude d&rsquo;Heisenberg<\/em><\/a>, de Richard G\u00e9rard<br \/>\n<strong><\/strong><\/p>\n<p><strong>&#8211; Prix de la presse<\/strong><br \/>\noffert par la Province de Namur<br \/>\n<a href=\"http:\/\/media10-10.us2.list-manage.com\/track\/click?u=48f9e30d47625d8487df13f3e&amp;id=ec0f51e8d7&amp;e=973f12405d\" target=\"_blank\"><em>La Terre ou le Ciel<\/em><\/a>, de Fran\u00e7oise Dupal<br \/>\n<strong><\/strong><\/p>\n<p><strong>&#8211; Les Prix des deux\u00a0 meilleurs pitches<\/strong><br \/>\noffert par uMedia \u00e0 Maxime Pistorio<br \/>\noffert par Smart \u00e0 Robin Andelfinger<\/p>\n<p>+ 2 mentions uMedia:<br \/>\n&#8211; \u00e0 Fahar West<br \/>\n&#8211; \u00e0 Renaud Flemel et Alexa Cooper<\/p>\n","protected":false},"excerpt":{"rendered":"<p>Media 10\/10, c&rsquo;est termin\u00e9. Ce samedi ont \u00e9t\u00e9 d\u00e9cern\u00e9s tous les prix de la manifestation.<\/p>\n","protected":false},"author":7,"featured_media":31897,"comment_status":"closed","ping_status":"closed","sticky":false,"template":"","format":"standard","meta":{"ngg_post_thumbnail":0,"footnotes":""},"categories":[12,7],"tags":[],"class_list":["post-31893","post","type-post","status-publish","format-standard","has-post-thumbnail","","category-awards","category-actualites"],"yoast_head":"<!-- This site is optimized with the Yoast SEO plugin v20.4 - https:\/\/yoast.com\/wordpress\/plugins\/seo\/ -->\n<title>Media 10\/10 2012 : tous les laur\u00e9ats - We Love Cinema<\/title>\n<meta name=\"robots\" content=\"index, follow, max-snippet:-1, max-image-preview:large, max-video-preview:-1\" \/>\n<link rel=\"canonical\" href=\"https:\/\/welovecinema.be\/fr\/media-1010-2012-tous-les-laureats\/\" \/>\n<meta property=\"og:locale\" content=\"fr_FR\" \/>\n<meta property=\"og:type\" content=\"article\" \/>\n<meta property=\"og:title\" content=\"Media 10\/10 2012 : tous les laur\u00e9ats - We Love Cinema\" \/>\n<meta property=\"og:description\" content=\"Media 10\/10, c&rsquo;est termin\u00e9. Ce samedi ont \u00e9t\u00e9 d\u00e9cern\u00e9s tous les prix de la manifestation.\" \/>\n<meta property=\"og:url\" content=\"https:\/\/welovecinema.be\/fr\/media-1010-2012-tous-les-laureats\/\" \/>\n<meta property=\"og:site_name\" content=\"We Love Cinema\" \/>\n<meta property=\"article:publisher\" content=\"https:\/\/www.facebook.com\/welovecinema.be\" \/>\n<meta property=\"article:published_time\" content=\"2012-11-18T07:34:40+00:00\" \/>\n<meta property=\"article:modified_time\" content=\"2012-11-18T07:36:14+00:00\" \/>\n<meta property=\"og:image\" content=\"https:\/\/welovecinema.be\/wp-content\/uploads\/sites\/2\/2012\/11\/media10.jpg\" \/>\n\t<meta property=\"og:image:width\" content=\"851\" \/>\n\t<meta property=\"og:image:height\" content=\"315\" \/>\n\t<meta property=\"og:image:type\" content=\"image\/jpeg\" \/>\n<meta name=\"author\" content=\"Philippe.Pierquin\" \/>\n<meta name=\"twitter:card\" content=\"summary_large_image\" \/>\n<meta name=\"twitter:label1\" content=\"\u00c9crit par\" \/>\n\t<meta name=\"twitter:data1\" content=\"Philippe.Pierquin\" \/>\n\t<meta name=\"twitter:label2\" content=\"Dur\u00e9e de lecture estim\u00e9e\" \/>\n\t<meta name=\"twitter:data2\" content=\"1 minute\" \/>\n<script type=\"application\/ld+json\" class=\"yoast-schema-graph\">{\"@context\":\"https:\/\/schema.org\",\"@graph\":[{\"@type\":\"Article\",\"@id\":\"https:\/\/welovecinema.be\/fr\/media-1010-2012-tous-les-laureats\/#article\",\"isPartOf\":{\"@id\":\"https:\/\/welovecinema.be\/fr\/media-1010-2012-tous-les-laureats\/\"},\"author\":{\"name\":\"Philippe.Pierquin\",\"@id\":\"https:\/\/welovecinema.be\/nl\/#\/schema\/person\/4b9b1d857f0943453a38a7c2859ef756\"},\"headline\":\"Media 10\/10 2012 : tous les laur\u00e9ats\",\"datePublished\":\"2012-11-18T07:34:40+00:00\",\"dateModified\":\"2012-11-18T07:36:14+00:00\",\"mainEntityOfPage\":{\"@id\":\"https:\/\/welovecinema.be\/fr\/media-1010-2012-tous-les-laureats\/\"},\"wordCount\":276,\"publisher\":{\"@id\":\"https:\/\/welovecinema.be\/nl\/#organization\"},\"articleSection\":[\"Evenements\",\"News\"],\"inLanguage\":\"fr-FR\"},{\"@type\":\"WebPage\",\"@id\":\"https:\/\/welovecinema.be\/fr\/media-1010-2012-tous-les-laureats\/\",\"url\":\"https:\/\/welovecinema.be\/fr\/media-1010-2012-tous-les-laureats\/\",\"name\":\"Media 10\/10 2012 : tous les laur\u00e9ats - We Love Cinema\",\"isPartOf\":{\"@id\":\"https:\/\/welovecinema.be\/nl\/#website\"},\"datePublished\":\"2012-11-18T07:34:40+00:00\",\"dateModified\":\"2012-11-18T07:36:14+00:00\",\"breadcrumb\":{\"@id\":\"https:\/\/welovecinema.be\/fr\/media-1010-2012-tous-les-laureats\/#breadcrumb\"},\"inLanguage\":\"fr-FR\",\"potentialAction\":[{\"@type\":\"ReadAction\",\"target\":[\"https:\/\/welovecinema.be\/fr\/media-1010-2012-tous-les-laureats\/\"]}]},{\"@type\":\"BreadcrumbList\",\"@id\":\"https:\/\/welovecinema.be\/fr\/media-1010-2012-tous-les-laureats\/#breadcrumb\",\"itemListElement\":[{\"@type\":\"ListItem\",\"position\":1,\"name\":\"Accueil\",\"item\":\"https:\/\/welovecinema.be\/fr\/\"},{\"@type\":\"ListItem\",\"position\":2,\"name\":\"Media 10\/10 2012 : tous les laur\u00e9ats\"}]},{\"@type\":\"WebSite\",\"@id\":\"https:\/\/welovecinema.be\/nl\/#website\",\"url\":\"https:\/\/welovecinema.be\/nl\/\",\"name\":\"We Love Cinema\",\"description\":\"Toute l\u2019information du cin\u00e9ma en Belgique\",\"publisher\":{\"@id\":\"https:\/\/welovecinema.be\/nl\/#organization\"},\"potentialAction\":[{\"@type\":\"SearchAction\",\"target\":{\"@type\":\"EntryPoint\",\"urlTemplate\":\"https:\/\/welovecinema.be\/nl\/?s={search_term_string}\"},\"query-input\":\"required name=search_term_string\"}],\"inLanguage\":\"fr-FR\"},{\"@type\":\"Organization\",\"@id\":\"https:\/\/welovecinema.be\/nl\/#organization\",\"name\":\"We Love Cinema\",\"url\":\"https:\/\/welovecinema.be\/nl\/\",\"logo\":{\"@type\":\"ImageObject\",\"inLanguage\":\"fr-FR\",\"@id\":\"https:\/\/welovecinema.be\/nl\/#\/schema\/logo\/image\/\",\"url\":\"https:\/\/welovecinema.be\/wp-content\/uploads\/sites\/2\/2023\/03\/Logo-We-Love-Cinema305x128.jpg\",\"contentUrl\":\"https:\/\/welovecinema.be\/wp-content\/uploads\/sites\/2\/2023\/03\/Logo-We-Love-Cinema305x128.jpg\",\"width\":305,\"height\":128,\"caption\":\"We Love Cinema\"},\"image\":{\"@id\":\"https:\/\/welovecinema.be\/nl\/#\/schema\/logo\/image\/\"},\"sameAs\":[\"https:\/\/www.facebook.com\/welovecinema.be\",\"https:\/\/www.youtube.com\/channel\/UCX5LYGVhnKvYauW4Nta4HJA\",\"https:\/\/www.instagram.com\/welovecinema.be\/\"]},{\"@type\":\"Person\",\"@id\":\"https:\/\/welovecinema.be\/nl\/#\/schema\/person\/4b9b1d857f0943453a38a7c2859ef756\",\"name\":\"Philippe.Pierquin\",\"url\":\"https:\/\/welovecinema.be\/fr\/author\/philippe-pierquin\/\"}]}<\/script>\n<!-- \/ Yoast SEO plugin. -->","yoast_head_json":{"title":"Media 10\/10 2012 : tous les laur\u00e9ats - We Love Cinema","robots":{"index":"index","follow":"follow","max-snippet":"max-snippet:-1","max-image-preview":"max-image-preview:large","max-video-preview":"max-video-preview:-1"},"canonical":"https:\/\/welovecinema.be\/fr\/media-1010-2012-tous-les-laureats\/","og_locale":"fr_FR","og_type":"article","og_title":"Media 10\/10 2012 : tous les laur\u00e9ats - We Love Cinema","og_description":"Media 10\/10, c&rsquo;est termin\u00e9. Ce samedi ont \u00e9t\u00e9 d\u00e9cern\u00e9s tous les prix de la manifestation.","og_url":"https:\/\/welovecinema.be\/fr\/media-1010-2012-tous-les-laureats\/","og_site_name":"We Love Cinema","article_publisher":"https:\/\/www.facebook.com\/welovecinema.be","article_published_time":"2012-11-18T07:34:40+00:00","article_modified_time":"2012-11-18T07:36:14+00:00","og_image":[{"width":"851","height":"315","url":"https:\/\/welovecinema.be\/wp-content\/uploads\/sites\/2\/2012\/11\/media10.jpg","type":"image\/jpeg"}],"author":"Philippe.Pierquin","twitter_card":"summary_large_image","twitter_misc":{"\u00c9crit par":"Philippe.Pierquin","Dur\u00e9e de lecture estim\u00e9e":"1 minute"},"schema":{"@context":"https:\/\/schema.org","@graph":[{"@type":"Article","@id":"https:\/\/welovecinema.be\/fr\/media-1010-2012-tous-les-laureats\/#article","isPartOf":{"@id":"https:\/\/welovecinema.be\/fr\/media-1010-2012-tous-les-laureats\/"},"author":{"name":"Philippe.Pierquin","@id":"https:\/\/welovecinema.be\/nl\/#\/schema\/person\/4b9b1d857f0943453a38a7c2859ef756"},"headline":"Media 10\/10 2012 : tous les laur\u00e9ats","datePublished":"2012-11-18T07:34:40+00:00","dateModified":"2012-11-18T07:36:14+00:00","mainEntityOfPage":{"@id":"https:\/\/welovecinema.be\/fr\/media-1010-2012-tous-les-laureats\/"},"wordCount":276,"publisher":{"@id":"https:\/\/welovecinema.be\/nl\/#organization"},"articleSection":["Evenements","News"],"inLanguage":"fr-FR"},{"@type":"WebPage","@id":"https:\/\/welovecinema.be\/fr\/media-1010-2012-tous-les-laureats\/","url":"https:\/\/welovecinema.be\/fr\/media-1010-2012-tous-les-laureats\/","name":"Media 10\/10 2012 : tous les laur\u00e9ats - We Love Cinema","isPartOf":{"@id":"https:\/\/welovecinema.be\/nl\/#website"},"datePublished":"2012-11-18T07:34:40+00:00","dateModified":"2012-11-18T07:36:14+00:00","breadcrumb":{"@id":"https:\/\/welovecinema.be\/fr\/media-1010-2012-tous-les-laureats\/#breadcrumb"},"inLanguage":"fr-FR","potentialAction":[{"@type":"ReadAction","target":["https:\/\/welovecinema.be\/fr\/media-1010-2012-tous-les-laureats\/"]}]},{"@type":"BreadcrumbList","@id":"https:\/\/welovecinema.be\/fr\/media-1010-2012-tous-les-laureats\/#breadcrumb","itemListElement":[{"@type":"ListItem","position":1,"name":"Accueil","item":"https:\/\/welovecinema.be\/fr\/"},{"@type":"ListItem","position":2,"name":"Media 10\/10 2012 : tous les laur\u00e9ats"}]},{"@type":"WebSite","@id":"https:\/\/welovecinema.be\/nl\/#website","url":"https:\/\/welovecinema.be\/nl\/","name":"We Love Cinema","description":"Toute l\u2019information du cin\u00e9ma en Belgique","publisher":{"@id":"https:\/\/welovecinema.be\/nl\/#organization"},"potentialAction":[{"@type":"SearchAction","target":{"@type":"EntryPoint","urlTemplate":"https:\/\/welovecinema.be\/nl\/?s={search_term_string}"},"query-input":"required name=search_term_string"}],"inLanguage":"fr-FR"},{"@type":"Organization","@id":"https:\/\/welovecinema.be\/nl\/#organization","name":"We Love Cinema","url":"https:\/\/welovecinema.be\/nl\/","logo":{"@type":"ImageObject","inLanguage":"fr-FR","@id":"https:\/\/welovecinema.be\/nl\/#\/schema\/logo\/image\/","url":"https:\/\/welovecinema.be\/wp-content\/uploads\/sites\/2\/2023\/03\/Logo-We-Love-Cinema305x128.jpg","contentUrl":"https:\/\/welovecinema.be\/wp-content\/uploads\/sites\/2\/2023\/03\/Logo-We-Love-Cinema305x128.jpg","width":305,"height":128,"caption":"We Love Cinema"},"image":{"@id":"https:\/\/welovecinema.be\/nl\/#\/schema\/logo\/image\/"},"sameAs":["https:\/\/www.facebook.com\/welovecinema.be","https:\/\/www.youtube.com\/channel\/UCX5LYGVhnKvYauW4Nta4HJA","https:\/\/www.instagram.com\/welovecinema.be\/"]},{"@type":"Person","@id":"https:\/\/welovecinema.be\/nl\/#\/schema\/person\/4b9b1d857f0943453a38a7c2859ef756","name":"Philippe.Pierquin","url":"https:\/\/welovecinema.be\/fr\/author\/philippe-pierquin\/"}]}},"_links":{"self":[{"href":"https:\/\/welovecinema.be\/fr\/wp-json\/wp\/v2\/posts\/31893","targetHints":{"allow":["GET"]}}],"collection":[{"href":"https:\/\/welovecinema.be\/fr\/wp-json\/wp\/v2\/posts"}],"about":[{"href":"https:\/\/welovecinema.be\/fr\/wp-json\/wp\/v2\/types\/post"}],"author":[{"embeddable":true,"href":"https:\/\/welovecinema.be\/fr\/wp-json\/wp\/v2\/users\/7"}],"replies":[{"embeddable":true,"href":"https:\/\/welovecinema.be\/fr\/wp-json\/wp\/v2\/comments?post=31893"}],"version-history":[{"count":0,"href":"https:\/\/welovecinema.be\/fr\/wp-json\/wp\/v2\/posts\/31893\/revisions"}],"wp:featuredmedia":[{"embeddable":true,"href":"https:\/\/welovecinema.be\/fr\/wp-json\/wp\/v2\/media\/31897"}],"wp:attachment":[{"href":"https:\/\/welovecinema.be\/fr\/wp-json\/wp\/v2\/media?parent=31893"}],"wp:term":[{"taxonomy":"category","embeddable":true,"href":"https:\/\/welovecinema.be\/fr\/wp-json\/wp\/v2\/categories?post=31893"},{"taxonomy":"post_tag","embeddable":true,"href":"https:\/\/welovecinema.be\/fr\/wp-json\/wp\/v2\/tags?post=31893"}],"curies":[{"name":"wp","href":"https:\/\/api.w.org\/{rel}","templated":true}]}}