{"id":31875,"date":"2012-11-16T12:35:24","date_gmt":"2012-11-16T12:35:24","guid":{"rendered":"http:\/\/www.cinevox.be\/?p=31875"},"modified":"2012-11-16T12:35:24","modified_gmt":"2012-11-16T12:35:24","slug":"francois-damiens-fait-des-betises-en-suisse","status":"publish","type":"post","link":"https:\/\/welovecinema.be\/fr\/francois-damiens-fait-des-betises-en-suisse\/","title":{"rendered":"Fran\u00e7ois Damiens fait des b\u00eatises en Suisse"},"content":{"rendered":"<p>Lorsque nous l&rsquo;avons rencontr\u00e9 l&rsquo;an dernier sur le tournage de <em>Tango Libre<\/em>, Fran\u00e7ois Damiens nous avait confi\u00e9 qu&rsquo;apr\u00e8s le film de Fr\u00e9d\u00e9ric Fonteyne, il comptait d\u00e9laisser quelque temps les plateaux de cin\u00e9ma pour se replonger dans ce qui l&rsquo;a rendu c\u00e9l\u00e8bre : les fameuses cam\u00e9ras cach\u00e9es o\u00f9 il osait tout; jusqu&rsquo;au bout. Au grand bonheur des spectateurs qui se repassent en boucle les DVD retra\u00e7ant ces burlesques aventures.<\/p>\n<p><!--more--><\/p>\n<p>Deux bonnes raisons \u00e0 cette parenth\u00e8se enchant\u00e9e : l&rsquo;envie de ressourcer et\u2026 une demande pressante des \u00e9diteurs fran\u00e7ais puisque les premi\u00e8res cam\u00e9ras font un v\u00e9ritable carton chez nos voisins maintenant que Fran\u00e7ois est devenu un acteur tr\u00e8s bankable.<\/p>\n<p>&nbsp;<\/p>\n<p><a rel=\"attachment wp-att-31876\" href=\"http:\/\/www.cinevox.be\/francois-damiens-fait-des-betises-en-suisse\/2012-11-15_18h29_18\"><img loading=\"lazy\" decoding=\"async\" class=\"alignright size-full wp-image-31876\" title=\"2012-11-15_18h29_18\" src=\"http:\/\/www.cinevox.be\/wp-content\/uploads\/sites\/2\/2012\/11\/2012-11-15_18h29_18.jpg\" alt=\"\" width=\"394\" height=\"549\" srcset=\"https:\/\/welovecinema.be\/wp-content\/uploads\/sites\/2\/2012\/11\/2012-11-15_18h29_18.jpg 394w, https:\/\/welovecinema.be\/wp-content\/uploads\/sites\/2\/2012\/11\/2012-11-15_18h29_18-193x270.jpg 193w\" sizes=\"auto, (max-width: 394px) 100vw, 394px\" \/><\/a>\u00c9videmment, depuis ses d\u00e9buts, la donne a chang\u00e9: Fran\u00e7ois est aujourd&rsquo;hui connu et forc\u00e9ment reconnu. Pas un avantage lorsqu&rsquo;on veut se faire passer pour un quidam un peu dingue. D&rsquo;o\u00f9 l&rsquo;id\u00e9e assez abracadabrante de prime abord d&rsquo;aller filmer ces nouvelles capsules en Suisse. L&rsquo;image de Fran\u00e7ois ne l&rsquo;aurait donc pas pr\u00e9c\u00e9d\u00e9 l\u00e0-bas?<\/p>\n<p>\u00ab\u00a0Pas forc\u00e9ment dans les petits villages\u00a0\u00bb, nous confirmait le trublion. \u00ab\u00a0Il y a beaucoup de gens qui n&rsquo;ont jamais entendu parler de moi d\u00e8s qu&rsquo;on s&rsquo;\u00e9carte des grandes villes. C&rsquo;est l\u00e0 que je compte tenter l&rsquo;exp\u00e9rience. \u00a0\u00bb<\/p>\n<p>Avec \u00e0 la clef, cette lancinante interrogation: Fran\u00e7ois Damiens qui a fait sortir de leurs gonds beaucoup de Fran\u00e7ais et de Belges peut-il venir \u00e0 bout du l\u00e9gendaire flegme helv\u00e9tique?<\/p>\n<p>&nbsp;<\/p>\n<p>Un an et demi plus tard, l&rsquo;histoire lui a donn\u00e9 raison. Tour \u00e0 tour prof de parapente, agent de voyage ou encore biblioth\u00e9caire, il d\u00e9gaine a r\u00e9ussi \u00e0 renouveler son stock de d\u00e9lires immortalis\u00e9s sur supports num\u00e9riques est pr\u00eat d\u00e9sormais \u00e0 livrer en DVD plus de 2 heures de sketches d\u00e9sopilants !<\/p>\n<p>Le tout est aujourd&rsquo;hui compil\u00e9 sur deux DVD . Sur le premier, on retrouve \u00a0Le parapente,\u00a0 l\u2019office du Tourisme de Montreux, le v\u00e9t\u00e9rinaire, l\u2019agent de voyage et le milliardaire.<\/p>\n<p>Sur le deuxi\u00e8me : la d\u00e9chetterie, le guichetier de gare, le dentiste, le biblioth\u00e9caire et le milliardaire reconnu<\/p>\n<p>&nbsp;<\/p>\n<p><a rel=\"attachment wp-att-31877\" href=\"http:\/\/www.cinevox.be\/francois-damiens-fait-des-betises-en-suisse\/5cwc1r6resnyot5y41llboiauc1\"><img loading=\"lazy\" decoding=\"async\" class=\"aligncenter size-full wp-image-31877\" title=\"5CWc1R6ReSNyOT5y41lLBoiauC1\" src=\"http:\/\/www.cinevox.be\/wp-content\/uploads\/sites\/2\/2012\/11\/5CWc1R6ReSNyOT5y41lLBoiauC1.jpg\" alt=\"\" width=\"1366\" height=\"768\" srcset=\"https:\/\/welovecinema.be\/wp-content\/uploads\/sites\/2\/2012\/11\/5CWc1R6ReSNyOT5y41lLBoiauC1.jpg 1366w, https:\/\/welovecinema.be\/wp-content\/uploads\/sites\/2\/2012\/11\/5CWc1R6ReSNyOT5y41lLBoiauC1-200x113.jpg 200w, https:\/\/welovecinema.be\/wp-content\/uploads\/sites\/2\/2012\/11\/5CWc1R6ReSNyOT5y41lLBoiauC1-480x270.jpg 480w, https:\/\/welovecinema.be\/wp-content\/uploads\/sites\/2\/2012\/11\/5CWc1R6ReSNyOT5y41lLBoiauC1-800x449.jpg 800w, https:\/\/welovecinema.be\/wp-content\/uploads\/sites\/2\/2012\/11\/5CWc1R6ReSNyOT5y41lLBoiauC1-300x169.jpg 300w, https:\/\/welovecinema.be\/wp-content\/uploads\/sites\/2\/2012\/11\/5CWc1R6ReSNyOT5y41lLBoiauC1-620x350.jpg 620w\" sizes=\"auto, (max-width: 1366px) 100vw, 1366px\" \/><\/a><\/p>\n<p>&nbsp;<\/p>\n<p>Le DVD d\u00e9barque le 27 novembre, mais vous pouvez d\u00e9j\u00e0 vous le recevoir le 23 si vous c\u00e9dez aux sir\u00e8nes de Tourne Sol Production. Forts du formidable succ\u00e8s rencontr\u00e9 avec la r\u00e9cente sortie de l&rsquo;int\u00e9grale de Faux Contacts en DVD, Michel &amp; Florence de Launoit s&rsquo;associent \u00e0 nouveau \u00e0 Akastarter pour offrir des deals divers qui vous permettront donc d&rsquo;\u00eatre les premiers \u00e0 trouver dans votre bo\u00eete aux lettres le double DVD. Mais aussi de vous procurer les plus anciennes \u00e9lucubrations du brave Fran\u00e7ois. Le lien est <a href=\"http:\/\/www.akastarter.com\/fr\/projects\/francois-damiens-les-nouvelles-cameras-planquees\" target=\"_blank\">ICI<\/a><br \/>\nOn parie que ce sera un des gros cartons commerciaux des f\u00eates de fin d&rsquo;ann\u00e9e?<\/p>\n<p>&nbsp;<\/p>\n","protected":false},"excerpt":{"rendered":"<p>Lorsque nous l&rsquo;avons rencontr\u00e9 l&rsquo;an dernier sur le tournage de Tango Libre, Fran\u00e7ois Damiens nous avait confi\u00e9 qu&rsquo;apr\u00e8s le film de Fr\u00e9d\u00e9ric Fonteyne, il comptait d\u00e9laisser quelque temps les plateaux de cin\u00e9ma pour se replonger dans ce qui l&rsquo;a rendu c\u00e9l\u00e8bre : les fameuses cam\u00e9ras cach\u00e9es o\u00f9 il osait tout; jusqu&rsquo;au bout. Au grand bonheur &hellip;<\/p>\n","protected":false},"author":7,"featured_media":31879,"comment_status":"closed","ping_status":"closed","sticky":false,"template":"","format":"standard","meta":{"ngg_post_thumbnail":0,"footnotes":""},"categories":[53,7],"tags":[],"class_list":["post-31875","post","type-post","status-publish","format-standard","has-post-thumbnail","","category-coming-soon","category-actualites"],"yoast_head":"<!-- This site is optimized with the Yoast SEO plugin v20.4 - https:\/\/yoast.com\/wordpress\/plugins\/seo\/ -->\n<title>Fran\u00e7ois Damiens fait des b\u00eatises en Suisse - We Love Cinema<\/title>\n<meta name=\"robots\" content=\"index, follow, max-snippet:-1, max-image-preview:large, max-video-preview:-1\" \/>\n<link rel=\"canonical\" href=\"https:\/\/welovecinema.be\/fr\/francois-damiens-fait-des-betises-en-suisse\/\" \/>\n<meta property=\"og:locale\" content=\"fr_FR\" \/>\n<meta property=\"og:type\" content=\"article\" \/>\n<meta property=\"og:title\" content=\"Fran\u00e7ois Damiens fait des b\u00eatises en Suisse - We Love Cinema\" \/>\n<meta property=\"og:description\" content=\"Lorsque nous l&rsquo;avons rencontr\u00e9 l&rsquo;an dernier sur le tournage de Tango Libre, Fran\u00e7ois Damiens nous avait confi\u00e9 qu&rsquo;apr\u00e8s le film de Fr\u00e9d\u00e9ric Fonteyne, il comptait d\u00e9laisser quelque temps les plateaux de cin\u00e9ma pour se replonger dans ce qui l&rsquo;a rendu c\u00e9l\u00e8bre : les fameuses cam\u00e9ras cach\u00e9es o\u00f9 il osait tout; jusqu&rsquo;au bout. Au grand bonheur &hellip;\" \/>\n<meta property=\"og:url\" content=\"https:\/\/welovecinema.be\/fr\/francois-damiens-fait-des-betises-en-suisse\/\" \/>\n<meta property=\"og:site_name\" content=\"We Love Cinema\" \/>\n<meta property=\"article:publisher\" content=\"https:\/\/www.facebook.com\/welovecinema.be\" \/>\n<meta property=\"article:published_time\" content=\"2012-11-16T12:35:24+00:00\" \/>\n<meta property=\"og:image\" content=\"https:\/\/welovecinema.be\/wp-content\/uploads\/sites\/2\/2012\/11\/kaira-damiens.jpg\" \/>\n\t<meta property=\"og:image:width\" content=\"1200\" \/>\n\t<meta property=\"og:image:height\" content=\"760\" \/>\n\t<meta property=\"og:image:type\" content=\"image\/jpeg\" \/>\n<meta name=\"author\" content=\"Philippe.Pierquin\" \/>\n<meta name=\"twitter:card\" content=\"summary_large_image\" \/>\n<meta name=\"twitter:label1\" content=\"\u00c9crit par\" \/>\n\t<meta name=\"twitter:data1\" content=\"Philippe.Pierquin\" \/>\n\t<meta name=\"twitter:label2\" content=\"Dur\u00e9e de lecture estim\u00e9e\" \/>\n\t<meta name=\"twitter:data2\" content=\"2 minutes\" \/>\n<script type=\"application\/ld+json\" class=\"yoast-schema-graph\">{\"@context\":\"https:\/\/schema.org\",\"@graph\":[{\"@type\":\"Article\",\"@id\":\"https:\/\/welovecinema.be\/fr\/francois-damiens-fait-des-betises-en-suisse\/#article\",\"isPartOf\":{\"@id\":\"https:\/\/welovecinema.be\/fr\/francois-damiens-fait-des-betises-en-suisse\/\"},\"author\":{\"name\":\"Philippe.Pierquin\",\"@id\":\"https:\/\/welovecinema.be\/nl\/#\/schema\/person\/4b9b1d857f0943453a38a7c2859ef756\"},\"headline\":\"Fran\u00e7ois Damiens fait des b\u00eatises en Suisse\",\"datePublished\":\"2012-11-16T12:35:24+00:00\",\"dateModified\":\"2012-11-16T12:35:24+00:00\",\"mainEntityOfPage\":{\"@id\":\"https:\/\/welovecinema.be\/fr\/francois-damiens-fait-des-betises-en-suisse\/\"},\"wordCount\":508,\"publisher\":{\"@id\":\"https:\/\/welovecinema.be\/nl\/#organization\"},\"articleSection\":[\"Coming soon\",\"News\"],\"inLanguage\":\"fr-FR\"},{\"@type\":\"WebPage\",\"@id\":\"https:\/\/welovecinema.be\/fr\/francois-damiens-fait-des-betises-en-suisse\/\",\"url\":\"https:\/\/welovecinema.be\/fr\/francois-damiens-fait-des-betises-en-suisse\/\",\"name\":\"Fran\u00e7ois Damiens fait des b\u00eatises en Suisse - We Love Cinema\",\"isPartOf\":{\"@id\":\"https:\/\/welovecinema.be\/nl\/#website\"},\"datePublished\":\"2012-11-16T12:35:24+00:00\",\"dateModified\":\"2012-11-16T12:35:24+00:00\",\"breadcrumb\":{\"@id\":\"https:\/\/welovecinema.be\/fr\/francois-damiens-fait-des-betises-en-suisse\/#breadcrumb\"},\"inLanguage\":\"fr-FR\",\"potentialAction\":[{\"@type\":\"ReadAction\",\"target\":[\"https:\/\/welovecinema.be\/fr\/francois-damiens-fait-des-betises-en-suisse\/\"]}]},{\"@type\":\"BreadcrumbList\",\"@id\":\"https:\/\/welovecinema.be\/fr\/francois-damiens-fait-des-betises-en-suisse\/#breadcrumb\",\"itemListElement\":[{\"@type\":\"ListItem\",\"position\":1,\"name\":\"Accueil\",\"item\":\"https:\/\/welovecinema.be\/fr\/\"},{\"@type\":\"ListItem\",\"position\":2,\"name\":\"Fran\u00e7ois Damiens fait des b\u00eatises en Suisse\"}]},{\"@type\":\"WebSite\",\"@id\":\"https:\/\/welovecinema.be\/nl\/#website\",\"url\":\"https:\/\/welovecinema.be\/nl\/\",\"name\":\"We Love Cinema\",\"description\":\"Toute l\u2019information du cin\u00e9ma en Belgique\",\"publisher\":{\"@id\":\"https:\/\/welovecinema.be\/nl\/#organization\"},\"potentialAction\":[{\"@type\":\"SearchAction\",\"target\":{\"@type\":\"EntryPoint\",\"urlTemplate\":\"https:\/\/welovecinema.be\/nl\/?s={search_term_string}\"},\"query-input\":\"required name=search_term_string\"}],\"inLanguage\":\"fr-FR\"},{\"@type\":\"Organization\",\"@id\":\"https:\/\/welovecinema.be\/nl\/#organization\",\"name\":\"We Love Cinema\",\"url\":\"https:\/\/welovecinema.be\/nl\/\",\"logo\":{\"@type\":\"ImageObject\",\"inLanguage\":\"fr-FR\",\"@id\":\"https:\/\/welovecinema.be\/nl\/#\/schema\/logo\/image\/\",\"url\":\"https:\/\/welovecinema.be\/wp-content\/uploads\/sites\/2\/2023\/03\/Logo-We-Love-Cinema305x128.jpg\",\"contentUrl\":\"https:\/\/welovecinema.be\/wp-content\/uploads\/sites\/2\/2023\/03\/Logo-We-Love-Cinema305x128.jpg\",\"width\":305,\"height\":128,\"caption\":\"We Love Cinema\"},\"image\":{\"@id\":\"https:\/\/welovecinema.be\/nl\/#\/schema\/logo\/image\/\"},\"sameAs\":[\"https:\/\/www.facebook.com\/welovecinema.be\",\"https:\/\/www.youtube.com\/channel\/UCX5LYGVhnKvYauW4Nta4HJA\",\"https:\/\/www.instagram.com\/welovecinema.be\/\"]},{\"@type\":\"Person\",\"@id\":\"https:\/\/welovecinema.be\/nl\/#\/schema\/person\/4b9b1d857f0943453a38a7c2859ef756\",\"name\":\"Philippe.Pierquin\",\"url\":\"https:\/\/welovecinema.be\/fr\/author\/philippe-pierquin\/\"}]}<\/script>\n<!-- \/ Yoast SEO plugin. -->","yoast_head_json":{"title":"Fran\u00e7ois Damiens fait des b\u00eatises en Suisse - We Love Cinema","robots":{"index":"index","follow":"follow","max-snippet":"max-snippet:-1","max-image-preview":"max-image-preview:large","max-video-preview":"max-video-preview:-1"},"canonical":"https:\/\/welovecinema.be\/fr\/francois-damiens-fait-des-betises-en-suisse\/","og_locale":"fr_FR","og_type":"article","og_title":"Fran\u00e7ois Damiens fait des b\u00eatises en Suisse - We Love Cinema","og_description":"Lorsque nous l&rsquo;avons rencontr\u00e9 l&rsquo;an dernier sur le tournage de Tango Libre, Fran\u00e7ois Damiens nous avait confi\u00e9 qu&rsquo;apr\u00e8s le film de Fr\u00e9d\u00e9ric Fonteyne, il comptait d\u00e9laisser quelque temps les plateaux de cin\u00e9ma pour se replonger dans ce qui l&rsquo;a rendu c\u00e9l\u00e8bre : les fameuses cam\u00e9ras cach\u00e9es o\u00f9 il osait tout; jusqu&rsquo;au bout. Au grand bonheur &hellip;","og_url":"https:\/\/welovecinema.be\/fr\/francois-damiens-fait-des-betises-en-suisse\/","og_site_name":"We Love Cinema","article_publisher":"https:\/\/www.facebook.com\/welovecinema.be","article_published_time":"2012-11-16T12:35:24+00:00","og_image":[{"width":"1200","height":"760","url":"https:\/\/welovecinema.be\/wp-content\/uploads\/sites\/2\/2012\/11\/kaira-damiens.jpg","type":"image\/jpeg"}],"author":"Philippe.Pierquin","twitter_card":"summary_large_image","twitter_misc":{"\u00c9crit par":"Philippe.Pierquin","Dur\u00e9e de lecture estim\u00e9e":"2 minutes"},"schema":{"@context":"https:\/\/schema.org","@graph":[{"@type":"Article","@id":"https:\/\/welovecinema.be\/fr\/francois-damiens-fait-des-betises-en-suisse\/#article","isPartOf":{"@id":"https:\/\/welovecinema.be\/fr\/francois-damiens-fait-des-betises-en-suisse\/"},"author":{"name":"Philippe.Pierquin","@id":"https:\/\/welovecinema.be\/nl\/#\/schema\/person\/4b9b1d857f0943453a38a7c2859ef756"},"headline":"Fran\u00e7ois Damiens fait des b\u00eatises en Suisse","datePublished":"2012-11-16T12:35:24+00:00","dateModified":"2012-11-16T12:35:24+00:00","mainEntityOfPage":{"@id":"https:\/\/welovecinema.be\/fr\/francois-damiens-fait-des-betises-en-suisse\/"},"wordCount":508,"publisher":{"@id":"https:\/\/welovecinema.be\/nl\/#organization"},"articleSection":["Coming soon","News"],"inLanguage":"fr-FR"},{"@type":"WebPage","@id":"https:\/\/welovecinema.be\/fr\/francois-damiens-fait-des-betises-en-suisse\/","url":"https:\/\/welovecinema.be\/fr\/francois-damiens-fait-des-betises-en-suisse\/","name":"Fran\u00e7ois Damiens fait des b\u00eatises en Suisse - We Love Cinema","isPartOf":{"@id":"https:\/\/welovecinema.be\/nl\/#website"},"datePublished":"2012-11-16T12:35:24+00:00","dateModified":"2012-11-16T12:35:24+00:00","breadcrumb":{"@id":"https:\/\/welovecinema.be\/fr\/francois-damiens-fait-des-betises-en-suisse\/#breadcrumb"},"inLanguage":"fr-FR","potentialAction":[{"@type":"ReadAction","target":["https:\/\/welovecinema.be\/fr\/francois-damiens-fait-des-betises-en-suisse\/"]}]},{"@type":"BreadcrumbList","@id":"https:\/\/welovecinema.be\/fr\/francois-damiens-fait-des-betises-en-suisse\/#breadcrumb","itemListElement":[{"@type":"ListItem","position":1,"name":"Accueil","item":"https:\/\/welovecinema.be\/fr\/"},{"@type":"ListItem","position":2,"name":"Fran\u00e7ois Damiens fait des b\u00eatises en Suisse"}]},{"@type":"WebSite","@id":"https:\/\/welovecinema.be\/nl\/#website","url":"https:\/\/welovecinema.be\/nl\/","name":"We Love Cinema","description":"Toute l\u2019information du cin\u00e9ma en Belgique","publisher":{"@id":"https:\/\/welovecinema.be\/nl\/#organization"},"potentialAction":[{"@type":"SearchAction","target":{"@type":"EntryPoint","urlTemplate":"https:\/\/welovecinema.be\/nl\/?s={search_term_string}"},"query-input":"required name=search_term_string"}],"inLanguage":"fr-FR"},{"@type":"Organization","@id":"https:\/\/welovecinema.be\/nl\/#organization","name":"We Love Cinema","url":"https:\/\/welovecinema.be\/nl\/","logo":{"@type":"ImageObject","inLanguage":"fr-FR","@id":"https:\/\/welovecinema.be\/nl\/#\/schema\/logo\/image\/","url":"https:\/\/welovecinema.be\/wp-content\/uploads\/sites\/2\/2023\/03\/Logo-We-Love-Cinema305x128.jpg","contentUrl":"https:\/\/welovecinema.be\/wp-content\/uploads\/sites\/2\/2023\/03\/Logo-We-Love-Cinema305x128.jpg","width":305,"height":128,"caption":"We Love Cinema"},"image":{"@id":"https:\/\/welovecinema.be\/nl\/#\/schema\/logo\/image\/"},"sameAs":["https:\/\/www.facebook.com\/welovecinema.be","https:\/\/www.youtube.com\/channel\/UCX5LYGVhnKvYauW4Nta4HJA","https:\/\/www.instagram.com\/welovecinema.be\/"]},{"@type":"Person","@id":"https:\/\/welovecinema.be\/nl\/#\/schema\/person\/4b9b1d857f0943453a38a7c2859ef756","name":"Philippe.Pierquin","url":"https:\/\/welovecinema.be\/fr\/author\/philippe-pierquin\/"}]}},"_links":{"self":[{"href":"https:\/\/welovecinema.be\/fr\/wp-json\/wp\/v2\/posts\/31875","targetHints":{"allow":["GET"]}}],"collection":[{"href":"https:\/\/welovecinema.be\/fr\/wp-json\/wp\/v2\/posts"}],"about":[{"href":"https:\/\/welovecinema.be\/fr\/wp-json\/wp\/v2\/types\/post"}],"author":[{"embeddable":true,"href":"https:\/\/welovecinema.be\/fr\/wp-json\/wp\/v2\/users\/7"}],"replies":[{"embeddable":true,"href":"https:\/\/welovecinema.be\/fr\/wp-json\/wp\/v2\/comments?post=31875"}],"version-history":[{"count":0,"href":"https:\/\/welovecinema.be\/fr\/wp-json\/wp\/v2\/posts\/31875\/revisions"}],"wp:featuredmedia":[{"embeddable":true,"href":"https:\/\/welovecinema.be\/fr\/wp-json\/wp\/v2\/media\/31879"}],"wp:attachment":[{"href":"https:\/\/welovecinema.be\/fr\/wp-json\/wp\/v2\/media?parent=31875"}],"wp:term":[{"taxonomy":"category","embeddable":true,"href":"https:\/\/welovecinema.be\/fr\/wp-json\/wp\/v2\/categories?post=31875"},{"taxonomy":"post_tag","embeddable":true,"href":"https:\/\/welovecinema.be\/fr\/wp-json\/wp\/v2\/tags?post=31875"}],"curies":[{"name":"wp","href":"https:\/\/api.w.org\/{rel}","templated":true}]}}