{"id":31643,"date":"2012-11-12T11:04:02","date_gmt":"2012-11-12T11:04:02","guid":{"rendered":"http:\/\/www.cinevox.be\/?p=31643"},"modified":"2014-10-08T14:07:32","modified_gmt":"2014-10-08T12:07:32","slug":"week-end-memorable-pour-le-cinema-belge","status":"publish","type":"post","link":"https:\/\/welovecinema.be\/fr\/week-end-memorable-pour-le-cinema-belge\/","title":{"rendered":"Week-end m\u00e9morable pour le cin\u00e9ma belge"},"content":{"rendered":"<p>Le cin\u00e9ma belge n&rsquo;en finit plus de cr\u00e9er la sensation aux quatre coins du monde. Rien que ce week-end, nos films et acteurs ont engrang\u00e9 une foule de r\u00e9compenses \u00e0 Braunschweig, \u00e0 la R\u00e9union, \u00e0 Calgary, \u00e0 Los Angeles et m\u00eame\u2026 \u00e0 Bruxelles.<!--more--><\/p>\n<p>&nbsp;<\/p>\n<p>&nbsp;<\/p>\n<p>&nbsp;<\/p>\n<p>&nbsp;<\/p>\n<p><a href=\"http:\/\/www.cinevox.be\/week-end-memorable-pour-le-cinema-belge\/reunion\" rel=\"attachment wp-att-31649\"><img loading=\"lazy\" decoding=\"async\" class=\"alignright size-large wp-image-31649\" title=\"r\u00e9union\" src=\"http:\/\/www.cinevox.be\/wp-content\/uploads\/sites\/2\/2012\/11\/r\u00e9union-400x600.jpg\" alt=\"\" width=\"360\" height=\"540\" srcset=\"https:\/\/welovecinema.be\/wp-content\/uploads\/sites\/2\/2012\/11\/r\u00e9union-400x600.jpg 400w, https:\/\/welovecinema.be\/wp-content\/uploads\/sites\/2\/2012\/11\/r\u00e9union-180x270.jpg 180w, https:\/\/welovecinema.be\/wp-content\/uploads\/sites\/2\/2012\/11\/r\u00e9union.jpg 489w\" sizes=\"auto, (max-width: 360px) 100vw, 360px\" \/><\/a><\/p>\n<p>Pour sa troisi\u00e8me participation \u00e0 un festival, <em>Dead Man Talking<\/em> de <strong>Patrick Ridremont<\/strong> a illumin\u00e9 <span style=\"text-decoration: underline;\">La R\u00e9union<\/span>. Pour la troisi\u00e8me fois cons\u00e9cutive, il d\u00e9croche le prix du public. Mieux encore, il compl\u00e8te sa panoplie avec le prix du jury des jeunes (Coup de Ker Zenesse).<\/p>\n<p style=\"text-align: center;\">\n<p>Que DMT h\u00e9rite de ce prix au FIFF namurois avait amus\u00e9 les cyniques: \u00ab\u00a0Ridremont est sympa, il avait amen\u00e9 ses copains, blablabla\u00a0\u00bb. Mais que le Patrick r\u00e9cidive aussi vite \u00e0 Saint-Jean-de-Luz et \u00e0 la R\u00e9union, l\u00e0 o\u00f9 Patrick \u00e9tait jusqu&rsquo;ici plut\u00f4t inconnu, prouve clairement que son formidable coup d&rsquo;essai est un r\u00e9gal pour tous. Et qu&rsquo;il transcende les fronti\u00e8res. C&rsquo;est que nous \u00e9crivions<a href=\"http:\/\/www.cinevox.be\/dead-man-talking-un-triomphe-sinon-rien\" target=\"_blank\"> ici<\/a>. L&rsquo;histoire nous donne raison et on adore \u00e7a. En Belgique, DMT terminera autour des 10.000 spectateurs. Dans l&rsquo;absolu, ce n&rsquo;est pas mal pour un premier long m\u00e9trage atypique. Ni com\u00e9die, ni drame, ni \u0153uvre facile surtout. Mais on ne nous \u00f4tera pas de l&rsquo;esprit qu&rsquo;il aurait d\u00fb faire beaucoup mieux. Apr\u00e8s son passage \u00e0 Cinemania Montr\u00e9al le week-end dernier, <em>Dead Man Talking<\/em> a d\u00e9croch\u00e9 un deal canadien. Il sortira l\u00e0-bas en f\u00e9vrier. Un mois avant d&rsquo;arriver en France. Le film a aussi \u00e9t\u00e9 pr\u00e9sent\u00e9 \u00e0 New York cette semaine\u2026 o\u00f9 il a \u00e9t\u00e9 imm\u00e9diatement sign\u00e9 par un gros vendeur international sp\u00e9cialis\u00e9 dans les productions francophones. \u00a0Remake en vue?<\/p>\n<p>&nbsp;<\/p>\n<p>Mais <em>Dead Man Talking<\/em> n&rsquo;est pas le seul film belge \u00e0 faire le buzz. Loin de l\u00e0.<\/p>\n<p>&nbsp;<\/p>\n<p><a href=\"http:\/\/www.cinevox.be\/week-end-memorable-pour-le-cinema-belge\/oh-willy2-2\" rel=\"attachment wp-att-31646\"><img loading=\"lazy\" decoding=\"async\" class=\"aligncenter size-full wp-image-31646\" title=\"oh-willy2\" src=\"http:\/\/www.cinevox.be\/wp-content\/uploads\/sites\/2\/2012\/11\/oh-willy21.jpg\" alt=\"\" width=\"640\" height=\"361\" srcset=\"https:\/\/welovecinema.be\/wp-content\/uploads\/sites\/2\/2012\/11\/oh-willy21.jpg 640w, https:\/\/welovecinema.be\/wp-content\/uploads\/sites\/2\/2012\/11\/oh-willy21-200x113.jpg 200w, https:\/\/welovecinema.be\/wp-content\/uploads\/sites\/2\/2012\/11\/oh-willy21-480x270.jpg 480w, https:\/\/welovecinema.be\/wp-content\/uploads\/sites\/2\/2012\/11\/oh-willy21-300x169.jpg 300w, https:\/\/welovecinema.be\/wp-content\/uploads\/sites\/2\/2012\/11\/oh-willy21-620x350.jpg 620w\" sizes=\"auto, (max-width: 640px) 100vw, 640px\" \/><\/a><br \/>\nEn Am\u00e9rique, toujours, c&rsquo;est un film flamand qui s&rsquo;est distingu\u00e9 ce week-end. Alors que nous annoncions que <strong>Michael R.Roskam<\/strong> allait sans doute diriger une super production hollywoodienne dans les mois \u00e0 venir (lire <a href=\"http:\/\/www.cinevox.be\/michael-roskam-les-usa-en-sont-fous\">ICI<\/a>), <em>Oh Willy<\/em>, court m\u00e9trage d&rsquo;animation d&rsquo;<strong>Emma de Swaef <\/strong>et <strong>Marc James<\/strong> <strong>Roels <\/strong>recevait le grand prix du jury dans sa cat\u00e9gorie au <span style=\"text-decoration: underline;\">AFI Filmfestival in Los Angeles<\/span>(le festival de l&rsquo;American Film Institute). Dans le m\u00eame temps, <span style=\"text-decoration: underline;\">le GIRAF-festival \u00a0de Calgary<\/span>, lui octroyait son Grand Prix ( best of the festival) et\u2026 le prix du public. Une sp\u00e9cialit\u00e9 de chez nous pour un film terriblement atypique. Et attachant.<\/p>\n<p>&nbsp;<\/p>\n<p><a href=\"http:\/\/www.cinevox.be\/week-end-memorable-pour-le-cinema-belge\/raniayeuxouverts-1024x640\" rel=\"attachment wp-att-31647\"><img loading=\"lazy\" decoding=\"async\" class=\"aligncenter size-large wp-image-31647\" title=\"raniayeuxouverts-1024x640\" src=\"http:\/\/www.cinevox.be\/wp-content\/uploads\/sites\/2\/2012\/11\/raniayeuxouverts-1024x640-800x459.jpg\" alt=\"\" width=\"640\" height=\"367\" srcset=\"https:\/\/welovecinema.be\/wp-content\/uploads\/sites\/2\/2012\/11\/raniayeuxouverts-1024x640-800x459.jpg 800w, https:\/\/welovecinema.be\/wp-content\/uploads\/sites\/2\/2012\/11\/raniayeuxouverts-1024x640-470x270.jpg 470w, https:\/\/welovecinema.be\/wp-content\/uploads\/sites\/2\/2012\/11\/raniayeuxouverts-1024x640.jpg 1003w\" sizes=\"auto, (max-width: 640px) 100vw, 640px\" \/><\/a><\/p>\n<p>&nbsp;<\/p>\n<p>Bien plus pr\u00e8s de chez nous, c&rsquo;est <em>Le Sac de Farine<\/em> de <strong>Kadija Leclere<\/strong> qui a d\u00e9coiff\u00e9 le jury du <span style=\"text-decoration: underline;\">Festival international du film ind\u00e9pendant de Bruxelles<\/span>. Le seul long m\u00e9trage belge de la comp\u00e9tition y a remport\u00e9 \u00a0le Prix d&rsquo;interpr\u00e9tation f\u00e9minine com\u00e9dienne pour <strong>Rania Mellouli<\/strong>, l&rsquo;adorable fillette qu&rsquo;on peut voir dans <a href=\"http:\/\/www.cinevox.be\/grand-ecran\">notre Grand Ecran du mois<\/a>. Kadija a aussi r\u00e9colt\u00e9 le prix du Sc\u00e9nario et le Prix du Jury. Excusez du peu. Isabelle de Hertogh et Jean-Luc Couchard qui faisaient partie des jur\u00e9s sont toujours sous le charme.<\/p>\n<p>&nbsp;<\/p>\n<p><img loading=\"lazy\" decoding=\"async\" class=\"aligncenter wp-image-31648 size-large\" title=\"home\" src=\"http:\/\/www.cinevox.be\/wp-content\/uploads\/sites\/2\/2012\/11\/home-800x533.jpg\" alt=\"\" width=\"640\" height=\"426\" srcset=\"https:\/\/welovecinema.be\/wp-content\/uploads\/sites\/2\/2012\/11\/home-800x533.jpg 800w, https:\/\/welovecinema.be\/wp-content\/uploads\/sites\/2\/2012\/11\/home-405x270.jpg 405w, https:\/\/welovecinema.be\/wp-content\/uploads\/sites\/2\/2012\/11\/home.jpg 1400w\" sizes=\"auto, (max-width: 640px) 100vw, 640px\" \/><\/p>\n<p>&nbsp;<\/p>\n<p>Enfin, framboise hors de prix sur le g\u00e2teau meringu\u00e9,\u00a0 le <span style=\"text-decoration: underline;\">26e Festival International du Film de Braunschweig<\/span> a d\u00e9cern\u00e9 \u00e0 <strong>Olivier Gourmet<\/strong> le Prix d\u2019interpr\u00e9tation europ\u00e9en \u00ab\u00a0Die Europa\u00a0\u00bb, pour \u00ab\u00a0l\u2019excellence de ses performances d\u2019acteur et sa contribution \u00e0 la culture cin\u00e9matographique europ\u00e9enne\u00a0\u00bb. Cette remise du Prix \u00ab\u00a0Die Europa\u00a0\u00bb a lieu depuis 2007. Les pr\u00e9c\u00e9dents laur\u00e9ats sont Bruno Ganz, Isabelle Huppert, John Hurt, Stellan Skarsg\u00e5rd et Hanna Schygulla. Quelle belle compagnie pour un de nos acteurs phares qui multiplie les prestations marquantes dans des films captivants. Et qu&rsquo;on peut voir actuellement, lui aussi, dans notre Grand Ecran.<\/p>\n<p>&nbsp;<\/p>\n","protected":false},"excerpt":{"rendered":"<p>Le cin\u00e9ma belge n&rsquo;en finit plus de cr\u00e9er la sensation aux quatre coins du monde. Rien que ce week-end, nos films et acteurs ont engrang\u00e9 une foule de r\u00e9compenses \u00e0 Braunschweig, \u00e0 la R\u00e9union, \u00e0 Calgary, \u00e0 Los Angeles et m\u00eame\u2026 \u00e0 Bruxelles.<\/p>\n","protected":false},"author":7,"featured_media":31651,"comment_status":"closed","ping_status":"closed","sticky":false,"template":"","format":"standard","meta":{"ngg_post_thumbnail":0,"footnotes":""},"categories":[7],"tags":[],"class_list":["post-31643","post","type-post","status-publish","format-standard","has-post-thumbnail","","category-actualites"],"yoast_head":"<!-- This site is optimized with the Yoast SEO plugin v20.4 - https:\/\/yoast.com\/wordpress\/plugins\/seo\/ -->\n<title>Week-end m\u00e9morable pour le cin\u00e9ma belge - We Love Cinema<\/title>\n<meta name=\"robots\" content=\"index, follow, max-snippet:-1, max-image-preview:large, max-video-preview:-1\" \/>\n<link rel=\"canonical\" href=\"https:\/\/welovecinema.be\/fr\/week-end-memorable-pour-le-cinema-belge\/\" \/>\n<meta property=\"og:locale\" content=\"fr_FR\" \/>\n<meta property=\"og:type\" content=\"article\" \/>\n<meta property=\"og:title\" content=\"Week-end m\u00e9morable pour le cin\u00e9ma belge - We Love Cinema\" \/>\n<meta property=\"og:description\" content=\"Le cin\u00e9ma belge n&rsquo;en finit plus de cr\u00e9er la sensation aux quatre coins du monde. Rien que ce week-end, nos films et acteurs ont engrang\u00e9 une foule de r\u00e9compenses \u00e0 Braunschweig, \u00e0 la R\u00e9union, \u00e0 Calgary, \u00e0 Los Angeles et m\u00eame\u2026 \u00e0 Bruxelles.\" \/>\n<meta property=\"og:url\" content=\"https:\/\/welovecinema.be\/fr\/week-end-memorable-pour-le-cinema-belge\/\" \/>\n<meta property=\"og:site_name\" content=\"We Love Cinema\" \/>\n<meta property=\"article:publisher\" content=\"https:\/\/www.facebook.com\/welovecinema.be\" \/>\n<meta property=\"article:published_time\" content=\"2012-11-12T11:04:02+00:00\" \/>\n<meta property=\"article:modified_time\" content=\"2014-10-08T12:07:32+00:00\" \/>\n<meta property=\"og:image\" content=\"https:\/\/welovecinema.be\/wp-content\/uploads\/sites\/2\/2012\/11\/2012-11-12_12h03_34.jpg\" \/>\n\t<meta property=\"og:image:width\" content=\"1103\" \/>\n\t<meta property=\"og:image:height\" content=\"729\" \/>\n\t<meta property=\"og:image:type\" content=\"image\/jpeg\" \/>\n<meta name=\"author\" content=\"Philippe.Pierquin\" \/>\n<meta name=\"twitter:card\" content=\"summary_large_image\" \/>\n<meta name=\"twitter:label1\" content=\"\u00c9crit par\" \/>\n\t<meta name=\"twitter:data1\" content=\"Philippe.Pierquin\" \/>\n\t<meta name=\"twitter:label2\" content=\"Dur\u00e9e de lecture estim\u00e9e\" \/>\n\t<meta name=\"twitter:data2\" content=\"3 minutes\" \/>\n<script type=\"application\/ld+json\" class=\"yoast-schema-graph\">{\"@context\":\"https:\/\/schema.org\",\"@graph\":[{\"@type\":\"Article\",\"@id\":\"https:\/\/welovecinema.be\/fr\/week-end-memorable-pour-le-cinema-belge\/#article\",\"isPartOf\":{\"@id\":\"https:\/\/welovecinema.be\/fr\/week-end-memorable-pour-le-cinema-belge\/\"},\"author\":{\"name\":\"Philippe.Pierquin\",\"@id\":\"https:\/\/welovecinema.be\/nl\/#\/schema\/person\/4b9b1d857f0943453a38a7c2859ef756\"},\"headline\":\"Week-end m\u00e9morable pour le cin\u00e9ma belge\",\"datePublished\":\"2012-11-12T11:04:02+00:00\",\"dateModified\":\"2014-10-08T12:07:32+00:00\",\"mainEntityOfPage\":{\"@id\":\"https:\/\/welovecinema.be\/fr\/week-end-memorable-pour-le-cinema-belge\/\"},\"wordCount\":645,\"publisher\":{\"@id\":\"https:\/\/welovecinema.be\/nl\/#organization\"},\"articleSection\":[\"News\"],\"inLanguage\":\"fr-FR\"},{\"@type\":\"WebPage\",\"@id\":\"https:\/\/welovecinema.be\/fr\/week-end-memorable-pour-le-cinema-belge\/\",\"url\":\"https:\/\/welovecinema.be\/fr\/week-end-memorable-pour-le-cinema-belge\/\",\"name\":\"Week-end m\u00e9morable pour le cin\u00e9ma belge - We Love Cinema\",\"isPartOf\":{\"@id\":\"https:\/\/welovecinema.be\/nl\/#website\"},\"datePublished\":\"2012-11-12T11:04:02+00:00\",\"dateModified\":\"2014-10-08T12:07:32+00:00\",\"breadcrumb\":{\"@id\":\"https:\/\/welovecinema.be\/fr\/week-end-memorable-pour-le-cinema-belge\/#breadcrumb\"},\"inLanguage\":\"fr-FR\",\"potentialAction\":[{\"@type\":\"ReadAction\",\"target\":[\"https:\/\/welovecinema.be\/fr\/week-end-memorable-pour-le-cinema-belge\/\"]}]},{\"@type\":\"BreadcrumbList\",\"@id\":\"https:\/\/welovecinema.be\/fr\/week-end-memorable-pour-le-cinema-belge\/#breadcrumb\",\"itemListElement\":[{\"@type\":\"ListItem\",\"position\":1,\"name\":\"Accueil\",\"item\":\"https:\/\/welovecinema.be\/fr\/\"},{\"@type\":\"ListItem\",\"position\":2,\"name\":\"Week-end m\u00e9morable pour le cin\u00e9ma belge\"}]},{\"@type\":\"WebSite\",\"@id\":\"https:\/\/welovecinema.be\/nl\/#website\",\"url\":\"https:\/\/welovecinema.be\/nl\/\",\"name\":\"We Love Cinema\",\"description\":\"Toute l\u2019information du cin\u00e9ma en Belgique\",\"publisher\":{\"@id\":\"https:\/\/welovecinema.be\/nl\/#organization\"},\"potentialAction\":[{\"@type\":\"SearchAction\",\"target\":{\"@type\":\"EntryPoint\",\"urlTemplate\":\"https:\/\/welovecinema.be\/nl\/?s={search_term_string}\"},\"query-input\":\"required name=search_term_string\"}],\"inLanguage\":\"fr-FR\"},{\"@type\":\"Organization\",\"@id\":\"https:\/\/welovecinema.be\/nl\/#organization\",\"name\":\"We Love Cinema\",\"url\":\"https:\/\/welovecinema.be\/nl\/\",\"logo\":{\"@type\":\"ImageObject\",\"inLanguage\":\"fr-FR\",\"@id\":\"https:\/\/welovecinema.be\/nl\/#\/schema\/logo\/image\/\",\"url\":\"https:\/\/welovecinema.be\/wp-content\/uploads\/sites\/2\/2023\/03\/Logo-We-Love-Cinema305x128.jpg\",\"contentUrl\":\"https:\/\/welovecinema.be\/wp-content\/uploads\/sites\/2\/2023\/03\/Logo-We-Love-Cinema305x128.jpg\",\"width\":305,\"height\":128,\"caption\":\"We Love Cinema\"},\"image\":{\"@id\":\"https:\/\/welovecinema.be\/nl\/#\/schema\/logo\/image\/\"},\"sameAs\":[\"https:\/\/www.facebook.com\/welovecinema.be\",\"https:\/\/www.youtube.com\/channel\/UCX5LYGVhnKvYauW4Nta4HJA\",\"https:\/\/www.instagram.com\/welovecinema.be\/\"]},{\"@type\":\"Person\",\"@id\":\"https:\/\/welovecinema.be\/nl\/#\/schema\/person\/4b9b1d857f0943453a38a7c2859ef756\",\"name\":\"Philippe.Pierquin\",\"url\":\"https:\/\/welovecinema.be\/fr\/author\/philippe-pierquin\/\"}]}<\/script>\n<!-- \/ Yoast SEO plugin. -->","yoast_head_json":{"title":"Week-end m\u00e9morable pour le cin\u00e9ma belge - We Love Cinema","robots":{"index":"index","follow":"follow","max-snippet":"max-snippet:-1","max-image-preview":"max-image-preview:large","max-video-preview":"max-video-preview:-1"},"canonical":"https:\/\/welovecinema.be\/fr\/week-end-memorable-pour-le-cinema-belge\/","og_locale":"fr_FR","og_type":"article","og_title":"Week-end m\u00e9morable pour le cin\u00e9ma belge - We Love Cinema","og_description":"Le cin\u00e9ma belge n&rsquo;en finit plus de cr\u00e9er la sensation aux quatre coins du monde. Rien que ce week-end, nos films et acteurs ont engrang\u00e9 une foule de r\u00e9compenses \u00e0 Braunschweig, \u00e0 la R\u00e9union, \u00e0 Calgary, \u00e0 Los Angeles et m\u00eame\u2026 \u00e0 Bruxelles.","og_url":"https:\/\/welovecinema.be\/fr\/week-end-memorable-pour-le-cinema-belge\/","og_site_name":"We Love Cinema","article_publisher":"https:\/\/www.facebook.com\/welovecinema.be","article_published_time":"2012-11-12T11:04:02+00:00","article_modified_time":"2014-10-08T12:07:32+00:00","og_image":[{"width":"1103","height":"729","url":"https:\/\/welovecinema.be\/wp-content\/uploads\/sites\/2\/2012\/11\/2012-11-12_12h03_34.jpg","type":"image\/jpeg"}],"author":"Philippe.Pierquin","twitter_card":"summary_large_image","twitter_misc":{"\u00c9crit par":"Philippe.Pierquin","Dur\u00e9e de lecture estim\u00e9e":"3 minutes"},"schema":{"@context":"https:\/\/schema.org","@graph":[{"@type":"Article","@id":"https:\/\/welovecinema.be\/fr\/week-end-memorable-pour-le-cinema-belge\/#article","isPartOf":{"@id":"https:\/\/welovecinema.be\/fr\/week-end-memorable-pour-le-cinema-belge\/"},"author":{"name":"Philippe.Pierquin","@id":"https:\/\/welovecinema.be\/nl\/#\/schema\/person\/4b9b1d857f0943453a38a7c2859ef756"},"headline":"Week-end m\u00e9morable pour le cin\u00e9ma belge","datePublished":"2012-11-12T11:04:02+00:00","dateModified":"2014-10-08T12:07:32+00:00","mainEntityOfPage":{"@id":"https:\/\/welovecinema.be\/fr\/week-end-memorable-pour-le-cinema-belge\/"},"wordCount":645,"publisher":{"@id":"https:\/\/welovecinema.be\/nl\/#organization"},"articleSection":["News"],"inLanguage":"fr-FR"},{"@type":"WebPage","@id":"https:\/\/welovecinema.be\/fr\/week-end-memorable-pour-le-cinema-belge\/","url":"https:\/\/welovecinema.be\/fr\/week-end-memorable-pour-le-cinema-belge\/","name":"Week-end m\u00e9morable pour le cin\u00e9ma belge - We Love Cinema","isPartOf":{"@id":"https:\/\/welovecinema.be\/nl\/#website"},"datePublished":"2012-11-12T11:04:02+00:00","dateModified":"2014-10-08T12:07:32+00:00","breadcrumb":{"@id":"https:\/\/welovecinema.be\/fr\/week-end-memorable-pour-le-cinema-belge\/#breadcrumb"},"inLanguage":"fr-FR","potentialAction":[{"@type":"ReadAction","target":["https:\/\/welovecinema.be\/fr\/week-end-memorable-pour-le-cinema-belge\/"]}]},{"@type":"BreadcrumbList","@id":"https:\/\/welovecinema.be\/fr\/week-end-memorable-pour-le-cinema-belge\/#breadcrumb","itemListElement":[{"@type":"ListItem","position":1,"name":"Accueil","item":"https:\/\/welovecinema.be\/fr\/"},{"@type":"ListItem","position":2,"name":"Week-end m\u00e9morable pour le cin\u00e9ma belge"}]},{"@type":"WebSite","@id":"https:\/\/welovecinema.be\/nl\/#website","url":"https:\/\/welovecinema.be\/nl\/","name":"We Love Cinema","description":"Toute l\u2019information du cin\u00e9ma en Belgique","publisher":{"@id":"https:\/\/welovecinema.be\/nl\/#organization"},"potentialAction":[{"@type":"SearchAction","target":{"@type":"EntryPoint","urlTemplate":"https:\/\/welovecinema.be\/nl\/?s={search_term_string}"},"query-input":"required name=search_term_string"}],"inLanguage":"fr-FR"},{"@type":"Organization","@id":"https:\/\/welovecinema.be\/nl\/#organization","name":"We Love Cinema","url":"https:\/\/welovecinema.be\/nl\/","logo":{"@type":"ImageObject","inLanguage":"fr-FR","@id":"https:\/\/welovecinema.be\/nl\/#\/schema\/logo\/image\/","url":"https:\/\/welovecinema.be\/wp-content\/uploads\/sites\/2\/2023\/03\/Logo-We-Love-Cinema305x128.jpg","contentUrl":"https:\/\/welovecinema.be\/wp-content\/uploads\/sites\/2\/2023\/03\/Logo-We-Love-Cinema305x128.jpg","width":305,"height":128,"caption":"We Love Cinema"},"image":{"@id":"https:\/\/welovecinema.be\/nl\/#\/schema\/logo\/image\/"},"sameAs":["https:\/\/www.facebook.com\/welovecinema.be","https:\/\/www.youtube.com\/channel\/UCX5LYGVhnKvYauW4Nta4HJA","https:\/\/www.instagram.com\/welovecinema.be\/"]},{"@type":"Person","@id":"https:\/\/welovecinema.be\/nl\/#\/schema\/person\/4b9b1d857f0943453a38a7c2859ef756","name":"Philippe.Pierquin","url":"https:\/\/welovecinema.be\/fr\/author\/philippe-pierquin\/"}]}},"_links":{"self":[{"href":"https:\/\/welovecinema.be\/fr\/wp-json\/wp\/v2\/posts\/31643","targetHints":{"allow":["GET"]}}],"collection":[{"href":"https:\/\/welovecinema.be\/fr\/wp-json\/wp\/v2\/posts"}],"about":[{"href":"https:\/\/welovecinema.be\/fr\/wp-json\/wp\/v2\/types\/post"}],"author":[{"embeddable":true,"href":"https:\/\/welovecinema.be\/fr\/wp-json\/wp\/v2\/users\/7"}],"replies":[{"embeddable":true,"href":"https:\/\/welovecinema.be\/fr\/wp-json\/wp\/v2\/comments?post=31643"}],"version-history":[{"count":0,"href":"https:\/\/welovecinema.be\/fr\/wp-json\/wp\/v2\/posts\/31643\/revisions"}],"wp:featuredmedia":[{"embeddable":true,"href":"https:\/\/welovecinema.be\/fr\/wp-json\/wp\/v2\/media\/31651"}],"wp:attachment":[{"href":"https:\/\/welovecinema.be\/fr\/wp-json\/wp\/v2\/media?parent=31643"}],"wp:term":[{"taxonomy":"category","embeddable":true,"href":"https:\/\/welovecinema.be\/fr\/wp-json\/wp\/v2\/categories?post=31643"},{"taxonomy":"post_tag","embeddable":true,"href":"https:\/\/welovecinema.be\/fr\/wp-json\/wp\/v2\/tags?post=31643"}],"curies":[{"name":"wp","href":"https:\/\/api.w.org\/{rel}","templated":true}]}}