{"id":31513,"date":"2012-11-19T05:25:51","date_gmt":"2012-11-19T05:25:51","guid":{"rendered":"http:\/\/www.cinevox.be\/?p=31513"},"modified":"2012-11-06T12:33:37","modified_gmt":"2012-11-06T12:33:37","slug":"la-journee-liegeoise-du-cinema","status":"publish","type":"post","link":"https:\/\/welovecinema.be\/fr\/la-journee-liegeoise-du-cinema\/","title":{"rendered":"La Journ\u00e9e li\u00e9geoise du Cin\u00e9ma"},"content":{"rendered":"<p>Pour sa deuxi\u00e8me \u00e9dition, La Journ\u00e9e du Cin\u00e9ma organis\u00e9e par <a href=\"http:\/\/www.clapwallonie.be\/www\/\" target=\"_blank\">CLAP !<\/a> propose le 21 novembre au cin\u00e9ma Sauveni\u00e8re une rencontre \u00e9tonnante avec deux ing\u00e9nieurs du son de talent qui ont beaucoup de choses \u00e0 raconter sur leur m\u00e9tier et les cin\u00e9astes avec qui ils ont travaill\u00e9, mais aussi sur leur collaboration sur les films des Fr\u00e8res Dardenne, par exemple. Une v\u00e9ritable \u00ab le\u00e7on de cin\u00e9ma \u00bb ouverte \u00e0 tous!<!--more--><\/p>\n<p>&nbsp;<\/p>\n<p>Cette rencontre sera suivie d\u2019un drink et de la projection de quatre courts m\u00e9trages soutenus par CLAP ! en pr\u00e9sence d\u2019une partie des \u00e9quipes technique et artistique de ces films.<\/p>\n<p>&nbsp;<\/p>\n<p>17h00 &#8211; 19h00 Le\u00e7on de cin\u00e9ma (Cin\u00e9ma Sauveni\u00e8re)<\/p>\n<p>Le m\u00e9tier d\u2019ing\u00e9nieur du son : Jean-Pierre Duret et Benoit De Clerck<\/p>\n<p>Animateur : Dick Tomasovic (ULg)<\/p>\n<p>&nbsp;<\/p>\n<p>19h00 &#8211; 20h00 Drink \u00e0 la Brasserie Sauveni\u00e8re<\/p>\n<p>&nbsp;<\/p>\n<p>20h00 &#8211; 22h00 Projections courts m\u00e9trages (Cin\u00e9ma Sauveni\u00e8re), pr\u00e9sence des \u00e9quipes des films<\/p>\n<p>\u2022 \u00ab \u00c9trang\u00e8re \u00bb de Christophe Hermans (Anotherlight) l 12 min<\/p>\n<p>\u2022 \u00ab Fable Domestique \u00bb de Ann Sirot &amp; Rapha\u00ebl Balboni (Frakas Production) l 24 min<\/p>\n<p>\u2022 \u00ab UHT \u00bb de Guillaume Senez (Iota Production) l 18 min<\/p>\n<p>\u2022 \u00ab A New Old Story \u00bb de Antoine Cuypers (Entre Chien et Loup) l 22 min<\/p>\n<p>&nbsp;<\/p>\n<p>Places disponibles en pr\u00e9vente ou le jour m\u00eame \u00e0 la billetterie du Sauveni\u00e8re<\/p>\n<p>&nbsp;<\/p>\n","protected":false},"excerpt":{"rendered":"<p>Pour sa deuxi\u00e8me \u00e9dition, La Journ\u00e9e du Cin\u00e9ma organis\u00e9e par CLAP ! propose le 21 novembre au cin\u00e9ma Sauveni\u00e8re une rencontre \u00e9tonnante avec deux ing\u00e9nieurs du son de talent qui ont beaucoup de choses \u00e0 raconter sur leur m\u00e9tier et les cin\u00e9astes avec qui ils ont travaill\u00e9, mais aussi sur leur collaboration sur les films &hellip;<\/p>\n","protected":false},"author":7,"featured_media":31515,"comment_status":"closed","ping_status":"closed","sticky":false,"template":"","format":"standard","meta":{"ngg_post_thumbnail":0,"footnotes":""},"categories":[53,7],"tags":[],"class_list":["post-31513","post","type-post","status-publish","format-standard","has-post-thumbnail","","category-coming-soon","category-actualites"],"yoast_head":"<!-- This site is optimized with the Yoast SEO plugin v20.4 - https:\/\/yoast.com\/wordpress\/plugins\/seo\/ -->\n<title>La Journ\u00e9e li\u00e9geoise du Cin\u00e9ma  - We Love Cinema<\/title>\n<meta name=\"robots\" content=\"index, follow, max-snippet:-1, max-image-preview:large, max-video-preview:-1\" \/>\n<link rel=\"canonical\" href=\"https:\/\/welovecinema.be\/fr\/la-journee-liegeoise-du-cinema\/\" \/>\n<meta property=\"og:locale\" content=\"fr_FR\" \/>\n<meta property=\"og:type\" content=\"article\" \/>\n<meta property=\"og:title\" content=\"La Journ\u00e9e li\u00e9geoise du Cin\u00e9ma  - We Love Cinema\" \/>\n<meta property=\"og:description\" content=\"Pour sa deuxi\u00e8me \u00e9dition, La Journ\u00e9e du Cin\u00e9ma organis\u00e9e par CLAP ! propose le 21 novembre au cin\u00e9ma Sauveni\u00e8re une rencontre \u00e9tonnante avec deux ing\u00e9nieurs du son de talent qui ont beaucoup de choses \u00e0 raconter sur leur m\u00e9tier et les cin\u00e9astes avec qui ils ont travaill\u00e9, mais aussi sur leur collaboration sur les films &hellip;\" \/>\n<meta property=\"og:url\" content=\"https:\/\/welovecinema.be\/fr\/la-journee-liegeoise-du-cinema\/\" \/>\n<meta property=\"og:site_name\" content=\"We Love Cinema\" \/>\n<meta property=\"article:publisher\" content=\"https:\/\/www.facebook.com\/welovecinema.be\" \/>\n<meta property=\"article:published_time\" content=\"2012-11-19T05:25:51+00:00\" \/>\n<meta property=\"article:modified_time\" content=\"2012-11-06T12:33:37+00:00\" \/>\n<meta property=\"og:image\" content=\"https:\/\/welovecinema.be\/wp-content\/uploads\/sites\/2\/2012\/11\/539274_10150876667340443_1796690195_n.jpg\" \/>\n\t<meta property=\"og:image:width\" content=\"768\" \/>\n\t<meta property=\"og:image:height\" content=\"768\" \/>\n\t<meta property=\"og:image:type\" content=\"image\/jpeg\" \/>\n<meta name=\"author\" content=\"Philippe.Pierquin\" \/>\n<meta name=\"twitter:card\" content=\"summary_large_image\" \/>\n<meta name=\"twitter:label1\" content=\"\u00c9crit par\" \/>\n\t<meta name=\"twitter:data1\" content=\"Philippe.Pierquin\" \/>\n\t<meta name=\"twitter:label2\" content=\"Dur\u00e9e de lecture estim\u00e9e\" \/>\n\t<meta name=\"twitter:data2\" content=\"1 minute\" \/>\n<script type=\"application\/ld+json\" class=\"yoast-schema-graph\">{\"@context\":\"https:\/\/schema.org\",\"@graph\":[{\"@type\":\"Article\",\"@id\":\"https:\/\/welovecinema.be\/fr\/la-journee-liegeoise-du-cinema\/#article\",\"isPartOf\":{\"@id\":\"https:\/\/welovecinema.be\/fr\/la-journee-liegeoise-du-cinema\/\"},\"author\":{\"name\":\"Philippe.Pierquin\",\"@id\":\"https:\/\/welovecinema.be\/nl\/#\/schema\/person\/4b9b1d857f0943453a38a7c2859ef756\"},\"headline\":\"La Journ\u00e9e li\u00e9geoise du Cin\u00e9ma\",\"datePublished\":\"2012-11-19T05:25:51+00:00\",\"dateModified\":\"2012-11-06T12:33:37+00:00\",\"mainEntityOfPage\":{\"@id\":\"https:\/\/welovecinema.be\/fr\/la-journee-liegeoise-du-cinema\/\"},\"wordCount\":236,\"publisher\":{\"@id\":\"https:\/\/welovecinema.be\/nl\/#organization\"},\"articleSection\":[\"Coming soon\",\"News\"],\"inLanguage\":\"fr-FR\"},{\"@type\":\"WebPage\",\"@id\":\"https:\/\/welovecinema.be\/fr\/la-journee-liegeoise-du-cinema\/\",\"url\":\"https:\/\/welovecinema.be\/fr\/la-journee-liegeoise-du-cinema\/\",\"name\":\"La Journ\u00e9e li\u00e9geoise du Cin\u00e9ma - We Love Cinema\",\"isPartOf\":{\"@id\":\"https:\/\/welovecinema.be\/nl\/#website\"},\"datePublished\":\"2012-11-19T05:25:51+00:00\",\"dateModified\":\"2012-11-06T12:33:37+00:00\",\"breadcrumb\":{\"@id\":\"https:\/\/welovecinema.be\/fr\/la-journee-liegeoise-du-cinema\/#breadcrumb\"},\"inLanguage\":\"fr-FR\",\"potentialAction\":[{\"@type\":\"ReadAction\",\"target\":[\"https:\/\/welovecinema.be\/fr\/la-journee-liegeoise-du-cinema\/\"]}]},{\"@type\":\"BreadcrumbList\",\"@id\":\"https:\/\/welovecinema.be\/fr\/la-journee-liegeoise-du-cinema\/#breadcrumb\",\"itemListElement\":[{\"@type\":\"ListItem\",\"position\":1,\"name\":\"Accueil\",\"item\":\"https:\/\/welovecinema.be\/fr\/\"},{\"@type\":\"ListItem\",\"position\":2,\"name\":\"La Journ\u00e9e li\u00e9geoise du Cin\u00e9ma\"}]},{\"@type\":\"WebSite\",\"@id\":\"https:\/\/welovecinema.be\/nl\/#website\",\"url\":\"https:\/\/welovecinema.be\/nl\/\",\"name\":\"We Love Cinema\",\"description\":\"Toute l\u2019information du cin\u00e9ma en Belgique\",\"publisher\":{\"@id\":\"https:\/\/welovecinema.be\/nl\/#organization\"},\"potentialAction\":[{\"@type\":\"SearchAction\",\"target\":{\"@type\":\"EntryPoint\",\"urlTemplate\":\"https:\/\/welovecinema.be\/nl\/?s={search_term_string}\"},\"query-input\":\"required name=search_term_string\"}],\"inLanguage\":\"fr-FR\"},{\"@type\":\"Organization\",\"@id\":\"https:\/\/welovecinema.be\/nl\/#organization\",\"name\":\"We Love Cinema\",\"url\":\"https:\/\/welovecinema.be\/nl\/\",\"logo\":{\"@type\":\"ImageObject\",\"inLanguage\":\"fr-FR\",\"@id\":\"https:\/\/welovecinema.be\/nl\/#\/schema\/logo\/image\/\",\"url\":\"https:\/\/welovecinema.be\/wp-content\/uploads\/sites\/2\/2023\/03\/Logo-We-Love-Cinema305x128.jpg\",\"contentUrl\":\"https:\/\/welovecinema.be\/wp-content\/uploads\/sites\/2\/2023\/03\/Logo-We-Love-Cinema305x128.jpg\",\"width\":305,\"height\":128,\"caption\":\"We Love Cinema\"},\"image\":{\"@id\":\"https:\/\/welovecinema.be\/nl\/#\/schema\/logo\/image\/\"},\"sameAs\":[\"https:\/\/www.facebook.com\/welovecinema.be\",\"https:\/\/www.youtube.com\/channel\/UCX5LYGVhnKvYauW4Nta4HJA\",\"https:\/\/www.instagram.com\/welovecinema.be\/\"]},{\"@type\":\"Person\",\"@id\":\"https:\/\/welovecinema.be\/nl\/#\/schema\/person\/4b9b1d857f0943453a38a7c2859ef756\",\"name\":\"Philippe.Pierquin\",\"url\":\"https:\/\/welovecinema.be\/fr\/author\/philippe-pierquin\/\"}]}<\/script>\n<!-- \/ Yoast SEO plugin. -->","yoast_head_json":{"title":"La Journ\u00e9e li\u00e9geoise du Cin\u00e9ma  - We Love Cinema","robots":{"index":"index","follow":"follow","max-snippet":"max-snippet:-1","max-image-preview":"max-image-preview:large","max-video-preview":"max-video-preview:-1"},"canonical":"https:\/\/welovecinema.be\/fr\/la-journee-liegeoise-du-cinema\/","og_locale":"fr_FR","og_type":"article","og_title":"La Journ\u00e9e li\u00e9geoise du Cin\u00e9ma  - We Love Cinema","og_description":"Pour sa deuxi\u00e8me \u00e9dition, La Journ\u00e9e du Cin\u00e9ma organis\u00e9e par CLAP ! propose le 21 novembre au cin\u00e9ma Sauveni\u00e8re une rencontre \u00e9tonnante avec deux ing\u00e9nieurs du son de talent qui ont beaucoup de choses \u00e0 raconter sur leur m\u00e9tier et les cin\u00e9astes avec qui ils ont travaill\u00e9, mais aussi sur leur collaboration sur les films &hellip;","og_url":"https:\/\/welovecinema.be\/fr\/la-journee-liegeoise-du-cinema\/","og_site_name":"We Love Cinema","article_publisher":"https:\/\/www.facebook.com\/welovecinema.be","article_published_time":"2012-11-19T05:25:51+00:00","article_modified_time":"2012-11-06T12:33:37+00:00","og_image":[{"width":"768","height":"768","url":"https:\/\/welovecinema.be\/wp-content\/uploads\/sites\/2\/2012\/11\/539274_10150876667340443_1796690195_n.jpg","type":"image\/jpeg"}],"author":"Philippe.Pierquin","twitter_card":"summary_large_image","twitter_misc":{"\u00c9crit par":"Philippe.Pierquin","Dur\u00e9e de lecture estim\u00e9e":"1 minute"},"schema":{"@context":"https:\/\/schema.org","@graph":[{"@type":"Article","@id":"https:\/\/welovecinema.be\/fr\/la-journee-liegeoise-du-cinema\/#article","isPartOf":{"@id":"https:\/\/welovecinema.be\/fr\/la-journee-liegeoise-du-cinema\/"},"author":{"name":"Philippe.Pierquin","@id":"https:\/\/welovecinema.be\/nl\/#\/schema\/person\/4b9b1d857f0943453a38a7c2859ef756"},"headline":"La Journ\u00e9e li\u00e9geoise du Cin\u00e9ma","datePublished":"2012-11-19T05:25:51+00:00","dateModified":"2012-11-06T12:33:37+00:00","mainEntityOfPage":{"@id":"https:\/\/welovecinema.be\/fr\/la-journee-liegeoise-du-cinema\/"},"wordCount":236,"publisher":{"@id":"https:\/\/welovecinema.be\/nl\/#organization"},"articleSection":["Coming soon","News"],"inLanguage":"fr-FR"},{"@type":"WebPage","@id":"https:\/\/welovecinema.be\/fr\/la-journee-liegeoise-du-cinema\/","url":"https:\/\/welovecinema.be\/fr\/la-journee-liegeoise-du-cinema\/","name":"La Journ\u00e9e li\u00e9geoise du Cin\u00e9ma - We Love Cinema","isPartOf":{"@id":"https:\/\/welovecinema.be\/nl\/#website"},"datePublished":"2012-11-19T05:25:51+00:00","dateModified":"2012-11-06T12:33:37+00:00","breadcrumb":{"@id":"https:\/\/welovecinema.be\/fr\/la-journee-liegeoise-du-cinema\/#breadcrumb"},"inLanguage":"fr-FR","potentialAction":[{"@type":"ReadAction","target":["https:\/\/welovecinema.be\/fr\/la-journee-liegeoise-du-cinema\/"]}]},{"@type":"BreadcrumbList","@id":"https:\/\/welovecinema.be\/fr\/la-journee-liegeoise-du-cinema\/#breadcrumb","itemListElement":[{"@type":"ListItem","position":1,"name":"Accueil","item":"https:\/\/welovecinema.be\/fr\/"},{"@type":"ListItem","position":2,"name":"La Journ\u00e9e li\u00e9geoise du Cin\u00e9ma"}]},{"@type":"WebSite","@id":"https:\/\/welovecinema.be\/nl\/#website","url":"https:\/\/welovecinema.be\/nl\/","name":"We Love Cinema","description":"Toute l\u2019information du cin\u00e9ma en Belgique","publisher":{"@id":"https:\/\/welovecinema.be\/nl\/#organization"},"potentialAction":[{"@type":"SearchAction","target":{"@type":"EntryPoint","urlTemplate":"https:\/\/welovecinema.be\/nl\/?s={search_term_string}"},"query-input":"required name=search_term_string"}],"inLanguage":"fr-FR"},{"@type":"Organization","@id":"https:\/\/welovecinema.be\/nl\/#organization","name":"We Love Cinema","url":"https:\/\/welovecinema.be\/nl\/","logo":{"@type":"ImageObject","inLanguage":"fr-FR","@id":"https:\/\/welovecinema.be\/nl\/#\/schema\/logo\/image\/","url":"https:\/\/welovecinema.be\/wp-content\/uploads\/sites\/2\/2023\/03\/Logo-We-Love-Cinema305x128.jpg","contentUrl":"https:\/\/welovecinema.be\/wp-content\/uploads\/sites\/2\/2023\/03\/Logo-We-Love-Cinema305x128.jpg","width":305,"height":128,"caption":"We Love Cinema"},"image":{"@id":"https:\/\/welovecinema.be\/nl\/#\/schema\/logo\/image\/"},"sameAs":["https:\/\/www.facebook.com\/welovecinema.be","https:\/\/www.youtube.com\/channel\/UCX5LYGVhnKvYauW4Nta4HJA","https:\/\/www.instagram.com\/welovecinema.be\/"]},{"@type":"Person","@id":"https:\/\/welovecinema.be\/nl\/#\/schema\/person\/4b9b1d857f0943453a38a7c2859ef756","name":"Philippe.Pierquin","url":"https:\/\/welovecinema.be\/fr\/author\/philippe-pierquin\/"}]}},"_links":{"self":[{"href":"https:\/\/welovecinema.be\/fr\/wp-json\/wp\/v2\/posts\/31513","targetHints":{"allow":["GET"]}}],"collection":[{"href":"https:\/\/welovecinema.be\/fr\/wp-json\/wp\/v2\/posts"}],"about":[{"href":"https:\/\/welovecinema.be\/fr\/wp-json\/wp\/v2\/types\/post"}],"author":[{"embeddable":true,"href":"https:\/\/welovecinema.be\/fr\/wp-json\/wp\/v2\/users\/7"}],"replies":[{"embeddable":true,"href":"https:\/\/welovecinema.be\/fr\/wp-json\/wp\/v2\/comments?post=31513"}],"version-history":[{"count":0,"href":"https:\/\/welovecinema.be\/fr\/wp-json\/wp\/v2\/posts\/31513\/revisions"}],"wp:featuredmedia":[{"embeddable":true,"href":"https:\/\/welovecinema.be\/fr\/wp-json\/wp\/v2\/media\/31515"}],"wp:attachment":[{"href":"https:\/\/welovecinema.be\/fr\/wp-json\/wp\/v2\/media?parent=31513"}],"wp:term":[{"taxonomy":"category","embeddable":true,"href":"https:\/\/welovecinema.be\/fr\/wp-json\/wp\/v2\/categories?post=31513"},{"taxonomy":"post_tag","embeddable":true,"href":"https:\/\/welovecinema.be\/fr\/wp-json\/wp\/v2\/tags?post=31513"}],"curies":[{"name":"wp","href":"https:\/\/api.w.org\/{rel}","templated":true}]}}