{"id":31302,"date":"2012-11-09T05:22:46","date_gmt":"2012-11-09T05:22:46","guid":{"rendered":"http:\/\/www.cinevox.be\/?p=31302"},"modified":"2012-11-09T09:30:46","modified_gmt":"2012-11-09T09:30:46","slug":"du-soleil-a-bruxelles","status":"publish","type":"post","link":"https:\/\/welovecinema.be\/fr\/du-soleil-a-bruxelles\/","title":{"rendered":"Du soleil \u00e0 Bruxelles"},"content":{"rendered":"<p>Le 12e Festival Cin\u00e9ma M\u00e9diterran\u00e9en de Bruxelles, le Med pour les intimes, investit le Botanique du 9 au 17 novembre. Cette ann\u00e9e marque une premi\u00e8re collaboration avec Bozar Cinema. Deux s\u00e9ances seront ainsi organis\u00e9es au Palais des Beaux-Arts de Bruxelles dont la grande soir\u00e9e d&rsquo;ouverture en pr\u00e9sence de la com\u00e9dienne <strong>Lubna Azabal.<\/strong><!--more--><\/p>\n<p>&nbsp;<\/p>\n<p><a rel=\"attachment wp-att-31318\" href=\"http:\/\/www.cinevox.be\/du-soleil-a-bruxelles\/palaisouv\"><img loading=\"lazy\" decoding=\"async\" class=\"alignright size-medium wp-image-31318\" title=\"palaisouv\" src=\"http:\/\/www.cinevox.be\/wp-content\/uploads\/sites\/2\/2012\/10\/palaisouv-360x270.jpg\" alt=\"\" width=\"360\" height=\"270\" srcset=\"https:\/\/welovecinema.be\/wp-content\/uploads\/sites\/2\/2012\/10\/palaisouv-360x270.jpg 360w, https:\/\/welovecinema.be\/wp-content\/uploads\/sites\/2\/2012\/10\/palaisouv-300x225.jpg 300w, https:\/\/welovecinema.be\/wp-content\/uploads\/sites\/2\/2012\/10\/palaisouv.jpg 500w\" sizes=\"auto, (max-width: 360px) 100vw, 360px\" \/><\/a><\/p>\n<p>Le jury qui devra de d\u00e9partager les films en comp\u00e9tition sera pr\u00e9sid\u00e9 par le com\u00e9dien Serge Riaboukine. Il sera accompagn\u00e9 dans cette tache de la r\u00e9alisatrice Dima El-Horr, les r\u00e9alisateurs Philippe Faucon et Faouzi Bensaidi, le com\u00e9dien italien Stefano Cassetti ainsi que les com\u00e9diens belges, Christelle Cornil et Fabrizio Rongione.<\/p>\n<p>&nbsp;<\/p>\n<p>Le Med, c&rsquo;est aussi pr\u00e8s de 10 jours de f\u00eate et d&rsquo;\u00e9changes dans la multiculturalit\u00e9 et la bonne humeur! Le festival est\u00a0 un rendez-vous cin\u00e9ma pour d\u00e9couvrir le meilleur de la production cin\u00e9matographique actuelle des pays du sud dans une ambiance festive et chaleureuse.<\/p>\n<p>&nbsp;<\/p>\n<p>Pr\u00e8s de 70 films en provenance du bassin M\u00e9diterran\u00e9en seront pr\u00e9sent\u00e9s dans 3 salles de projection du festival (l\u2019Orangerie, la Rotonde et la Salle de Cin\u00e9ma).<\/p>\n<p>&nbsp;<\/p>\n<p><a rel=\"attachment wp-att-31315\" href=\"http:\/\/www.cinevox.be\/du-soleil-a-bruxelles\/publicouverture-pj\"><img loading=\"lazy\" decoding=\"async\" class=\"aligncenter size-full wp-image-31315\" title=\"PublicOuverture PJ\" src=\"http:\/\/www.cinevox.be\/wp-content\/uploads\/sites\/2\/2012\/10\/PublicOuverture-PJ.jpg\" alt=\"\" width=\"3008\" height=\"2000\" srcset=\"https:\/\/welovecinema.be\/wp-content\/uploads\/sites\/2\/2012\/10\/PublicOuverture-PJ.jpg 3008w, https:\/\/welovecinema.be\/wp-content\/uploads\/sites\/2\/2012\/10\/PublicOuverture-PJ-406x270.jpg 406w, https:\/\/welovecinema.be\/wp-content\/uploads\/sites\/2\/2012\/10\/PublicOuverture-PJ-800x531.jpg 800w\" sizes=\"auto, (max-width: 3008px) 100vw, 3008px\" \/><\/a><\/p>\n<p>&nbsp;<\/p>\n<p><strong>MED IN BELGIUM<\/strong><\/p>\n<p>Lors de chaque \u00e9dition, le festival souhaite mettre \u00e0 l&rsquo;avant-plan des films produits ou coproduits en F\u00e9d\u00e9ration Wallonie-Bruxelles. Ce reflet de la m\u00e9diterran\u00e9e dans le cin\u00e9ma belge, c\u2019est Med in Belgium ! Cette ann\u00e9e seize films seront pr\u00e9sents dans les diff\u00e9rentes sections.<\/p>\n<p>Tous ces films nous donnent un \u00e9clairage personnel sur la r\u00e9alit\u00e9 v\u00e9cue dans les pays m\u00e9diterran\u00e9ens par des individus qui nous font d\u00e9couvrir des parcours dont nous ignorons souvent l&rsquo;existence et les difficult\u00e9s.<\/p>\n<p>&nbsp;<\/p>\n<p><a rel=\"attachment wp-att-31320\" href=\"http:\/\/www.cinevox.be\/du-soleil-a-bruxelles\/au-cul-du-loup-3-4\"><img loading=\"lazy\" decoding=\"async\" class=\"aligncenter size-full wp-image-31320\" title=\"Au cul du loup (3)\" src=\"http:\/\/www.cinevox.be\/wp-content\/uploads\/sites\/2\/2012\/10\/Au-cul-du-loup-3.jpg\" alt=\"\" width=\"1872\" height=\"801\" srcset=\"https:\/\/welovecinema.be\/wp-content\/uploads\/sites\/2\/2012\/10\/Au-cul-du-loup-3.jpg 1872w, https:\/\/welovecinema.be\/wp-content\/uploads\/sites\/2\/2012\/10\/Au-cul-du-loup-3-480x205.jpg 480w, https:\/\/welovecinema.be\/wp-content\/uploads\/sites\/2\/2012\/10\/Au-cul-du-loup-3-800x342.jpg 800w\" sizes=\"auto, (max-width: 1872px) 100vw, 1872px\" \/><\/a><\/p>\n<p>&nbsp;<\/p>\n<p>Aparici\u00f3n de M\u00e9ryl Fortunat-Rossi (H\u00e9licotronc) &gt;&gt; COURT-METRAGE<\/p>\n<p>Sidewalk de Binevsa Berivan (RTBF) &gt;&gt; COURT-METRAGE<\/p>\n<p>Rafi de Sandra Fassio (Neon Rouge Production) &gt;&gt; COURT-METRAGE<\/p>\n<p>Les Chevaux de Dieu de Nabil Ayouch (YC Aligator Film) &gt;&gt; COMP\u00c9TITION OFFICIELLE<\/p>\n<p>Au cul du loup (photo) de Pierre Duculot (Need Production &#8211; U Film) &gt;&gt; PANORAMA<\/p>\n<p>Louves (Entre Chien et Loup) &gt;&gt; PANORAMA<\/p>\n<p>Le Cochon de Gaza (Saga Film) &gt;&gt; PANORAMA<\/p>\n<p>Le Tableau de Jean-Fran\u00e7ois\u00a0 Laguionie\u00a0 (RTBF\u00a0 &#8211; Sinematik\u00a0 &#8211; U Film) &gt;&gt; SCOLAIRE<\/p>\n<p>Zarafa de R\u00e9mi Bezan\u00e7on et Jean-Christophe Lie\u00a0 (Scope Pictures)\u00a0 &gt;&gt; SCOLAIRE<\/p>\n<p>Une Vie de chat (Lunanime &#8211; RTBF) &gt;&gt; SCOLAIRE<\/p>\n<p>Le Th\u00e9 ou l&rsquo;\u00e9lectricit\u00e9 de J\u00e9r\u00f4me Le Maire (Iota Production) &gt;&gt; MEDOC<\/p>\n<p>Hymen national de\u00a0 Jamel Mokni\u00a0 (CBA\u00a0 &#8211; A bout de souffle\u00a0 Production)\u00a0 &gt;&gt; MEDOC<\/p>\n<p>La S\u00e9sint\u00e9gration de\u00a0 Philippe Faucon\u00a0 (U Film\u00a0 &#8211; Dragons Film)\u00a0 &gt;&gt; PANORAMA<\/p>\n<p>Mort \u00e0 vendre de Faouzi Bensa\u00efdi (Entre Chien et Loup) &gt;&gt; PANORAMA<\/p>\n<p>Ali Aarrass, pour l&rsquo;exemple de Mohamed Ouachen (Mohamed Ouachen) &gt;&gt; MEDOC<\/p>\n<p>Ibn Khaldun de Chergui Kharroubi (Chergui Kharroubi) &gt;&gt; MEDOC<\/p>\n<p>&nbsp;<\/p>\n<p>&nbsp;<\/p>\n<p><strong>SECTIONS ET COMP\u00c9TITIONS<\/strong><\/p>\n<p>Les longs m\u00e9trages de fiction repr\u00e9sentatifs de la production des pays m\u00e9diterran\u00e9ens sont en lice pour l\u2019attribution du Grand Prix et du Prix Sp\u00e9cial. Ils nous feront voyager du Palerme des ann\u00e9es 70 aux plaines du Maroc, en passant par la France, l&rsquo;Alg\u00e9rie, Isra\u00ebl ou encore la Croatie pour ne citer qu\u2019eux. Un prix Cineuropa sera \u00e9galement remis cette ann\u00e9e par un jury sp\u00e9cial.<\/p>\n<p>&nbsp;<\/p>\n<p>&nbsp;<\/p>\n<p><a rel=\"attachment wp-att-31316\" href=\"http:\/\/www.cinevox.be\/du-soleil-a-bruxelles\/fouleserres_mohs\"><img loading=\"lazy\" decoding=\"async\" class=\"aligncenter size-full wp-image-31316\" title=\"Fouleserres_mohs\" src=\"http:\/\/www.cinevox.be\/wp-content\/uploads\/sites\/2\/2012\/10\/Fouleserres_mohs.jpg\" alt=\"\" width=\"3072\" height=\"2048\" srcset=\"https:\/\/welovecinema.be\/wp-content\/uploads\/sites\/2\/2012\/10\/Fouleserres_mohs.jpg 3072w, https:\/\/welovecinema.be\/wp-content\/uploads\/sites\/2\/2012\/10\/Fouleserres_mohs-405x270.jpg 405w, https:\/\/welovecinema.be\/wp-content\/uploads\/sites\/2\/2012\/10\/Fouleserres_mohs-800x533.jpg 800w\" sizes=\"auto, (max-width: 3072px) 100vw, 3072px\" \/><\/a><\/p>\n<p>&nbsp;<\/p>\n<p>La section Panorama propose une s\u00e9lection de longs m\u00e9trages de fiction r\u00e9alis\u00e9s au cours des deux derni\u00e8res ann\u00e9es. Une s\u00e9lection \u00e9clectique et vari\u00e9e, \u00e0 l\u2019image d\u2019une r\u00e9gion riche de sa diversit\u00e9. Ce sera \u00e9galement l\u2019occasion de voir ou revoir certains films m\u00e9diterran\u00e9ens de qualit\u00e9 sortis trop bri\u00e8vement ces derniers mois sur les \u00e9crans bruxellois.<\/p>\n<p>&nbsp;<\/p>\n<p>Une section MeDoc, avec un \u00e9ventail de films documentaires abordant avec conviction les diff\u00e9rents aspects sociaux et culturels des pays m\u00e9diterran\u00e9ens. Certains de ceux-ci seront suivis de d\u00e9bats, t\u00e9moignages ou rencontres avec les r\u00e9alisateurs.<\/p>\n<p>&nbsp;<\/p>\n<p>Une section Coup de C\u0153ur Court avec le meilleur des courts m\u00e9trages m\u00e9diterran\u00e9ens r\u00e9cents dont la plupart ont \u00e9t\u00e9 prim\u00e9s dans des festivals internationaux.<\/p>\n<p>&nbsp;<\/p>\n<p>Des s\u00e9ances familiales, scolaires et associatives<\/p>\n<p>Le festival Hors les Murs (rien \u00e0 voir avec le film de David Lambert) investira \u00e9galement diff\u00e9rents lieux \u00e0 Bruxelles et en Wallonie pour proposer une s\u00e9rie de films et d\u2019animations.<\/p>\n<p>&nbsp;<\/p>\n<p>Cinema Italia: le cin\u00e9ma italien nous a fait et nous fera encore longtemps r\u00eaver. Vu l\u2019ampleur de la production italienne, le festival a d\u00e9cid\u00e9 de donner un coup de projecteur sur ce pays afin de mettre en valeur la cr\u00e9ativit\u00e9 et la vitalit\u00e9 du cin\u00e9ma italien d\u2019aujourd\u2019hui.<\/p>\n<p>&nbsp;<\/p>\n<p>&nbsp;<\/p>\n<p><strong>ANIMATIONS<\/strong><\/p>\n<p>Autour du festival, on notera cette ann\u00e9e encore des concerts d\u00e9ambulatoires au tempo ensoleill\u00e9 feront monter la temp\u00e9rature dans les serres, l\u2019occasion pour tous de se retrouver dans une atmosph\u00e8re conviviale et chaleureuse.<\/p>\n<p>&nbsp;<\/p>\n<p><a rel=\"attachment wp-att-31317\" href=\"http:\/\/www.cinevox.be\/du-soleil-a-bruxelles\/botanique_joe\"><img loading=\"lazy\" decoding=\"async\" class=\"aligncenter size-full wp-image-31317\" title=\"Botanique_Joe\" src=\"http:\/\/www.cinevox.be\/wp-content\/uploads\/sites\/2\/2012\/10\/Botanique_Joe.jpg\" alt=\"\" width=\"3010\" height=\"2000\" srcset=\"https:\/\/welovecinema.be\/wp-content\/uploads\/sites\/2\/2012\/10\/Botanique_Joe.jpg 3010w, https:\/\/welovecinema.be\/wp-content\/uploads\/sites\/2\/2012\/10\/Botanique_Joe-406x270.jpg 406w, https:\/\/welovecinema.be\/wp-content\/uploads\/sites\/2\/2012\/10\/Botanique_Joe-800x531.jpg 800w\" sizes=\"auto, (max-width: 3010px) 100vw, 3010px\" \/><\/a><\/p>\n<p>&nbsp;<\/p>\n<p>Le Botanique se parera des sons et des couleurs de la M\u00e9diterran\u00e9e pour quelques soir\u00e9es piment\u00e9es au convivial Club Mediterran\u00e9o\u2026 \u00c0 \u00e9couter, m\u00e9diter ou danser entre passion Flamenco, euphorie \u00e9lectro, hyst\u00e9rie balkanique ou encore arabo andalouse\u2026 ambiance caliente !<\/p>\n<p>&nbsp;<\/p>\n<p>Pendant tout le festival, des \u00e9choppes vous proposeront un panel de la gastronomie orientale (miam miam) : th\u00e9 \u00e0 la menthe, p\u00e2tisseries, briks et briouates ainsi que des richesses artisanales du bassin m\u00e9diterran\u00e9en : tatouage au henn\u00e9, fabrication d\u2019objets traditionnels, calligraphie.<\/p>\n<p>&nbsp;<\/p>\n<p>Divers stands de sp\u00e9cialit\u00e9s culinaires de la M\u00e9diterran\u00e9e et possibilit\u00e9 de se restaurer au Caf\u00e9 Bota.<\/p>\n<p>&nbsp;<\/p>\n<p><strong>INFOS PRATIQUES<\/strong><\/p>\n<p>&nbsp;<\/p>\n<p><a rel=\"attachment wp-att-31314\" href=\"http:\/\/www.cinevox.be\/du-soleil-a-bruxelles\/2012-10-29_12h01_56-2\"><img loading=\"lazy\" decoding=\"async\" class=\"alignright size-large wp-image-31314\" title=\"2012-10-29_12h01_56\" src=\"http:\/\/www.cinevox.be\/wp-content\/uploads\/sites\/2\/2012\/10\/2012-10-29_12h01_561-403x600.jpg\" alt=\"\" width=\"403\" height=\"600\" srcset=\"https:\/\/welovecinema.be\/wp-content\/uploads\/sites\/2\/2012\/10\/2012-10-29_12h01_561-403x600.jpg 403w, https:\/\/welovecinema.be\/wp-content\/uploads\/sites\/2\/2012\/10\/2012-10-29_12h01_561-181x270.jpg 181w, https:\/\/welovecinema.be\/wp-content\/uploads\/sites\/2\/2012\/10\/2012-10-29_12h01_561-145x215.jpg 145w, https:\/\/welovecinema.be\/wp-content\/uploads\/sites\/2\/2012\/10\/2012-10-29_12h01_561.jpg 606w\" sizes=\"auto, (max-width: 403px) 100vw, 403px\" \/><\/a><\/p>\n<p>L\u2019int\u00e9gralit\u00e9 de la programmation ainsi que des extraits de films seront disponibles sur <a href=\"http:\/\/www.cinenamed.be\/\">le site internet<\/a> du festival d\u00e8s le 18 octobre. Il sera mis \u00e0 jour r\u00e9guli\u00e8rement pendant le festival.<\/p>\n<p>&nbsp;<\/p>\n<p>Acc\u00e8s au festival:<\/p>\n<p>&nbsp;<\/p>\n<p>Centre Culturel Le Botanique (3 salles de projection)<\/p>\n<p>236, rue Royale &#8211; 1210 Bruxelles<\/p>\n<p>&nbsp;<\/p>\n<p>M\u00e9tro: Lignes 2 et 6 (Station Botanique)<\/p>\n<p>Trams: 92-94 \u2022 Bus : 61-65-66 \u2022 De Lijn : 270-271-272-358<\/p>\n<p>&nbsp;<\/p>\n<p>Parking Traversi\u00e8re \u00e0 2 pas du botanique (17, Rue Traversi\u00e8re &#8211; 1210 Bruxelles).<\/p>\n<p>&nbsp;<\/p>\n<p>&nbsp;<\/p>\n<p>Festival Hors Les murs:<\/p>\n<p>Pour cette 12\u00e8me \u00e9dition, le festival \u00e9largira sa programmation \u00e0 divers lieux:<\/p>\n<p>&nbsp;<\/p>\n<p>Palais des Beaux-Arts de Bruxelles: film d&rsquo;ouverture et projection du film \u00ab\u00a0Les Chevaux de Dieux\u00a0\u00bb.<\/p>\n<p>A la Cinematek: R\u00e9trospective Faouzi Bensa\u00efdi.<\/p>\n<p>Centre culturel Le Fourquet (place de l&rsquo;Eglise 15 &#8211; 1082 Bruxelles)<\/p>\n<p>De Pianofabriek (rue du Fort 35 &#8211; 1060 Bruxelles)<\/p>\n<p>Cin\u00e9ma l&rsquo;Ecran &#8211; rue du Gouvernement &#8211; 7800 Ath<\/p>\n<p>&nbsp;<\/p>\n<p>Prix des places:<\/p>\n<p>Soir\u00e9e d\u2019ouverture: 10\u20ac (cocktail &amp; musique inclus)<\/p>\n<p>Soir\u00e9e de cl\u00f4ture: 8\u20ac (cocktail &amp; musique inclus)<\/p>\n<p>Fictions: 5\u20ac<\/p>\n<p>Tarif r\u00e9duit fictions: 4\u20ac (-25 ans, +60 ans, demandeurs d\u2019emploi et moins valides)<\/p>\n<p>Documentaires\u00a0 \/ S\u00e9ance senior \/ s\u00e9ance famille: 3\u20ac (tarif unique)<\/p>\n<p>\u00ab Article 27 \u00bb accept\u00e9 (sauf soir\u00e9es d\u2019ouverture et de cl\u00f4ture)<\/p>\n<p>Pass Cin\u00e9mamed au prix de 20 \u20ac les 5 films (ou pour 5 personnes). Non valable pour les soir\u00e9es d\u2019ouverture et de cl\u00f4ture, Bozar et Cinematek !<\/p>\n<p>&nbsp;<\/p>\n<p>Vous pouvez acheter vos tickets en pr\u00e9vente au Botanique \u00e0 partir du 29 octobre 2012 de 11h \u00e0 18h (semaine) et de 12h \u00e0 18h (le week-end). Pas de r\u00e9servation par t\u00e9l\u00e9phone. Achetez en pr\u00e9vente \u00e0 la billetterie du Palais des Beaux-Arts pour les s\u00e9ances au Bozar<\/p>\n<p>L&rsquo;achat est aussi possible en ligne via www.ticketnet.be \u00e0 partir du jeudi 18 octobre 2012.<\/p>\n<p>&nbsp;<\/p>\n<p>&nbsp;<\/p>\n<p>&nbsp;<\/p>\n","protected":false},"excerpt":{"rendered":"<p>Le 12e Festival Cin\u00e9ma M\u00e9diterran\u00e9en de Bruxelles, le Med pour les intimes, investit le Botanique du 9 au 17 novembre. Cette ann\u00e9e marque une premi\u00e8re collaboration avec Bozar Cinema. Deux s\u00e9ances seront ainsi organis\u00e9es au Palais des Beaux-Arts de Bruxelles dont la grande soir\u00e9e d&rsquo;ouverture en pr\u00e9sence de la com\u00e9dienne Lubna Azabal.<\/p>\n","protected":false},"author":7,"featured_media":31329,"comment_status":"closed","ping_status":"closed","sticky":false,"template":"","format":"standard","meta":{"ngg_post_thumbnail":0,"footnotes":""},"categories":[10,7],"tags":[],"class_list":["post-31302","post","type-post","status-publish","format-standard","has-post-thumbnail","","category-a-l-affiche","category-actualites"],"yoast_head":"<!-- This site is optimized with the Yoast SEO plugin v20.4 - https:\/\/yoast.com\/wordpress\/plugins\/seo\/ -->\n<title>Du soleil \u00e0 Bruxelles - We Love Cinema<\/title>\n<meta name=\"robots\" content=\"index, follow, max-snippet:-1, max-image-preview:large, max-video-preview:-1\" \/>\n<link rel=\"canonical\" href=\"https:\/\/welovecinema.be\/fr\/du-soleil-a-bruxelles\/\" \/>\n<meta property=\"og:locale\" content=\"fr_FR\" \/>\n<meta property=\"og:type\" content=\"article\" \/>\n<meta property=\"og:title\" content=\"Du soleil \u00e0 Bruxelles - We Love Cinema\" \/>\n<meta property=\"og:description\" content=\"Le 12e Festival Cin\u00e9ma M\u00e9diterran\u00e9en de Bruxelles, le Med pour les intimes, investit le Botanique du 9 au 17 novembre. Cette ann\u00e9e marque une premi\u00e8re collaboration avec Bozar Cinema. Deux s\u00e9ances seront ainsi organis\u00e9es au Palais des Beaux-Arts de Bruxelles dont la grande soir\u00e9e d&rsquo;ouverture en pr\u00e9sence de la com\u00e9dienne Lubna Azabal.\" \/>\n<meta property=\"og:url\" content=\"https:\/\/welovecinema.be\/fr\/du-soleil-a-bruxelles\/\" \/>\n<meta property=\"og:site_name\" content=\"We Love Cinema\" \/>\n<meta property=\"article:publisher\" content=\"https:\/\/www.facebook.com\/welovecinema.be\" \/>\n<meta property=\"article:published_time\" content=\"2012-11-09T05:22:46+00:00\" \/>\n<meta property=\"article:modified_time\" content=\"2012-11-09T09:30:46+00:00\" \/>\n<meta property=\"og:image\" content=\"https:\/\/welovecinema.be\/wp-content\/uploads\/sites\/2\/2012\/10\/Cinemamed_logo.jpg\" \/>\n\t<meta property=\"og:image:width\" content=\"1856\" \/>\n\t<meta property=\"og:image:height\" content=\"936\" \/>\n\t<meta property=\"og:image:type\" content=\"image\/jpeg\" \/>\n<meta name=\"author\" content=\"Philippe.Pierquin\" \/>\n<meta name=\"twitter:card\" content=\"summary_large_image\" \/>\n<meta name=\"twitter:label1\" content=\"\u00c9crit par\" \/>\n\t<meta name=\"twitter:data1\" content=\"Philippe.Pierquin\" \/>\n\t<meta name=\"twitter:label2\" content=\"Dur\u00e9e de lecture estim\u00e9e\" \/>\n\t<meta name=\"twitter:data2\" content=\"6 minutes\" \/>\n<script type=\"application\/ld+json\" class=\"yoast-schema-graph\">{\"@context\":\"https:\/\/schema.org\",\"@graph\":[{\"@type\":\"Article\",\"@id\":\"https:\/\/welovecinema.be\/fr\/du-soleil-a-bruxelles\/#article\",\"isPartOf\":{\"@id\":\"https:\/\/welovecinema.be\/fr\/du-soleil-a-bruxelles\/\"},\"author\":{\"name\":\"Philippe.Pierquin\",\"@id\":\"https:\/\/welovecinema.be\/nl\/#\/schema\/person\/4b9b1d857f0943453a38a7c2859ef756\"},\"headline\":\"Du soleil \u00e0 Bruxelles\",\"datePublished\":\"2012-11-09T05:22:46+00:00\",\"dateModified\":\"2012-11-09T09:30:46+00:00\",\"mainEntityOfPage\":{\"@id\":\"https:\/\/welovecinema.be\/fr\/du-soleil-a-bruxelles\/\"},\"wordCount\":1273,\"publisher\":{\"@id\":\"https:\/\/welovecinema.be\/nl\/#organization\"},\"articleSection\":[\"A l'affiche\",\"News\"],\"inLanguage\":\"fr-FR\"},{\"@type\":\"WebPage\",\"@id\":\"https:\/\/welovecinema.be\/fr\/du-soleil-a-bruxelles\/\",\"url\":\"https:\/\/welovecinema.be\/fr\/du-soleil-a-bruxelles\/\",\"name\":\"Du soleil \u00e0 Bruxelles - We Love Cinema\",\"isPartOf\":{\"@id\":\"https:\/\/welovecinema.be\/nl\/#website\"},\"datePublished\":\"2012-11-09T05:22:46+00:00\",\"dateModified\":\"2012-11-09T09:30:46+00:00\",\"breadcrumb\":{\"@id\":\"https:\/\/welovecinema.be\/fr\/du-soleil-a-bruxelles\/#breadcrumb\"},\"inLanguage\":\"fr-FR\",\"potentialAction\":[{\"@type\":\"ReadAction\",\"target\":[\"https:\/\/welovecinema.be\/fr\/du-soleil-a-bruxelles\/\"]}]},{\"@type\":\"BreadcrumbList\",\"@id\":\"https:\/\/welovecinema.be\/fr\/du-soleil-a-bruxelles\/#breadcrumb\",\"itemListElement\":[{\"@type\":\"ListItem\",\"position\":1,\"name\":\"Accueil\",\"item\":\"https:\/\/welovecinema.be\/fr\/\"},{\"@type\":\"ListItem\",\"position\":2,\"name\":\"Du soleil \u00e0 Bruxelles\"}]},{\"@type\":\"WebSite\",\"@id\":\"https:\/\/welovecinema.be\/nl\/#website\",\"url\":\"https:\/\/welovecinema.be\/nl\/\",\"name\":\"We Love Cinema\",\"description\":\"Toute l\u2019information du cin\u00e9ma en Belgique\",\"publisher\":{\"@id\":\"https:\/\/welovecinema.be\/nl\/#organization\"},\"potentialAction\":[{\"@type\":\"SearchAction\",\"target\":{\"@type\":\"EntryPoint\",\"urlTemplate\":\"https:\/\/welovecinema.be\/nl\/?s={search_term_string}\"},\"query-input\":\"required name=search_term_string\"}],\"inLanguage\":\"fr-FR\"},{\"@type\":\"Organization\",\"@id\":\"https:\/\/welovecinema.be\/nl\/#organization\",\"name\":\"We Love Cinema\",\"url\":\"https:\/\/welovecinema.be\/nl\/\",\"logo\":{\"@type\":\"ImageObject\",\"inLanguage\":\"fr-FR\",\"@id\":\"https:\/\/welovecinema.be\/nl\/#\/schema\/logo\/image\/\",\"url\":\"https:\/\/welovecinema.be\/wp-content\/uploads\/sites\/2\/2023\/03\/Logo-We-Love-Cinema305x128.jpg\",\"contentUrl\":\"https:\/\/welovecinema.be\/wp-content\/uploads\/sites\/2\/2023\/03\/Logo-We-Love-Cinema305x128.jpg\",\"width\":305,\"height\":128,\"caption\":\"We Love Cinema\"},\"image\":{\"@id\":\"https:\/\/welovecinema.be\/nl\/#\/schema\/logo\/image\/\"},\"sameAs\":[\"https:\/\/www.facebook.com\/welovecinema.be\",\"https:\/\/www.youtube.com\/channel\/UCX5LYGVhnKvYauW4Nta4HJA\",\"https:\/\/www.instagram.com\/welovecinema.be\/\"]},{\"@type\":\"Person\",\"@id\":\"https:\/\/welovecinema.be\/nl\/#\/schema\/person\/4b9b1d857f0943453a38a7c2859ef756\",\"name\":\"Philippe.Pierquin\",\"url\":\"https:\/\/welovecinema.be\/fr\/author\/philippe-pierquin\/\"}]}<\/script>\n<!-- \/ Yoast SEO plugin. -->","yoast_head_json":{"title":"Du soleil \u00e0 Bruxelles - We Love Cinema","robots":{"index":"index","follow":"follow","max-snippet":"max-snippet:-1","max-image-preview":"max-image-preview:large","max-video-preview":"max-video-preview:-1"},"canonical":"https:\/\/welovecinema.be\/fr\/du-soleil-a-bruxelles\/","og_locale":"fr_FR","og_type":"article","og_title":"Du soleil \u00e0 Bruxelles - We Love Cinema","og_description":"Le 12e Festival Cin\u00e9ma M\u00e9diterran\u00e9en de Bruxelles, le Med pour les intimes, investit le Botanique du 9 au 17 novembre. Cette ann\u00e9e marque une premi\u00e8re collaboration avec Bozar Cinema. Deux s\u00e9ances seront ainsi organis\u00e9es au Palais des Beaux-Arts de Bruxelles dont la grande soir\u00e9e d&rsquo;ouverture en pr\u00e9sence de la com\u00e9dienne Lubna Azabal.","og_url":"https:\/\/welovecinema.be\/fr\/du-soleil-a-bruxelles\/","og_site_name":"We Love Cinema","article_publisher":"https:\/\/www.facebook.com\/welovecinema.be","article_published_time":"2012-11-09T05:22:46+00:00","article_modified_time":"2012-11-09T09:30:46+00:00","og_image":[{"width":"1856","height":"936","url":"https:\/\/welovecinema.be\/wp-content\/uploads\/sites\/2\/2012\/10\/Cinemamed_logo.jpg","type":"image\/jpeg"}],"author":"Philippe.Pierquin","twitter_card":"summary_large_image","twitter_misc":{"\u00c9crit par":"Philippe.Pierquin","Dur\u00e9e de lecture estim\u00e9e":"6 minutes"},"schema":{"@context":"https:\/\/schema.org","@graph":[{"@type":"Article","@id":"https:\/\/welovecinema.be\/fr\/du-soleil-a-bruxelles\/#article","isPartOf":{"@id":"https:\/\/welovecinema.be\/fr\/du-soleil-a-bruxelles\/"},"author":{"name":"Philippe.Pierquin","@id":"https:\/\/welovecinema.be\/nl\/#\/schema\/person\/4b9b1d857f0943453a38a7c2859ef756"},"headline":"Du soleil \u00e0 Bruxelles","datePublished":"2012-11-09T05:22:46+00:00","dateModified":"2012-11-09T09:30:46+00:00","mainEntityOfPage":{"@id":"https:\/\/welovecinema.be\/fr\/du-soleil-a-bruxelles\/"},"wordCount":1273,"publisher":{"@id":"https:\/\/welovecinema.be\/nl\/#organization"},"articleSection":["A l'affiche","News"],"inLanguage":"fr-FR"},{"@type":"WebPage","@id":"https:\/\/welovecinema.be\/fr\/du-soleil-a-bruxelles\/","url":"https:\/\/welovecinema.be\/fr\/du-soleil-a-bruxelles\/","name":"Du soleil \u00e0 Bruxelles - We Love Cinema","isPartOf":{"@id":"https:\/\/welovecinema.be\/nl\/#website"},"datePublished":"2012-11-09T05:22:46+00:00","dateModified":"2012-11-09T09:30:46+00:00","breadcrumb":{"@id":"https:\/\/welovecinema.be\/fr\/du-soleil-a-bruxelles\/#breadcrumb"},"inLanguage":"fr-FR","potentialAction":[{"@type":"ReadAction","target":["https:\/\/welovecinema.be\/fr\/du-soleil-a-bruxelles\/"]}]},{"@type":"BreadcrumbList","@id":"https:\/\/welovecinema.be\/fr\/du-soleil-a-bruxelles\/#breadcrumb","itemListElement":[{"@type":"ListItem","position":1,"name":"Accueil","item":"https:\/\/welovecinema.be\/fr\/"},{"@type":"ListItem","position":2,"name":"Du soleil \u00e0 Bruxelles"}]},{"@type":"WebSite","@id":"https:\/\/welovecinema.be\/nl\/#website","url":"https:\/\/welovecinema.be\/nl\/","name":"We Love Cinema","description":"Toute l\u2019information du cin\u00e9ma en Belgique","publisher":{"@id":"https:\/\/welovecinema.be\/nl\/#organization"},"potentialAction":[{"@type":"SearchAction","target":{"@type":"EntryPoint","urlTemplate":"https:\/\/welovecinema.be\/nl\/?s={search_term_string}"},"query-input":"required name=search_term_string"}],"inLanguage":"fr-FR"},{"@type":"Organization","@id":"https:\/\/welovecinema.be\/nl\/#organization","name":"We Love Cinema","url":"https:\/\/welovecinema.be\/nl\/","logo":{"@type":"ImageObject","inLanguage":"fr-FR","@id":"https:\/\/welovecinema.be\/nl\/#\/schema\/logo\/image\/","url":"https:\/\/welovecinema.be\/wp-content\/uploads\/sites\/2\/2023\/03\/Logo-We-Love-Cinema305x128.jpg","contentUrl":"https:\/\/welovecinema.be\/wp-content\/uploads\/sites\/2\/2023\/03\/Logo-We-Love-Cinema305x128.jpg","width":305,"height":128,"caption":"We Love Cinema"},"image":{"@id":"https:\/\/welovecinema.be\/nl\/#\/schema\/logo\/image\/"},"sameAs":["https:\/\/www.facebook.com\/welovecinema.be","https:\/\/www.youtube.com\/channel\/UCX5LYGVhnKvYauW4Nta4HJA","https:\/\/www.instagram.com\/welovecinema.be\/"]},{"@type":"Person","@id":"https:\/\/welovecinema.be\/nl\/#\/schema\/person\/4b9b1d857f0943453a38a7c2859ef756","name":"Philippe.Pierquin","url":"https:\/\/welovecinema.be\/fr\/author\/philippe-pierquin\/"}]}},"_links":{"self":[{"href":"https:\/\/welovecinema.be\/fr\/wp-json\/wp\/v2\/posts\/31302","targetHints":{"allow":["GET"]}}],"collection":[{"href":"https:\/\/welovecinema.be\/fr\/wp-json\/wp\/v2\/posts"}],"about":[{"href":"https:\/\/welovecinema.be\/fr\/wp-json\/wp\/v2\/types\/post"}],"author":[{"embeddable":true,"href":"https:\/\/welovecinema.be\/fr\/wp-json\/wp\/v2\/users\/7"}],"replies":[{"embeddable":true,"href":"https:\/\/welovecinema.be\/fr\/wp-json\/wp\/v2\/comments?post=31302"}],"version-history":[{"count":0,"href":"https:\/\/welovecinema.be\/fr\/wp-json\/wp\/v2\/posts\/31302\/revisions"}],"wp:featuredmedia":[{"embeddable":true,"href":"https:\/\/welovecinema.be\/fr\/wp-json\/wp\/v2\/media\/31329"}],"wp:attachment":[{"href":"https:\/\/welovecinema.be\/fr\/wp-json\/wp\/v2\/media?parent=31302"}],"wp:term":[{"taxonomy":"category","embeddable":true,"href":"https:\/\/welovecinema.be\/fr\/wp-json\/wp\/v2\/categories?post=31302"},{"taxonomy":"post_tag","embeddable":true,"href":"https:\/\/welovecinema.be\/fr\/wp-json\/wp\/v2\/tags?post=31302"}],"curies":[{"name":"wp","href":"https:\/\/api.w.org\/{rel}","templated":true}]}}