{"id":28765,"date":"2012-09-18T16:15:58","date_gmt":"2012-09-18T16:15:58","guid":{"rendered":"http:\/\/www.cinevox.be\/?p=28765"},"modified":"2013-04-24T12:41:30","modified_gmt":"2013-04-24T12:41:30","slug":"cinevox-au-fiff-une-edition-speciale-du-grand-ecran","status":"publish","type":"post","link":"https:\/\/welovecinema.be\/fr\/cinevox-au-fiff-une-edition-speciale-du-grand-ecran\/","title":{"rendered":"Cinevox au FIFF &#8211; Grand Ecran, \u00e9dition sp\u00e9ciale!"},"content":{"rendered":"<p>C&rsquo;est une premi\u00e8re et elle nous fait tr\u00e8s plaisir:<strong> Cinevox<\/strong> sera, pour la premi\u00e8re fois, un des principaux partenaires du FIFF. Concr\u00e8tement, cela signifie que Cinevox est associ\u00e9 \u00e0 la communication de l&rsquo;\u00e9v\u00e8nement et qu&rsquo;un spot reprenant quelques-uns des moments les plus marquants de nos Grands \u00c9crans\u00a02011\/2012 sera diffus\u00e9 dans toutes les salles namuroises, avant chaque projection officielle.<\/p>\n<p><!--more--><\/p>\n<p>Comme l&rsquo;an dernier, nous assurerons aussi une couverture compl\u00e8te du festival \u00e0 travers tous ses temps forts belges puisque telles sont notre nature et notre passion. Et puis, surtout, un prix Cinevox consacrera le meilleur long m\u00e9trage belge de la manifestation.<\/p>\n<p>&nbsp;<\/p>\n<p>Article complet \u00e0 lire <a href=\"http:\/\/www.cinevox.be\/cinevox-partenaire-du-fiff\/\" target=\"_blank\">ICI<\/a><\/p>\n<p>&nbsp;<\/p>\n","protected":false},"excerpt":{"rendered":"<p>C&rsquo;est une premi\u00e8re et elle nous fait tr\u00e8s plaisir: Cinevox sera, pour la premi\u00e8re fois, un des principaux partenaires du FIFF. Concr\u00e8tement, cela signifie que Cinevox est associ\u00e9 \u00e0 la communication de l&rsquo;\u00e9v\u00e8nement et qu&rsquo;un spot reprenant quelques-uns des moments les plus marquants de nos Grands \u00c9crans\u00a02011\/2012 sera diffus\u00e9 dans toutes les salles namuroises, avant &hellip;<\/p>\n","protected":false},"author":7,"featured_media":28766,"comment_status":"closed","ping_status":"closed","sticky":false,"template":"","format":"standard","meta":{"ngg_post_thumbnail":0,"footnotes":""},"categories":[53],"tags":[],"class_list":["post-28765","post","type-post","status-publish","format-standard","has-post-thumbnail","","category-coming-soon"],"yoast_head":"<!-- This site is optimized with the Yoast SEO plugin v20.4 - https:\/\/yoast.com\/wordpress\/plugins\/seo\/ -->\n<title>Cinevox au FIFF - Grand Ecran, \u00e9dition sp\u00e9ciale! - We Love Cinema<\/title>\n<meta name=\"robots\" content=\"index, follow, max-snippet:-1, max-image-preview:large, max-video-preview:-1\" \/>\n<link rel=\"canonical\" href=\"https:\/\/welovecinema.be\/fr\/cinevox-au-fiff-une-edition-speciale-du-grand-ecran\/\" \/>\n<meta property=\"og:locale\" content=\"fr_FR\" \/>\n<meta property=\"og:type\" content=\"article\" \/>\n<meta property=\"og:title\" content=\"Cinevox au FIFF - Grand Ecran, \u00e9dition sp\u00e9ciale! - We Love Cinema\" \/>\n<meta property=\"og:description\" content=\"C&rsquo;est une premi\u00e8re et elle nous fait tr\u00e8s plaisir: Cinevox sera, pour la premi\u00e8re fois, un des principaux partenaires du FIFF. Concr\u00e8tement, cela signifie que Cinevox est associ\u00e9 \u00e0 la communication de l&rsquo;\u00e9v\u00e8nement et qu&rsquo;un spot reprenant quelques-uns des moments les plus marquants de nos Grands \u00c9crans\u00a02011\/2012 sera diffus\u00e9 dans toutes les salles namuroises, avant &hellip;\" \/>\n<meta property=\"og:url\" content=\"https:\/\/welovecinema.be\/fr\/cinevox-au-fiff-une-edition-speciale-du-grand-ecran\/\" \/>\n<meta property=\"og:site_name\" content=\"We Love Cinema\" \/>\n<meta property=\"article:publisher\" content=\"https:\/\/www.facebook.com\/welovecinema.be\" \/>\n<meta property=\"article:published_time\" content=\"2012-09-18T16:15:58+00:00\" \/>\n<meta property=\"article:modified_time\" content=\"2013-04-24T12:41:30+00:00\" \/>\n<meta property=\"og:image\" content=\"https:\/\/welovecinema.be\/wp-content\/uploads\/sites\/2\/2011\/09\/Cinevox.jpg\" \/>\n\t<meta property=\"og:image:width\" content=\"1680\" \/>\n\t<meta property=\"og:image:height\" content=\"1050\" \/>\n\t<meta property=\"og:image:type\" content=\"image\/jpeg\" \/>\n<meta name=\"author\" content=\"Philippe.Pierquin\" \/>\n<meta name=\"twitter:card\" content=\"summary_large_image\" \/>\n<meta name=\"twitter:label1\" content=\"\u00c9crit par\" \/>\n\t<meta name=\"twitter:data1\" content=\"Philippe.Pierquin\" \/>\n\t<meta name=\"twitter:label2\" content=\"Dur\u00e9e de lecture estim\u00e9e\" \/>\n\t<meta name=\"twitter:data2\" content=\"1 minute\" \/>\n<script type=\"application\/ld+json\" class=\"yoast-schema-graph\">{\"@context\":\"https:\/\/schema.org\",\"@graph\":[{\"@type\":\"Article\",\"@id\":\"https:\/\/welovecinema.be\/fr\/cinevox-au-fiff-une-edition-speciale-du-grand-ecran\/#article\",\"isPartOf\":{\"@id\":\"https:\/\/welovecinema.be\/fr\/cinevox-au-fiff-une-edition-speciale-du-grand-ecran\/\"},\"author\":{\"name\":\"Philippe.Pierquin\",\"@id\":\"https:\/\/welovecinema.be\/nl\/#\/schema\/person\/4b9b1d857f0943453a38a7c2859ef756\"},\"headline\":\"Cinevox au FIFF &#8211; Grand Ecran, \u00e9dition sp\u00e9ciale!\",\"datePublished\":\"2012-09-18T16:15:58+00:00\",\"dateModified\":\"2013-04-24T12:41:30+00:00\",\"mainEntityOfPage\":{\"@id\":\"https:\/\/welovecinema.be\/fr\/cinevox-au-fiff-une-edition-speciale-du-grand-ecran\/\"},\"wordCount\":123,\"publisher\":{\"@id\":\"https:\/\/welovecinema.be\/nl\/#organization\"},\"articleSection\":[\"Coming soon\"],\"inLanguage\":\"fr-FR\"},{\"@type\":\"WebPage\",\"@id\":\"https:\/\/welovecinema.be\/fr\/cinevox-au-fiff-une-edition-speciale-du-grand-ecran\/\",\"url\":\"https:\/\/welovecinema.be\/fr\/cinevox-au-fiff-une-edition-speciale-du-grand-ecran\/\",\"name\":\"Cinevox au FIFF - Grand Ecran, \u00e9dition sp\u00e9ciale! - We Love Cinema\",\"isPartOf\":{\"@id\":\"https:\/\/welovecinema.be\/nl\/#website\"},\"datePublished\":\"2012-09-18T16:15:58+00:00\",\"dateModified\":\"2013-04-24T12:41:30+00:00\",\"breadcrumb\":{\"@id\":\"https:\/\/welovecinema.be\/fr\/cinevox-au-fiff-une-edition-speciale-du-grand-ecran\/#breadcrumb\"},\"inLanguage\":\"fr-FR\",\"potentialAction\":[{\"@type\":\"ReadAction\",\"target\":[\"https:\/\/welovecinema.be\/fr\/cinevox-au-fiff-une-edition-speciale-du-grand-ecran\/\"]}]},{\"@type\":\"BreadcrumbList\",\"@id\":\"https:\/\/welovecinema.be\/fr\/cinevox-au-fiff-une-edition-speciale-du-grand-ecran\/#breadcrumb\",\"itemListElement\":[{\"@type\":\"ListItem\",\"position\":1,\"name\":\"Accueil\",\"item\":\"https:\/\/welovecinema.be\/fr\/\"},{\"@type\":\"ListItem\",\"position\":2,\"name\":\"Cinevox au FIFF &#8211; Grand Ecran, \u00e9dition sp\u00e9ciale!\"}]},{\"@type\":\"WebSite\",\"@id\":\"https:\/\/welovecinema.be\/nl\/#website\",\"url\":\"https:\/\/welovecinema.be\/nl\/\",\"name\":\"We Love Cinema\",\"description\":\"Toute l\u2019information du cin\u00e9ma en Belgique\",\"publisher\":{\"@id\":\"https:\/\/welovecinema.be\/nl\/#organization\"},\"potentialAction\":[{\"@type\":\"SearchAction\",\"target\":{\"@type\":\"EntryPoint\",\"urlTemplate\":\"https:\/\/welovecinema.be\/nl\/?s={search_term_string}\"},\"query-input\":\"required name=search_term_string\"}],\"inLanguage\":\"fr-FR\"},{\"@type\":\"Organization\",\"@id\":\"https:\/\/welovecinema.be\/nl\/#organization\",\"name\":\"We Love Cinema\",\"url\":\"https:\/\/welovecinema.be\/nl\/\",\"logo\":{\"@type\":\"ImageObject\",\"inLanguage\":\"fr-FR\",\"@id\":\"https:\/\/welovecinema.be\/nl\/#\/schema\/logo\/image\/\",\"url\":\"https:\/\/welovecinema.be\/wp-content\/uploads\/sites\/2\/2023\/03\/Logo-We-Love-Cinema305x128.jpg\",\"contentUrl\":\"https:\/\/welovecinema.be\/wp-content\/uploads\/sites\/2\/2023\/03\/Logo-We-Love-Cinema305x128.jpg\",\"width\":305,\"height\":128,\"caption\":\"We Love Cinema\"},\"image\":{\"@id\":\"https:\/\/welovecinema.be\/nl\/#\/schema\/logo\/image\/\"},\"sameAs\":[\"https:\/\/www.facebook.com\/welovecinema.be\",\"https:\/\/www.youtube.com\/channel\/UCX5LYGVhnKvYauW4Nta4HJA\",\"https:\/\/www.instagram.com\/welovecinema.be\/\"]},{\"@type\":\"Person\",\"@id\":\"https:\/\/welovecinema.be\/nl\/#\/schema\/person\/4b9b1d857f0943453a38a7c2859ef756\",\"name\":\"Philippe.Pierquin\",\"url\":\"https:\/\/welovecinema.be\/fr\/author\/philippe-pierquin\/\"}]}<\/script>\n<!-- \/ Yoast SEO plugin. -->","yoast_head_json":{"title":"Cinevox au FIFF - Grand Ecran, \u00e9dition sp\u00e9ciale! - We Love Cinema","robots":{"index":"index","follow":"follow","max-snippet":"max-snippet:-1","max-image-preview":"max-image-preview:large","max-video-preview":"max-video-preview:-1"},"canonical":"https:\/\/welovecinema.be\/fr\/cinevox-au-fiff-une-edition-speciale-du-grand-ecran\/","og_locale":"fr_FR","og_type":"article","og_title":"Cinevox au FIFF - Grand Ecran, \u00e9dition sp\u00e9ciale! - We Love Cinema","og_description":"C&rsquo;est une premi\u00e8re et elle nous fait tr\u00e8s plaisir: Cinevox sera, pour la premi\u00e8re fois, un des principaux partenaires du FIFF. Concr\u00e8tement, cela signifie que Cinevox est associ\u00e9 \u00e0 la communication de l&rsquo;\u00e9v\u00e8nement et qu&rsquo;un spot reprenant quelques-uns des moments les plus marquants de nos Grands \u00c9crans\u00a02011\/2012 sera diffus\u00e9 dans toutes les salles namuroises, avant &hellip;","og_url":"https:\/\/welovecinema.be\/fr\/cinevox-au-fiff-une-edition-speciale-du-grand-ecran\/","og_site_name":"We Love Cinema","article_publisher":"https:\/\/www.facebook.com\/welovecinema.be","article_published_time":"2012-09-18T16:15:58+00:00","article_modified_time":"2013-04-24T12:41:30+00:00","og_image":[{"width":"1680","height":"1050","url":"https:\/\/welovecinema.be\/wp-content\/uploads\/sites\/2\/2011\/09\/Cinevox.jpg","type":"image\/jpeg"}],"author":"Philippe.Pierquin","twitter_card":"summary_large_image","twitter_misc":{"\u00c9crit par":"Philippe.Pierquin","Dur\u00e9e de lecture estim\u00e9e":"1 minute"},"schema":{"@context":"https:\/\/schema.org","@graph":[{"@type":"Article","@id":"https:\/\/welovecinema.be\/fr\/cinevox-au-fiff-une-edition-speciale-du-grand-ecran\/#article","isPartOf":{"@id":"https:\/\/welovecinema.be\/fr\/cinevox-au-fiff-une-edition-speciale-du-grand-ecran\/"},"author":{"name":"Philippe.Pierquin","@id":"https:\/\/welovecinema.be\/nl\/#\/schema\/person\/4b9b1d857f0943453a38a7c2859ef756"},"headline":"Cinevox au FIFF &#8211; Grand Ecran, \u00e9dition sp\u00e9ciale!","datePublished":"2012-09-18T16:15:58+00:00","dateModified":"2013-04-24T12:41:30+00:00","mainEntityOfPage":{"@id":"https:\/\/welovecinema.be\/fr\/cinevox-au-fiff-une-edition-speciale-du-grand-ecran\/"},"wordCount":123,"publisher":{"@id":"https:\/\/welovecinema.be\/nl\/#organization"},"articleSection":["Coming soon"],"inLanguage":"fr-FR"},{"@type":"WebPage","@id":"https:\/\/welovecinema.be\/fr\/cinevox-au-fiff-une-edition-speciale-du-grand-ecran\/","url":"https:\/\/welovecinema.be\/fr\/cinevox-au-fiff-une-edition-speciale-du-grand-ecran\/","name":"Cinevox au FIFF - Grand Ecran, \u00e9dition sp\u00e9ciale! - We Love Cinema","isPartOf":{"@id":"https:\/\/welovecinema.be\/nl\/#website"},"datePublished":"2012-09-18T16:15:58+00:00","dateModified":"2013-04-24T12:41:30+00:00","breadcrumb":{"@id":"https:\/\/welovecinema.be\/fr\/cinevox-au-fiff-une-edition-speciale-du-grand-ecran\/#breadcrumb"},"inLanguage":"fr-FR","potentialAction":[{"@type":"ReadAction","target":["https:\/\/welovecinema.be\/fr\/cinevox-au-fiff-une-edition-speciale-du-grand-ecran\/"]}]},{"@type":"BreadcrumbList","@id":"https:\/\/welovecinema.be\/fr\/cinevox-au-fiff-une-edition-speciale-du-grand-ecran\/#breadcrumb","itemListElement":[{"@type":"ListItem","position":1,"name":"Accueil","item":"https:\/\/welovecinema.be\/fr\/"},{"@type":"ListItem","position":2,"name":"Cinevox au FIFF &#8211; Grand Ecran, \u00e9dition sp\u00e9ciale!"}]},{"@type":"WebSite","@id":"https:\/\/welovecinema.be\/nl\/#website","url":"https:\/\/welovecinema.be\/nl\/","name":"We Love Cinema","description":"Toute l\u2019information du cin\u00e9ma en Belgique","publisher":{"@id":"https:\/\/welovecinema.be\/nl\/#organization"},"potentialAction":[{"@type":"SearchAction","target":{"@type":"EntryPoint","urlTemplate":"https:\/\/welovecinema.be\/nl\/?s={search_term_string}"},"query-input":"required name=search_term_string"}],"inLanguage":"fr-FR"},{"@type":"Organization","@id":"https:\/\/welovecinema.be\/nl\/#organization","name":"We Love Cinema","url":"https:\/\/welovecinema.be\/nl\/","logo":{"@type":"ImageObject","inLanguage":"fr-FR","@id":"https:\/\/welovecinema.be\/nl\/#\/schema\/logo\/image\/","url":"https:\/\/welovecinema.be\/wp-content\/uploads\/sites\/2\/2023\/03\/Logo-We-Love-Cinema305x128.jpg","contentUrl":"https:\/\/welovecinema.be\/wp-content\/uploads\/sites\/2\/2023\/03\/Logo-We-Love-Cinema305x128.jpg","width":305,"height":128,"caption":"We Love Cinema"},"image":{"@id":"https:\/\/welovecinema.be\/nl\/#\/schema\/logo\/image\/"},"sameAs":["https:\/\/www.facebook.com\/welovecinema.be","https:\/\/www.youtube.com\/channel\/UCX5LYGVhnKvYauW4Nta4HJA","https:\/\/www.instagram.com\/welovecinema.be\/"]},{"@type":"Person","@id":"https:\/\/welovecinema.be\/nl\/#\/schema\/person\/4b9b1d857f0943453a38a7c2859ef756","name":"Philippe.Pierquin","url":"https:\/\/welovecinema.be\/fr\/author\/philippe-pierquin\/"}]}},"_links":{"self":[{"href":"https:\/\/welovecinema.be\/fr\/wp-json\/wp\/v2\/posts\/28765","targetHints":{"allow":["GET"]}}],"collection":[{"href":"https:\/\/welovecinema.be\/fr\/wp-json\/wp\/v2\/posts"}],"about":[{"href":"https:\/\/welovecinema.be\/fr\/wp-json\/wp\/v2\/types\/post"}],"author":[{"embeddable":true,"href":"https:\/\/welovecinema.be\/fr\/wp-json\/wp\/v2\/users\/7"}],"replies":[{"embeddable":true,"href":"https:\/\/welovecinema.be\/fr\/wp-json\/wp\/v2\/comments?post=28765"}],"version-history":[{"count":0,"href":"https:\/\/welovecinema.be\/fr\/wp-json\/wp\/v2\/posts\/28765\/revisions"}],"wp:featuredmedia":[{"embeddable":true,"href":"https:\/\/welovecinema.be\/fr\/wp-json\/wp\/v2\/media\/28766"}],"wp:attachment":[{"href":"https:\/\/welovecinema.be\/fr\/wp-json\/wp\/v2\/media?parent=28765"}],"wp:term":[{"taxonomy":"category","embeddable":true,"href":"https:\/\/welovecinema.be\/fr\/wp-json\/wp\/v2\/categories?post=28765"},{"taxonomy":"post_tag","embeddable":true,"href":"https:\/\/welovecinema.be\/fr\/wp-json\/wp\/v2\/tags?post=28765"}],"curies":[{"name":"wp","href":"https:\/\/api.w.org\/{rel}","templated":true}]}}