{"id":28743,"date":"2012-09-18T15:35:06","date_gmt":"2012-09-18T15:35:06","guid":{"rendered":"http:\/\/www.cinevox.be\/?p=28743"},"modified":"2012-09-18T20:06:45","modified_gmt":"2012-09-18T20:06:45","slug":"amelie-van-elmt-ce-film-fiere","status":"publish","type":"post","link":"https:\/\/welovecinema.be\/fr\/amelie-van-elmt-ce-film-fiere\/","title":{"rendered":"Am\u00e9lie Van Elmbt : \u00ab\u00a0Ce film, j&rsquo;en suis fi\u00e8re\u00a0\u00bb."},"content":{"rendered":"<p>\u00c0 27h de la vraie grande avant-premi\u00e8re belge de <em>La T\u00eate la Premi\u00e8re<\/em>, c&rsquo;est en France qu&rsquo;on a retrouv\u00e9 <strong>Am\u00e9lie Van Elmbt<\/strong>, sa r\u00e9alisatrice. Apr\u00e8s un aller-retour au festival d&rsquo;Ostende pour une pr\u00e9sentation que toute l&rsquo;\u00e9quipe du film \u00a0a trouv\u00e9 tr\u00e8s d\u00e9cevante, la tension s&rsquo;installe doucement pour le premier vrai rendez-vous avec le public belge. Une tension positive pour un rendez-vous qui marque le d\u00e9marrage de la vie publique de ce premier long m\u00e9trage qui n&rsquo;a plus aucune chance de passer inaper\u00e7u.<!--more--><\/p>\n<p>&nbsp;<\/p>\n<p>\u00ab\u00a0Je me sens \u00e0 la fois nerveuse\u2026 et sereine\u00a0\u00bb, nous confie Am\u00e9lie. \u00ab\u00a0Nerveuse parce que les gens vont enfin d\u00e9couvrir le film alors que, jusqu&rsquo;ici, ils ont surtout entendu parler de l&rsquo;histoire assez incroyable qu&rsquo;il a v\u00e9cue, de sa fabrication presque artisanale jusqu&rsquo;au Festival de Cannes, et maintenant en vedette des Film Days, bient\u00f4t au FIFF et dans les salles. Mais je suis surtout sereine parce que je me sens vraiment tr\u00e8s bien par rapport \u00e0 ce film. Je l&rsquo;ai donc revu \u00e0 Ostende. Et m\u00eame si les circonstances \u00e9taient bizarres, et l&rsquo;ambiance plut\u00f4t tendue, j&rsquo;ai constat\u00e9 que je l&rsquo;aimais beaucoup: j&rsquo;aime l&rsquo;histoire, j&rsquo;aime les acteurs, j&rsquo;aime les personnages, j&rsquo;aime la fa\u00e7on dont il se pr\u00e9sente aujourd&rsquo;hui. \u00a0J&rsquo;en suis fi\u00e8re parce qu&rsquo;il correspond \u00e0 ce que j&rsquo;avais envie de faire et donc je suis tr\u00e8s \u00e0 l&rsquo;aise pour en parler aujourd&rsquo;hui. Pour le d\u00e9fendre, si n\u00e9cessaire.\u00a0\u00bb<\/p>\n<p>&nbsp;<\/p>\n<p><a rel=\"attachment wp-att-28744\" href=\"http:\/\/www.cinevox.be\/amelie-van-elmt-ce-film-fiere\/img_3983\/\"><img loading=\"lazy\" decoding=\"async\" class=\"alignright size-large wp-image-28744\" title=\"IMG_3983\" src=\"http:\/\/www.cinevox.be\/wp-content\/uploads\/sites\/2\/2012\/09\/IMG_3983-448x600.jpg\" alt=\"\" width=\"314\" height=\"420\" srcset=\"https:\/\/welovecinema.be\/wp-content\/uploads\/sites\/2\/2012\/09\/IMG_3983-448x600.jpg 448w, https:\/\/welovecinema.be\/wp-content\/uploads\/sites\/2\/2012\/09\/IMG_3983-201x270.jpg 201w, https:\/\/welovecinema.be\/wp-content\/uploads\/sites\/2\/2012\/09\/IMG_3983.jpg 1936w\" sizes=\"auto, (max-width: 314px) 100vw, 314px\" \/><\/a><\/p>\n<p>Depuis qu&rsquo;elle l&rsquo;a pr\u00e9sent\u00e9 \u00e0 la presse belge, puis aux festivaliers cannois dans le cadre de l&rsquo;ACID, Am\u00e9lie, qui n&rsquo;est pas l\u00e0 pour faire les choses \u00e0 moiti\u00e9, a remis l&rsquo;ouvrage sur le m\u00e9tier et retravaill\u00e9 des passages qu&rsquo;elle trouvait plus faibles, ou trop d\u00e9li\u00e9s.<\/p>\n<p>&nbsp;<\/p>\n<p>\u00ab\u00a0J&rsquo;avais envie de resserrer le propos, de ne surtout pas franchir la barri\u00e8re de l&rsquo;heure et demie. Au final, j&rsquo;ai \u00f4t\u00e9 sept ou huit minutes. C&rsquo;est peu, mais c&rsquo;est beaucoup aussi en mati\u00e8re de rythme. J&rsquo;ai eu l&rsquo;opportunit\u00e9 de travailler avec quelqu&rsquo;un que j&rsquo;admire, <strong>Fr\u00e9d\u00e9ric Fichefet<\/strong>, qui est professeur \u00e0 l&rsquo;INSAS. Il a d\u00e9j\u00e0 collabor\u00e9 avec Jacques Doillon et a une mani\u00e8re de travailler qui me pla\u00eet beaucoup. Il a analys\u00e9 le film et m&rsquo;a fait de vraies propositions, tr\u00e8s constructives. Certaines me convenaient. Il m&rsquo;a notamment persuad\u00e9 de changer la fa\u00e7on dont l&rsquo;\u00e9crivain \u00e9tait per\u00e7u dans le film. Il m&rsquo;a d\u00e9barrass\u00e9 d&rsquo;une certaine pudeur que j&rsquo;avais par rapport \u00e0 Jacques Doillon que je connais forc\u00e9ment bien pour avoir travaill\u00e9 plusieurs fois avec lui. Nous avons aussi r\u00e9introduit des plans et des dialogues, coup\u00e9 d&rsquo;autres choses. La rencontre entre David (Murgia) et Jacques (Doillon) est un peu plus longue aujourd&rsquo;hui et surtout plus dr\u00f4le, plus ironique. Et puis, surtout, j&rsquo;ai l\u00e9g\u00e8rement modifi\u00e9 la fin. Je n&rsquo;en dirai pas plus, mais \u00e7a me semble plus coh\u00e9rent ainsi. Je suis contente\u00a0\u00bb.<\/p>\n<p>&nbsp;<\/p>\n<p>Du coup, on a encore un peu plus h\u00e2te de (re)voir ce formidable film, un de nos coups de c\u0153ur de l&rsquo;ann\u00e9e. Le rendez-vous est fix\u00e9 demain \u00e0 20h au cin\u00e9ma Galeries \u00e0 Bruxelles pour l&rsquo;ouverture des Cinevox Happenings 2012. Am\u00e9lie sera accompagn\u00e9e de toute l&rsquo;\u00e9quipe technique du film et de son actrice principale <strong>Alice de Lenquesaing.<\/strong> Mais aussi, cerise sur le g\u00e2teau, du compagnon d&rsquo;Am\u00e9lie, le r\u00e9alisateur fran\u00e7ais <strong>Christophe Ruggia<\/strong>. Que du beau monde pour une soir\u00e9e qui promet d&rsquo;\u00eatre \u00e0 la fois conviviale et \u00e9mouvante.<\/p>\n<p>On vous y croise?<\/p>\n<p>&nbsp;<\/p>\n","protected":false},"excerpt":{"rendered":"<p>\u00c0 27h de la vraie grande avant-premi\u00e8re belge de La T\u00eate la Premi\u00e8re, c&rsquo;est en France qu&rsquo;on a retrouv\u00e9 Am\u00e9lie Van Elmbt, sa r\u00e9alisatrice. Apr\u00e8s un aller-retour au festival d&rsquo;Ostende pour une pr\u00e9sentation que toute l&rsquo;\u00e9quipe du film \u00a0a trouv\u00e9 tr\u00e8s d\u00e9cevante, la tension s&rsquo;installe doucement pour le premier vrai rendez-vous avec le public belge. &hellip;<\/p>\n","protected":false},"author":7,"featured_media":28746,"comment_status":"closed","ping_status":"closed","sticky":false,"template":"","format":"standard","meta":{"ngg_post_thumbnail":0,"footnotes":""},"categories":[1978],"tags":[],"class_list":["post-28743","post","type-post","status-publish","format-standard","has-post-thumbnail","","category-interviews"],"yoast_head":"<!-- This site is optimized with the Yoast SEO plugin v20.4 - https:\/\/yoast.com\/wordpress\/plugins\/seo\/ -->\n<title>Am\u00e9lie Van Elmbt : &quot;Ce film, j&#039;en suis fi\u00e8re&quot;. - We Love Cinema<\/title>\n<meta name=\"robots\" content=\"index, follow, max-snippet:-1, max-image-preview:large, max-video-preview:-1\" \/>\n<link rel=\"canonical\" href=\"https:\/\/welovecinema.be\/fr\/amelie-van-elmt-ce-film-fiere\/\" \/>\n<meta property=\"og:locale\" content=\"fr_FR\" \/>\n<meta property=\"og:type\" content=\"article\" \/>\n<meta property=\"og:title\" content=\"Am\u00e9lie Van Elmbt : &quot;Ce film, j&#039;en suis fi\u00e8re&quot;. - We Love Cinema\" \/>\n<meta property=\"og:description\" content=\"\u00c0 27h de la vraie grande avant-premi\u00e8re belge de La T\u00eate la Premi\u00e8re, c&rsquo;est en France qu&rsquo;on a retrouv\u00e9 Am\u00e9lie Van Elmbt, sa r\u00e9alisatrice. Apr\u00e8s un aller-retour au festival d&rsquo;Ostende pour une pr\u00e9sentation que toute l&rsquo;\u00e9quipe du film \u00a0a trouv\u00e9 tr\u00e8s d\u00e9cevante, la tension s&rsquo;installe doucement pour le premier vrai rendez-vous avec le public belge. &hellip;\" \/>\n<meta property=\"og:url\" content=\"https:\/\/welovecinema.be\/fr\/amelie-van-elmt-ce-film-fiere\/\" \/>\n<meta property=\"og:site_name\" content=\"We Love Cinema\" \/>\n<meta property=\"article:publisher\" content=\"https:\/\/www.facebook.com\/welovecinema.be\" \/>\n<meta property=\"article:published_time\" content=\"2012-09-18T15:35:06+00:00\" \/>\n<meta property=\"article:modified_time\" content=\"2012-09-18T20:06:45+00:00\" \/>\n<meta property=\"og:image\" content=\"https:\/\/welovecinema.be\/wp-content\/uploads\/sites\/2\/2012\/09\/Capture-d\u2019\u00e9cran-2012-05-17-\u00e0-21.53.21.png\" \/>\n\t<meta property=\"og:image:width\" content=\"601\" \/>\n\t<meta property=\"og:image:height\" content=\"399\" \/>\n\t<meta property=\"og:image:type\" content=\"image\/png\" \/>\n<meta name=\"author\" content=\"Philippe.Pierquin\" \/>\n<meta name=\"twitter:card\" content=\"summary_large_image\" \/>\n<meta name=\"twitter:label1\" content=\"\u00c9crit par\" \/>\n\t<meta name=\"twitter:data1\" content=\"Philippe.Pierquin\" \/>\n\t<meta name=\"twitter:label2\" content=\"Dur\u00e9e de lecture estim\u00e9e\" \/>\n\t<meta name=\"twitter:data2\" content=\"3 minutes\" \/>\n<script type=\"application\/ld+json\" class=\"yoast-schema-graph\">{\"@context\":\"https:\/\/schema.org\",\"@graph\":[{\"@type\":\"Article\",\"@id\":\"https:\/\/welovecinema.be\/fr\/amelie-van-elmt-ce-film-fiere\/#article\",\"isPartOf\":{\"@id\":\"https:\/\/welovecinema.be\/fr\/amelie-van-elmt-ce-film-fiere\/\"},\"author\":{\"name\":\"Philippe.Pierquin\",\"@id\":\"https:\/\/welovecinema.be\/nl\/#\/schema\/person\/4b9b1d857f0943453a38a7c2859ef756\"},\"headline\":\"Am\u00e9lie Van Elmbt : \u00ab\u00a0Ce film, j&rsquo;en suis fi\u00e8re\u00a0\u00bb.\",\"datePublished\":\"2012-09-18T15:35:06+00:00\",\"dateModified\":\"2012-09-18T20:06:45+00:00\",\"mainEntityOfPage\":{\"@id\":\"https:\/\/welovecinema.be\/fr\/amelie-van-elmt-ce-film-fiere\/\"},\"wordCount\":660,\"publisher\":{\"@id\":\"https:\/\/welovecinema.be\/nl\/#organization\"},\"articleSection\":[\"Rencontres\"],\"inLanguage\":\"fr-FR\"},{\"@type\":\"WebPage\",\"@id\":\"https:\/\/welovecinema.be\/fr\/amelie-van-elmt-ce-film-fiere\/\",\"url\":\"https:\/\/welovecinema.be\/fr\/amelie-van-elmt-ce-film-fiere\/\",\"name\":\"Am\u00e9lie Van Elmbt : \\\"Ce film, j'en suis fi\u00e8re\\\". - We Love Cinema\",\"isPartOf\":{\"@id\":\"https:\/\/welovecinema.be\/nl\/#website\"},\"datePublished\":\"2012-09-18T15:35:06+00:00\",\"dateModified\":\"2012-09-18T20:06:45+00:00\",\"breadcrumb\":{\"@id\":\"https:\/\/welovecinema.be\/fr\/amelie-van-elmt-ce-film-fiere\/#breadcrumb\"},\"inLanguage\":\"fr-FR\",\"potentialAction\":[{\"@type\":\"ReadAction\",\"target\":[\"https:\/\/welovecinema.be\/fr\/amelie-van-elmt-ce-film-fiere\/\"]}]},{\"@type\":\"BreadcrumbList\",\"@id\":\"https:\/\/welovecinema.be\/fr\/amelie-van-elmt-ce-film-fiere\/#breadcrumb\",\"itemListElement\":[{\"@type\":\"ListItem\",\"position\":1,\"name\":\"Accueil\",\"item\":\"https:\/\/welovecinema.be\/fr\/\"},{\"@type\":\"ListItem\",\"position\":2,\"name\":\"Am\u00e9lie Van Elmbt : \u00ab\u00a0Ce film, j&rsquo;en suis fi\u00e8re\u00a0\u00bb.\"}]},{\"@type\":\"WebSite\",\"@id\":\"https:\/\/welovecinema.be\/nl\/#website\",\"url\":\"https:\/\/welovecinema.be\/nl\/\",\"name\":\"We Love Cinema\",\"description\":\"Toute l\u2019information du cin\u00e9ma en Belgique\",\"publisher\":{\"@id\":\"https:\/\/welovecinema.be\/nl\/#organization\"},\"potentialAction\":[{\"@type\":\"SearchAction\",\"target\":{\"@type\":\"EntryPoint\",\"urlTemplate\":\"https:\/\/welovecinema.be\/nl\/?s={search_term_string}\"},\"query-input\":\"required name=search_term_string\"}],\"inLanguage\":\"fr-FR\"},{\"@type\":\"Organization\",\"@id\":\"https:\/\/welovecinema.be\/nl\/#organization\",\"name\":\"We Love Cinema\",\"url\":\"https:\/\/welovecinema.be\/nl\/\",\"logo\":{\"@type\":\"ImageObject\",\"inLanguage\":\"fr-FR\",\"@id\":\"https:\/\/welovecinema.be\/nl\/#\/schema\/logo\/image\/\",\"url\":\"https:\/\/welovecinema.be\/wp-content\/uploads\/sites\/2\/2023\/03\/Logo-We-Love-Cinema305x128.jpg\",\"contentUrl\":\"https:\/\/welovecinema.be\/wp-content\/uploads\/sites\/2\/2023\/03\/Logo-We-Love-Cinema305x128.jpg\",\"width\":305,\"height\":128,\"caption\":\"We Love Cinema\"},\"image\":{\"@id\":\"https:\/\/welovecinema.be\/nl\/#\/schema\/logo\/image\/\"},\"sameAs\":[\"https:\/\/www.facebook.com\/welovecinema.be\",\"https:\/\/www.youtube.com\/channel\/UCX5LYGVhnKvYauW4Nta4HJA\",\"https:\/\/www.instagram.com\/welovecinema.be\/\"]},{\"@type\":\"Person\",\"@id\":\"https:\/\/welovecinema.be\/nl\/#\/schema\/person\/4b9b1d857f0943453a38a7c2859ef756\",\"name\":\"Philippe.Pierquin\",\"url\":\"https:\/\/welovecinema.be\/fr\/author\/philippe-pierquin\/\"}]}<\/script>\n<!-- \/ Yoast SEO plugin. -->","yoast_head_json":{"title":"Am\u00e9lie Van Elmbt : \"Ce film, j'en suis fi\u00e8re\". - We Love Cinema","robots":{"index":"index","follow":"follow","max-snippet":"max-snippet:-1","max-image-preview":"max-image-preview:large","max-video-preview":"max-video-preview:-1"},"canonical":"https:\/\/welovecinema.be\/fr\/amelie-van-elmt-ce-film-fiere\/","og_locale":"fr_FR","og_type":"article","og_title":"Am\u00e9lie Van Elmbt : \"Ce film, j'en suis fi\u00e8re\". - We Love Cinema","og_description":"\u00c0 27h de la vraie grande avant-premi\u00e8re belge de La T\u00eate la Premi\u00e8re, c&rsquo;est en France qu&rsquo;on a retrouv\u00e9 Am\u00e9lie Van Elmbt, sa r\u00e9alisatrice. Apr\u00e8s un aller-retour au festival d&rsquo;Ostende pour une pr\u00e9sentation que toute l&rsquo;\u00e9quipe du film \u00a0a trouv\u00e9 tr\u00e8s d\u00e9cevante, la tension s&rsquo;installe doucement pour le premier vrai rendez-vous avec le public belge. &hellip;","og_url":"https:\/\/welovecinema.be\/fr\/amelie-van-elmt-ce-film-fiere\/","og_site_name":"We Love Cinema","article_publisher":"https:\/\/www.facebook.com\/welovecinema.be","article_published_time":"2012-09-18T15:35:06+00:00","article_modified_time":"2012-09-18T20:06:45+00:00","og_image":[{"width":"601","height":"399","url":"https:\/\/welovecinema.be\/wp-content\/uploads\/sites\/2\/2012\/09\/Capture-d\u2019\u00e9cran-2012-05-17-\u00e0-21.53.21.png","type":"image\/png"}],"author":"Philippe.Pierquin","twitter_card":"summary_large_image","twitter_misc":{"\u00c9crit par":"Philippe.Pierquin","Dur\u00e9e de lecture estim\u00e9e":"3 minutes"},"schema":{"@context":"https:\/\/schema.org","@graph":[{"@type":"Article","@id":"https:\/\/welovecinema.be\/fr\/amelie-van-elmt-ce-film-fiere\/#article","isPartOf":{"@id":"https:\/\/welovecinema.be\/fr\/amelie-van-elmt-ce-film-fiere\/"},"author":{"name":"Philippe.Pierquin","@id":"https:\/\/welovecinema.be\/nl\/#\/schema\/person\/4b9b1d857f0943453a38a7c2859ef756"},"headline":"Am\u00e9lie Van Elmbt : \u00ab\u00a0Ce film, j&rsquo;en suis fi\u00e8re\u00a0\u00bb.","datePublished":"2012-09-18T15:35:06+00:00","dateModified":"2012-09-18T20:06:45+00:00","mainEntityOfPage":{"@id":"https:\/\/welovecinema.be\/fr\/amelie-van-elmt-ce-film-fiere\/"},"wordCount":660,"publisher":{"@id":"https:\/\/welovecinema.be\/nl\/#organization"},"articleSection":["Rencontres"],"inLanguage":"fr-FR"},{"@type":"WebPage","@id":"https:\/\/welovecinema.be\/fr\/amelie-van-elmt-ce-film-fiere\/","url":"https:\/\/welovecinema.be\/fr\/amelie-van-elmt-ce-film-fiere\/","name":"Am\u00e9lie Van Elmbt : \"Ce film, j'en suis fi\u00e8re\". - We Love Cinema","isPartOf":{"@id":"https:\/\/welovecinema.be\/nl\/#website"},"datePublished":"2012-09-18T15:35:06+00:00","dateModified":"2012-09-18T20:06:45+00:00","breadcrumb":{"@id":"https:\/\/welovecinema.be\/fr\/amelie-van-elmt-ce-film-fiere\/#breadcrumb"},"inLanguage":"fr-FR","potentialAction":[{"@type":"ReadAction","target":["https:\/\/welovecinema.be\/fr\/amelie-van-elmt-ce-film-fiere\/"]}]},{"@type":"BreadcrumbList","@id":"https:\/\/welovecinema.be\/fr\/amelie-van-elmt-ce-film-fiere\/#breadcrumb","itemListElement":[{"@type":"ListItem","position":1,"name":"Accueil","item":"https:\/\/welovecinema.be\/fr\/"},{"@type":"ListItem","position":2,"name":"Am\u00e9lie Van Elmbt : \u00ab\u00a0Ce film, j&rsquo;en suis fi\u00e8re\u00a0\u00bb."}]},{"@type":"WebSite","@id":"https:\/\/welovecinema.be\/nl\/#website","url":"https:\/\/welovecinema.be\/nl\/","name":"We Love Cinema","description":"Toute l\u2019information du cin\u00e9ma en Belgique","publisher":{"@id":"https:\/\/welovecinema.be\/nl\/#organization"},"potentialAction":[{"@type":"SearchAction","target":{"@type":"EntryPoint","urlTemplate":"https:\/\/welovecinema.be\/nl\/?s={search_term_string}"},"query-input":"required name=search_term_string"}],"inLanguage":"fr-FR"},{"@type":"Organization","@id":"https:\/\/welovecinema.be\/nl\/#organization","name":"We Love Cinema","url":"https:\/\/welovecinema.be\/nl\/","logo":{"@type":"ImageObject","inLanguage":"fr-FR","@id":"https:\/\/welovecinema.be\/nl\/#\/schema\/logo\/image\/","url":"https:\/\/welovecinema.be\/wp-content\/uploads\/sites\/2\/2023\/03\/Logo-We-Love-Cinema305x128.jpg","contentUrl":"https:\/\/welovecinema.be\/wp-content\/uploads\/sites\/2\/2023\/03\/Logo-We-Love-Cinema305x128.jpg","width":305,"height":128,"caption":"We Love Cinema"},"image":{"@id":"https:\/\/welovecinema.be\/nl\/#\/schema\/logo\/image\/"},"sameAs":["https:\/\/www.facebook.com\/welovecinema.be","https:\/\/www.youtube.com\/channel\/UCX5LYGVhnKvYauW4Nta4HJA","https:\/\/www.instagram.com\/welovecinema.be\/"]},{"@type":"Person","@id":"https:\/\/welovecinema.be\/nl\/#\/schema\/person\/4b9b1d857f0943453a38a7c2859ef756","name":"Philippe.Pierquin","url":"https:\/\/welovecinema.be\/fr\/author\/philippe-pierquin\/"}]}},"_links":{"self":[{"href":"https:\/\/welovecinema.be\/fr\/wp-json\/wp\/v2\/posts\/28743","targetHints":{"allow":["GET"]}}],"collection":[{"href":"https:\/\/welovecinema.be\/fr\/wp-json\/wp\/v2\/posts"}],"about":[{"href":"https:\/\/welovecinema.be\/fr\/wp-json\/wp\/v2\/types\/post"}],"author":[{"embeddable":true,"href":"https:\/\/welovecinema.be\/fr\/wp-json\/wp\/v2\/users\/7"}],"replies":[{"embeddable":true,"href":"https:\/\/welovecinema.be\/fr\/wp-json\/wp\/v2\/comments?post=28743"}],"version-history":[{"count":0,"href":"https:\/\/welovecinema.be\/fr\/wp-json\/wp\/v2\/posts\/28743\/revisions"}],"wp:featuredmedia":[{"embeddable":true,"href":"https:\/\/welovecinema.be\/fr\/wp-json\/wp\/v2\/media\/28746"}],"wp:attachment":[{"href":"https:\/\/welovecinema.be\/fr\/wp-json\/wp\/v2\/media?parent=28743"}],"wp:term":[{"taxonomy":"category","embeddable":true,"href":"https:\/\/welovecinema.be\/fr\/wp-json\/wp\/v2\/categories?post=28743"},{"taxonomy":"post_tag","embeddable":true,"href":"https:\/\/welovecinema.be\/fr\/wp-json\/wp\/v2\/tags?post=28743"}],"curies":[{"name":"wp","href":"https:\/\/api.w.org\/{rel}","templated":true}]}}