{"id":27742,"date":"2012-09-07T05:49:53","date_gmt":"2012-09-07T05:49:53","guid":{"rendered":"http:\/\/www.cinevox.be\/?p=27742"},"modified":"2012-09-05T16:25:30","modified_gmt":"2012-09-05T16:25:30","slug":"olivier-gourmet-le-visage-du-mal","status":"publish","type":"post","link":"https:\/\/welovecinema.be\/fr\/olivier-gourmet-le-visage-du-mal\/","title":{"rendered":"Olivier Gourmet : le visage du mal"},"content":{"rendered":"<p>Il n&rsquo;arr\u00eate pas de tourner. C&rsquo;est normal : il peut tout jouer. Les gentils, les m\u00e9chants, les bienveillants, les amoureux, les distants, les p\u00e8res, les solitaires, les ministres et les mafieux\u2026 Olivier Gourmet est \u00e0 l&rsquo;affiche du <em>Guetteur<\/em> et sa prestation glace le sang des spectateurs. Ce film, il a pris du plaisir \u00e0 le faire. Il en prend aussi \u00e0 en expliquer certains rouages, les subtilit\u00e9s de son personnage, son amour pour le polar.<!--more--><\/p>\n<p>&nbsp;<\/p>\n<p><strong>Plan de Bataille<\/strong><\/p>\n<p>&nbsp;<\/p>\n<p>La premi\u00e8re fois que l\u2019on s\u2019est vu avec <strong>Michele Placido,<\/strong> c\u2019\u00e9tait \u00e0 Paris avec les deux cosc\u00e9naristes. On a davantage d\u00e9battu sur mon personnage que sur l\u2019ensemble du sc\u00e9nario et des th\u00e8mes qu\u2019il abordait. \u00a0Sans rien r\u00e9v\u00e9ler sur Franck, le film n\u2019est pas un documentaire sur ce genre de gars : il n\u2019est qu\u2019un des \u00e9l\u00e9ments de la trag\u00e9die et du polar qui se tissent. Ensuite, j\u2019ai retrouv\u00e9 <strong>Mathieu Kassovitz<\/strong> et <strong>Francis Renaud<\/strong>, entre autres, pour une lecture au cours de laquelle chacun s\u2019est interrog\u00e9 sur l\u2019interaction entre les r\u00f4les. Michele a \u00e9t\u00e9 tr\u00e8s clair en pr\u00e9cisant les ressorts humains du r\u00e9cit et sa vision esth\u00e9tique.\u00a0 Il voulait notamment un thriller o\u00f9 les hommes aient des poils. J\u2019adore le film de genre et je suis un grand lecteur de polars. Je dis souvent qu\u2019il y a peu de chances que je devienne r\u00e9alisateur, mais que si je devais tourner un film, \u00e7a serait un documentaire ou un polar !<\/p>\n<p>&nbsp;<\/p>\n<p>&nbsp;<\/p>\n<p><strong>Un Citoyen au-dessus de tout soup\u00e7on<\/strong><\/p>\n<p>&nbsp;<\/p>\n<p>L\u2019id\u00e9e de Michele \u00e9tait limpide\u00a0 :\u00a0 Franck devait \u00eatre irr\u00e9prochable, avec un visage affable qui donne confiance aux gens.\u00a0 On a m\u00eame retouch\u00e9 sa moustache &#8211; \u00e0 l\u2019image de celle de l\u2019ing\u00e9nieur du son &#8211; pour le rendre bonhomme.<\/p>\n<p>Michele a \u00e9galement ajout\u00e9 des choses qui n\u2019existaient pas dans le sc\u00e9nario : on n\u2019a finalement pas tourn\u00e9 les sc\u00e8nes correspondantes, mais tout cela a nourri la chair du personnage. Par exemple, le d\u00e9cor du pavillon o\u00f9 Franck habite devait \u00eatre, au d\u00e9part, celui de sa m\u00e8re : on l\u2019imaginait avoir v\u00e9cu en sa compagnie, tandis qu\u2019elle \u00e9piait les all\u00e9es et venues des gens. Michele a gard\u00e9 l\u2019id\u00e9e d\u2019une maison ayant une touche f\u00e9minine, ce qui conf\u00e8re au lieu une \u00e9tranget\u00e9, un d\u00e9calage troublant.<\/p>\n<p>Franck est quelqu\u2019un qui ne ressent et ne laisse transpara\u00eetre aucune \u00e9motion. Ce qui ne l\u2019emp\u00eache pas de faire semblant d\u2019en avoir. On a travaill\u00e9 sur cette apparence avec Michele. Par exemple, lorsque dans la premi\u00e8re sc\u00e8ne, le personnage de Mathieu le pointe avec son arme, Franck se met tout \u00e0 coup \u00e0 pleurer : un homme aussi froid que lui n\u2019aurait pas eu peur, donc il est dans la com\u00e9die, le masque. il lui arrive d\u2019ailleurs de jouer faux ou de mani\u00e8re exag\u00e9r\u00e9e, parce qu\u2019il ne ma\u00eetrise pas toujours son \u00abr\u00f4le\u00bb. Michele me demandait parfois d\u2019aller un peu plus dans l\u2019exc\u00e8s, mais on s\u2019est accord\u00e9 \u00e0 pr\u00e9server son ambigu\u00eft\u00e9.<\/p>\n<p>&nbsp;<\/p>\n<p><a rel=\"attachment wp-att-27743\" href=\"http:\/\/www.cinevox.be\/olivier-gourmet-le-visage-du-mal\/le-guetteur-05-09-2012-7-g\/\"><img loading=\"lazy\" decoding=\"async\" class=\"aligncenter size-full wp-image-27743\" title=\"le-guetteur-05-09-2012-7-g\" src=\"http:\/\/www.cinevox.be\/wp-content\/uploads\/sites\/2\/2012\/09\/le-guetteur-05-09-2012-7-g.jpg\" alt=\"\" width=\"1200\" height=\"510\" srcset=\"https:\/\/welovecinema.be\/wp-content\/uploads\/sites\/2\/2012\/09\/le-guetteur-05-09-2012-7-g.jpg 1200w, https:\/\/welovecinema.be\/wp-content\/uploads\/sites\/2\/2012\/09\/le-guetteur-05-09-2012-7-g-480x204.jpg 480w, https:\/\/welovecinema.be\/wp-content\/uploads\/sites\/2\/2012\/09\/le-guetteur-05-09-2012-7-g-800x340.jpg 800w\" sizes=\"auto, (max-width: 1200px) 100vw, 1200px\" \/><\/a><\/p>\n<p>&nbsp;<\/p>\n<p><strong> <\/strong><\/p>\n<p><strong>Placido ma non Trappo<\/strong><\/p>\n<p>Michele avait beaucoup travaill\u00e9 en amont avec son chef op\u00e9rateur sur le d\u00e9coupage, la lumi\u00e8re et les plans souhait\u00e9s. Au tournage, tout s\u2019est d\u00e9roul\u00e9 de mani\u00e8re concise et pr\u00e9cise. Michele me disait qu\u2019il se sentait plus \u00e0 l\u2019aise en situation, donc il adorait se mettre \u00e0 la place des com\u00e9diens.\u00a0 Il parlait \u00e9norm\u00e9ment ou alors il venait jouer les sc\u00e8nes sur le plateau : il se mettait litt\u00e9ralement dans la peau du personnage, ce qui \u00e9tait \u00e0 la fois plaisant et d\u00e9concertant. Au d\u00e9part, il jouait Franck avec de grandes respirations, des gestes exag\u00e9r\u00e9s. J\u2019\u00e9tais un peu interloqu\u00e9, puis j\u2019ai compris que c\u2019\u00e9tait pour bien se faire comprendre et non pas pour que je me calque sur lui ! Michele fonctionne \u00e0 l\u2019instinct et a besoin de ressentir lui-m\u00eame l\u2019\u00e9motion et la dynamique de la sc\u00e8ne.\u00a0 Il a \u00e9galement beaucoup communiqu\u00e9 sur le th\u00e9\u00e2tre, qui est sa grande passion. Ce n\u2019est pas un hasard si le film a une structure proche de celle d\u2019une trag\u00e9die. Je n\u2019ai pas senti le regard d\u2019un italien, mais le regard de Michele, sur Paris et le genre policier. Comme c\u2019\u00e9tait le cas de <em>Romanzo CriminaLe, Le Guetteur<\/em> lui ressemble. Il a sa sensibilit\u00e9 propre et donne un ton au film qui est inimitable. Il y a ce c\u00f4t\u00e9 implacable qui traverse tout le r\u00e9cit\u2026 par exemple, au moment de tourner le d\u00e9nouement, la r\u00e9f\u00e9rence au western \u00e9tait tr\u00e8s claire. Il y a les vestes qui s\u2019\u00e9cartent et les longs regards que l\u2019on \u00e9change. La configuration du lieu nous a plong\u00e9s dans cette atmosph\u00e8re : les deux hommes arrivent chacun \u00e0 un bout de la ruelle et sont contraints au face \u00e0 face. Michele a \u00e9galement apport\u00e9 aux images une tonalit\u00e9 gla\u00e7ante et proche du n\u00e9or\u00e9alisme italien.<\/p>\n<p>Le fait que Michele ait \u00e9t\u00e9 policier dans sa jeunesse a jou\u00e9, \u00e0 l\u2019\u00e9vidence, en faveur du film.\u00a0 Il conna\u00eet les ressorts humains des policiers, il a \u00e9t\u00e9 sur le terrain. Sa personnalit\u00e9 et sa culture sont nourries de cette exp\u00e9rience. Il y a des ambiances et des couleurs qu\u2019il a v\u00e9cues et qui se retrouvent certainement \u00e0 l\u2019\u00e9cran.<\/p>\n<p>&nbsp;<\/p>\n<p>&nbsp;<\/p>\n<p><strong>Ma Part de T\u00e9n\u00e8bres<\/strong><\/p>\n<p>&nbsp;<\/p>\n<p><a rel=\"attachment wp-att-27744\" href=\"http:\/\/www.cinevox.be\/olivier-gourmet-le-visage-du-mal\/guetteur-40x60-72dpi\/\"><img loading=\"lazy\" decoding=\"async\" class=\"alignright size-large wp-image-27744\" title=\"Guetteur-40x60-72dpi\" src=\"http:\/\/www.cinevox.be\/wp-content\/uploads\/sites\/2\/2012\/09\/Guetteur-40x60-72dpi-400x600.jpg\" alt=\"\" width=\"400\" height=\"600\" srcset=\"https:\/\/welovecinema.be\/wp-content\/uploads\/sites\/2\/2012\/09\/Guetteur-40x60-72dpi-400x600.jpg 400w, https:\/\/welovecinema.be\/wp-content\/uploads\/sites\/2\/2012\/09\/Guetteur-40x60-72dpi-180x270.jpg 180w, https:\/\/welovecinema.be\/wp-content\/uploads\/sites\/2\/2012\/09\/Guetteur-40x60-72dpi.jpg 1134w\" sizes=\"auto, (max-width: 400px) 100vw, 400px\" \/><\/a>Je ne juge jamais un personnage que j\u2019incarne. Sauf \u00e0 me retrouver dans une parodie. On est dans un film de genre, grand public et grand spectacle, avec le plaisir de jouer avec tous ses codes. Pour autant, Michele voulait \u00eatre au plus pr\u00e8s de l\u2019humanit\u00e9 de ces hommes. Le trio principal est marqu\u00e9 par la solitude : celle du p\u00e8re qui n\u2019a pas pu faire son deuil ; celle d\u2019un militaire qui a d\u00e9sert\u00e9 et qui n\u2019a pas l\u00e2ch\u00e9 la violence ; enfin, celle d\u2019un homme malade, reclus dans sa perversit\u00e9. Cela n\u2019excuse en rien Franck : il a de l\u2019\u00e9ducation, il est m\u00e9decin, il conna\u00eet la fronti\u00e8re entre le Bien et le mal et se compla\u00eet dans le c\u00f4t\u00e9 obscur. <em>Le Guetteur<\/em> n\u2019approche pas scientifiquement le monstre qu\u2019est\u00a0 Franck, mais j\u2019avais en t\u00eate ses caract\u00e9ristiques : il a un ego surdimensionn\u00e9, il est dominateur, parano\u00efaque et ne voit le monde qu\u2019\u00e0 travers son prisme.\u00a0 Il a aussi des moments de lucidit\u00e9 sur ses actes, comme je l\u2019ai observ\u00e9 dans de multiples reportages.\u00a0 Franck manipule, poss\u00e8de, d\u00e9truit les autres : c\u2019est une forme d\u2019adr\u00e9naline dont il a besoin, mais qu\u2019il n\u2019arrive jamais \u00e0 assouvir totalement.<\/p>\n<p>&nbsp;<\/p>\n<p><strong>Le clan des irr\u00e9ductibles<\/strong><\/p>\n<p>&nbsp;<\/p>\n<p>J\u2019avais envie de tourner avec Daniel Auteuil depuis longtemps. C\u2019est quelqu\u2019un que j\u2019appr\u00e9cie : il est simple, direct, et va droit \u00e0 l\u2019essentiel dans une sc\u00e8ne sans se torturer. Mathieu est parfois plus complexe : il bosse beaucoup parce qu\u2019il a besoin de comprendre profond\u00e9ment les choses. C\u2019est un r\u00e9alisateur alors il faut qu\u2019il saisisse le d\u00e9roul\u00e9 d\u2019un plan. Il remet plus souvent les choses en cause, en questionnant le sc\u00e9nario et les dialogues. C\u2019est agr\u00e9able de voir un acteur qui s\u2019implique \u00e0 fond dans l\u2019histoire et le r\u00e9sultat du film. Je m\u2019interroge aussi, mais \u00e0 l\u2019instar de Daniel, davantage en amont. La dynamique entre nous trois s\u2019est instaur\u00e9e au moment du tournage. On s\u2019\u00e9tait peu rencontr\u00e9 en amont, donc tout s\u2019est jou\u00e9 dans l\u2019instant des sc\u00e8nes.<\/p>\n<p>&nbsp;<\/p>\n<p>&nbsp;<\/p>\n<p><strong>Sous le vernis du polar<\/strong><\/p>\n<p><strong> <\/strong><\/p>\n<p>\u00c0 travers le film de genre, Michele voulait parler de d\u00e9cadence occidentale et de barbarie, mais on a peu \u00e9voqu\u00e9 tout cela entre nous. Par contre, on savait que le film aborderait \u00e0 certains moments des sujets forts, comme la sauvagerie humaine, le deuil et l&rsquo;Afghanistan. Toute la richesse du sc\u00e9nario tient \u00e0 ces th\u00e8mes distill\u00e9s au c\u0153ur d\u2019un film de genre. L\u2019ancrage des r\u00f4les et des situations est concret : on est tout sauf dans la caricature du bon et du m\u00e9chant. J\u2019aime l\u2019id\u00e9e que chacun a, dans son pass\u00e9, des \u00e9l\u00e9ments qui expliquent ses actes : tous les personnages sont tangibles et font partie int\u00e9grante de la r\u00e9alit\u00e9 sociale. Dans <em>Romanzo Criminale<\/em>, <strong>Michele<\/strong> avait r\u00e9ussi \u00e0 donner chair \u00e0 ses \u00abh\u00e9ros\u00bb, \u00e0 les rendre humains et accessibles. Connaissant sa sensibilit\u00e9 de cin\u00e9aste, je savais qu\u2019il y attacherait la m\u00eame importance dans Le Guetteur. Le polar n\u2019en est que plus dense et complexe.<\/p>\n<p>&nbsp;<\/p>\n<p>&nbsp;<\/p>\n<p><strong>Conclusion de l&rsquo;enqu\u00eate<\/strong><\/p>\n<p>&nbsp;<\/p>\n<p>J\u2019ai \u00e9prouv\u00e9 beaucoup de plaisir \u00e0 aborder ce personnage, m\u00eame si je savais que le film ne creuserait pas les tr\u00e9fonds de son esprit. J\u2019ai pu faire des recherches sur ce type de personnalit\u00e9 et en toucher de loin l\u2019essence. Faire un film d\u2019action est \u00e9galement plaisant : il y a toujours un c\u00f4t\u00e9 enfantin dans ce jeu du gendarme et des voleurs. Pour un acteur comme moi qui aime les ressorts de l\u2019\u00e2me, mais qui est aussi ludique, j\u2019y ai trouv\u00e9 mon compte !<\/p>\n<p>&nbsp;<\/p>\n","protected":false},"excerpt":{"rendered":"<p>Il n&rsquo;arr\u00eate pas de tourner. C&rsquo;est normal : il peut tout jouer. Les gentils, les m\u00e9chants, les bienveillants, les amoureux, les distants, les p\u00e8res, les solitaires, les ministres et les mafieux\u2026 Olivier Gourmet est \u00e0 l&rsquo;affiche du Guetteur et sa prestation glace le sang des spectateurs. Ce film, il a pris du plaisir \u00e0 le &hellip;<\/p>\n","protected":false},"author":7,"featured_media":27746,"comment_status":"closed","ping_status":"closed","sticky":false,"template":"","format":"standard","meta":{"ngg_post_thumbnail":0,"footnotes":""},"categories":[1978],"tags":[],"class_list":["post-27742","post","type-post","status-publish","format-standard","has-post-thumbnail","","category-interviews"],"yoast_head":"<!-- This site is optimized with the Yoast SEO plugin v20.4 - https:\/\/yoast.com\/wordpress\/plugins\/seo\/ -->\n<title>Olivier Gourmet : le visage du mal - We Love Cinema<\/title>\n<meta name=\"robots\" content=\"index, follow, max-snippet:-1, max-image-preview:large, max-video-preview:-1\" \/>\n<link rel=\"canonical\" href=\"https:\/\/welovecinema.be\/fr\/olivier-gourmet-le-visage-du-mal\/\" \/>\n<meta property=\"og:locale\" content=\"fr_FR\" \/>\n<meta property=\"og:type\" content=\"article\" \/>\n<meta property=\"og:title\" content=\"Olivier Gourmet : le visage du mal - We Love Cinema\" \/>\n<meta property=\"og:description\" content=\"Il n&rsquo;arr\u00eate pas de tourner. C&rsquo;est normal : il peut tout jouer. Les gentils, les m\u00e9chants, les bienveillants, les amoureux, les distants, les p\u00e8res, les solitaires, les ministres et les mafieux\u2026 Olivier Gourmet est \u00e0 l&rsquo;affiche du Guetteur et sa prestation glace le sang des spectateurs. Ce film, il a pris du plaisir \u00e0 le &hellip;\" \/>\n<meta property=\"og:url\" content=\"https:\/\/welovecinema.be\/fr\/olivier-gourmet-le-visage-du-mal\/\" \/>\n<meta property=\"og:site_name\" content=\"We Love Cinema\" \/>\n<meta property=\"article:publisher\" content=\"https:\/\/www.facebook.com\/welovecinema.be\" \/>\n<meta property=\"article:published_time\" content=\"2012-09-07T05:49:53+00:00\" \/>\n<meta property=\"article:modified_time\" content=\"2012-09-05T16:25:30+00:00\" \/>\n<meta property=\"og:image\" content=\"https:\/\/welovecinema.be\/wp-content\/uploads\/sites\/2\/2012\/09\/guetteur_mix4.jpg\" \/>\n\t<meta property=\"og:image:width\" content=\"612\" \/>\n\t<meta property=\"og:image:height\" content=\"260\" \/>\n\t<meta property=\"og:image:type\" content=\"image\/jpeg\" \/>\n<meta name=\"author\" content=\"Philippe.Pierquin\" \/>\n<meta name=\"twitter:card\" content=\"summary_large_image\" \/>\n<meta name=\"twitter:label1\" content=\"\u00c9crit par\" \/>\n\t<meta name=\"twitter:data1\" content=\"Philippe.Pierquin\" \/>\n\t<meta name=\"twitter:label2\" content=\"Dur\u00e9e de lecture estim\u00e9e\" \/>\n\t<meta name=\"twitter:data2\" content=\"8 minutes\" \/>\n<script type=\"application\/ld+json\" class=\"yoast-schema-graph\">{\"@context\":\"https:\/\/schema.org\",\"@graph\":[{\"@type\":\"Article\",\"@id\":\"https:\/\/welovecinema.be\/fr\/olivier-gourmet-le-visage-du-mal\/#article\",\"isPartOf\":{\"@id\":\"https:\/\/welovecinema.be\/fr\/olivier-gourmet-le-visage-du-mal\/\"},\"author\":{\"name\":\"Philippe.Pierquin\",\"@id\":\"https:\/\/welovecinema.be\/nl\/#\/schema\/person\/4b9b1d857f0943453a38a7c2859ef756\"},\"headline\":\"Olivier Gourmet : le visage du mal\",\"datePublished\":\"2012-09-07T05:49:53+00:00\",\"dateModified\":\"2012-09-05T16:25:30+00:00\",\"mainEntityOfPage\":{\"@id\":\"https:\/\/welovecinema.be\/fr\/olivier-gourmet-le-visage-du-mal\/\"},\"wordCount\":1611,\"publisher\":{\"@id\":\"https:\/\/welovecinema.be\/nl\/#organization\"},\"articleSection\":[\"Rencontres\"],\"inLanguage\":\"fr-FR\"},{\"@type\":\"WebPage\",\"@id\":\"https:\/\/welovecinema.be\/fr\/olivier-gourmet-le-visage-du-mal\/\",\"url\":\"https:\/\/welovecinema.be\/fr\/olivier-gourmet-le-visage-du-mal\/\",\"name\":\"Olivier Gourmet : le visage du mal - We Love Cinema\",\"isPartOf\":{\"@id\":\"https:\/\/welovecinema.be\/nl\/#website\"},\"datePublished\":\"2012-09-07T05:49:53+00:00\",\"dateModified\":\"2012-09-05T16:25:30+00:00\",\"breadcrumb\":{\"@id\":\"https:\/\/welovecinema.be\/fr\/olivier-gourmet-le-visage-du-mal\/#breadcrumb\"},\"inLanguage\":\"fr-FR\",\"potentialAction\":[{\"@type\":\"ReadAction\",\"target\":[\"https:\/\/welovecinema.be\/fr\/olivier-gourmet-le-visage-du-mal\/\"]}]},{\"@type\":\"BreadcrumbList\",\"@id\":\"https:\/\/welovecinema.be\/fr\/olivier-gourmet-le-visage-du-mal\/#breadcrumb\",\"itemListElement\":[{\"@type\":\"ListItem\",\"position\":1,\"name\":\"Accueil\",\"item\":\"https:\/\/welovecinema.be\/fr\/\"},{\"@type\":\"ListItem\",\"position\":2,\"name\":\"Olivier Gourmet : le visage du mal\"}]},{\"@type\":\"WebSite\",\"@id\":\"https:\/\/welovecinema.be\/nl\/#website\",\"url\":\"https:\/\/welovecinema.be\/nl\/\",\"name\":\"We Love Cinema\",\"description\":\"Toute l\u2019information du cin\u00e9ma en Belgique\",\"publisher\":{\"@id\":\"https:\/\/welovecinema.be\/nl\/#organization\"},\"potentialAction\":[{\"@type\":\"SearchAction\",\"target\":{\"@type\":\"EntryPoint\",\"urlTemplate\":\"https:\/\/welovecinema.be\/nl\/?s={search_term_string}\"},\"query-input\":\"required name=search_term_string\"}],\"inLanguage\":\"fr-FR\"},{\"@type\":\"Organization\",\"@id\":\"https:\/\/welovecinema.be\/nl\/#organization\",\"name\":\"We Love Cinema\",\"url\":\"https:\/\/welovecinema.be\/nl\/\",\"logo\":{\"@type\":\"ImageObject\",\"inLanguage\":\"fr-FR\",\"@id\":\"https:\/\/welovecinema.be\/nl\/#\/schema\/logo\/image\/\",\"url\":\"https:\/\/welovecinema.be\/wp-content\/uploads\/sites\/2\/2023\/03\/Logo-We-Love-Cinema305x128.jpg\",\"contentUrl\":\"https:\/\/welovecinema.be\/wp-content\/uploads\/sites\/2\/2023\/03\/Logo-We-Love-Cinema305x128.jpg\",\"width\":305,\"height\":128,\"caption\":\"We Love Cinema\"},\"image\":{\"@id\":\"https:\/\/welovecinema.be\/nl\/#\/schema\/logo\/image\/\"},\"sameAs\":[\"https:\/\/www.facebook.com\/welovecinema.be\",\"https:\/\/www.youtube.com\/channel\/UCX5LYGVhnKvYauW4Nta4HJA\",\"https:\/\/www.instagram.com\/welovecinema.be\/\"]},{\"@type\":\"Person\",\"@id\":\"https:\/\/welovecinema.be\/nl\/#\/schema\/person\/4b9b1d857f0943453a38a7c2859ef756\",\"name\":\"Philippe.Pierquin\",\"url\":\"https:\/\/welovecinema.be\/fr\/author\/philippe-pierquin\/\"}]}<\/script>\n<!-- \/ Yoast SEO plugin. -->","yoast_head_json":{"title":"Olivier Gourmet : le visage du mal - We Love Cinema","robots":{"index":"index","follow":"follow","max-snippet":"max-snippet:-1","max-image-preview":"max-image-preview:large","max-video-preview":"max-video-preview:-1"},"canonical":"https:\/\/welovecinema.be\/fr\/olivier-gourmet-le-visage-du-mal\/","og_locale":"fr_FR","og_type":"article","og_title":"Olivier Gourmet : le visage du mal - We Love Cinema","og_description":"Il n&rsquo;arr\u00eate pas de tourner. C&rsquo;est normal : il peut tout jouer. Les gentils, les m\u00e9chants, les bienveillants, les amoureux, les distants, les p\u00e8res, les solitaires, les ministres et les mafieux\u2026 Olivier Gourmet est \u00e0 l&rsquo;affiche du Guetteur et sa prestation glace le sang des spectateurs. Ce film, il a pris du plaisir \u00e0 le &hellip;","og_url":"https:\/\/welovecinema.be\/fr\/olivier-gourmet-le-visage-du-mal\/","og_site_name":"We Love Cinema","article_publisher":"https:\/\/www.facebook.com\/welovecinema.be","article_published_time":"2012-09-07T05:49:53+00:00","article_modified_time":"2012-09-05T16:25:30+00:00","og_image":[{"width":"612","height":"260","url":"https:\/\/welovecinema.be\/wp-content\/uploads\/sites\/2\/2012\/09\/guetteur_mix4.jpg","type":"image\/jpeg"}],"author":"Philippe.Pierquin","twitter_card":"summary_large_image","twitter_misc":{"\u00c9crit par":"Philippe.Pierquin","Dur\u00e9e de lecture estim\u00e9e":"8 minutes"},"schema":{"@context":"https:\/\/schema.org","@graph":[{"@type":"Article","@id":"https:\/\/welovecinema.be\/fr\/olivier-gourmet-le-visage-du-mal\/#article","isPartOf":{"@id":"https:\/\/welovecinema.be\/fr\/olivier-gourmet-le-visage-du-mal\/"},"author":{"name":"Philippe.Pierquin","@id":"https:\/\/welovecinema.be\/nl\/#\/schema\/person\/4b9b1d857f0943453a38a7c2859ef756"},"headline":"Olivier Gourmet : le visage du mal","datePublished":"2012-09-07T05:49:53+00:00","dateModified":"2012-09-05T16:25:30+00:00","mainEntityOfPage":{"@id":"https:\/\/welovecinema.be\/fr\/olivier-gourmet-le-visage-du-mal\/"},"wordCount":1611,"publisher":{"@id":"https:\/\/welovecinema.be\/nl\/#organization"},"articleSection":["Rencontres"],"inLanguage":"fr-FR"},{"@type":"WebPage","@id":"https:\/\/welovecinema.be\/fr\/olivier-gourmet-le-visage-du-mal\/","url":"https:\/\/welovecinema.be\/fr\/olivier-gourmet-le-visage-du-mal\/","name":"Olivier Gourmet : le visage du mal - We Love Cinema","isPartOf":{"@id":"https:\/\/welovecinema.be\/nl\/#website"},"datePublished":"2012-09-07T05:49:53+00:00","dateModified":"2012-09-05T16:25:30+00:00","breadcrumb":{"@id":"https:\/\/welovecinema.be\/fr\/olivier-gourmet-le-visage-du-mal\/#breadcrumb"},"inLanguage":"fr-FR","potentialAction":[{"@type":"ReadAction","target":["https:\/\/welovecinema.be\/fr\/olivier-gourmet-le-visage-du-mal\/"]}]},{"@type":"BreadcrumbList","@id":"https:\/\/welovecinema.be\/fr\/olivier-gourmet-le-visage-du-mal\/#breadcrumb","itemListElement":[{"@type":"ListItem","position":1,"name":"Accueil","item":"https:\/\/welovecinema.be\/fr\/"},{"@type":"ListItem","position":2,"name":"Olivier Gourmet : le visage du mal"}]},{"@type":"WebSite","@id":"https:\/\/welovecinema.be\/nl\/#website","url":"https:\/\/welovecinema.be\/nl\/","name":"We Love Cinema","description":"Toute l\u2019information du cin\u00e9ma en Belgique","publisher":{"@id":"https:\/\/welovecinema.be\/nl\/#organization"},"potentialAction":[{"@type":"SearchAction","target":{"@type":"EntryPoint","urlTemplate":"https:\/\/welovecinema.be\/nl\/?s={search_term_string}"},"query-input":"required name=search_term_string"}],"inLanguage":"fr-FR"},{"@type":"Organization","@id":"https:\/\/welovecinema.be\/nl\/#organization","name":"We Love Cinema","url":"https:\/\/welovecinema.be\/nl\/","logo":{"@type":"ImageObject","inLanguage":"fr-FR","@id":"https:\/\/welovecinema.be\/nl\/#\/schema\/logo\/image\/","url":"https:\/\/welovecinema.be\/wp-content\/uploads\/sites\/2\/2023\/03\/Logo-We-Love-Cinema305x128.jpg","contentUrl":"https:\/\/welovecinema.be\/wp-content\/uploads\/sites\/2\/2023\/03\/Logo-We-Love-Cinema305x128.jpg","width":305,"height":128,"caption":"We Love Cinema"},"image":{"@id":"https:\/\/welovecinema.be\/nl\/#\/schema\/logo\/image\/"},"sameAs":["https:\/\/www.facebook.com\/welovecinema.be","https:\/\/www.youtube.com\/channel\/UCX5LYGVhnKvYauW4Nta4HJA","https:\/\/www.instagram.com\/welovecinema.be\/"]},{"@type":"Person","@id":"https:\/\/welovecinema.be\/nl\/#\/schema\/person\/4b9b1d857f0943453a38a7c2859ef756","name":"Philippe.Pierquin","url":"https:\/\/welovecinema.be\/fr\/author\/philippe-pierquin\/"}]}},"_links":{"self":[{"href":"https:\/\/welovecinema.be\/fr\/wp-json\/wp\/v2\/posts\/27742","targetHints":{"allow":["GET"]}}],"collection":[{"href":"https:\/\/welovecinema.be\/fr\/wp-json\/wp\/v2\/posts"}],"about":[{"href":"https:\/\/welovecinema.be\/fr\/wp-json\/wp\/v2\/types\/post"}],"author":[{"embeddable":true,"href":"https:\/\/welovecinema.be\/fr\/wp-json\/wp\/v2\/users\/7"}],"replies":[{"embeddable":true,"href":"https:\/\/welovecinema.be\/fr\/wp-json\/wp\/v2\/comments?post=27742"}],"version-history":[{"count":0,"href":"https:\/\/welovecinema.be\/fr\/wp-json\/wp\/v2\/posts\/27742\/revisions"}],"wp:featuredmedia":[{"embeddable":true,"href":"https:\/\/welovecinema.be\/fr\/wp-json\/wp\/v2\/media\/27746"}],"wp:attachment":[{"href":"https:\/\/welovecinema.be\/fr\/wp-json\/wp\/v2\/media?parent=27742"}],"wp:term":[{"taxonomy":"category","embeddable":true,"href":"https:\/\/welovecinema.be\/fr\/wp-json\/wp\/v2\/categories?post=27742"},{"taxonomy":"post_tag","embeddable":true,"href":"https:\/\/welovecinema.be\/fr\/wp-json\/wp\/v2\/tags?post=27742"}],"curies":[{"name":"wp","href":"https:\/\/api.w.org\/{rel}","templated":true}]}}