{"id":27720,"date":"2012-09-08T05:12:10","date_gmt":"2012-09-08T05:12:10","guid":{"rendered":"http:\/\/www.cinevox.be\/?p=27720"},"modified":"2012-09-15T08:10:13","modified_gmt":"2012-09-15T08:10:13","slug":"au-cul-du-loup-mais-avec-vous","status":"publish","type":"post","link":"https:\/\/welovecinema.be\/fr\/au-cul-du-loup-mais-avec-vous\/","title":{"rendered":"Au Cul du Loup, mais avec vous."},"content":{"rendered":"<p>Distribu\u00e9 en Belgique sur un mode in\u00e9dit, misant sur la dur\u00e9e, <em>Au Cul du Loup<\/em> a r\u00e9ussi une belle performance d\u00e9passant all\u00e8grement le cap des 10.000 entr\u00e9es, ce qui n&rsquo;est pas, loin de l\u00e0, donn\u00e9 \u00e0 toutes les \u0153uvres belges. Il a \u00e9galement r\u00e9alis\u00e9 un joli parcours en festivals (Annonay, Cabourg, Bruxelles, Mannheim-Heidelberg, Namur, Sao Paulo, etc.), et fut m\u00eame deux fois couronn\u00e9 au Festival d\u2019Amiens\u00a0:\u00a0Grand Prix ET Prix du Public.<strong><!--more--><\/strong><\/p>\n<p>&nbsp;<\/p>\n<p>Au Festival de Cannes 2012, <em>Au cul du loup<\/em> fut projet\u00e9 dans le cadre de \u00ab\u00a0Visions sociales\u00a0\u00bb et \u00ab\u00a0Cannes Cin\u00e9philes\u00a0\u00bb devant des salles pleines. R\u00e9cemment, le film est sorti en Allemagne o\u00f9 il a cr\u00e9\u00e9 la sensation en r\u00e9unissant plus de 85.000 cin\u00e9philes (!!!) et en r\u00e9coltant d&rsquo;excellentes critiques un peu partout. Il a aussi \u00e9t\u00e9 vendu \u00e0 l&rsquo;Autriche, et est sur le point d&rsquo;\u00eatre propos\u00e9 au public suisse.<\/p>\n<p>&nbsp;<\/p>\n<p>Calqu\u00e9 sur la strat\u00e9gie belge, un d\u00e9barquement dans les cin\u00e9mas fran\u00e7ais est en cours. Bas\u00e9 sur le long terme, le bouche \u00e0 oreille g\u00e9n\u00e9r\u00e9 par des spectateurs conquis. Le long m\u00e9trage est officiellement sorti le 22 ao\u00fbt \u00e0 Paris, \u00e0 l\u2019Espace St Michel. <strong><br \/>\n<\/strong>En province, la tourn\u00e9e s\u2019organise.<\/p>\n<p>&nbsp;<\/p>\n<p><a rel=\"attachment wp-att-27721\" href=\"http:\/\/www.cinevox.be\/au-cul-du-loup-mais-avec-vous\/au-cul-du-loup-9-3\/\"><img loading=\"lazy\" decoding=\"async\" class=\"aligncenter size-full wp-image-27721\" title=\"Au cul du loup (9)\" src=\"http:\/\/www.cinevox.be\/wp-content\/uploads\/sites\/2\/2012\/09\/Au-cul-du-loup-9.jpg\" alt=\"\" width=\"1917\" height=\"791\" srcset=\"https:\/\/welovecinema.be\/wp-content\/uploads\/sites\/2\/2012\/09\/Au-cul-du-loup-9.jpg 1917w, https:\/\/welovecinema.be\/wp-content\/uploads\/sites\/2\/2012\/09\/Au-cul-du-loup-9-480x198.jpg 480w, https:\/\/welovecinema.be\/wp-content\/uploads\/sites\/2\/2012\/09\/Au-cul-du-loup-9-800x330.jpg 800w\" sizes=\"auto, (max-width: 1917px) 100vw, 1917px\" \/><\/a><\/p>\n<p>&nbsp;<\/p>\n<p>Pour faire face \u00e0 ce d\u00e9fi logistique et r\u00e9ussir un nouvel exploit, la production qui ne manque ni d&rsquo;id\u00e9e, ni d&rsquo;enthousiasme, ni d&rsquo;\u00e9nergie (c&rsquo;est le moins qu&rsquo;on puisse \u00e9crire) a fait appel<strong> <\/strong>\u00e0 un type de financement original. Le crowdfunding consiste \u00e0 mobiliser les internautes pour soutenir un projet. Dans ce cas, c&rsquo;est la fameuse plate-forme <a href=\"http:\/\/www.touscoprod.com\/project\/produce?id=340\" target=\"_blank\">Touscoprod <\/a> qui est mise \u00e0 contribution.<\/p>\n<p>&nbsp;<\/p>\n<p><a rel=\"attachment wp-att-28056\" href=\"http:\/\/www.cinevox.be\/au-cul-du-loup-mais-avec-vous\/318341_401251636608521_1114560943_n\/\"><img loading=\"lazy\" decoding=\"async\" class=\"alignright size-full wp-image-28056\" title=\"318341_401251636608521_1114560943_n\" src=\"http:\/\/www.cinevox.be\/wp-content\/uploads\/sites\/2\/2012\/09\/318341_401251636608521_1114560943_n.jpg\" alt=\"\" width=\"403\" height=\"403\" srcset=\"https:\/\/welovecinema.be\/wp-content\/uploads\/sites\/2\/2012\/09\/318341_401251636608521_1114560943_n.jpg 403w, https:\/\/welovecinema.be\/wp-content\/uploads\/sites\/2\/2012\/09\/318341_401251636608521_1114560943_n-270x270.jpg 270w, https:\/\/welovecinema.be\/wp-content\/uploads\/sites\/2\/2012\/09\/318341_401251636608521_1114560943_n-87x87.jpg 87w\" sizes=\"auto, (max-width: 403px) 100vw, 403px\" \/><\/a>Les Internautes peuvent investir et permettre au film de faire son petit bonhomme de chemin. Pour toute participation, les \u00ab\u00a0co-producteurs\u00a0\u00bb re\u00e7oivent la possibilit\u00e9 de voir le film en ligne gr\u00e2ce au syst\u00e8me VOD (vid\u00e9o \u00e0 la demande).\u00a0Pour ceux qui ne l&rsquo;ont pas encore vu, c&rsquo;est un bon plan.<\/p>\n<p>Plus on investit, plus on re\u00e7oit en retour. Pour les motiv\u00e9s, \u00e0 partir de 15\u20ac, il y a bien s\u00fbr d&rsquo;autres avantages: visions de presse, posters, dvd, etc. Jusqu&rsquo;\u00e0 un A\/R en bateau pour la Corse&#8230; Id\u00e9al pour ceux qui voudraient aller retaper une vieille ruine, par exemple&#8230; Tout est tr\u00e8s bien expliqu\u00e9 sur le site.<br \/>\nPar ailleurs, si le montant total esp\u00e9r\u00e9 n&rsquo;est pas atteint avant la fin du d\u00e9lai \u00e9tabli, la participation ne sera pas d\u00e9bit\u00e9e du compte des \u00ab\u00a0co-producteurs\u00a0\u00bb.<\/p>\n<p>&nbsp;<\/p>\n<p>\u00c0 cet effet, une autre initiative devrait retenir l&rsquo;attention : une avant-premi\u00e8re en streaming r\u00e9serv\u00e9e aux co-producteurs qui visionneront ainsi le film avant tout le monde. Beaucoup d&rsquo;id\u00e9es assez novatrices donc, au service d&rsquo;un beau projet collectif.<\/p>\n<p>&nbsp;<\/p>\n<p><a rel=\"attachment wp-att-27722\" href=\"http:\/\/www.cinevox.be\/au-cul-du-loup-mais-avec-vous\/acd3-3\/\"><img loading=\"lazy\" decoding=\"async\" class=\"aligncenter size-full wp-image-27722\" title=\"acd3\" src=\"http:\/\/www.cinevox.be\/wp-content\/uploads\/sites\/2\/2012\/09\/acd3.jpg\" alt=\"\" width=\"1029\" height=\"425\" srcset=\"https:\/\/welovecinema.be\/wp-content\/uploads\/sites\/2\/2012\/09\/acd3.jpg 1029w, https:\/\/welovecinema.be\/wp-content\/uploads\/sites\/2\/2012\/09\/acd3-480x198.jpg 480w, https:\/\/welovecinema.be\/wp-content\/uploads\/sites\/2\/2012\/09\/acd3-800x330.jpg 800w\" sizes=\"auto, (max-width: 1029px) 100vw, 1029px\" \/><\/a><\/p>\n<p>&nbsp;<\/p>\n<p>Cette solution devrait permettre aux \u00ab\u00a0distributeurs\u00a0\u00bb de couvrir financi\u00e8rement les frais de promotion (affiches, Avant-premi\u00e8res, projections de presse, copies du film, etc.) et d&rsquo;amener le film vers son public, en b\u00e2tissant sa r\u00e9putation.<\/p>\n<p>&nbsp;<\/p>\n<p><em>Au Cul du Loup <\/em>est un film fort r\u00e9ussi, d\u00e9lassant et porteur d&rsquo;un vrai message : oui, changer de vie est possible ! La fa\u00e7on dont ses producteurs et <strong>Pierre Duculot<\/strong> son intr\u00e9pide r\u00e9alisateur, soutenus par les acteurs se battent pour le faire exister force l&rsquo;admiration et le respect.<\/p>\n<p>&nbsp;<\/p>\n<p>&nbsp;<\/p>\n","protected":false},"excerpt":{"rendered":"<p>Distribu\u00e9 en Belgique sur un mode in\u00e9dit, misant sur la dur\u00e9e, Au Cul du Loup a r\u00e9ussi une belle performance d\u00e9passant all\u00e8grement le cap des 10.000 entr\u00e9es, ce qui n&rsquo;est pas, loin de l\u00e0, donn\u00e9 \u00e0 toutes les \u0153uvres belges. Il a \u00e9galement r\u00e9alis\u00e9 un joli parcours en festivals (Annonay, Cabourg, Bruxelles, Mannheim-Heidelberg, Namur, Sao &hellip;<\/p>\n","protected":false},"author":7,"featured_media":27727,"comment_status":"closed","ping_status":"closed","sticky":false,"template":"","format":"standard","meta":{"ngg_post_thumbnail":0,"footnotes":""},"categories":[1923],"tags":[],"class_list":["post-27720","post","type-post","status-publish","format-standard","has-post-thumbnail","","category-en-bref"],"yoast_head":"<!-- This site is optimized with the Yoast SEO plugin v20.4 - https:\/\/yoast.com\/wordpress\/plugins\/seo\/ -->\n<title>Au Cul du Loup, mais avec vous. - We Love Cinema<\/title>\n<meta name=\"robots\" content=\"index, follow, max-snippet:-1, max-image-preview:large, max-video-preview:-1\" \/>\n<link rel=\"canonical\" href=\"https:\/\/welovecinema.be\/fr\/au-cul-du-loup-mais-avec-vous\/\" \/>\n<meta property=\"og:locale\" content=\"fr_FR\" \/>\n<meta property=\"og:type\" content=\"article\" \/>\n<meta property=\"og:title\" content=\"Au Cul du Loup, mais avec vous. - We Love Cinema\" \/>\n<meta property=\"og:description\" content=\"Distribu\u00e9 en Belgique sur un mode in\u00e9dit, misant sur la dur\u00e9e, Au Cul du Loup a r\u00e9ussi une belle performance d\u00e9passant all\u00e8grement le cap des 10.000 entr\u00e9es, ce qui n&rsquo;est pas, loin de l\u00e0, donn\u00e9 \u00e0 toutes les \u0153uvres belges. Il a \u00e9galement r\u00e9alis\u00e9 un joli parcours en festivals (Annonay, Cabourg, Bruxelles, Mannheim-Heidelberg, Namur, Sao &hellip;\" \/>\n<meta property=\"og:url\" content=\"https:\/\/welovecinema.be\/fr\/au-cul-du-loup-mais-avec-vous\/\" \/>\n<meta property=\"og:site_name\" content=\"We Love Cinema\" \/>\n<meta property=\"article:publisher\" content=\"https:\/\/www.facebook.com\/welovecinema.be\" \/>\n<meta property=\"article:published_time\" content=\"2012-09-08T05:12:10+00:00\" \/>\n<meta property=\"article:modified_time\" content=\"2012-09-15T08:10:13+00:00\" \/>\n<meta property=\"og:image\" content=\"https:\/\/welovecinema.be\/wp-content\/uploads\/sites\/2\/2012\/09\/cannes-social-3.jpg\" \/>\n\t<meta property=\"og:image:width\" content=\"960\" \/>\n\t<meta property=\"og:image:height\" content=\"638\" \/>\n\t<meta property=\"og:image:type\" content=\"image\/jpeg\" \/>\n<meta name=\"author\" content=\"Philippe.Pierquin\" \/>\n<meta name=\"twitter:card\" content=\"summary_large_image\" \/>\n<meta name=\"twitter:label1\" content=\"\u00c9crit par\" \/>\n\t<meta name=\"twitter:data1\" content=\"Philippe.Pierquin\" \/>\n\t<meta name=\"twitter:label2\" content=\"Dur\u00e9e de lecture estim\u00e9e\" \/>\n\t<meta name=\"twitter:data2\" content=\"3 minutes\" \/>\n<script type=\"application\/ld+json\" class=\"yoast-schema-graph\">{\"@context\":\"https:\/\/schema.org\",\"@graph\":[{\"@type\":\"Article\",\"@id\":\"https:\/\/welovecinema.be\/fr\/au-cul-du-loup-mais-avec-vous\/#article\",\"isPartOf\":{\"@id\":\"https:\/\/welovecinema.be\/fr\/au-cul-du-loup-mais-avec-vous\/\"},\"author\":{\"name\":\"Philippe.Pierquin\",\"@id\":\"https:\/\/welovecinema.be\/nl\/#\/schema\/person\/4b9b1d857f0943453a38a7c2859ef756\"},\"headline\":\"Au Cul du Loup, mais avec vous.\",\"datePublished\":\"2012-09-08T05:12:10+00:00\",\"dateModified\":\"2012-09-15T08:10:13+00:00\",\"mainEntityOfPage\":{\"@id\":\"https:\/\/welovecinema.be\/fr\/au-cul-du-loup-mais-avec-vous\/\"},\"wordCount\":573,\"publisher\":{\"@id\":\"https:\/\/welovecinema.be\/nl\/#organization\"},\"articleSection\":[\"En bref\"],\"inLanguage\":\"fr-FR\"},{\"@type\":\"WebPage\",\"@id\":\"https:\/\/welovecinema.be\/fr\/au-cul-du-loup-mais-avec-vous\/\",\"url\":\"https:\/\/welovecinema.be\/fr\/au-cul-du-loup-mais-avec-vous\/\",\"name\":\"Au Cul du Loup, mais avec vous. - We Love Cinema\",\"isPartOf\":{\"@id\":\"https:\/\/welovecinema.be\/nl\/#website\"},\"datePublished\":\"2012-09-08T05:12:10+00:00\",\"dateModified\":\"2012-09-15T08:10:13+00:00\",\"breadcrumb\":{\"@id\":\"https:\/\/welovecinema.be\/fr\/au-cul-du-loup-mais-avec-vous\/#breadcrumb\"},\"inLanguage\":\"fr-FR\",\"potentialAction\":[{\"@type\":\"ReadAction\",\"target\":[\"https:\/\/welovecinema.be\/fr\/au-cul-du-loup-mais-avec-vous\/\"]}]},{\"@type\":\"BreadcrumbList\",\"@id\":\"https:\/\/welovecinema.be\/fr\/au-cul-du-loup-mais-avec-vous\/#breadcrumb\",\"itemListElement\":[{\"@type\":\"ListItem\",\"position\":1,\"name\":\"Accueil\",\"item\":\"https:\/\/welovecinema.be\/fr\/\"},{\"@type\":\"ListItem\",\"position\":2,\"name\":\"Au Cul du Loup, mais avec vous.\"}]},{\"@type\":\"WebSite\",\"@id\":\"https:\/\/welovecinema.be\/nl\/#website\",\"url\":\"https:\/\/welovecinema.be\/nl\/\",\"name\":\"We Love Cinema\",\"description\":\"Toute l\u2019information du cin\u00e9ma en Belgique\",\"publisher\":{\"@id\":\"https:\/\/welovecinema.be\/nl\/#organization\"},\"potentialAction\":[{\"@type\":\"SearchAction\",\"target\":{\"@type\":\"EntryPoint\",\"urlTemplate\":\"https:\/\/welovecinema.be\/nl\/?s={search_term_string}\"},\"query-input\":\"required name=search_term_string\"}],\"inLanguage\":\"fr-FR\"},{\"@type\":\"Organization\",\"@id\":\"https:\/\/welovecinema.be\/nl\/#organization\",\"name\":\"We Love Cinema\",\"url\":\"https:\/\/welovecinema.be\/nl\/\",\"logo\":{\"@type\":\"ImageObject\",\"inLanguage\":\"fr-FR\",\"@id\":\"https:\/\/welovecinema.be\/nl\/#\/schema\/logo\/image\/\",\"url\":\"https:\/\/welovecinema.be\/wp-content\/uploads\/sites\/2\/2023\/03\/Logo-We-Love-Cinema305x128.jpg\",\"contentUrl\":\"https:\/\/welovecinema.be\/wp-content\/uploads\/sites\/2\/2023\/03\/Logo-We-Love-Cinema305x128.jpg\",\"width\":305,\"height\":128,\"caption\":\"We Love Cinema\"},\"image\":{\"@id\":\"https:\/\/welovecinema.be\/nl\/#\/schema\/logo\/image\/\"},\"sameAs\":[\"https:\/\/www.facebook.com\/welovecinema.be\",\"https:\/\/www.youtube.com\/channel\/UCX5LYGVhnKvYauW4Nta4HJA\",\"https:\/\/www.instagram.com\/welovecinema.be\/\"]},{\"@type\":\"Person\",\"@id\":\"https:\/\/welovecinema.be\/nl\/#\/schema\/person\/4b9b1d857f0943453a38a7c2859ef756\",\"name\":\"Philippe.Pierquin\",\"url\":\"https:\/\/welovecinema.be\/fr\/author\/philippe-pierquin\/\"}]}<\/script>\n<!-- \/ Yoast SEO plugin. -->","yoast_head_json":{"title":"Au Cul du Loup, mais avec vous. - We Love Cinema","robots":{"index":"index","follow":"follow","max-snippet":"max-snippet:-1","max-image-preview":"max-image-preview:large","max-video-preview":"max-video-preview:-1"},"canonical":"https:\/\/welovecinema.be\/fr\/au-cul-du-loup-mais-avec-vous\/","og_locale":"fr_FR","og_type":"article","og_title":"Au Cul du Loup, mais avec vous. - We Love Cinema","og_description":"Distribu\u00e9 en Belgique sur un mode in\u00e9dit, misant sur la dur\u00e9e, Au Cul du Loup a r\u00e9ussi une belle performance d\u00e9passant all\u00e8grement le cap des 10.000 entr\u00e9es, ce qui n&rsquo;est pas, loin de l\u00e0, donn\u00e9 \u00e0 toutes les \u0153uvres belges. Il a \u00e9galement r\u00e9alis\u00e9 un joli parcours en festivals (Annonay, Cabourg, Bruxelles, Mannheim-Heidelberg, Namur, Sao &hellip;","og_url":"https:\/\/welovecinema.be\/fr\/au-cul-du-loup-mais-avec-vous\/","og_site_name":"We Love Cinema","article_publisher":"https:\/\/www.facebook.com\/welovecinema.be","article_published_time":"2012-09-08T05:12:10+00:00","article_modified_time":"2012-09-15T08:10:13+00:00","og_image":[{"width":"960","height":"638","url":"https:\/\/welovecinema.be\/wp-content\/uploads\/sites\/2\/2012\/09\/cannes-social-3.jpg","type":"image\/jpeg"}],"author":"Philippe.Pierquin","twitter_card":"summary_large_image","twitter_misc":{"\u00c9crit par":"Philippe.Pierquin","Dur\u00e9e de lecture estim\u00e9e":"3 minutes"},"schema":{"@context":"https:\/\/schema.org","@graph":[{"@type":"Article","@id":"https:\/\/welovecinema.be\/fr\/au-cul-du-loup-mais-avec-vous\/#article","isPartOf":{"@id":"https:\/\/welovecinema.be\/fr\/au-cul-du-loup-mais-avec-vous\/"},"author":{"name":"Philippe.Pierquin","@id":"https:\/\/welovecinema.be\/nl\/#\/schema\/person\/4b9b1d857f0943453a38a7c2859ef756"},"headline":"Au Cul du Loup, mais avec vous.","datePublished":"2012-09-08T05:12:10+00:00","dateModified":"2012-09-15T08:10:13+00:00","mainEntityOfPage":{"@id":"https:\/\/welovecinema.be\/fr\/au-cul-du-loup-mais-avec-vous\/"},"wordCount":573,"publisher":{"@id":"https:\/\/welovecinema.be\/nl\/#organization"},"articleSection":["En bref"],"inLanguage":"fr-FR"},{"@type":"WebPage","@id":"https:\/\/welovecinema.be\/fr\/au-cul-du-loup-mais-avec-vous\/","url":"https:\/\/welovecinema.be\/fr\/au-cul-du-loup-mais-avec-vous\/","name":"Au Cul du Loup, mais avec vous. - We Love Cinema","isPartOf":{"@id":"https:\/\/welovecinema.be\/nl\/#website"},"datePublished":"2012-09-08T05:12:10+00:00","dateModified":"2012-09-15T08:10:13+00:00","breadcrumb":{"@id":"https:\/\/welovecinema.be\/fr\/au-cul-du-loup-mais-avec-vous\/#breadcrumb"},"inLanguage":"fr-FR","potentialAction":[{"@type":"ReadAction","target":["https:\/\/welovecinema.be\/fr\/au-cul-du-loup-mais-avec-vous\/"]}]},{"@type":"BreadcrumbList","@id":"https:\/\/welovecinema.be\/fr\/au-cul-du-loup-mais-avec-vous\/#breadcrumb","itemListElement":[{"@type":"ListItem","position":1,"name":"Accueil","item":"https:\/\/welovecinema.be\/fr\/"},{"@type":"ListItem","position":2,"name":"Au Cul du Loup, mais avec vous."}]},{"@type":"WebSite","@id":"https:\/\/welovecinema.be\/nl\/#website","url":"https:\/\/welovecinema.be\/nl\/","name":"We Love Cinema","description":"Toute l\u2019information du cin\u00e9ma en Belgique","publisher":{"@id":"https:\/\/welovecinema.be\/nl\/#organization"},"potentialAction":[{"@type":"SearchAction","target":{"@type":"EntryPoint","urlTemplate":"https:\/\/welovecinema.be\/nl\/?s={search_term_string}"},"query-input":"required name=search_term_string"}],"inLanguage":"fr-FR"},{"@type":"Organization","@id":"https:\/\/welovecinema.be\/nl\/#organization","name":"We Love Cinema","url":"https:\/\/welovecinema.be\/nl\/","logo":{"@type":"ImageObject","inLanguage":"fr-FR","@id":"https:\/\/welovecinema.be\/nl\/#\/schema\/logo\/image\/","url":"https:\/\/welovecinema.be\/wp-content\/uploads\/sites\/2\/2023\/03\/Logo-We-Love-Cinema305x128.jpg","contentUrl":"https:\/\/welovecinema.be\/wp-content\/uploads\/sites\/2\/2023\/03\/Logo-We-Love-Cinema305x128.jpg","width":305,"height":128,"caption":"We Love Cinema"},"image":{"@id":"https:\/\/welovecinema.be\/nl\/#\/schema\/logo\/image\/"},"sameAs":["https:\/\/www.facebook.com\/welovecinema.be","https:\/\/www.youtube.com\/channel\/UCX5LYGVhnKvYauW4Nta4HJA","https:\/\/www.instagram.com\/welovecinema.be\/"]},{"@type":"Person","@id":"https:\/\/welovecinema.be\/nl\/#\/schema\/person\/4b9b1d857f0943453a38a7c2859ef756","name":"Philippe.Pierquin","url":"https:\/\/welovecinema.be\/fr\/author\/philippe-pierquin\/"}]}},"_links":{"self":[{"href":"https:\/\/welovecinema.be\/fr\/wp-json\/wp\/v2\/posts\/27720","targetHints":{"allow":["GET"]}}],"collection":[{"href":"https:\/\/welovecinema.be\/fr\/wp-json\/wp\/v2\/posts"}],"about":[{"href":"https:\/\/welovecinema.be\/fr\/wp-json\/wp\/v2\/types\/post"}],"author":[{"embeddable":true,"href":"https:\/\/welovecinema.be\/fr\/wp-json\/wp\/v2\/users\/7"}],"replies":[{"embeddable":true,"href":"https:\/\/welovecinema.be\/fr\/wp-json\/wp\/v2\/comments?post=27720"}],"version-history":[{"count":0,"href":"https:\/\/welovecinema.be\/fr\/wp-json\/wp\/v2\/posts\/27720\/revisions"}],"wp:featuredmedia":[{"embeddable":true,"href":"https:\/\/welovecinema.be\/fr\/wp-json\/wp\/v2\/media\/27727"}],"wp:attachment":[{"href":"https:\/\/welovecinema.be\/fr\/wp-json\/wp\/v2\/media?parent=27720"}],"wp:term":[{"taxonomy":"category","embeddable":true,"href":"https:\/\/welovecinema.be\/fr\/wp-json\/wp\/v2\/categories?post=27720"},{"taxonomy":"post_tag","embeddable":true,"href":"https:\/\/welovecinema.be\/fr\/wp-json\/wp\/v2\/tags?post=27720"}],"curies":[{"name":"wp","href":"https:\/\/api.w.org\/{rel}","templated":true}]}}