{"id":27458,"date":"2012-10-16T05:59:26","date_gmt":"2012-10-16T05:59:26","guid":{"rendered":"http:\/\/www.cinevox.be\/?p=27458"},"modified":"2012-10-15T11:51:50","modified_gmt":"2012-10-15T11:51:50","slug":"offlineghent","status":"publish","type":"post","link":"https:\/\/welovecinema.be\/fr\/offlineghent\/","title":{"rendered":"Offline, \u00e9v\u00e8nement attendu \u00e0 Gand"},"content":{"rendered":"<p>Rudy Vandekerckhove, un ex-d\u00e9tenu assez bizarre, tente de remettre son existence sur les rails apr\u00e8s sept ann\u00e9es pass\u00e9es derri\u00e8re les barreaux. Il esp\u00e8re reprendre son ancien boulot de r\u00e9parateur de machines \u00e0 laver et se rabibocher avec la famille qu&rsquo;il a laiss\u00e9e derri\u00e8re lui \u00e0 l&rsquo;\u00e9poque. Bien qu\u2019il puisse compter pour cela sur l\u2019aide de Denise, coiffeuse pensionn\u00e9e, et de son ami Rachid, son sombre pass\u00e9 menace de le rattraper \u00e0 nouveau.<\/p>\n<p>&nbsp;<\/p>\n<p>Le mardi 16 octobre, <strong>Peter Monsaert<\/strong> f\u00eatera sa joyeuse arriv\u00e9e sur les grands \u00e9crans avec la projection en premi\u00e8re mondiale de son premier long m\u00e9trage au 39e Festival du Film de Gand. A Gand, <strong>ce film<\/strong> tr\u00e8s noir vise bien s\u00fbr le titre supr\u00eame, mais aussi le Prix Georges Delerue pour la Meilleure Musique. Cette musique made in Belgium est un des grands atouts du film puisque <em>Triggerfinger <\/em>qui a compos\u00e9 la totalit\u00e9 de la bande originale.<!--more--><\/p>\n<p>&nbsp;<\/p>\n<p>&nbsp;<\/p>\n<p><a rel=\"attachment wp-att-27459\" href=\"http:\/\/www.cinevox.be\/offlineghent\/wim\/\"><img loading=\"lazy\" decoding=\"async\" class=\"alignright size-full wp-image-27459\" title=\"wim\" src=\"http:\/\/www.cinevox.be\/wp-content\/uploads\/sites\/2\/2012\/08\/wim.jpeg\" alt=\"\" width=\"400\" height=\"225\" srcset=\"https:\/\/welovecinema.be\/wp-content\/uploads\/sites\/2\/2012\/08\/wim.jpeg 400w, https:\/\/welovecinema.be\/wp-content\/uploads\/sites\/2\/2012\/08\/wim-200x113.jpg 200w, https:\/\/welovecinema.be\/wp-content\/uploads\/sites\/2\/2012\/08\/wim-300x169.jpg 300w\" sizes=\"auto, (max-width: 400px) 100vw, 400px\" \/><\/a><\/p>\n<p>Apr\u00e8s quelques projets au th\u00e9\u00e2tre et dans l\u2019art vid\u00e9o, Peter Monsaert fait donc ses grands d\u00e9buts dans le long m\u00e9trage avec<em> Offline<\/em>, Il offre son premier grand r\u00f4le flamand \u00e0 <strong>Wim Willaert (photo) <\/strong>qu&rsquo;on a pu le voir dans la production franco-belge <em>Quand la mer monte<\/em>, de <strong>Yolande Moreau<\/strong> et <strong>Gilles Porte<\/strong>.<\/p>\n<p>Le public flamand conna\u00eet surtout Wim Willaert pour ses r\u00f4les dans des films de <strong>Koen Mortier<\/strong>, <em>Ex Drummer <\/em>et <em>22 mei<\/em>. \u00c0 travers son interpr\u00e9tation de Rudy, l\u2019acteur originaire de Flandre occidentale montre qu\u2019il peut faire passer une touche de l\u00e9g\u00e8ret\u00e9 dans de grandes \u00e9motions, d\u2019une fa\u00e7on tr\u00e8s personnelle. Il faut dire que son r\u00f4le est dur et difficile. Beaucoup de charisme \u00e9tait n\u00e9cessaire pour le mettre en valeur.<\/p>\n<p>&nbsp;<\/p>\n<p><a rel=\"attachment wp-att-27460\" href=\"http:\/\/www.cinevox.be\/offlineghent\/dd6-klein-3\/\"><img loading=\"lazy\" decoding=\"async\" class=\"alignleft size-full wp-image-27460\" title=\"dd6-klein-3\" src=\"http:\/\/www.cinevox.be\/wp-content\/uploads\/sites\/2\/2012\/08\/dd6-klein-3.jpg\" alt=\"\" width=\"460\" height=\"260\" srcset=\"https:\/\/welovecinema.be\/wp-content\/uploads\/sites\/2\/2012\/08\/dd6-klein-3.jpg 460w, https:\/\/welovecinema.be\/wp-content\/uploads\/sites\/2\/2012\/08\/dd6-klein-3-200x113.jpg 200w, https:\/\/welovecinema.be\/wp-content\/uploads\/sites\/2\/2012\/08\/dd6-klein-3-300x169.jpg 300w\" sizes=\"auto, (max-width: 460px) 100vw, 460px\" \/><\/a><\/p>\n<p>Autour de lui, de nouveaux talents <strong>: Anemone Valcke<\/strong>, r\u00e9v\u00e9l\u00e9e par <em>Moscow, Belgium<\/em> et <em>Oxyg\u00e8ne\/Adem<\/em> et <strong>Robrecht Vanden Thoren <\/strong>(photo)<strong>,<\/strong> vu dans <em>Hasta la Vista<\/em>.<\/p>\n<p>&nbsp;<\/p>\n<p>Un atout d&rsquo;<em>Offline<\/em> est sans nul doute la bande originale, que Triggerfinger a compos\u00e9e pour ce film. La tonalit\u00e9 s\u2019\u00e9carte l\u00e9g\u00e8rement de ce \u00e0 quoi nous a accoutum\u00e9s le groupe belge le plus en vue du moment. <strong>Ruben Block<\/strong> et les siens ont enregistr\u00e9 cette B.O. au cours de leur tourn\u00e9e internationale dans un studio mobile. Ils y d\u00e9montrent une fois encore leur universalit\u00e9 en interpr\u00e9tant, \u00e0 c\u00f4t\u00e9 du rock engag\u00e9 et tonitruant, une s\u00e9rie de morceaux classiques et m\u00eame une plage de &lsquo;big beat&rsquo;, fa\u00e7on Chemical Brothers.<\/p>\n<p>&nbsp;<\/p>\n<p><a rel=\"attachment wp-att-27465\" href=\"http:\/\/www.cinevox.be\/offlineghent\/triggerfinger_078\/\"><img loading=\"lazy\" decoding=\"async\" class=\"aligncenter size-full wp-image-27465\" title=\"Triggerfinger_078\" src=\"http:\/\/www.cinevox.be\/wp-content\/uploads\/sites\/2\/2012\/09\/Triggerfinger_078.jpg\" alt=\"\" width=\"1600\" height=\"1063\" srcset=\"https:\/\/welovecinema.be\/wp-content\/uploads\/sites\/2\/2012\/09\/Triggerfinger_078.jpg 1600w, https:\/\/welovecinema.be\/wp-content\/uploads\/sites\/2\/2012\/09\/Triggerfinger_078-406x270.jpg 406w, https:\/\/welovecinema.be\/wp-content\/uploads\/sites\/2\/2012\/09\/Triggerfinger_078-800x531.jpg 800w\" sizes=\"auto, (max-width: 1600px) 100vw, 1600px\" \/><\/a><\/p>\n<p>&nbsp;<\/p>\n<p>En pr\u00e9sentant son projet, Peter Monsaert a justifi\u00e9 son choix de Triggerfinger en d\u00e9clarant que le groupe r\u00e9unissait dans sa musique les extr\u00eames qui caract\u00e9risaient Rudy Vandekerckhove, son h\u00e9ros : \u00ab\u00a0<em>col\u00e8re et d\u00e9solation, doubl\u00e9es de r\u00e9signation et de m\u00e9lancolie<\/em> \u00bb.<\/p>\n<p>\u00c7a promet !<\/p>\n<p>&nbsp;<\/p>\n<p>&nbsp;<\/p>\n","protected":false},"excerpt":{"rendered":"<p>Rudy Vandekerckhove, un ex-d\u00e9tenu assez bizarre, tente de remettre son existence sur les rails apr\u00e8s sept ann\u00e9es pass\u00e9es derri\u00e8re les barreaux. Il esp\u00e8re reprendre son ancien boulot de r\u00e9parateur de machines \u00e0 laver et se rabibocher avec la famille qu&rsquo;il a laiss\u00e9e derri\u00e8re lui \u00e0 l&rsquo;\u00e9poque. Bien qu\u2019il puisse compter pour cela sur l\u2019aide de &hellip;<\/p>\n","protected":false},"author":7,"featured_media":27462,"comment_status":"closed","ping_status":"closed","sticky":false,"template":"","format":"standard","meta":{"ngg_post_thumbnail":0,"footnotes":""},"categories":[53,7],"tags":[],"class_list":["post-27458","post","type-post","status-publish","format-standard","has-post-thumbnail","","category-coming-soon","category-actualites"],"yoast_head":"<!-- This site is optimized with the Yoast SEO plugin v20.4 - https:\/\/yoast.com\/wordpress\/plugins\/seo\/ -->\n<title>Offline, \u00e9v\u00e8nement attendu \u00e0 Gand - We Love Cinema<\/title>\n<meta name=\"robots\" content=\"index, follow, max-snippet:-1, max-image-preview:large, max-video-preview:-1\" \/>\n<link rel=\"canonical\" href=\"https:\/\/welovecinema.be\/fr\/offlineghent\/\" \/>\n<meta property=\"og:locale\" content=\"fr_FR\" \/>\n<meta property=\"og:type\" content=\"article\" \/>\n<meta property=\"og:title\" content=\"Offline, \u00e9v\u00e8nement attendu \u00e0 Gand - We Love Cinema\" \/>\n<meta property=\"og:description\" content=\"Rudy Vandekerckhove, un ex-d\u00e9tenu assez bizarre, tente de remettre son existence sur les rails apr\u00e8s sept ann\u00e9es pass\u00e9es derri\u00e8re les barreaux. Il esp\u00e8re reprendre son ancien boulot de r\u00e9parateur de machines \u00e0 laver et se rabibocher avec la famille qu&rsquo;il a laiss\u00e9e derri\u00e8re lui \u00e0 l&rsquo;\u00e9poque. Bien qu\u2019il puisse compter pour cela sur l\u2019aide de &hellip;\" \/>\n<meta property=\"og:url\" content=\"https:\/\/welovecinema.be\/fr\/offlineghent\/\" \/>\n<meta property=\"og:site_name\" content=\"We Love Cinema\" \/>\n<meta property=\"article:publisher\" content=\"https:\/\/www.facebook.com\/welovecinema.be\" \/>\n<meta property=\"article:published_time\" content=\"2012-10-16T05:59:26+00:00\" \/>\n<meta property=\"article:modified_time\" content=\"2012-10-15T11:51:50+00:00\" \/>\n<meta property=\"og:image\" content=\"https:\/\/welovecinema.be\/wp-content\/uploads\/sites\/2\/2012\/09\/dd6-klein-1_0.jpg\" \/>\n\t<meta property=\"og:image:width\" content=\"460\" \/>\n\t<meta property=\"og:image:height\" content=\"260\" \/>\n\t<meta property=\"og:image:type\" content=\"image\/jpeg\" \/>\n<meta name=\"author\" content=\"Philippe.Pierquin\" \/>\n<meta name=\"twitter:card\" content=\"summary_large_image\" \/>\n<meta name=\"twitter:label1\" content=\"\u00c9crit par\" \/>\n\t<meta name=\"twitter:data1\" content=\"Philippe.Pierquin\" \/>\n\t<meta name=\"twitter:label2\" content=\"Dur\u00e9e de lecture estim\u00e9e\" \/>\n\t<meta name=\"twitter:data2\" content=\"2 minutes\" \/>\n<script type=\"application\/ld+json\" class=\"yoast-schema-graph\">{\"@context\":\"https:\/\/schema.org\",\"@graph\":[{\"@type\":\"Article\",\"@id\":\"https:\/\/welovecinema.be\/fr\/offlineghent\/#article\",\"isPartOf\":{\"@id\":\"https:\/\/welovecinema.be\/fr\/offlineghent\/\"},\"author\":{\"name\":\"Philippe.Pierquin\",\"@id\":\"https:\/\/welovecinema.be\/nl\/#\/schema\/person\/4b9b1d857f0943453a38a7c2859ef756\"},\"headline\":\"Offline, \u00e9v\u00e8nement attendu \u00e0 Gand\",\"datePublished\":\"2012-10-16T05:59:26+00:00\",\"dateModified\":\"2012-10-15T11:51:50+00:00\",\"mainEntityOfPage\":{\"@id\":\"https:\/\/welovecinema.be\/fr\/offlineghent\/\"},\"wordCount\":498,\"publisher\":{\"@id\":\"https:\/\/welovecinema.be\/nl\/#organization\"},\"articleSection\":[\"Coming soon\",\"News\"],\"inLanguage\":\"fr-FR\"},{\"@type\":\"WebPage\",\"@id\":\"https:\/\/welovecinema.be\/fr\/offlineghent\/\",\"url\":\"https:\/\/welovecinema.be\/fr\/offlineghent\/\",\"name\":\"Offline, \u00e9v\u00e8nement attendu \u00e0 Gand - We Love Cinema\",\"isPartOf\":{\"@id\":\"https:\/\/welovecinema.be\/nl\/#website\"},\"datePublished\":\"2012-10-16T05:59:26+00:00\",\"dateModified\":\"2012-10-15T11:51:50+00:00\",\"breadcrumb\":{\"@id\":\"https:\/\/welovecinema.be\/fr\/offlineghent\/#breadcrumb\"},\"inLanguage\":\"fr-FR\",\"potentialAction\":[{\"@type\":\"ReadAction\",\"target\":[\"https:\/\/welovecinema.be\/fr\/offlineghent\/\"]}]},{\"@type\":\"BreadcrumbList\",\"@id\":\"https:\/\/welovecinema.be\/fr\/offlineghent\/#breadcrumb\",\"itemListElement\":[{\"@type\":\"ListItem\",\"position\":1,\"name\":\"Accueil\",\"item\":\"https:\/\/welovecinema.be\/fr\/\"},{\"@type\":\"ListItem\",\"position\":2,\"name\":\"Offline, \u00e9v\u00e8nement attendu \u00e0 Gand\"}]},{\"@type\":\"WebSite\",\"@id\":\"https:\/\/welovecinema.be\/nl\/#website\",\"url\":\"https:\/\/welovecinema.be\/nl\/\",\"name\":\"We Love Cinema\",\"description\":\"Toute l\u2019information du cin\u00e9ma en Belgique\",\"publisher\":{\"@id\":\"https:\/\/welovecinema.be\/nl\/#organization\"},\"potentialAction\":[{\"@type\":\"SearchAction\",\"target\":{\"@type\":\"EntryPoint\",\"urlTemplate\":\"https:\/\/welovecinema.be\/nl\/?s={search_term_string}\"},\"query-input\":\"required name=search_term_string\"}],\"inLanguage\":\"fr-FR\"},{\"@type\":\"Organization\",\"@id\":\"https:\/\/welovecinema.be\/nl\/#organization\",\"name\":\"We Love Cinema\",\"url\":\"https:\/\/welovecinema.be\/nl\/\",\"logo\":{\"@type\":\"ImageObject\",\"inLanguage\":\"fr-FR\",\"@id\":\"https:\/\/welovecinema.be\/nl\/#\/schema\/logo\/image\/\",\"url\":\"https:\/\/welovecinema.be\/wp-content\/uploads\/sites\/2\/2023\/03\/Logo-We-Love-Cinema305x128.jpg\",\"contentUrl\":\"https:\/\/welovecinema.be\/wp-content\/uploads\/sites\/2\/2023\/03\/Logo-We-Love-Cinema305x128.jpg\",\"width\":305,\"height\":128,\"caption\":\"We Love Cinema\"},\"image\":{\"@id\":\"https:\/\/welovecinema.be\/nl\/#\/schema\/logo\/image\/\"},\"sameAs\":[\"https:\/\/www.facebook.com\/welovecinema.be\",\"https:\/\/www.youtube.com\/channel\/UCX5LYGVhnKvYauW4Nta4HJA\",\"https:\/\/www.instagram.com\/welovecinema.be\/\"]},{\"@type\":\"Person\",\"@id\":\"https:\/\/welovecinema.be\/nl\/#\/schema\/person\/4b9b1d857f0943453a38a7c2859ef756\",\"name\":\"Philippe.Pierquin\",\"url\":\"https:\/\/welovecinema.be\/fr\/author\/philippe-pierquin\/\"}]}<\/script>\n<!-- \/ Yoast SEO plugin. -->","yoast_head_json":{"title":"Offline, \u00e9v\u00e8nement attendu \u00e0 Gand - We Love Cinema","robots":{"index":"index","follow":"follow","max-snippet":"max-snippet:-1","max-image-preview":"max-image-preview:large","max-video-preview":"max-video-preview:-1"},"canonical":"https:\/\/welovecinema.be\/fr\/offlineghent\/","og_locale":"fr_FR","og_type":"article","og_title":"Offline, \u00e9v\u00e8nement attendu \u00e0 Gand - We Love Cinema","og_description":"Rudy Vandekerckhove, un ex-d\u00e9tenu assez bizarre, tente de remettre son existence sur les rails apr\u00e8s sept ann\u00e9es pass\u00e9es derri\u00e8re les barreaux. Il esp\u00e8re reprendre son ancien boulot de r\u00e9parateur de machines \u00e0 laver et se rabibocher avec la famille qu&rsquo;il a laiss\u00e9e derri\u00e8re lui \u00e0 l&rsquo;\u00e9poque. Bien qu\u2019il puisse compter pour cela sur l\u2019aide de &hellip;","og_url":"https:\/\/welovecinema.be\/fr\/offlineghent\/","og_site_name":"We Love Cinema","article_publisher":"https:\/\/www.facebook.com\/welovecinema.be","article_published_time":"2012-10-16T05:59:26+00:00","article_modified_time":"2012-10-15T11:51:50+00:00","og_image":[{"width":"460","height":"260","url":"https:\/\/welovecinema.be\/wp-content\/uploads\/sites\/2\/2012\/09\/dd6-klein-1_0.jpg","type":"image\/jpeg"}],"author":"Philippe.Pierquin","twitter_card":"summary_large_image","twitter_misc":{"\u00c9crit par":"Philippe.Pierquin","Dur\u00e9e de lecture estim\u00e9e":"2 minutes"},"schema":{"@context":"https:\/\/schema.org","@graph":[{"@type":"Article","@id":"https:\/\/welovecinema.be\/fr\/offlineghent\/#article","isPartOf":{"@id":"https:\/\/welovecinema.be\/fr\/offlineghent\/"},"author":{"name":"Philippe.Pierquin","@id":"https:\/\/welovecinema.be\/nl\/#\/schema\/person\/4b9b1d857f0943453a38a7c2859ef756"},"headline":"Offline, \u00e9v\u00e8nement attendu \u00e0 Gand","datePublished":"2012-10-16T05:59:26+00:00","dateModified":"2012-10-15T11:51:50+00:00","mainEntityOfPage":{"@id":"https:\/\/welovecinema.be\/fr\/offlineghent\/"},"wordCount":498,"publisher":{"@id":"https:\/\/welovecinema.be\/nl\/#organization"},"articleSection":["Coming soon","News"],"inLanguage":"fr-FR"},{"@type":"WebPage","@id":"https:\/\/welovecinema.be\/fr\/offlineghent\/","url":"https:\/\/welovecinema.be\/fr\/offlineghent\/","name":"Offline, \u00e9v\u00e8nement attendu \u00e0 Gand - We Love Cinema","isPartOf":{"@id":"https:\/\/welovecinema.be\/nl\/#website"},"datePublished":"2012-10-16T05:59:26+00:00","dateModified":"2012-10-15T11:51:50+00:00","breadcrumb":{"@id":"https:\/\/welovecinema.be\/fr\/offlineghent\/#breadcrumb"},"inLanguage":"fr-FR","potentialAction":[{"@type":"ReadAction","target":["https:\/\/welovecinema.be\/fr\/offlineghent\/"]}]},{"@type":"BreadcrumbList","@id":"https:\/\/welovecinema.be\/fr\/offlineghent\/#breadcrumb","itemListElement":[{"@type":"ListItem","position":1,"name":"Accueil","item":"https:\/\/welovecinema.be\/fr\/"},{"@type":"ListItem","position":2,"name":"Offline, \u00e9v\u00e8nement attendu \u00e0 Gand"}]},{"@type":"WebSite","@id":"https:\/\/welovecinema.be\/nl\/#website","url":"https:\/\/welovecinema.be\/nl\/","name":"We Love Cinema","description":"Toute l\u2019information du cin\u00e9ma en Belgique","publisher":{"@id":"https:\/\/welovecinema.be\/nl\/#organization"},"potentialAction":[{"@type":"SearchAction","target":{"@type":"EntryPoint","urlTemplate":"https:\/\/welovecinema.be\/nl\/?s={search_term_string}"},"query-input":"required name=search_term_string"}],"inLanguage":"fr-FR"},{"@type":"Organization","@id":"https:\/\/welovecinema.be\/nl\/#organization","name":"We Love Cinema","url":"https:\/\/welovecinema.be\/nl\/","logo":{"@type":"ImageObject","inLanguage":"fr-FR","@id":"https:\/\/welovecinema.be\/nl\/#\/schema\/logo\/image\/","url":"https:\/\/welovecinema.be\/wp-content\/uploads\/sites\/2\/2023\/03\/Logo-We-Love-Cinema305x128.jpg","contentUrl":"https:\/\/welovecinema.be\/wp-content\/uploads\/sites\/2\/2023\/03\/Logo-We-Love-Cinema305x128.jpg","width":305,"height":128,"caption":"We Love Cinema"},"image":{"@id":"https:\/\/welovecinema.be\/nl\/#\/schema\/logo\/image\/"},"sameAs":["https:\/\/www.facebook.com\/welovecinema.be","https:\/\/www.youtube.com\/channel\/UCX5LYGVhnKvYauW4Nta4HJA","https:\/\/www.instagram.com\/welovecinema.be\/"]},{"@type":"Person","@id":"https:\/\/welovecinema.be\/nl\/#\/schema\/person\/4b9b1d857f0943453a38a7c2859ef756","name":"Philippe.Pierquin","url":"https:\/\/welovecinema.be\/fr\/author\/philippe-pierquin\/"}]}},"_links":{"self":[{"href":"https:\/\/welovecinema.be\/fr\/wp-json\/wp\/v2\/posts\/27458","targetHints":{"allow":["GET"]}}],"collection":[{"href":"https:\/\/welovecinema.be\/fr\/wp-json\/wp\/v2\/posts"}],"about":[{"href":"https:\/\/welovecinema.be\/fr\/wp-json\/wp\/v2\/types\/post"}],"author":[{"embeddable":true,"href":"https:\/\/welovecinema.be\/fr\/wp-json\/wp\/v2\/users\/7"}],"replies":[{"embeddable":true,"href":"https:\/\/welovecinema.be\/fr\/wp-json\/wp\/v2\/comments?post=27458"}],"version-history":[{"count":0,"href":"https:\/\/welovecinema.be\/fr\/wp-json\/wp\/v2\/posts\/27458\/revisions"}],"wp:featuredmedia":[{"embeddable":true,"href":"https:\/\/welovecinema.be\/fr\/wp-json\/wp\/v2\/media\/27462"}],"wp:attachment":[{"href":"https:\/\/welovecinema.be\/fr\/wp-json\/wp\/v2\/media?parent=27458"}],"wp:term":[{"taxonomy":"category","embeddable":true,"href":"https:\/\/welovecinema.be\/fr\/wp-json\/wp\/v2\/categories?post=27458"},{"taxonomy":"post_tag","embeddable":true,"href":"https:\/\/welovecinema.be\/fr\/wp-json\/wp\/v2\/tags?post=27458"}],"curies":[{"name":"wp","href":"https:\/\/api.w.org\/{rel}","templated":true}]}}