{"id":27386,"date":"2012-09-04T05:37:16","date_gmt":"2012-09-04T05:37:16","guid":{"rendered":"http:\/\/www.cinevox.be\/?p=27386"},"modified":"2012-09-09T07:51:47","modified_gmt":"2012-09-09T07:51:47","slug":"3deurope","status":"publish","type":"post","link":"https:\/\/welovecinema.be\/fr\/3deurope\/","title":{"rendered":"Le Cin\u00e9ma 3D sera aussi europ\u00e9en"},"content":{"rendered":"<p>Afin de favoriser l\u2019\u00e9closion de films 3D en Europe, le programme MEDIA de la Commission Europ\u00e9enne a d\u00e9cid\u00e9 de soutenir en 2011 la 1<sup>\u00e8re<\/sup> \u00e9dition de 3D Film Mart, le 1<sup>er<\/sup> march\u00e9 \u00e0 la coproduction de films 3D en Europe. Ce march\u00e9, initi\u00e9 par TWIST, le cluster wallon (Belgique) du cin\u00e9ma &amp; des m\u00e9dia num\u00e9riques, l\u2019Universit\u00e9 de Li\u00e8ge (Belgique) et peacefulfish (Allemagne), une soci\u00e9t\u00e9 sp\u00e9cialis\u00e9e dans le financement du cin\u00e9ma europ\u00e9en, a pour objectif de devenir un outil de r\u00e9f\u00e9rence en Europe et au-del\u00e0 pour tous les acteurs du cin\u00e9ma 3D.<!--more--><\/p>\n<p>&nbsp;<\/p>\n<p><strong>Le Cin\u00e9ma 3D\u00a0: Un march\u00e9 bien r\u00e9el<\/strong><\/p>\n<p>&nbsp;<\/p>\n<p>Reproduire le plus fid\u00e8lement possible la vision naturelle de l\u2019Homme, \u00e0 savoir une vision en 3 dimensions, a toujours constitu\u00e9 un challenge pour les chercheurs qui se d\u00e9dient au monde de l\u2019image. Ces recherches ont donn\u00e9 naissance \u00e0 diff\u00e9rents types de technologie 3D dont notamment la 3D st\u00e9r\u00e9oscopique, ou 3D relief. Cette derni\u00e8re, utilis\u00e9e dans de nombreux secteurs d\u2019activit\u00e9 comme le spatial ou l\u2019automobile, fait aujourd\u2019hui les beaux jours de l\u2019industrie du cin\u00e9ma. En effet, apr\u00e8s plusieurs tentatives infructueuses, l\u2019industrie du 7<sup>\u00e8me<\/sup> art a fait depuis 2006 un nouveau pari sur la 3D.\u00a0 Depuis la sortie en salle du 1<sup>er<\/sup> film en 3D, en 1922, The Power of Love, et la p\u00e9riode faste des ann\u00e9es 50 avec des films comme le Crime \u00e9tait presque parfait d\u2019Alfred Hitchcock ou l\u2019Homme au Masque de cire d\u2019Andr\u00e9 de Toth, le cin\u00e9ma 3D a repris des couleurs en 2009 avec le film Avatar de James Cameron.<\/p>\n<p>&nbsp;<\/p>\n<p><a rel=\"attachment wp-att-27398\" href=\"http:\/\/www.cinevox.be\/3deurope\/3d4\/\"><img loading=\"lazy\" decoding=\"async\" class=\"aligncenter size-full wp-image-27398\" title=\"3d4\" src=\"http:\/\/www.cinevox.be\/wp-content\/uploads\/sites\/2\/2012\/08\/3d4.jpg\" alt=\"\" width=\"640\" height=\"426\" srcset=\"https:\/\/welovecinema.be\/wp-content\/uploads\/sites\/2\/2012\/08\/3d4.jpg 640w, https:\/\/welovecinema.be\/wp-content\/uploads\/sites\/2\/2012\/08\/3d4-405x270.jpg 405w\" sizes=\"auto, (max-width: 640px) 100vw, 640px\" \/><\/a><\/p>\n<p>&nbsp;<\/p>\n<p>En \u00e0 peine 3 ans, le box office nord-am\u00e9ricain s\u2019est litt\u00e9ralement \u00e9pris de la 3D puisque celle-ci repr\u00e9sentait fin 2011, d\u2019apr\u00e8s Screen Digest, 19% des rentr\u00e9es totales du cin\u00e9ma outre-atlantique. Egalement, et toujours d\u2019apr\u00e8s Screen Digest, il est not\u00e9 une augmentation de 66% du nombre de films 3D propos\u00e9s dans les salles obscures nord- am\u00e9ricaines en 2011 par rapport \u00e0 2010.<\/p>\n<p>&nbsp;<\/p>\n<p>Cet engouement est \u00e9galement constat\u00e9 en Europe et en Asie et permet d\u2019affirmer aujourd\u2019hui que le cin\u00e9ma 3D est devenu un march\u00e9 bien r\u00e9el. Pr\u00e8s de 40 films sont annonc\u00e9 \u00e0 l\u2019affiche en 2012, contre 36 en 2011 et 22 en 2010. Les exploitants de salle de cin\u00e9ma ont ainsi bien compris leur int\u00e9r\u00eat et se sont \u00e9quip\u00e9s massivement en num\u00e9rique 3D. Il est estim\u00e9 par Mediasalles, Texas Instrument et Screen Digest que 50% du parc mondial \u00e9tait fin 2011 \u00e9quip\u00e9 en num\u00e9rique, ce qui repr\u00e9sentent 18.500 salles en Europe. Le nombre de salles \u00e9quip\u00e9es en num\u00e9rique 3D est estim\u00e9 \u00e0 57% du total des salles num\u00e9riques.<\/p>\n<p>&nbsp;<\/p>\n<p style=\"text-align: center;\"><a rel=\"attachment wp-att-27396\" href=\"http:\/\/www.cinevox.be\/3deurope\/3d2\/\"><img loading=\"lazy\" decoding=\"async\" class=\"size-full wp-image-27396 aligncenter\" title=\"3d2\" src=\"http:\/\/www.cinevox.be\/wp-content\/uploads\/sites\/2\/2012\/08\/3d2.jpg\" alt=\"\" width=\"640\" height=\"426\" srcset=\"https:\/\/welovecinema.be\/wp-content\/uploads\/sites\/2\/2012\/08\/3d2.jpg 640w, https:\/\/welovecinema.be\/wp-content\/uploads\/sites\/2\/2012\/08\/3d2-405x270.jpg 405w\" sizes=\"auto, (max-width: 640px) 100vw, 640px\" \/><\/a><\/p>\n<p>&nbsp;<\/p>\n<p><strong>Produire en 3D\u00a0: un triple challenge pour les producteurs<\/strong><\/p>\n<p>&nbsp;<\/p>\n<p>Il s\u2019agit bien s\u00fbr d\u2019un challenge technologique, d\u2019une part le workflow de production ayant d\u00fb \u00eatre adapt\u00e9 aux contraintes techniques de la prise de vue 3D et d\u2019autre part des nouveaux outils sp\u00e9cifiques ayant d\u00fb \u00eatre d\u00e9velopp\u00e9s.<\/p>\n<p>&nbsp;<\/p>\n<p>Il s\u2019agit ensuite d\u2019un challenge artistique. Le cin\u00e9ma 3D s\u2019appuie en effet sur une grammaire cin\u00e9matographique qui lui est propre comme le confirme James Cameron dans le journal Le Monde du 13 avril 2012 \u00e0 propos de \u00ab\u00a0Hugo Cabret\u00a0\u00bb de Martin Scorsese\u00a0: \u00ab\u00a0Il \u00e9tait venu me voir avec son directeur de la photographie, Bob Richardson, pour m\u2019interroger sur ce format. Ils se sont donn\u00e9 la peine d\u2019apprendre la grammaire de la 3D. Le r\u00e9sultat est impressionnant. Vous avez un grand metteur en sc\u00e8ne qui con\u00e7oit son film en 3D, int\u00e8gre ce proc\u00e9d\u00e9 \u00e0 son style de mise en sc\u00e8ne. Ce format ne se trouve jamais en porte-\u00e0-faux avec l\u2019histoire, bien au contraire, il devient l\u2019un des \u00e9l\u00e9ments du r\u00e9cit. Et pourtant, le style de\u00a0Scorsese reste intact, ses options esth\u00e9tiques aussi. Il s\u2019agit sans doute du meilleur film jamais r\u00e9alis\u00e9 en 3D.\u00a0\u00bb<\/p>\n<p>&nbsp;<\/p>\n<p>Enfin il s\u2019agit d\u2019un challenge \u00e9conomique. Les canaux de financement traditionnels d\u2019un film 2D ne sont en effet pas tous adapt\u00e9s aux films 3D. Les producteurs, qui ne peuvent par exemple compter sur le soutien des chaines TV, doivent donc faire montre d\u2019une cr\u00e9ativit\u00e9 particuli\u00e8re pour boucler le financement de leur film 3D.<\/p>\n<p>&nbsp;<\/p>\n<p style=\"text-align: center;\"><a rel=\"attachment wp-att-27397\" href=\"http:\/\/www.cinevox.be\/3deurope\/3d3\/\"><img loading=\"lazy\" decoding=\"async\" class=\"size-full wp-image-27397 aligncenter\" title=\"3d3\" src=\"http:\/\/www.cinevox.be\/wp-content\/uploads\/sites\/2\/2012\/08\/3d3.jpg\" alt=\"\" width=\"640\" height=\"426\" srcset=\"https:\/\/welovecinema.be\/wp-content\/uploads\/sites\/2\/2012\/08\/3d3.jpg 640w, https:\/\/welovecinema.be\/wp-content\/uploads\/sites\/2\/2012\/08\/3d3-405x270.jpg 405w\" sizes=\"auto, (max-width: 640px) 100vw, 640px\" \/><\/a><\/p>\n<p>&nbsp;<\/p>\n<p><strong>3D Film Mart\u00a0: le 1<sup>er<\/sup> march\u00e9 \u00e0 la coproduction de films 3D en Europe<\/strong><\/p>\n<p><strong>4&amp;5 d\u00e9cembre 2012, Li\u00e8ge &#8211; Belgique<\/strong><\/p>\n<p>&nbsp;<\/p>\n<p>3D Film Mart est typique des march\u00e9s du film \u00e0 la coproduction. Son focus sur les films en 3 dimensions en fait cependant un march\u00e9 unique en Europe et dans le monde\u00a0: son objectif est de r\u00e9unir les acteurs de la cr\u00e9ation cin\u00e9matographique ou audiovisuelle 3D, de la production \u00e0 la distribution (ou \u00e0 la diffusion) afin de leur permettre d\u2019effectuer des montages financiers relatifs \u00e0 des projets 3D en d\u00e9veloppement, de proc\u00e9der \u00e0 des transactions commerciales d\u2019achat ou de vente ou simplement de mettre en \u00e9vidence des films 3D ou des jeunes r\u00e9alisateurs.<\/p>\n<p>&nbsp;<\/p>\n<p>3D Film Mart permettra ainsi en 2012, comme en 2011, \u00e0 20 porteurs de projets s\u00e9lectionn\u00e9s par un jury de professionnels, de pr\u00e9senter leur film en phase de d\u00e9veloppement devant un panel de financiers, investisseurs et producteurs invit\u00e9s. En parall\u00e8le, de nombreuses rencontres entre professionnelles de la 3D, producteurs, r\u00e9alisateurs, techniciens, prestataires de service, financiers, investisseurs y seront organis\u00e9s afin de permettre aux uns et aux autres de faire avancer leurs projets et de se cr\u00e9er un r\u00e9seau d\u2019acteurs sp\u00e9cialis\u00e9s dans ce genre nouveau.<\/p>\n<p>&nbsp;<\/p>\n<p>3D Film Mart proposera \u00e9galement \u00e0 ses participants diff\u00e9rentes conf\u00e9rences sur des th\u00e9matiques cibl\u00e9es\u00a0: comment mon\u00e9tiser un film 3D, l\u2019apport de la 3D aux films d\u2019auteur ou encore l\u2019avenir de la 3D en t\u00e9l\u00e9vision. 3D Film Mart, organis\u00e9 \u00e0 Li\u00e8ge, en Belgique, mettra \u00e9galement en \u00e9vidence le syst\u00e8me belge de financement du cin\u00e9ma, et notamment son d\u00e9sormais fameux \u00ab\u00a0tax shelter\u00a0\u00bb. Ce syst\u00e8me de financement, le meilleur en Europe aux dires de nombreux experts du cin\u00e9ma, a g\u00e9n\u00e9r\u00e9 un investissement dans l\u2019industrie cin\u00e9matographique belge de 170 millions d\u2019euros en 2011.<\/p>\n<p>&nbsp;<\/p>\n<p>Enfin 3D Film Mart, au travers de 3D Stereo MEDIA, c\u2019est aussi un festival du film 3D, des conf\u00e9rences scientifiques et techniques, une acad\u00e9mie 3D visant \u00e0 initier les professionnels de la 2D aux challenges de la 3D et la remise des Statuette Lumi\u00e8re aux meilleures productions 3D provenant d\u2019Europe, du Moyen Orient et d\u2019Afrique du nord de l\u2019ann\u00e9e.<\/p>\n<p>&nbsp;<\/p>\n<p><strong>Nouvelles dates de soumissions<\/strong><\/p>\n<p><strong>3D Film Mart (3DFM) : le 14 septembre<\/strong><\/p>\n<p>&nbsp;<\/p>\n<p><a rel=\"attachment wp-att-27390\" href=\"http:\/\/www.cinevox.be\/3deurope\/3d-deadlines\/\"><img loading=\"lazy\" decoding=\"async\" class=\"alignright size-full wp-image-27390\" title=\"3d deadlines\" src=\"http:\/\/www.cinevox.be\/wp-content\/uploads\/sites\/2\/2012\/08\/3d-deadlines.jpg\" alt=\"\" width=\"400\" height=\"293\" srcset=\"https:\/\/welovecinema.be\/wp-content\/uploads\/sites\/2\/2012\/08\/3d-deadlines.jpg 400w, https:\/\/welovecinema.be\/wp-content\/uploads\/sites\/2\/2012\/08\/3d-deadlines-368x270.jpg 368w\" sizes=\"auto, (max-width: 400px) 100vw, 400px\" \/><\/a><\/p>\n<p>Vous avez maintenant jusqu&rsquo;au vendredi 14 septembre pour soumettre vos projets 3D-S de co-production au 3D Film Mart (3DFM). Vous trouverez tous les d\u00e9tails \u00e0 ce sujet, y compris la proc\u00e9dure de soumission, sur www.3dstereomedia.eu\/filmmart. Si vous avez des questions, n&rsquo;h\u00e9sitez pas \u00e0 nous contacter.<\/p>\n<p>&nbsp;<\/p>\n<p>3DFM est un projet officiel du programme MEDIA de la Commission europ\u00e9enne. Bien que l&rsquo;accent soit mis sur les projets issus de l&rsquo;Union Europ\u00e9enne, nous accepterons quelques projets venus d&rsquo;ailleurs dans le monde !<\/p>\n<p>&nbsp;<\/p>\n<p>Retrouvez-nous sur les sites web de \u00ab Film Echo \u00bb, \u00ab Film New Europe \u00bb, \u00ab Cineuropa \u00bb et \u00ab Screen \u00bb, o\u00f9 le march\u00e9 est annonc\u00e9.<\/p>\n<p>&nbsp;<\/p>\n<p>&nbsp;<\/p>\n<p><strong>Conf\u00e9rence internationale sur l\u2019Imagerie 3D (IC3D) : le 17 septembre<\/strong><\/p>\n<p>&nbsp;<\/p>\n<p>Vous avez maintenant jusqu&rsquo;au lundi 17 septembre pour soumettre vos articles \u00e0 la Conf\u00e9rence internationale sur l\u2019Imagerie 3D (IC3D) . Vous trouverez tous les d\u00e9tails \u00e0 ce sujet, y compris la proc\u00e9dure de soumission, sur www.3dstereomedia.eu\/scientific-conference. Si vous avez des questions, n&rsquo;h\u00e9sitez pas \u00e0 nous contacter.<\/p>\n<p>&nbsp;<\/p>\n<p>IC3D est techniquement co-sponsoris\u00e9e par l&rsquo;IEEE Signal Processing Society. L&rsquo;IEEE a annonc\u00e9 que les actes (\u00ab proceedings \u00bb) de IC3D 2012 seront inclus dans leur biblioth\u00e8que num\u00e9rique \u00ab IEEE Xplore \u00bb. Pour am\u00e9liorer la visibilit\u00e9 de IC3D, nous avons plac\u00e9 les proceedings de IC3D 2011 sur notre site Web. Cela devrait motiver les futurs auteurs \u00e0 soumettre leurs articles.<\/p>\n<p>&nbsp;<\/p>\n<p>&nbsp;<\/p>\n<p>&nbsp;<\/p>\n<p><strong>Pour plus d\u2019informations<\/strong><\/p>\n<p>3D Film Mart\u00a0:\u00a0<a href=\"http:\/\/www.3dstereomedia.eu\/3d-film-mart\" target=\"_blank\">www.3dstereomedia.eu\/3d-film-mart<\/a><\/p>\n<p>&nbsp;<\/p>\n<p><strong>Dates Cl\u00e9<\/strong><\/p>\n<p>Fin de l\u2019appel \u00e0 projets pour 3D Film Mart 2012\u00a0: 14 septembre 2012<\/p>\n<p>Notification des projets s\u00e9lectionn\u00e9s\u00a0: 8 octobre 2012<\/p>\n<p>March\u00e9 du Film 3D\u00a0: 4&amp;5 d\u00e9cembre 2012, Li\u00e8ge (Belgique)<\/p>\n<p>&nbsp;<\/p>\n<p><a href=\"http:\/\/www.3dstereomedia.eu\/\" target=\"_blank\">www.3dstereomedia.eu<\/a><\/p>\n<p>&nbsp;<\/p>\n<p>&nbsp;<\/p>\n","protected":false},"excerpt":{"rendered":"<p>Afin de favoriser l\u2019\u00e9closion de films 3D en Europe, le programme MEDIA de la Commission Europ\u00e9enne a d\u00e9cid\u00e9 de soutenir en 2011 la 1\u00e8re \u00e9dition de 3D Film Mart, le 1er march\u00e9 \u00e0 la coproduction de films 3D en Europe. Ce march\u00e9, initi\u00e9 par TWIST, le cluster wallon (Belgique) du cin\u00e9ma &amp; des m\u00e9dia num\u00e9riques, &hellip;<\/p>\n","protected":false},"author":7,"featured_media":27392,"comment_status":"closed","ping_status":"closed","sticky":false,"template":"","format":"standard","meta":{"ngg_post_thumbnail":0,"footnotes":""},"categories":[1923],"tags":[],"class_list":["post-27386","post","type-post","status-publish","format-standard","has-post-thumbnail","","category-en-bref"],"yoast_head":"<!-- This site is optimized with the Yoast SEO plugin v20.4 - https:\/\/yoast.com\/wordpress\/plugins\/seo\/ -->\n<title>Le Cin\u00e9ma 3D sera aussi europ\u00e9en - We Love Cinema<\/title>\n<meta name=\"robots\" content=\"index, follow, max-snippet:-1, max-image-preview:large, max-video-preview:-1\" \/>\n<link rel=\"canonical\" href=\"https:\/\/welovecinema.be\/fr\/3deurope\/\" \/>\n<meta property=\"og:locale\" content=\"fr_FR\" \/>\n<meta property=\"og:type\" content=\"article\" \/>\n<meta property=\"og:title\" content=\"Le Cin\u00e9ma 3D sera aussi europ\u00e9en - We Love Cinema\" \/>\n<meta property=\"og:description\" content=\"Afin de favoriser l\u2019\u00e9closion de films 3D en Europe, le programme MEDIA de la Commission Europ\u00e9enne a d\u00e9cid\u00e9 de soutenir en 2011 la 1\u00e8re \u00e9dition de 3D Film Mart, le 1er march\u00e9 \u00e0 la coproduction de films 3D en Europe. Ce march\u00e9, initi\u00e9 par TWIST, le cluster wallon (Belgique) du cin\u00e9ma &amp; des m\u00e9dia num\u00e9riques, &hellip;\" \/>\n<meta property=\"og:url\" content=\"https:\/\/welovecinema.be\/fr\/3deurope\/\" \/>\n<meta property=\"og:site_name\" content=\"We Love Cinema\" \/>\n<meta property=\"article:publisher\" content=\"https:\/\/www.facebook.com\/welovecinema.be\" \/>\n<meta property=\"article:published_time\" content=\"2012-09-04T05:37:16+00:00\" \/>\n<meta property=\"article:modified_time\" content=\"2012-09-09T07:51:47+00:00\" \/>\n<meta property=\"og:image\" content=\"https:\/\/welovecinema.be\/wp-content\/uploads\/sites\/2\/2012\/08\/3d1.jpg\" \/>\n\t<meta property=\"og:image:width\" content=\"476\" \/>\n\t<meta property=\"og:image:height\" content=\"242\" \/>\n\t<meta property=\"og:image:type\" content=\"image\/jpeg\" \/>\n<meta name=\"author\" content=\"Philippe.Pierquin\" \/>\n<meta name=\"twitter:card\" content=\"summary_large_image\" \/>\n<meta name=\"twitter:label1\" content=\"\u00c9crit par\" \/>\n\t<meta name=\"twitter:data1\" content=\"Philippe.Pierquin\" \/>\n\t<meta name=\"twitter:label2\" content=\"Dur\u00e9e de lecture estim\u00e9e\" \/>\n\t<meta name=\"twitter:data2\" content=\"7 minutes\" \/>\n<script type=\"application\/ld+json\" class=\"yoast-schema-graph\">{\"@context\":\"https:\/\/schema.org\",\"@graph\":[{\"@type\":\"Article\",\"@id\":\"https:\/\/welovecinema.be\/fr\/3deurope\/#article\",\"isPartOf\":{\"@id\":\"https:\/\/welovecinema.be\/fr\/3deurope\/\"},\"author\":{\"name\":\"Philippe.Pierquin\",\"@id\":\"https:\/\/welovecinema.be\/nl\/#\/schema\/person\/4b9b1d857f0943453a38a7c2859ef756\"},\"headline\":\"Le Cin\u00e9ma 3D sera aussi europ\u00e9en\",\"datePublished\":\"2012-09-04T05:37:16+00:00\",\"dateModified\":\"2012-09-09T07:51:47+00:00\",\"mainEntityOfPage\":{\"@id\":\"https:\/\/welovecinema.be\/fr\/3deurope\/\"},\"wordCount\":1436,\"publisher\":{\"@id\":\"https:\/\/welovecinema.be\/nl\/#organization\"},\"articleSection\":[\"En bref\"],\"inLanguage\":\"fr-FR\"},{\"@type\":\"WebPage\",\"@id\":\"https:\/\/welovecinema.be\/fr\/3deurope\/\",\"url\":\"https:\/\/welovecinema.be\/fr\/3deurope\/\",\"name\":\"Le Cin\u00e9ma 3D sera aussi europ\u00e9en - We Love Cinema\",\"isPartOf\":{\"@id\":\"https:\/\/welovecinema.be\/nl\/#website\"},\"datePublished\":\"2012-09-04T05:37:16+00:00\",\"dateModified\":\"2012-09-09T07:51:47+00:00\",\"breadcrumb\":{\"@id\":\"https:\/\/welovecinema.be\/fr\/3deurope\/#breadcrumb\"},\"inLanguage\":\"fr-FR\",\"potentialAction\":[{\"@type\":\"ReadAction\",\"target\":[\"https:\/\/welovecinema.be\/fr\/3deurope\/\"]}]},{\"@type\":\"BreadcrumbList\",\"@id\":\"https:\/\/welovecinema.be\/fr\/3deurope\/#breadcrumb\",\"itemListElement\":[{\"@type\":\"ListItem\",\"position\":1,\"name\":\"Accueil\",\"item\":\"https:\/\/welovecinema.be\/fr\/\"},{\"@type\":\"ListItem\",\"position\":2,\"name\":\"Le Cin\u00e9ma 3D sera aussi europ\u00e9en\"}]},{\"@type\":\"WebSite\",\"@id\":\"https:\/\/welovecinema.be\/nl\/#website\",\"url\":\"https:\/\/welovecinema.be\/nl\/\",\"name\":\"We Love Cinema\",\"description\":\"Toute l\u2019information du cin\u00e9ma en Belgique\",\"publisher\":{\"@id\":\"https:\/\/welovecinema.be\/nl\/#organization\"},\"potentialAction\":[{\"@type\":\"SearchAction\",\"target\":{\"@type\":\"EntryPoint\",\"urlTemplate\":\"https:\/\/welovecinema.be\/nl\/?s={search_term_string}\"},\"query-input\":\"required name=search_term_string\"}],\"inLanguage\":\"fr-FR\"},{\"@type\":\"Organization\",\"@id\":\"https:\/\/welovecinema.be\/nl\/#organization\",\"name\":\"We Love Cinema\",\"url\":\"https:\/\/welovecinema.be\/nl\/\",\"logo\":{\"@type\":\"ImageObject\",\"inLanguage\":\"fr-FR\",\"@id\":\"https:\/\/welovecinema.be\/nl\/#\/schema\/logo\/image\/\",\"url\":\"https:\/\/welovecinema.be\/wp-content\/uploads\/sites\/2\/2023\/03\/Logo-We-Love-Cinema305x128.jpg\",\"contentUrl\":\"https:\/\/welovecinema.be\/wp-content\/uploads\/sites\/2\/2023\/03\/Logo-We-Love-Cinema305x128.jpg\",\"width\":305,\"height\":128,\"caption\":\"We Love Cinema\"},\"image\":{\"@id\":\"https:\/\/welovecinema.be\/nl\/#\/schema\/logo\/image\/\"},\"sameAs\":[\"https:\/\/www.facebook.com\/welovecinema.be\",\"https:\/\/www.youtube.com\/channel\/UCX5LYGVhnKvYauW4Nta4HJA\",\"https:\/\/www.instagram.com\/welovecinema.be\/\"]},{\"@type\":\"Person\",\"@id\":\"https:\/\/welovecinema.be\/nl\/#\/schema\/person\/4b9b1d857f0943453a38a7c2859ef756\",\"name\":\"Philippe.Pierquin\",\"url\":\"https:\/\/welovecinema.be\/fr\/author\/philippe-pierquin\/\"}]}<\/script>\n<!-- \/ Yoast SEO plugin. -->","yoast_head_json":{"title":"Le Cin\u00e9ma 3D sera aussi europ\u00e9en - We Love Cinema","robots":{"index":"index","follow":"follow","max-snippet":"max-snippet:-1","max-image-preview":"max-image-preview:large","max-video-preview":"max-video-preview:-1"},"canonical":"https:\/\/welovecinema.be\/fr\/3deurope\/","og_locale":"fr_FR","og_type":"article","og_title":"Le Cin\u00e9ma 3D sera aussi europ\u00e9en - We Love Cinema","og_description":"Afin de favoriser l\u2019\u00e9closion de films 3D en Europe, le programme MEDIA de la Commission Europ\u00e9enne a d\u00e9cid\u00e9 de soutenir en 2011 la 1\u00e8re \u00e9dition de 3D Film Mart, le 1er march\u00e9 \u00e0 la coproduction de films 3D en Europe. Ce march\u00e9, initi\u00e9 par TWIST, le cluster wallon (Belgique) du cin\u00e9ma &amp; des m\u00e9dia num\u00e9riques, &hellip;","og_url":"https:\/\/welovecinema.be\/fr\/3deurope\/","og_site_name":"We Love Cinema","article_publisher":"https:\/\/www.facebook.com\/welovecinema.be","article_published_time":"2012-09-04T05:37:16+00:00","article_modified_time":"2012-09-09T07:51:47+00:00","og_image":[{"width":"476","height":"242","url":"https:\/\/welovecinema.be\/wp-content\/uploads\/sites\/2\/2012\/08\/3d1.jpg","type":"image\/jpeg"}],"author":"Philippe.Pierquin","twitter_card":"summary_large_image","twitter_misc":{"\u00c9crit par":"Philippe.Pierquin","Dur\u00e9e de lecture estim\u00e9e":"7 minutes"},"schema":{"@context":"https:\/\/schema.org","@graph":[{"@type":"Article","@id":"https:\/\/welovecinema.be\/fr\/3deurope\/#article","isPartOf":{"@id":"https:\/\/welovecinema.be\/fr\/3deurope\/"},"author":{"name":"Philippe.Pierquin","@id":"https:\/\/welovecinema.be\/nl\/#\/schema\/person\/4b9b1d857f0943453a38a7c2859ef756"},"headline":"Le Cin\u00e9ma 3D sera aussi europ\u00e9en","datePublished":"2012-09-04T05:37:16+00:00","dateModified":"2012-09-09T07:51:47+00:00","mainEntityOfPage":{"@id":"https:\/\/welovecinema.be\/fr\/3deurope\/"},"wordCount":1436,"publisher":{"@id":"https:\/\/welovecinema.be\/nl\/#organization"},"articleSection":["En bref"],"inLanguage":"fr-FR"},{"@type":"WebPage","@id":"https:\/\/welovecinema.be\/fr\/3deurope\/","url":"https:\/\/welovecinema.be\/fr\/3deurope\/","name":"Le Cin\u00e9ma 3D sera aussi europ\u00e9en - We Love Cinema","isPartOf":{"@id":"https:\/\/welovecinema.be\/nl\/#website"},"datePublished":"2012-09-04T05:37:16+00:00","dateModified":"2012-09-09T07:51:47+00:00","breadcrumb":{"@id":"https:\/\/welovecinema.be\/fr\/3deurope\/#breadcrumb"},"inLanguage":"fr-FR","potentialAction":[{"@type":"ReadAction","target":["https:\/\/welovecinema.be\/fr\/3deurope\/"]}]},{"@type":"BreadcrumbList","@id":"https:\/\/welovecinema.be\/fr\/3deurope\/#breadcrumb","itemListElement":[{"@type":"ListItem","position":1,"name":"Accueil","item":"https:\/\/welovecinema.be\/fr\/"},{"@type":"ListItem","position":2,"name":"Le Cin\u00e9ma 3D sera aussi europ\u00e9en"}]},{"@type":"WebSite","@id":"https:\/\/welovecinema.be\/nl\/#website","url":"https:\/\/welovecinema.be\/nl\/","name":"We Love Cinema","description":"Toute l\u2019information du cin\u00e9ma en Belgique","publisher":{"@id":"https:\/\/welovecinema.be\/nl\/#organization"},"potentialAction":[{"@type":"SearchAction","target":{"@type":"EntryPoint","urlTemplate":"https:\/\/welovecinema.be\/nl\/?s={search_term_string}"},"query-input":"required name=search_term_string"}],"inLanguage":"fr-FR"},{"@type":"Organization","@id":"https:\/\/welovecinema.be\/nl\/#organization","name":"We Love Cinema","url":"https:\/\/welovecinema.be\/nl\/","logo":{"@type":"ImageObject","inLanguage":"fr-FR","@id":"https:\/\/welovecinema.be\/nl\/#\/schema\/logo\/image\/","url":"https:\/\/welovecinema.be\/wp-content\/uploads\/sites\/2\/2023\/03\/Logo-We-Love-Cinema305x128.jpg","contentUrl":"https:\/\/welovecinema.be\/wp-content\/uploads\/sites\/2\/2023\/03\/Logo-We-Love-Cinema305x128.jpg","width":305,"height":128,"caption":"We Love Cinema"},"image":{"@id":"https:\/\/welovecinema.be\/nl\/#\/schema\/logo\/image\/"},"sameAs":["https:\/\/www.facebook.com\/welovecinema.be","https:\/\/www.youtube.com\/channel\/UCX5LYGVhnKvYauW4Nta4HJA","https:\/\/www.instagram.com\/welovecinema.be\/"]},{"@type":"Person","@id":"https:\/\/welovecinema.be\/nl\/#\/schema\/person\/4b9b1d857f0943453a38a7c2859ef756","name":"Philippe.Pierquin","url":"https:\/\/welovecinema.be\/fr\/author\/philippe-pierquin\/"}]}},"_links":{"self":[{"href":"https:\/\/welovecinema.be\/fr\/wp-json\/wp\/v2\/posts\/27386","targetHints":{"allow":["GET"]}}],"collection":[{"href":"https:\/\/welovecinema.be\/fr\/wp-json\/wp\/v2\/posts"}],"about":[{"href":"https:\/\/welovecinema.be\/fr\/wp-json\/wp\/v2\/types\/post"}],"author":[{"embeddable":true,"href":"https:\/\/welovecinema.be\/fr\/wp-json\/wp\/v2\/users\/7"}],"replies":[{"embeddable":true,"href":"https:\/\/welovecinema.be\/fr\/wp-json\/wp\/v2\/comments?post=27386"}],"version-history":[{"count":0,"href":"https:\/\/welovecinema.be\/fr\/wp-json\/wp\/v2\/posts\/27386\/revisions"}],"wp:featuredmedia":[{"embeddable":true,"href":"https:\/\/welovecinema.be\/fr\/wp-json\/wp\/v2\/media\/27392"}],"wp:attachment":[{"href":"https:\/\/welovecinema.be\/fr\/wp-json\/wp\/v2\/media?parent=27386"}],"wp:term":[{"taxonomy":"category","embeddable":true,"href":"https:\/\/welovecinema.be\/fr\/wp-json\/wp\/v2\/categories?post=27386"},{"taxonomy":"post_tag","embeddable":true,"href":"https:\/\/welovecinema.be\/fr\/wp-json\/wp\/v2\/tags?post=27386"}],"curies":[{"name":"wp","href":"https:\/\/api.w.org\/{rel}","templated":true}]}}