{"id":272340,"date":"2026-09-03T18:45:02","date_gmt":"2026-09-03T16:45:02","guid":{"rendered":"https:\/\/welovecinema.be\/?p=272340"},"modified":"2026-09-04T08:17:32","modified_gmt":"2026-09-04T06:17:32","slug":"leviticus-nouvelle-sensation-de-lhorreur-arrive-au-cinema-ce-7-octobre","status":"publish","type":"post","link":"https:\/\/welovecinema.be\/fr\/leviticus-nouvelle-sensation-de-lhorreur-arrive-au-cinema-ce-7-octobre\/","title":{"rendered":"\u00ab\u00a0Leviticus\u00a0\u00bb, nouvelle sensation de l\u2019horreur, arrive au cin\u00e9ma ce 7 octobre\u00a0!"},"content":{"rendered":"<p style=\"font-weight: 400\"><strong>R\u00e9alis\u00e9 par l\u2019Australien Adrian Chiarella, <em>Leviticus<\/em>, \u00e0 la crois\u00e9e de l&rsquo;\u00e9pouvante psychologique et du drame queer, va faire mal\u00a0! Bande-annonce\u2026<\/strong><\/p>\n<p style=\"font-weight: 400\">L\u2019intrigue suit deux adolescents, Naim et Ryan (incarn\u00e9s par Stacy Clausen et Joe Bird), vivant une histoire d&rsquo;amour clandestine au sein d&rsquo;une communaut\u00e9 \u00e9vang\u00e9lique conservatrice.\u00a0Lorsque leur liaison est d\u00e9couverte, leurs proches et leaders spirituels d\u00e9cident de les soumettre \u00e0 des s\u00e9ances de \u00ab d\u00e9livrance \u00bb s\u2019apparentant \u00e0 une th\u00e9rapie de conversion punitive. C&rsquo;est au cours de ce processus violent qu&rsquo;\u00e9merge une entit\u00e9 surnaturelle.<\/p>\n<p style=\"font-weight: 400\">La cr\u00e9ature adopte une m\u00e9canique de traque similaire \u00e0 des \u0153uvres comme\u00a0<em>It Follows<\/em>\u00a0: elle prend syst\u00e9matiquement l\u2019apparence physique de l&rsquo;\u00eatre le plus d\u00e9sir\u00e9 par sa victime.\u00a0Pour les deux protagonistes, le monstre prend le visage de l&rsquo;autre, transformant leur amour et leur d\u00e9sir en la menace m\u00eame dont ils cherchent \u00e0 s&rsquo;\u00e9chapper.<\/p>\n<p><iframe loading=\"lazy\" title=\"LEVITICUS - Official Trailer (2026)\" width=\"618\" height=\"348\" src=\"https:\/\/www.youtube.com\/embed\/gfkLVd23T64?feature=oembed\" frameborder=\"0\" allow=\"accelerometer; autoplay; clipboard-write; encrypted-media; gyroscope; picture-in-picture; web-share\" referrerpolicy=\"strict-origin-when-cross-origin\" allowfullscreen><\/iframe><\/p>\n<p style=\"font-weight: 400\">Aux c\u00f4t\u00e9s des jeunes premiers, la com\u00e9dienne Mia Wasikowska compl\u00e8te le casting dans le r\u00f4le de la m\u00e8re de l&rsquo;un des gar\u00e7ons.<\/p>\n<p style=\"font-weight: 400\">Encore quelques semaines de patience avant de trembler ! Sinon, autre option: vous rendre en courant aux <em>We Love Cinema Days<\/em>, du 23 au 26 septembre, o\u00f9 le film sera projet\u00e9 en avant-premi\u00e8re. <a href=\"https:\/\/welovecinemadays.be\/fr\/\">Toutes les infos ici<\/a>!<\/p>\n","protected":false},"excerpt":{"rendered":"<p>R\u00e9alis\u00e9 par l\u2019Australien Adrian Chiarella, Leviticus, \u00e0 la crois\u00e9e de l&rsquo;\u00e9pouvante psychologique et du drame queer, va faire mal\u00a0! Bande-annonce\u2026 L\u2019intrigue suit deux adolescents, Naim et Ryan (incarn\u00e9s par Stacy Clausen et Joe Bird), vivant une histoire d&rsquo;amour clandestine au sein d&rsquo;une communaut\u00e9 \u00e9vang\u00e9lique conservatrice.\u00a0Lorsque leur liaison est d\u00e9couverte, leurs proches et leaders spirituels d\u00e9cident &hellip;<\/p>\n","protected":false},"author":358,"featured_media":272337,"comment_status":"closed","ping_status":"closed","sticky":false,"template":"","format":"standard","meta":{"ngg_post_thumbnail":0,"footnotes":""},"categories":[7135,7],"tags":[],"class_list":["post-272340","post","type-post","status-publish","format-standard","has-post-thumbnail","","category-we-love-worldwide","category-actualites"],"yoast_head":"<!-- This site is optimized with the Yoast SEO plugin v20.4 - https:\/\/yoast.com\/wordpress\/plugins\/seo\/ -->\n<title>\u00ab\u00a0Leviticus\u00a0\u00bb, nouvelle sensation de l\u2019horreur, arrive au cin\u00e9ma ce 7 octobre\u00a0! - We Love Cinema<\/title>\n<meta name=\"robots\" content=\"index, follow, max-snippet:-1, max-image-preview:large, max-video-preview:-1\" \/>\n<link rel=\"canonical\" href=\"https:\/\/welovecinema.be\/fr\/leviticus-nouvelle-sensation-de-lhorreur-arrive-au-cinema-ce-7-octobre\/\" \/>\n<meta property=\"og:locale\" content=\"fr_FR\" \/>\n<meta property=\"og:type\" content=\"article\" \/>\n<meta property=\"og:title\" content=\"\u00ab\u00a0Leviticus\u00a0\u00bb, nouvelle sensation de l\u2019horreur, arrive au cin\u00e9ma ce 7 octobre\u00a0! - We Love Cinema\" \/>\n<meta property=\"og:description\" content=\"R\u00e9alis\u00e9 par l\u2019Australien Adrian Chiarella, Leviticus, \u00e0 la crois\u00e9e de l&rsquo;\u00e9pouvante psychologique et du drame queer, va faire mal\u00a0! Bande-annonce\u2026 L\u2019intrigue suit deux adolescents, Naim et Ryan (incarn\u00e9s par Stacy Clausen et Joe Bird), vivant une histoire d&rsquo;amour clandestine au sein d&rsquo;une communaut\u00e9 \u00e9vang\u00e9lique conservatrice.\u00a0Lorsque leur liaison est d\u00e9couverte, leurs proches et leaders spirituels d\u00e9cident &hellip;\" \/>\n<meta property=\"og:url\" content=\"https:\/\/welovecinema.be\/fr\/leviticus-nouvelle-sensation-de-lhorreur-arrive-au-cinema-ce-7-octobre\/\" \/>\n<meta property=\"og:site_name\" content=\"We Love Cinema\" \/>\n<meta property=\"article:publisher\" content=\"https:\/\/www.facebook.com\/welovecinema.be\" \/>\n<meta property=\"article:published_time\" content=\"2026-09-03T16:45:02+00:00\" \/>\n<meta property=\"article:modified_time\" content=\"2026-09-04T06:17:32+00:00\" \/>\n<meta property=\"og:image\" content=\"https:\/\/welovecinema.be\/wp-content\/uploads\/sites\/2\/2026\/09\/leviticus.webp\" \/>\n\t<meta property=\"og:image:width\" content=\"1200\" \/>\n\t<meta property=\"og:image:height\" content=\"961\" \/>\n\t<meta property=\"og:image:type\" content=\"image\/webp\" \/>\n<meta name=\"author\" content=\"fred\" \/>\n<meta name=\"twitter:card\" content=\"summary_large_image\" \/>\n<meta name=\"twitter:label1\" content=\"\u00c9crit par\" \/>\n\t<meta name=\"twitter:data1\" content=\"fred\" \/>\n\t<meta name=\"twitter:label2\" content=\"Dur\u00e9e de lecture estim\u00e9e\" \/>\n\t<meta name=\"twitter:data2\" content=\"1 minute\" \/>\n<script type=\"application\/ld+json\" class=\"yoast-schema-graph\">{\"@context\":\"https:\/\/schema.org\",\"@graph\":[{\"@type\":\"Article\",\"@id\":\"https:\/\/welovecinema.be\/fr\/leviticus-nouvelle-sensation-de-lhorreur-arrive-au-cinema-ce-7-octobre\/#article\",\"isPartOf\":{\"@id\":\"https:\/\/welovecinema.be\/fr\/leviticus-nouvelle-sensation-de-lhorreur-arrive-au-cinema-ce-7-octobre\/\"},\"author\":{\"name\":\"fred\",\"@id\":\"https:\/\/welovecinema.be\/nl\/#\/schema\/person\/7620619142b6dd3c9aa19e9210ad5bd5\"},\"headline\":\"\u00ab\u00a0Leviticus\u00a0\u00bb, nouvelle sensation de l\u2019horreur, arrive au cin\u00e9ma ce 7 octobre\u00a0!\",\"datePublished\":\"2026-09-03T16:45:02+00:00\",\"dateModified\":\"2026-09-04T06:17:32+00:00\",\"mainEntityOfPage\":{\"@id\":\"https:\/\/welovecinema.be\/fr\/leviticus-nouvelle-sensation-de-lhorreur-arrive-au-cinema-ce-7-octobre\/\"},\"wordCount\":242,\"publisher\":{\"@id\":\"https:\/\/welovecinema.be\/nl\/#organization\"},\"articleSection\":[\"\u00a0We Love Worldwide Cinema\",\"News\"],\"inLanguage\":\"fr-FR\"},{\"@type\":\"WebPage\",\"@id\":\"https:\/\/welovecinema.be\/fr\/leviticus-nouvelle-sensation-de-lhorreur-arrive-au-cinema-ce-7-octobre\/\",\"url\":\"https:\/\/welovecinema.be\/fr\/leviticus-nouvelle-sensation-de-lhorreur-arrive-au-cinema-ce-7-octobre\/\",\"name\":\"\u00ab\u00a0Leviticus\u00a0\u00bb, nouvelle sensation de l\u2019horreur, arrive au cin\u00e9ma ce 7 octobre\u00a0! - We Love Cinema\",\"isPartOf\":{\"@id\":\"https:\/\/welovecinema.be\/nl\/#website\"},\"datePublished\":\"2026-09-03T16:45:02+00:00\",\"dateModified\":\"2026-09-04T06:17:32+00:00\",\"breadcrumb\":{\"@id\":\"https:\/\/welovecinema.be\/fr\/leviticus-nouvelle-sensation-de-lhorreur-arrive-au-cinema-ce-7-octobre\/#breadcrumb\"},\"inLanguage\":\"fr-FR\",\"potentialAction\":[{\"@type\":\"ReadAction\",\"target\":[\"https:\/\/welovecinema.be\/fr\/leviticus-nouvelle-sensation-de-lhorreur-arrive-au-cinema-ce-7-octobre\/\"]}]},{\"@type\":\"BreadcrumbList\",\"@id\":\"https:\/\/welovecinema.be\/fr\/leviticus-nouvelle-sensation-de-lhorreur-arrive-au-cinema-ce-7-octobre\/#breadcrumb\",\"itemListElement\":[{\"@type\":\"ListItem\",\"position\":1,\"name\":\"Accueil\",\"item\":\"https:\/\/welovecinema.be\/fr\/\"},{\"@type\":\"ListItem\",\"position\":2,\"name\":\"\u00ab\u00a0Leviticus\u00a0\u00bb, nouvelle sensation de l\u2019horreur, arrive au cin\u00e9ma ce 7 octobre\u00a0!\"}]},{\"@type\":\"WebSite\",\"@id\":\"https:\/\/welovecinema.be\/nl\/#website\",\"url\":\"https:\/\/welovecinema.be\/nl\/\",\"name\":\"We Love Cinema\",\"description\":\"Toute l\u2019information du cin\u00e9ma en Belgique\",\"publisher\":{\"@id\":\"https:\/\/welovecinema.be\/nl\/#organization\"},\"potentialAction\":[{\"@type\":\"SearchAction\",\"target\":{\"@type\":\"EntryPoint\",\"urlTemplate\":\"https:\/\/welovecinema.be\/nl\/?s={search_term_string}\"},\"query-input\":\"required name=search_term_string\"}],\"inLanguage\":\"fr-FR\"},{\"@type\":\"Organization\",\"@id\":\"https:\/\/welovecinema.be\/nl\/#organization\",\"name\":\"We Love Cinema\",\"url\":\"https:\/\/welovecinema.be\/nl\/\",\"logo\":{\"@type\":\"ImageObject\",\"inLanguage\":\"fr-FR\",\"@id\":\"https:\/\/welovecinema.be\/nl\/#\/schema\/logo\/image\/\",\"url\":\"https:\/\/welovecinema.be\/wp-content\/uploads\/sites\/2\/2023\/03\/Logo-We-Love-Cinema305x128.jpg\",\"contentUrl\":\"https:\/\/welovecinema.be\/wp-content\/uploads\/sites\/2\/2023\/03\/Logo-We-Love-Cinema305x128.jpg\",\"width\":305,\"height\":128,\"caption\":\"We Love Cinema\"},\"image\":{\"@id\":\"https:\/\/welovecinema.be\/nl\/#\/schema\/logo\/image\/\"},\"sameAs\":[\"https:\/\/www.facebook.com\/welovecinema.be\",\"https:\/\/www.youtube.com\/channel\/UCX5LYGVhnKvYauW4Nta4HJA\",\"https:\/\/www.instagram.com\/welovecinema.be\/\"]},{\"@type\":\"Person\",\"@id\":\"https:\/\/welovecinema.be\/nl\/#\/schema\/person\/7620619142b6dd3c9aa19e9210ad5bd5\",\"name\":\"fred\",\"url\":\"https:\/\/welovecinema.be\/fr\/author\/fred\/\"}]}<\/script>\n<!-- \/ Yoast SEO plugin. -->","yoast_head_json":{"title":"\u00ab\u00a0Leviticus\u00a0\u00bb, nouvelle sensation de l\u2019horreur, arrive au cin\u00e9ma ce 7 octobre\u00a0! - We Love Cinema","robots":{"index":"index","follow":"follow","max-snippet":"max-snippet:-1","max-image-preview":"max-image-preview:large","max-video-preview":"max-video-preview:-1"},"canonical":"https:\/\/welovecinema.be\/fr\/leviticus-nouvelle-sensation-de-lhorreur-arrive-au-cinema-ce-7-octobre\/","og_locale":"fr_FR","og_type":"article","og_title":"\u00ab\u00a0Leviticus\u00a0\u00bb, nouvelle sensation de l\u2019horreur, arrive au cin\u00e9ma ce 7 octobre\u00a0! - We Love Cinema","og_description":"R\u00e9alis\u00e9 par l\u2019Australien Adrian Chiarella, Leviticus, \u00e0 la crois\u00e9e de l&rsquo;\u00e9pouvante psychologique et du drame queer, va faire mal\u00a0! Bande-annonce\u2026 L\u2019intrigue suit deux adolescents, Naim et Ryan (incarn\u00e9s par Stacy Clausen et Joe Bird), vivant une histoire d&rsquo;amour clandestine au sein d&rsquo;une communaut\u00e9 \u00e9vang\u00e9lique conservatrice.\u00a0Lorsque leur liaison est d\u00e9couverte, leurs proches et leaders spirituels d\u00e9cident &hellip;","og_url":"https:\/\/welovecinema.be\/fr\/leviticus-nouvelle-sensation-de-lhorreur-arrive-au-cinema-ce-7-octobre\/","og_site_name":"We Love Cinema","article_publisher":"https:\/\/www.facebook.com\/welovecinema.be","article_published_time":"2026-09-03T16:45:02+00:00","article_modified_time":"2026-09-04T06:17:32+00:00","og_image":[{"width":1200,"height":961,"url":"https:\/\/welovecinema.be\/wp-content\/uploads\/sites\/2\/2026\/09\/leviticus.webp","type":"image\/webp"}],"author":"fred","twitter_card":"summary_large_image","twitter_misc":{"\u00c9crit par":"fred","Dur\u00e9e de lecture estim\u00e9e":"1 minute"},"schema":{"@context":"https:\/\/schema.org","@graph":[{"@type":"Article","@id":"https:\/\/welovecinema.be\/fr\/leviticus-nouvelle-sensation-de-lhorreur-arrive-au-cinema-ce-7-octobre\/#article","isPartOf":{"@id":"https:\/\/welovecinema.be\/fr\/leviticus-nouvelle-sensation-de-lhorreur-arrive-au-cinema-ce-7-octobre\/"},"author":{"name":"fred","@id":"https:\/\/welovecinema.be\/nl\/#\/schema\/person\/7620619142b6dd3c9aa19e9210ad5bd5"},"headline":"\u00ab\u00a0Leviticus\u00a0\u00bb, nouvelle sensation de l\u2019horreur, arrive au cin\u00e9ma ce 7 octobre\u00a0!","datePublished":"2026-09-03T16:45:02+00:00","dateModified":"2026-09-04T06:17:32+00:00","mainEntityOfPage":{"@id":"https:\/\/welovecinema.be\/fr\/leviticus-nouvelle-sensation-de-lhorreur-arrive-au-cinema-ce-7-octobre\/"},"wordCount":242,"publisher":{"@id":"https:\/\/welovecinema.be\/nl\/#organization"},"articleSection":["\u00a0We Love Worldwide Cinema","News"],"inLanguage":"fr-FR"},{"@type":"WebPage","@id":"https:\/\/welovecinema.be\/fr\/leviticus-nouvelle-sensation-de-lhorreur-arrive-au-cinema-ce-7-octobre\/","url":"https:\/\/welovecinema.be\/fr\/leviticus-nouvelle-sensation-de-lhorreur-arrive-au-cinema-ce-7-octobre\/","name":"\u00ab\u00a0Leviticus\u00a0\u00bb, nouvelle sensation de l\u2019horreur, arrive au cin\u00e9ma ce 7 octobre\u00a0! - We Love Cinema","isPartOf":{"@id":"https:\/\/welovecinema.be\/nl\/#website"},"datePublished":"2026-09-03T16:45:02+00:00","dateModified":"2026-09-04T06:17:32+00:00","breadcrumb":{"@id":"https:\/\/welovecinema.be\/fr\/leviticus-nouvelle-sensation-de-lhorreur-arrive-au-cinema-ce-7-octobre\/#breadcrumb"},"inLanguage":"fr-FR","potentialAction":[{"@type":"ReadAction","target":["https:\/\/welovecinema.be\/fr\/leviticus-nouvelle-sensation-de-lhorreur-arrive-au-cinema-ce-7-octobre\/"]}]},{"@type":"BreadcrumbList","@id":"https:\/\/welovecinema.be\/fr\/leviticus-nouvelle-sensation-de-lhorreur-arrive-au-cinema-ce-7-octobre\/#breadcrumb","itemListElement":[{"@type":"ListItem","position":1,"name":"Accueil","item":"https:\/\/welovecinema.be\/fr\/"},{"@type":"ListItem","position":2,"name":"\u00ab\u00a0Leviticus\u00a0\u00bb, nouvelle sensation de l\u2019horreur, arrive au cin\u00e9ma ce 7 octobre\u00a0!"}]},{"@type":"WebSite","@id":"https:\/\/welovecinema.be\/nl\/#website","url":"https:\/\/welovecinema.be\/nl\/","name":"We Love Cinema","description":"Toute l\u2019information du cin\u00e9ma en Belgique","publisher":{"@id":"https:\/\/welovecinema.be\/nl\/#organization"},"potentialAction":[{"@type":"SearchAction","target":{"@type":"EntryPoint","urlTemplate":"https:\/\/welovecinema.be\/nl\/?s={search_term_string}"},"query-input":"required name=search_term_string"}],"inLanguage":"fr-FR"},{"@type":"Organization","@id":"https:\/\/welovecinema.be\/nl\/#organization","name":"We Love Cinema","url":"https:\/\/welovecinema.be\/nl\/","logo":{"@type":"ImageObject","inLanguage":"fr-FR","@id":"https:\/\/welovecinema.be\/nl\/#\/schema\/logo\/image\/","url":"https:\/\/welovecinema.be\/wp-content\/uploads\/sites\/2\/2023\/03\/Logo-We-Love-Cinema305x128.jpg","contentUrl":"https:\/\/welovecinema.be\/wp-content\/uploads\/sites\/2\/2023\/03\/Logo-We-Love-Cinema305x128.jpg","width":305,"height":128,"caption":"We Love Cinema"},"image":{"@id":"https:\/\/welovecinema.be\/nl\/#\/schema\/logo\/image\/"},"sameAs":["https:\/\/www.facebook.com\/welovecinema.be","https:\/\/www.youtube.com\/channel\/UCX5LYGVhnKvYauW4Nta4HJA","https:\/\/www.instagram.com\/welovecinema.be\/"]},{"@type":"Person","@id":"https:\/\/welovecinema.be\/nl\/#\/schema\/person\/7620619142b6dd3c9aa19e9210ad5bd5","name":"fred","url":"https:\/\/welovecinema.be\/fr\/author\/fred\/"}]}},"_links":{"self":[{"href":"https:\/\/welovecinema.be\/fr\/wp-json\/wp\/v2\/posts\/272340","targetHints":{"allow":["GET"]}}],"collection":[{"href":"https:\/\/welovecinema.be\/fr\/wp-json\/wp\/v2\/posts"}],"about":[{"href":"https:\/\/welovecinema.be\/fr\/wp-json\/wp\/v2\/types\/post"}],"author":[{"embeddable":true,"href":"https:\/\/welovecinema.be\/fr\/wp-json\/wp\/v2\/users\/358"}],"replies":[{"embeddable":true,"href":"https:\/\/welovecinema.be\/fr\/wp-json\/wp\/v2\/comments?post=272340"}],"version-history":[{"count":3,"href":"https:\/\/welovecinema.be\/fr\/wp-json\/wp\/v2\/posts\/272340\/revisions"}],"predecessor-version":[{"id":272349,"href":"https:\/\/welovecinema.be\/fr\/wp-json\/wp\/v2\/posts\/272340\/revisions\/272349"}],"wp:featuredmedia":[{"embeddable":true,"href":"https:\/\/welovecinema.be\/fr\/wp-json\/wp\/v2\/media\/272337"}],"wp:attachment":[{"href":"https:\/\/welovecinema.be\/fr\/wp-json\/wp\/v2\/media?parent=272340"}],"wp:term":[{"taxonomy":"category","embeddable":true,"href":"https:\/\/welovecinema.be\/fr\/wp-json\/wp\/v2\/categories?post=272340"},{"taxonomy":"post_tag","embeddable":true,"href":"https:\/\/welovecinema.be\/fr\/wp-json\/wp\/v2\/tags?post=272340"}],"curies":[{"name":"wp","href":"https:\/\/api.w.org\/{rel}","templated":true}]}}