{"id":272324,"date":"2026-09-03T09:40:30","date_gmt":"2026-09-03T07:40:30","guid":{"rendered":"https:\/\/welovecinema.be\/?p=272324"},"modified":"2026-09-03T09:40:30","modified_gmt":"2026-09-03T07:40:30","slug":"interview-avec-olivier-pairoux-a-propos-de-vigilante","status":"publish","type":"post","link":"https:\/\/welovecinema.be\/fr\/interview-avec-olivier-pairoux-a-propos-de-vigilante\/","title":{"rendered":"Interview avec Olivier Pairoux \u00e0 propos de \u00ab\u00a0Vigilante\u00a0\u00bb"},"content":{"rendered":"<p><strong>Ce 9 septembre sort en Belgique <em>Vigilante<\/em>, le nouveau film d&rsquo;Olivier Pairoux, un thriller sous haute tension autour de la question des n\u00e9o-justiciers d&rsquo;internet qui offre son premier grand r\u00f4le au musicien et com\u00e9dien Eddy De Pretto. Le r\u00e9alisateur belge nous dit tout sur cet ambitieux projet. <\/strong><\/p>\n","protected":false},"excerpt":{"rendered":"<p>Ce 9 septembre sort en Belgique Vigilante, le nouveau film d&rsquo;Olivier Pairoux, un thriller sous haute tension autour de la question des n\u00e9o-justiciers d&rsquo;internet qui offre son premier grand r\u00f4le au musicien et com\u00e9dien Eddy De Pretto. Le r\u00e9alisateur belge nous dit tout sur cet ambitieux projet.<\/p>\n","protected":false},"author":343,"featured_media":272325,"comment_status":"closed","ping_status":"closed","sticky":false,"template":"","format":"standard","meta":{"ngg_post_thumbnail":0,"footnotes":""},"categories":[7134,10,1926,53,1923,12,1978],"tags":[],"class_list":["post-272324","post","type-post","status-publish","format-standard","has-post-thumbnail","","category-we-love-belgian-cinema","category-a-l-affiche","category-a-la-une","category-coming-soon","category-en-bref","category-awards","category-interviews"],"yoast_head":"<!-- This site is optimized with the Yoast SEO plugin v20.4 - https:\/\/yoast.com\/wordpress\/plugins\/seo\/ -->\n<title>Interview avec Olivier Pairoux \u00e0 propos de &quot;Vigilante&quot; - We Love Cinema<\/title>\n<meta name=\"robots\" content=\"index, follow, max-snippet:-1, max-image-preview:large, max-video-preview:-1\" \/>\n<link rel=\"canonical\" href=\"https:\/\/welovecinema.be\/fr\/interview-avec-olivier-pairoux-a-propos-de-vigilante\/\" \/>\n<meta property=\"og:locale\" content=\"fr_FR\" \/>\n<meta property=\"og:type\" content=\"article\" \/>\n<meta property=\"og:title\" content=\"Interview avec Olivier Pairoux \u00e0 propos de &quot;Vigilante&quot; - We Love Cinema\" \/>\n<meta property=\"og:description\" content=\"Ce 9 septembre sort en Belgique Vigilante, le nouveau film d&rsquo;Olivier Pairoux, un thriller sous haute tension autour de la question des n\u00e9o-justiciers d&rsquo;internet qui offre son premier grand r\u00f4le au musicien et com\u00e9dien Eddy De Pretto. Le r\u00e9alisateur belge nous dit tout sur cet ambitieux projet.\" \/>\n<meta property=\"og:url\" content=\"https:\/\/welovecinema.be\/fr\/interview-avec-olivier-pairoux-a-propos-de-vigilante\/\" \/>\n<meta property=\"og:site_name\" content=\"We Love Cinema\" \/>\n<meta property=\"article:publisher\" content=\"https:\/\/www.facebook.com\/welovecinema.be\" \/>\n<meta property=\"article:published_time\" content=\"2026-09-03T07:40:30+00:00\" \/>\n<meta property=\"og:image\" content=\"https:\/\/welovecinema.be\/wp-content\/uploads\/sites\/2\/2026\/09\/OlivierPairouxVigilante.jpg\" \/>\n\t<meta property=\"og:image:width\" content=\"1200\" \/>\n\t<meta property=\"og:image:height\" content=\"600\" \/>\n\t<meta property=\"og:image:type\" content=\"image\/jpeg\" \/>\n<meta name=\"author\" content=\"Aurore Engelen\" \/>\n<meta name=\"twitter:card\" content=\"summary_large_image\" \/>\n<meta name=\"twitter:label1\" content=\"\u00c9crit par\" \/>\n\t<meta name=\"twitter:data1\" content=\"Aurore Engelen\" \/>\n\t<meta name=\"twitter:label2\" content=\"Dur\u00e9e de lecture estim\u00e9e\" \/>\n\t<meta name=\"twitter:data2\" content=\"1 minute\" \/>\n<script type=\"application\/ld+json\" class=\"yoast-schema-graph\">{\"@context\":\"https:\/\/schema.org\",\"@graph\":[{\"@type\":\"Article\",\"@id\":\"https:\/\/welovecinema.be\/fr\/interview-avec-olivier-pairoux-a-propos-de-vigilante\/#article\",\"isPartOf\":{\"@id\":\"https:\/\/welovecinema.be\/fr\/interview-avec-olivier-pairoux-a-propos-de-vigilante\/\"},\"author\":{\"name\":\"Aurore Engelen\",\"@id\":\"https:\/\/welovecinema.be\/nl\/#\/schema\/person\/8084b68c6b176142d073695c654dc7cf\"},\"headline\":\"Interview avec Olivier Pairoux \u00e0 propos de \u00ab\u00a0Vigilante\u00a0\u00bb\",\"datePublished\":\"2026-09-03T07:40:30+00:00\",\"dateModified\":\"2026-09-03T07:40:30+00:00\",\"mainEntityOfPage\":{\"@id\":\"https:\/\/welovecinema.be\/fr\/interview-avec-olivier-pairoux-a-propos-de-vigilante\/\"},\"wordCount\":59,\"publisher\":{\"@id\":\"https:\/\/welovecinema.be\/nl\/#organization\"},\"articleSection\":[\"\u00a0We Love Belgian Cinema\",\"A l'affiche\",\"A la une\",\"Coming soon\",\"En bref\",\"Evenements\",\"Rencontres\"],\"inLanguage\":\"fr-FR\"},{\"@type\":\"WebPage\",\"@id\":\"https:\/\/welovecinema.be\/fr\/interview-avec-olivier-pairoux-a-propos-de-vigilante\/\",\"url\":\"https:\/\/welovecinema.be\/fr\/interview-avec-olivier-pairoux-a-propos-de-vigilante\/\",\"name\":\"Interview avec Olivier Pairoux \u00e0 propos de \\\"Vigilante\\\" - We Love Cinema\",\"isPartOf\":{\"@id\":\"https:\/\/welovecinema.be\/nl\/#website\"},\"datePublished\":\"2026-09-03T07:40:30+00:00\",\"dateModified\":\"2026-09-03T07:40:30+00:00\",\"breadcrumb\":{\"@id\":\"https:\/\/welovecinema.be\/fr\/interview-avec-olivier-pairoux-a-propos-de-vigilante\/#breadcrumb\"},\"inLanguage\":\"fr-FR\",\"potentialAction\":[{\"@type\":\"ReadAction\",\"target\":[\"https:\/\/welovecinema.be\/fr\/interview-avec-olivier-pairoux-a-propos-de-vigilante\/\"]}]},{\"@type\":\"BreadcrumbList\",\"@id\":\"https:\/\/welovecinema.be\/fr\/interview-avec-olivier-pairoux-a-propos-de-vigilante\/#breadcrumb\",\"itemListElement\":[{\"@type\":\"ListItem\",\"position\":1,\"name\":\"Accueil\",\"item\":\"https:\/\/welovecinema.be\/fr\/\"},{\"@type\":\"ListItem\",\"position\":2,\"name\":\"Interview avec Olivier Pairoux \u00e0 propos de \u00ab\u00a0Vigilante\u00a0\u00bb\"}]},{\"@type\":\"WebSite\",\"@id\":\"https:\/\/welovecinema.be\/nl\/#website\",\"url\":\"https:\/\/welovecinema.be\/nl\/\",\"name\":\"We Love Cinema\",\"description\":\"Toute l\u2019information du cin\u00e9ma en Belgique\",\"publisher\":{\"@id\":\"https:\/\/welovecinema.be\/nl\/#organization\"},\"potentialAction\":[{\"@type\":\"SearchAction\",\"target\":{\"@type\":\"EntryPoint\",\"urlTemplate\":\"https:\/\/welovecinema.be\/nl\/?s={search_term_string}\"},\"query-input\":\"required name=search_term_string\"}],\"inLanguage\":\"fr-FR\"},{\"@type\":\"Organization\",\"@id\":\"https:\/\/welovecinema.be\/nl\/#organization\",\"name\":\"We Love Cinema\",\"url\":\"https:\/\/welovecinema.be\/nl\/\",\"logo\":{\"@type\":\"ImageObject\",\"inLanguage\":\"fr-FR\",\"@id\":\"https:\/\/welovecinema.be\/nl\/#\/schema\/logo\/image\/\",\"url\":\"https:\/\/welovecinema.be\/wp-content\/uploads\/sites\/2\/2023\/03\/Logo-We-Love-Cinema305x128.jpg\",\"contentUrl\":\"https:\/\/welovecinema.be\/wp-content\/uploads\/sites\/2\/2023\/03\/Logo-We-Love-Cinema305x128.jpg\",\"width\":305,\"height\":128,\"caption\":\"We Love Cinema\"},\"image\":{\"@id\":\"https:\/\/welovecinema.be\/nl\/#\/schema\/logo\/image\/\"},\"sameAs\":[\"https:\/\/www.facebook.com\/welovecinema.be\",\"https:\/\/www.youtube.com\/channel\/UCX5LYGVhnKvYauW4Nta4HJA\",\"https:\/\/www.instagram.com\/welovecinema.be\/\"]},{\"@type\":\"Person\",\"@id\":\"https:\/\/welovecinema.be\/nl\/#\/schema\/person\/8084b68c6b176142d073695c654dc7cf\",\"name\":\"Aurore Engelen\",\"url\":\"https:\/\/welovecinema.be\/fr\/author\/aurore-engelen\/\"}]}<\/script>\n<!-- \/ Yoast SEO plugin. -->","yoast_head_json":{"title":"Interview avec Olivier Pairoux \u00e0 propos de \"Vigilante\" - We Love Cinema","robots":{"index":"index","follow":"follow","max-snippet":"max-snippet:-1","max-image-preview":"max-image-preview:large","max-video-preview":"max-video-preview:-1"},"canonical":"https:\/\/welovecinema.be\/fr\/interview-avec-olivier-pairoux-a-propos-de-vigilante\/","og_locale":"fr_FR","og_type":"article","og_title":"Interview avec Olivier Pairoux \u00e0 propos de \"Vigilante\" - We Love Cinema","og_description":"Ce 9 septembre sort en Belgique Vigilante, le nouveau film d&rsquo;Olivier Pairoux, un thriller sous haute tension autour de la question des n\u00e9o-justiciers d&rsquo;internet qui offre son premier grand r\u00f4le au musicien et com\u00e9dien Eddy De Pretto. Le r\u00e9alisateur belge nous dit tout sur cet ambitieux projet.","og_url":"https:\/\/welovecinema.be\/fr\/interview-avec-olivier-pairoux-a-propos-de-vigilante\/","og_site_name":"We Love Cinema","article_publisher":"https:\/\/www.facebook.com\/welovecinema.be","article_published_time":"2026-09-03T07:40:30+00:00","og_image":[{"width":1200,"height":600,"url":"https:\/\/welovecinema.be\/wp-content\/uploads\/sites\/2\/2026\/09\/OlivierPairouxVigilante.jpg","type":"image\/jpeg"}],"author":"Aurore Engelen","twitter_card":"summary_large_image","twitter_misc":{"\u00c9crit par":"Aurore Engelen","Dur\u00e9e de lecture estim\u00e9e":"1 minute"},"schema":{"@context":"https:\/\/schema.org","@graph":[{"@type":"Article","@id":"https:\/\/welovecinema.be\/fr\/interview-avec-olivier-pairoux-a-propos-de-vigilante\/#article","isPartOf":{"@id":"https:\/\/welovecinema.be\/fr\/interview-avec-olivier-pairoux-a-propos-de-vigilante\/"},"author":{"name":"Aurore Engelen","@id":"https:\/\/welovecinema.be\/nl\/#\/schema\/person\/8084b68c6b176142d073695c654dc7cf"},"headline":"Interview avec Olivier Pairoux \u00e0 propos de \u00ab\u00a0Vigilante\u00a0\u00bb","datePublished":"2026-09-03T07:40:30+00:00","dateModified":"2026-09-03T07:40:30+00:00","mainEntityOfPage":{"@id":"https:\/\/welovecinema.be\/fr\/interview-avec-olivier-pairoux-a-propos-de-vigilante\/"},"wordCount":59,"publisher":{"@id":"https:\/\/welovecinema.be\/nl\/#organization"},"articleSection":["\u00a0We Love Belgian Cinema","A l'affiche","A la une","Coming soon","En bref","Evenements","Rencontres"],"inLanguage":"fr-FR"},{"@type":"WebPage","@id":"https:\/\/welovecinema.be\/fr\/interview-avec-olivier-pairoux-a-propos-de-vigilante\/","url":"https:\/\/welovecinema.be\/fr\/interview-avec-olivier-pairoux-a-propos-de-vigilante\/","name":"Interview avec Olivier Pairoux \u00e0 propos de \"Vigilante\" - We Love Cinema","isPartOf":{"@id":"https:\/\/welovecinema.be\/nl\/#website"},"datePublished":"2026-09-03T07:40:30+00:00","dateModified":"2026-09-03T07:40:30+00:00","breadcrumb":{"@id":"https:\/\/welovecinema.be\/fr\/interview-avec-olivier-pairoux-a-propos-de-vigilante\/#breadcrumb"},"inLanguage":"fr-FR","potentialAction":[{"@type":"ReadAction","target":["https:\/\/welovecinema.be\/fr\/interview-avec-olivier-pairoux-a-propos-de-vigilante\/"]}]},{"@type":"BreadcrumbList","@id":"https:\/\/welovecinema.be\/fr\/interview-avec-olivier-pairoux-a-propos-de-vigilante\/#breadcrumb","itemListElement":[{"@type":"ListItem","position":1,"name":"Accueil","item":"https:\/\/welovecinema.be\/fr\/"},{"@type":"ListItem","position":2,"name":"Interview avec Olivier Pairoux \u00e0 propos de \u00ab\u00a0Vigilante\u00a0\u00bb"}]},{"@type":"WebSite","@id":"https:\/\/welovecinema.be\/nl\/#website","url":"https:\/\/welovecinema.be\/nl\/","name":"We Love Cinema","description":"Toute l\u2019information du cin\u00e9ma en Belgique","publisher":{"@id":"https:\/\/welovecinema.be\/nl\/#organization"},"potentialAction":[{"@type":"SearchAction","target":{"@type":"EntryPoint","urlTemplate":"https:\/\/welovecinema.be\/nl\/?s={search_term_string}"},"query-input":"required name=search_term_string"}],"inLanguage":"fr-FR"},{"@type":"Organization","@id":"https:\/\/welovecinema.be\/nl\/#organization","name":"We Love Cinema","url":"https:\/\/welovecinema.be\/nl\/","logo":{"@type":"ImageObject","inLanguage":"fr-FR","@id":"https:\/\/welovecinema.be\/nl\/#\/schema\/logo\/image\/","url":"https:\/\/welovecinema.be\/wp-content\/uploads\/sites\/2\/2023\/03\/Logo-We-Love-Cinema305x128.jpg","contentUrl":"https:\/\/welovecinema.be\/wp-content\/uploads\/sites\/2\/2023\/03\/Logo-We-Love-Cinema305x128.jpg","width":305,"height":128,"caption":"We Love Cinema"},"image":{"@id":"https:\/\/welovecinema.be\/nl\/#\/schema\/logo\/image\/"},"sameAs":["https:\/\/www.facebook.com\/welovecinema.be","https:\/\/www.youtube.com\/channel\/UCX5LYGVhnKvYauW4Nta4HJA","https:\/\/www.instagram.com\/welovecinema.be\/"]},{"@type":"Person","@id":"https:\/\/welovecinema.be\/nl\/#\/schema\/person\/8084b68c6b176142d073695c654dc7cf","name":"Aurore Engelen","url":"https:\/\/welovecinema.be\/fr\/author\/aurore-engelen\/"}]}},"_links":{"self":[{"href":"https:\/\/welovecinema.be\/fr\/wp-json\/wp\/v2\/posts\/272324","targetHints":{"allow":["GET"]}}],"collection":[{"href":"https:\/\/welovecinema.be\/fr\/wp-json\/wp\/v2\/posts"}],"about":[{"href":"https:\/\/welovecinema.be\/fr\/wp-json\/wp\/v2\/types\/post"}],"author":[{"embeddable":true,"href":"https:\/\/welovecinema.be\/fr\/wp-json\/wp\/v2\/users\/343"}],"replies":[{"embeddable":true,"href":"https:\/\/welovecinema.be\/fr\/wp-json\/wp\/v2\/comments?post=272324"}],"version-history":[{"count":1,"href":"https:\/\/welovecinema.be\/fr\/wp-json\/wp\/v2\/posts\/272324\/revisions"}],"predecessor-version":[{"id":272327,"href":"https:\/\/welovecinema.be\/fr\/wp-json\/wp\/v2\/posts\/272324\/revisions\/272327"}],"wp:featuredmedia":[{"embeddable":true,"href":"https:\/\/welovecinema.be\/fr\/wp-json\/wp\/v2\/media\/272325"}],"wp:attachment":[{"href":"https:\/\/welovecinema.be\/fr\/wp-json\/wp\/v2\/media?parent=272324"}],"wp:term":[{"taxonomy":"category","embeddable":true,"href":"https:\/\/welovecinema.be\/fr\/wp-json\/wp\/v2\/categories?post=272324"},{"taxonomy":"post_tag","embeddable":true,"href":"https:\/\/welovecinema.be\/fr\/wp-json\/wp\/v2\/tags?post=272324"}],"curies":[{"name":"wp","href":"https:\/\/api.w.org\/{rel}","templated":true}]}}