{"id":272320,"date":"2026-09-02T14:39:53","date_gmt":"2026-09-02T12:39:53","guid":{"rendered":"https:\/\/welovecinema.be\/?p=272320"},"modified":"2026-09-03T13:09:40","modified_gmt":"2026-09-03T11:09:40","slug":"manu-gomez-gregor","status":"publish","type":"post","link":"https:\/\/welovecinema.be\/fr\/manu-gomez-gregor\/","title":{"rendered":"Interview avec Manu Gomez, \u00ab\u00a0Gregor\u00a0\u00bb"},"content":{"rendered":"<p><strong>Artiste inclassable et joyeusement touche-\u00e0-tout, du cin\u00e9ma d&rsquo;animation \u00e0 la sculpture, Manu Gomez a r\u00e9alis\u00e9 de A \u00e0 Z un long m\u00e9trage anim\u00e9 caustique et singulier, <em>Gregor<\/em>, d\u00e9voil\u00e9 en premi\u00e8re mondiale au prestigieux Festival International du Film d&rsquo;Animation d&rsquo;Annecy, et d\u00e9voil\u00e9 pour sa premi\u00e8re belge ce dimanche 6 septembre au BRIFF. Il nous en plus sur ce projet r\u00e9solument hors normes.<\/strong><\/p>\n","protected":false},"excerpt":{"rendered":"<p>Artiste inclassable et joyeusement touche-\u00e0-tout, du cin\u00e9ma d&rsquo;animation \u00e0 la sculpture, Manu Gomez a r\u00e9alis\u00e9 de A \u00e0 Z un long m\u00e9trage anim\u00e9 caustique et singulier, Gregor, d\u00e9voil\u00e9 en premi\u00e8re mondiale au prestigieux Festival International du Film d&rsquo;Animation d&rsquo;Annecy, et d\u00e9voil\u00e9 pour sa premi\u00e8re belge ce dimanche 6 septembre au BRIFF. Il nous en plus &hellip;<\/p>\n","protected":false},"author":343,"featured_media":272321,"comment_status":"closed","ping_status":"closed","sticky":false,"template":"","format":"standard","meta":{"ngg_post_thumbnail":0,"footnotes":""},"categories":[7134,10,53,12,1978],"tags":[],"class_list":["post-272320","post","type-post","status-publish","format-standard","has-post-thumbnail","","category-we-love-belgian-cinema","category-a-l-affiche","category-coming-soon","category-awards","category-interviews"],"yoast_head":"<!-- This site is optimized with the Yoast SEO plugin v20.4 - https:\/\/yoast.com\/wordpress\/plugins\/seo\/ -->\n<title>Interview avec Manu Gomez, &quot;Gregor&quot; - We Love Cinema<\/title>\n<meta name=\"robots\" content=\"index, follow, max-snippet:-1, max-image-preview:large, max-video-preview:-1\" \/>\n<link rel=\"canonical\" href=\"https:\/\/welovecinema.be\/fr\/manu-gomez-gregor\/\" \/>\n<meta property=\"og:locale\" content=\"fr_FR\" \/>\n<meta property=\"og:type\" content=\"article\" \/>\n<meta property=\"og:title\" content=\"Interview avec Manu Gomez, &quot;Gregor&quot; - We Love Cinema\" \/>\n<meta property=\"og:description\" content=\"Artiste inclassable et joyeusement touche-\u00e0-tout, du cin\u00e9ma d&rsquo;animation \u00e0 la sculpture, Manu Gomez a r\u00e9alis\u00e9 de A \u00e0 Z un long m\u00e9trage anim\u00e9 caustique et singulier, Gregor, d\u00e9voil\u00e9 en premi\u00e8re mondiale au prestigieux Festival International du Film d&rsquo;Animation d&rsquo;Annecy, et d\u00e9voil\u00e9 pour sa premi\u00e8re belge ce dimanche 6 septembre au BRIFF. Il nous en plus &hellip;\" \/>\n<meta property=\"og:url\" content=\"https:\/\/welovecinema.be\/fr\/manu-gomez-gregor\/\" \/>\n<meta property=\"og:site_name\" content=\"We Love Cinema\" \/>\n<meta property=\"article:publisher\" content=\"https:\/\/www.facebook.com\/welovecinema.be\" \/>\n<meta property=\"article:published_time\" content=\"2026-09-02T12:39:53+00:00\" \/>\n<meta property=\"article:modified_time\" content=\"2026-09-03T11:09:40+00:00\" \/>\n<meta property=\"og:image\" content=\"https:\/\/welovecinema.be\/wp-content\/uploads\/sites\/2\/2026\/09\/ManuGomezGregor.jpg\" \/>\n\t<meta property=\"og:image:width\" content=\"1200\" \/>\n\t<meta property=\"og:image:height\" content=\"600\" \/>\n\t<meta property=\"og:image:type\" content=\"image\/jpeg\" \/>\n<meta name=\"author\" content=\"Aurore Engelen\" \/>\n<meta name=\"twitter:card\" content=\"summary_large_image\" \/>\n<meta name=\"twitter:label1\" content=\"\u00c9crit par\" \/>\n\t<meta name=\"twitter:data1\" content=\"Aurore Engelen\" \/>\n\t<meta name=\"twitter:label2\" content=\"Dur\u00e9e de lecture estim\u00e9e\" \/>\n\t<meta name=\"twitter:data2\" content=\"1 minute\" \/>\n<script type=\"application\/ld+json\" class=\"yoast-schema-graph\">{\"@context\":\"https:\/\/schema.org\",\"@graph\":[{\"@type\":\"Article\",\"@id\":\"https:\/\/welovecinema.be\/fr\/manu-gomez-gregor\/#article\",\"isPartOf\":{\"@id\":\"https:\/\/welovecinema.be\/fr\/manu-gomez-gregor\/\"},\"author\":{\"name\":\"Aurore Engelen\",\"@id\":\"https:\/\/welovecinema.be\/nl\/#\/schema\/person\/8084b68c6b176142d073695c654dc7cf\"},\"headline\":\"Interview avec Manu Gomez, \u00ab\u00a0Gregor\u00a0\u00bb\",\"datePublished\":\"2026-09-02T12:39:53+00:00\",\"dateModified\":\"2026-09-03T11:09:40+00:00\",\"mainEntityOfPage\":{\"@id\":\"https:\/\/welovecinema.be\/fr\/manu-gomez-gregor\/\"},\"wordCount\":75,\"publisher\":{\"@id\":\"https:\/\/welovecinema.be\/nl\/#organization\"},\"articleSection\":[\"\u00a0We Love Belgian Cinema\",\"A l'affiche\",\"Coming soon\",\"Evenements\",\"Rencontres\"],\"inLanguage\":\"fr-FR\"},{\"@type\":\"WebPage\",\"@id\":\"https:\/\/welovecinema.be\/fr\/manu-gomez-gregor\/\",\"url\":\"https:\/\/welovecinema.be\/fr\/manu-gomez-gregor\/\",\"name\":\"Interview avec Manu Gomez, \\\"Gregor\\\" - We Love Cinema\",\"isPartOf\":{\"@id\":\"https:\/\/welovecinema.be\/nl\/#website\"},\"datePublished\":\"2026-09-02T12:39:53+00:00\",\"dateModified\":\"2026-09-03T11:09:40+00:00\",\"breadcrumb\":{\"@id\":\"https:\/\/welovecinema.be\/fr\/manu-gomez-gregor\/#breadcrumb\"},\"inLanguage\":\"fr-FR\",\"potentialAction\":[{\"@type\":\"ReadAction\",\"target\":[\"https:\/\/welovecinema.be\/fr\/manu-gomez-gregor\/\"]}]},{\"@type\":\"BreadcrumbList\",\"@id\":\"https:\/\/welovecinema.be\/fr\/manu-gomez-gregor\/#breadcrumb\",\"itemListElement\":[{\"@type\":\"ListItem\",\"position\":1,\"name\":\"Accueil\",\"item\":\"https:\/\/welovecinema.be\/fr\/\"},{\"@type\":\"ListItem\",\"position\":2,\"name\":\"Interview avec Manu Gomez, \u00ab\u00a0Gregor\u00a0\u00bb\"}]},{\"@type\":\"WebSite\",\"@id\":\"https:\/\/welovecinema.be\/nl\/#website\",\"url\":\"https:\/\/welovecinema.be\/nl\/\",\"name\":\"We Love Cinema\",\"description\":\"Toute l\u2019information du cin\u00e9ma en Belgique\",\"publisher\":{\"@id\":\"https:\/\/welovecinema.be\/nl\/#organization\"},\"potentialAction\":[{\"@type\":\"SearchAction\",\"target\":{\"@type\":\"EntryPoint\",\"urlTemplate\":\"https:\/\/welovecinema.be\/nl\/?s={search_term_string}\"},\"query-input\":\"required name=search_term_string\"}],\"inLanguage\":\"fr-FR\"},{\"@type\":\"Organization\",\"@id\":\"https:\/\/welovecinema.be\/nl\/#organization\",\"name\":\"We Love Cinema\",\"url\":\"https:\/\/welovecinema.be\/nl\/\",\"logo\":{\"@type\":\"ImageObject\",\"inLanguage\":\"fr-FR\",\"@id\":\"https:\/\/welovecinema.be\/nl\/#\/schema\/logo\/image\/\",\"url\":\"https:\/\/welovecinema.be\/wp-content\/uploads\/sites\/2\/2023\/03\/Logo-We-Love-Cinema305x128.jpg\",\"contentUrl\":\"https:\/\/welovecinema.be\/wp-content\/uploads\/sites\/2\/2023\/03\/Logo-We-Love-Cinema305x128.jpg\",\"width\":305,\"height\":128,\"caption\":\"We Love Cinema\"},\"image\":{\"@id\":\"https:\/\/welovecinema.be\/nl\/#\/schema\/logo\/image\/\"},\"sameAs\":[\"https:\/\/www.facebook.com\/welovecinema.be\",\"https:\/\/www.youtube.com\/channel\/UCX5LYGVhnKvYauW4Nta4HJA\",\"https:\/\/www.instagram.com\/welovecinema.be\/\"]},{\"@type\":\"Person\",\"@id\":\"https:\/\/welovecinema.be\/nl\/#\/schema\/person\/8084b68c6b176142d073695c654dc7cf\",\"name\":\"Aurore Engelen\",\"url\":\"https:\/\/welovecinema.be\/fr\/author\/aurore-engelen\/\"}]}<\/script>\n<!-- \/ Yoast SEO plugin. -->","yoast_head_json":{"title":"Interview avec Manu Gomez, \"Gregor\" - We Love Cinema","robots":{"index":"index","follow":"follow","max-snippet":"max-snippet:-1","max-image-preview":"max-image-preview:large","max-video-preview":"max-video-preview:-1"},"canonical":"https:\/\/welovecinema.be\/fr\/manu-gomez-gregor\/","og_locale":"fr_FR","og_type":"article","og_title":"Interview avec Manu Gomez, \"Gregor\" - We Love Cinema","og_description":"Artiste inclassable et joyeusement touche-\u00e0-tout, du cin\u00e9ma d&rsquo;animation \u00e0 la sculpture, Manu Gomez a r\u00e9alis\u00e9 de A \u00e0 Z un long m\u00e9trage anim\u00e9 caustique et singulier, Gregor, d\u00e9voil\u00e9 en premi\u00e8re mondiale au prestigieux Festival International du Film d&rsquo;Animation d&rsquo;Annecy, et d\u00e9voil\u00e9 pour sa premi\u00e8re belge ce dimanche 6 septembre au BRIFF. Il nous en plus &hellip;","og_url":"https:\/\/welovecinema.be\/fr\/manu-gomez-gregor\/","og_site_name":"We Love Cinema","article_publisher":"https:\/\/www.facebook.com\/welovecinema.be","article_published_time":"2026-09-02T12:39:53+00:00","article_modified_time":"2026-09-03T11:09:40+00:00","og_image":[{"width":1200,"height":600,"url":"https:\/\/welovecinema.be\/wp-content\/uploads\/sites\/2\/2026\/09\/ManuGomezGregor.jpg","type":"image\/jpeg"}],"author":"Aurore Engelen","twitter_card":"summary_large_image","twitter_misc":{"\u00c9crit par":"Aurore Engelen","Dur\u00e9e de lecture estim\u00e9e":"1 minute"},"schema":{"@context":"https:\/\/schema.org","@graph":[{"@type":"Article","@id":"https:\/\/welovecinema.be\/fr\/manu-gomez-gregor\/#article","isPartOf":{"@id":"https:\/\/welovecinema.be\/fr\/manu-gomez-gregor\/"},"author":{"name":"Aurore Engelen","@id":"https:\/\/welovecinema.be\/nl\/#\/schema\/person\/8084b68c6b176142d073695c654dc7cf"},"headline":"Interview avec Manu Gomez, \u00ab\u00a0Gregor\u00a0\u00bb","datePublished":"2026-09-02T12:39:53+00:00","dateModified":"2026-09-03T11:09:40+00:00","mainEntityOfPage":{"@id":"https:\/\/welovecinema.be\/fr\/manu-gomez-gregor\/"},"wordCount":75,"publisher":{"@id":"https:\/\/welovecinema.be\/nl\/#organization"},"articleSection":["\u00a0We Love Belgian Cinema","A l'affiche","Coming soon","Evenements","Rencontres"],"inLanguage":"fr-FR"},{"@type":"WebPage","@id":"https:\/\/welovecinema.be\/fr\/manu-gomez-gregor\/","url":"https:\/\/welovecinema.be\/fr\/manu-gomez-gregor\/","name":"Interview avec Manu Gomez, \"Gregor\" - We Love Cinema","isPartOf":{"@id":"https:\/\/welovecinema.be\/nl\/#website"},"datePublished":"2026-09-02T12:39:53+00:00","dateModified":"2026-09-03T11:09:40+00:00","breadcrumb":{"@id":"https:\/\/welovecinema.be\/fr\/manu-gomez-gregor\/#breadcrumb"},"inLanguage":"fr-FR","potentialAction":[{"@type":"ReadAction","target":["https:\/\/welovecinema.be\/fr\/manu-gomez-gregor\/"]}]},{"@type":"BreadcrumbList","@id":"https:\/\/welovecinema.be\/fr\/manu-gomez-gregor\/#breadcrumb","itemListElement":[{"@type":"ListItem","position":1,"name":"Accueil","item":"https:\/\/welovecinema.be\/fr\/"},{"@type":"ListItem","position":2,"name":"Interview avec Manu Gomez, \u00ab\u00a0Gregor\u00a0\u00bb"}]},{"@type":"WebSite","@id":"https:\/\/welovecinema.be\/nl\/#website","url":"https:\/\/welovecinema.be\/nl\/","name":"We Love Cinema","description":"Toute l\u2019information du cin\u00e9ma en Belgique","publisher":{"@id":"https:\/\/welovecinema.be\/nl\/#organization"},"potentialAction":[{"@type":"SearchAction","target":{"@type":"EntryPoint","urlTemplate":"https:\/\/welovecinema.be\/nl\/?s={search_term_string}"},"query-input":"required name=search_term_string"}],"inLanguage":"fr-FR"},{"@type":"Organization","@id":"https:\/\/welovecinema.be\/nl\/#organization","name":"We Love Cinema","url":"https:\/\/welovecinema.be\/nl\/","logo":{"@type":"ImageObject","inLanguage":"fr-FR","@id":"https:\/\/welovecinema.be\/nl\/#\/schema\/logo\/image\/","url":"https:\/\/welovecinema.be\/wp-content\/uploads\/sites\/2\/2023\/03\/Logo-We-Love-Cinema305x128.jpg","contentUrl":"https:\/\/welovecinema.be\/wp-content\/uploads\/sites\/2\/2023\/03\/Logo-We-Love-Cinema305x128.jpg","width":305,"height":128,"caption":"We Love Cinema"},"image":{"@id":"https:\/\/welovecinema.be\/nl\/#\/schema\/logo\/image\/"},"sameAs":["https:\/\/www.facebook.com\/welovecinema.be","https:\/\/www.youtube.com\/channel\/UCX5LYGVhnKvYauW4Nta4HJA","https:\/\/www.instagram.com\/welovecinema.be\/"]},{"@type":"Person","@id":"https:\/\/welovecinema.be\/nl\/#\/schema\/person\/8084b68c6b176142d073695c654dc7cf","name":"Aurore Engelen","url":"https:\/\/welovecinema.be\/fr\/author\/aurore-engelen\/"}]}},"_links":{"self":[{"href":"https:\/\/welovecinema.be\/fr\/wp-json\/wp\/v2\/posts\/272320","targetHints":{"allow":["GET"]}}],"collection":[{"href":"https:\/\/welovecinema.be\/fr\/wp-json\/wp\/v2\/posts"}],"about":[{"href":"https:\/\/welovecinema.be\/fr\/wp-json\/wp\/v2\/types\/post"}],"author":[{"embeddable":true,"href":"https:\/\/welovecinema.be\/fr\/wp-json\/wp\/v2\/users\/343"}],"replies":[{"embeddable":true,"href":"https:\/\/welovecinema.be\/fr\/wp-json\/wp\/v2\/comments?post=272320"}],"version-history":[{"count":2,"href":"https:\/\/welovecinema.be\/fr\/wp-json\/wp\/v2\/posts\/272320\/revisions"}],"predecessor-version":[{"id":272334,"href":"https:\/\/welovecinema.be\/fr\/wp-json\/wp\/v2\/posts\/272320\/revisions\/272334"}],"wp:featuredmedia":[{"embeddable":true,"href":"https:\/\/welovecinema.be\/fr\/wp-json\/wp\/v2\/media\/272321"}],"wp:attachment":[{"href":"https:\/\/welovecinema.be\/fr\/wp-json\/wp\/v2\/media?parent=272320"}],"wp:term":[{"taxonomy":"category","embeddable":true,"href":"https:\/\/welovecinema.be\/fr\/wp-json\/wp\/v2\/categories?post=272320"},{"taxonomy":"post_tag","embeddable":true,"href":"https:\/\/welovecinema.be\/fr\/wp-json\/wp\/v2\/tags?post=272320"}],"curies":[{"name":"wp","href":"https:\/\/api.w.org\/{rel}","templated":true}]}}