{"id":272302,"date":"2026-09-01T17:57:09","date_gmt":"2026-09-01T15:57:09","guid":{"rendered":"https:\/\/welovecinema.be\/?p=272302"},"modified":"2026-09-01T17:57:09","modified_gmt":"2026-09-01T15:57:09","slug":"nouvelle-bande-annonce-pour-the-social-reckoning","status":"publish","type":"post","link":"https:\/\/welovecinema.be\/fr\/nouvelle-bande-annonce-pour-the-social-reckoning\/","title":{"rendered":"Nouvelle bande-annonce pour \u00ab\u00a0The Social Reckoning\u00a0\u00bb\u00a0!"},"content":{"rendered":"<p style=\"font-weight: 400\"><strong>Seize ans apr\u00e8s le succ\u00e8s retentissant de\u00a0<em>The Social Network<\/em>, Hollywood s\u2019appr\u00eate \u00e0 rouvrir le dossier Meta avec\u00a0<em>The Social Reckoning<\/em>.\u00a0Attendu en salles pour ce 7 octobre, ce thriller dramatique et biographique \u00e9crit et r\u00e9alis\u00e9 par Aaron Sorkin se pose en v\u00e9ritable prolongement spirituel du film de David Fincher.<\/strong><\/p>\n<p style=\"font-weight: 400\">L\u00e0 o\u00f9 le long-m\u00e9trage de 2010 racontait la gen\u00e8se bouscul\u00e9e de Facebook dans une chambre d&rsquo;\u00e9tudiants de Harvard,\u00a0<em>The Social Reckoning<\/em>\u00a0s&rsquo;attaque aux cons\u00e9quences \u00e0 grande \u00e9chelle du \u00a0r\u00e8gne du g\u00e9ant de la tech.\u00a0Le sc\u00e9nario s&rsquo;inspire directement de la c\u00e9l\u00e8bre enqu\u00eate\u00a0<em>The Facebook Files<\/em>\u00a0du\u00a0<em>Wall Street Journal<\/em>, men\u00e9e par le journaliste Jeff Horowitz, et s&rsquo;appuie sur les r\u00e9v\u00e9lations de la lanceuse d&rsquo;alerte Frances Haugen en 2021. Le r\u00e9cit plonge au c\u0153ur des rouages internes de la plateforme, mettant en lumi\u00e8re la gestion des donn\u00e9es priv\u00e9es et l&rsquo;impact des algorithmes sur la soci\u00e9t\u00e9.<\/p>\n<p><iframe loading=\"lazy\" title=\"THE SOCIAL RECKONING \u2013 New Trailer (4K)\" width=\"618\" height=\"348\" src=\"https:\/\/www.youtube.com\/embed\/MfHEZw7Xw_c?feature=oembed\" frameborder=\"0\" allow=\"accelerometer; autoplay; clipboard-write; encrypted-media; gyroscope; picture-in-picture; web-share\" referrerpolicy=\"strict-origin-when-cross-origin\" allowfullscreen><\/iframe><\/p>\n<p style=\"font-weight: 400\">Pour incarner cette nouvelle \u00e8re, Aaron Sorkin a choisi un casting de premier plan: Jeremy Strong\u00a0(<em>Succession<\/em>) reprend le r\u00f4le de Mark Zuckerberg, succ\u00e9dant \u00e0 Jesse Eisenberg; Mikey Madison\u00a0(<em>Anora<\/em>) pr\u00eate ses traits \u00e0 Frances Haugen, la lanceuse d&rsquo;alerte; Jeremy Allen White\u00a0(<em>The Bear<\/em>) incarne le journaliste d&rsquo;investigation Jeff Horowitz.<\/p>\n<p style=\"font-weight: 400\">Si David Fincher ne revient pas derri\u00e8re la cam\u00e9ra, Aaron Sorkin retrouve n\u00e9anmoins Jeff Cronenweth \u00e0 la photographie (d\u00e9j\u00e0 \u00e0 l&rsquo;\u0153uvre sur le film originel) pour conserver une signature visuelle sombre et fid\u00e8le.\u00a0La bande originale est quant \u00e0 elle confi\u00e9e au compositeur fran\u00e7ais Alexandre Desplat.<\/p>\n","protected":false},"excerpt":{"rendered":"<p>Seize ans apr\u00e8s le succ\u00e8s retentissant de\u00a0The Social Network, Hollywood s\u2019appr\u00eate \u00e0 rouvrir le dossier Meta avec\u00a0The Social Reckoning.\u00a0Attendu en salles pour ce 7 octobre, ce thriller dramatique et biographique \u00e9crit et r\u00e9alis\u00e9 par Aaron Sorkin se pose en v\u00e9ritable prolongement spirituel du film de David Fincher. L\u00e0 o\u00f9 le long-m\u00e9trage de 2010 racontait la &hellip;<\/p>\n","protected":false},"author":358,"featured_media":272295,"comment_status":"closed","ping_status":"closed","sticky":false,"template":"","format":"standard","meta":{"ngg_post_thumbnail":0,"footnotes":""},"categories":[7135,7],"tags":[],"class_list":["post-272302","post","type-post","status-publish","format-standard","has-post-thumbnail","","category-we-love-worldwide","category-actualites"],"yoast_head":"<!-- This site is optimized with the Yoast SEO plugin v20.4 - https:\/\/yoast.com\/wordpress\/plugins\/seo\/ -->\n<title>Nouvelle bande-annonce pour \u00ab\u00a0The Social Reckoning\u00a0\u00bb\u00a0! - We Love Cinema<\/title>\n<meta name=\"robots\" content=\"index, follow, max-snippet:-1, max-image-preview:large, max-video-preview:-1\" \/>\n<link rel=\"canonical\" href=\"https:\/\/welovecinema.be\/fr\/nouvelle-bande-annonce-pour-the-social-reckoning\/\" \/>\n<meta property=\"og:locale\" content=\"fr_FR\" \/>\n<meta property=\"og:type\" content=\"article\" \/>\n<meta property=\"og:title\" content=\"Nouvelle bande-annonce pour \u00ab\u00a0The Social Reckoning\u00a0\u00bb\u00a0! - We Love Cinema\" \/>\n<meta property=\"og:description\" content=\"Seize ans apr\u00e8s le succ\u00e8s retentissant de\u00a0The Social Network, Hollywood s\u2019appr\u00eate \u00e0 rouvrir le dossier Meta avec\u00a0The Social Reckoning.\u00a0Attendu en salles pour ce 7 octobre, ce thriller dramatique et biographique \u00e9crit et r\u00e9alis\u00e9 par Aaron Sorkin se pose en v\u00e9ritable prolongement spirituel du film de David Fincher. L\u00e0 o\u00f9 le long-m\u00e9trage de 2010 racontait la &hellip;\" \/>\n<meta property=\"og:url\" content=\"https:\/\/welovecinema.be\/fr\/nouvelle-bande-annonce-pour-the-social-reckoning\/\" \/>\n<meta property=\"og:site_name\" content=\"We Love Cinema\" \/>\n<meta property=\"article:publisher\" content=\"https:\/\/www.facebook.com\/welovecinema.be\" \/>\n<meta property=\"article:published_time\" content=\"2026-09-01T15:57:09+00:00\" \/>\n<meta property=\"og:image\" content=\"https:\/\/welovecinema.be\/wp-content\/uploads\/sites\/2\/2026\/09\/social-reckoning.jpg\" \/>\n\t<meta property=\"og:image:width\" content=\"2000\" \/>\n\t<meta property=\"og:image:height\" content=\"1334\" \/>\n\t<meta property=\"og:image:type\" content=\"image\/jpeg\" \/>\n<meta name=\"author\" content=\"fred\" \/>\n<meta name=\"twitter:card\" content=\"summary_large_image\" \/>\n<meta name=\"twitter:label1\" content=\"\u00c9crit par\" \/>\n\t<meta name=\"twitter:data1\" content=\"fred\" \/>\n\t<meta name=\"twitter:label2\" content=\"Dur\u00e9e de lecture estim\u00e9e\" \/>\n\t<meta name=\"twitter:data2\" content=\"2 minutes\" \/>\n<script type=\"application\/ld+json\" class=\"yoast-schema-graph\">{\"@context\":\"https:\/\/schema.org\",\"@graph\":[{\"@type\":\"Article\",\"@id\":\"https:\/\/welovecinema.be\/fr\/nouvelle-bande-annonce-pour-the-social-reckoning\/#article\",\"isPartOf\":{\"@id\":\"https:\/\/welovecinema.be\/fr\/nouvelle-bande-annonce-pour-the-social-reckoning\/\"},\"author\":{\"name\":\"fred\",\"@id\":\"https:\/\/welovecinema.be\/nl\/#\/schema\/person\/7620619142b6dd3c9aa19e9210ad5bd5\"},\"headline\":\"Nouvelle bande-annonce pour \u00ab\u00a0The Social Reckoning\u00a0\u00bb\u00a0!\",\"datePublished\":\"2026-09-01T15:57:09+00:00\",\"dateModified\":\"2026-09-01T15:57:09+00:00\",\"mainEntityOfPage\":{\"@id\":\"https:\/\/welovecinema.be\/fr\/nouvelle-bande-annonce-pour-the-social-reckoning\/\"},\"wordCount\":289,\"publisher\":{\"@id\":\"https:\/\/welovecinema.be\/nl\/#organization\"},\"articleSection\":[\"\u00a0We Love Worldwide Cinema\",\"News\"],\"inLanguage\":\"fr-FR\"},{\"@type\":\"WebPage\",\"@id\":\"https:\/\/welovecinema.be\/fr\/nouvelle-bande-annonce-pour-the-social-reckoning\/\",\"url\":\"https:\/\/welovecinema.be\/fr\/nouvelle-bande-annonce-pour-the-social-reckoning\/\",\"name\":\"Nouvelle bande-annonce pour \u00ab\u00a0The Social Reckoning\u00a0\u00bb\u00a0! - We Love Cinema\",\"isPartOf\":{\"@id\":\"https:\/\/welovecinema.be\/nl\/#website\"},\"datePublished\":\"2026-09-01T15:57:09+00:00\",\"dateModified\":\"2026-09-01T15:57:09+00:00\",\"breadcrumb\":{\"@id\":\"https:\/\/welovecinema.be\/fr\/nouvelle-bande-annonce-pour-the-social-reckoning\/#breadcrumb\"},\"inLanguage\":\"fr-FR\",\"potentialAction\":[{\"@type\":\"ReadAction\",\"target\":[\"https:\/\/welovecinema.be\/fr\/nouvelle-bande-annonce-pour-the-social-reckoning\/\"]}]},{\"@type\":\"BreadcrumbList\",\"@id\":\"https:\/\/welovecinema.be\/fr\/nouvelle-bande-annonce-pour-the-social-reckoning\/#breadcrumb\",\"itemListElement\":[{\"@type\":\"ListItem\",\"position\":1,\"name\":\"Accueil\",\"item\":\"https:\/\/welovecinema.be\/fr\/\"},{\"@type\":\"ListItem\",\"position\":2,\"name\":\"Nouvelle bande-annonce pour \u00ab\u00a0The Social Reckoning\u00a0\u00bb\u00a0!\"}]},{\"@type\":\"WebSite\",\"@id\":\"https:\/\/welovecinema.be\/nl\/#website\",\"url\":\"https:\/\/welovecinema.be\/nl\/\",\"name\":\"We Love Cinema\",\"description\":\"Toute l\u2019information du cin\u00e9ma en Belgique\",\"publisher\":{\"@id\":\"https:\/\/welovecinema.be\/nl\/#organization\"},\"potentialAction\":[{\"@type\":\"SearchAction\",\"target\":{\"@type\":\"EntryPoint\",\"urlTemplate\":\"https:\/\/welovecinema.be\/nl\/?s={search_term_string}\"},\"query-input\":\"required name=search_term_string\"}],\"inLanguage\":\"fr-FR\"},{\"@type\":\"Organization\",\"@id\":\"https:\/\/welovecinema.be\/nl\/#organization\",\"name\":\"We Love Cinema\",\"url\":\"https:\/\/welovecinema.be\/nl\/\",\"logo\":{\"@type\":\"ImageObject\",\"inLanguage\":\"fr-FR\",\"@id\":\"https:\/\/welovecinema.be\/nl\/#\/schema\/logo\/image\/\",\"url\":\"https:\/\/welovecinema.be\/wp-content\/uploads\/sites\/2\/2023\/03\/Logo-We-Love-Cinema305x128.jpg\",\"contentUrl\":\"https:\/\/welovecinema.be\/wp-content\/uploads\/sites\/2\/2023\/03\/Logo-We-Love-Cinema305x128.jpg\",\"width\":305,\"height\":128,\"caption\":\"We Love Cinema\"},\"image\":{\"@id\":\"https:\/\/welovecinema.be\/nl\/#\/schema\/logo\/image\/\"},\"sameAs\":[\"https:\/\/www.facebook.com\/welovecinema.be\",\"https:\/\/www.youtube.com\/channel\/UCX5LYGVhnKvYauW4Nta4HJA\",\"https:\/\/www.instagram.com\/welovecinema.be\/\"]},{\"@type\":\"Person\",\"@id\":\"https:\/\/welovecinema.be\/nl\/#\/schema\/person\/7620619142b6dd3c9aa19e9210ad5bd5\",\"name\":\"fred\",\"url\":\"https:\/\/welovecinema.be\/fr\/author\/fred\/\"}]}<\/script>\n<!-- \/ Yoast SEO plugin. -->","yoast_head_json":{"title":"Nouvelle bande-annonce pour \u00ab\u00a0The Social Reckoning\u00a0\u00bb\u00a0! - We Love Cinema","robots":{"index":"index","follow":"follow","max-snippet":"max-snippet:-1","max-image-preview":"max-image-preview:large","max-video-preview":"max-video-preview:-1"},"canonical":"https:\/\/welovecinema.be\/fr\/nouvelle-bande-annonce-pour-the-social-reckoning\/","og_locale":"fr_FR","og_type":"article","og_title":"Nouvelle bande-annonce pour \u00ab\u00a0The Social Reckoning\u00a0\u00bb\u00a0! - We Love Cinema","og_description":"Seize ans apr\u00e8s le succ\u00e8s retentissant de\u00a0The Social Network, Hollywood s\u2019appr\u00eate \u00e0 rouvrir le dossier Meta avec\u00a0The Social Reckoning.\u00a0Attendu en salles pour ce 7 octobre, ce thriller dramatique et biographique \u00e9crit et r\u00e9alis\u00e9 par Aaron Sorkin se pose en v\u00e9ritable prolongement spirituel du film de David Fincher. L\u00e0 o\u00f9 le long-m\u00e9trage de 2010 racontait la &hellip;","og_url":"https:\/\/welovecinema.be\/fr\/nouvelle-bande-annonce-pour-the-social-reckoning\/","og_site_name":"We Love Cinema","article_publisher":"https:\/\/www.facebook.com\/welovecinema.be","article_published_time":"2026-09-01T15:57:09+00:00","og_image":[{"width":2000,"height":1334,"url":"https:\/\/welovecinema.be\/wp-content\/uploads\/sites\/2\/2026\/09\/social-reckoning.jpg","type":"image\/jpeg"}],"author":"fred","twitter_card":"summary_large_image","twitter_misc":{"\u00c9crit par":"fred","Dur\u00e9e de lecture estim\u00e9e":"2 minutes"},"schema":{"@context":"https:\/\/schema.org","@graph":[{"@type":"Article","@id":"https:\/\/welovecinema.be\/fr\/nouvelle-bande-annonce-pour-the-social-reckoning\/#article","isPartOf":{"@id":"https:\/\/welovecinema.be\/fr\/nouvelle-bande-annonce-pour-the-social-reckoning\/"},"author":{"name":"fred","@id":"https:\/\/welovecinema.be\/nl\/#\/schema\/person\/7620619142b6dd3c9aa19e9210ad5bd5"},"headline":"Nouvelle bande-annonce pour \u00ab\u00a0The Social Reckoning\u00a0\u00bb\u00a0!","datePublished":"2026-09-01T15:57:09+00:00","dateModified":"2026-09-01T15:57:09+00:00","mainEntityOfPage":{"@id":"https:\/\/welovecinema.be\/fr\/nouvelle-bande-annonce-pour-the-social-reckoning\/"},"wordCount":289,"publisher":{"@id":"https:\/\/welovecinema.be\/nl\/#organization"},"articleSection":["\u00a0We Love Worldwide Cinema","News"],"inLanguage":"fr-FR"},{"@type":"WebPage","@id":"https:\/\/welovecinema.be\/fr\/nouvelle-bande-annonce-pour-the-social-reckoning\/","url":"https:\/\/welovecinema.be\/fr\/nouvelle-bande-annonce-pour-the-social-reckoning\/","name":"Nouvelle bande-annonce pour \u00ab\u00a0The Social Reckoning\u00a0\u00bb\u00a0! - We Love Cinema","isPartOf":{"@id":"https:\/\/welovecinema.be\/nl\/#website"},"datePublished":"2026-09-01T15:57:09+00:00","dateModified":"2026-09-01T15:57:09+00:00","breadcrumb":{"@id":"https:\/\/welovecinema.be\/fr\/nouvelle-bande-annonce-pour-the-social-reckoning\/#breadcrumb"},"inLanguage":"fr-FR","potentialAction":[{"@type":"ReadAction","target":["https:\/\/welovecinema.be\/fr\/nouvelle-bande-annonce-pour-the-social-reckoning\/"]}]},{"@type":"BreadcrumbList","@id":"https:\/\/welovecinema.be\/fr\/nouvelle-bande-annonce-pour-the-social-reckoning\/#breadcrumb","itemListElement":[{"@type":"ListItem","position":1,"name":"Accueil","item":"https:\/\/welovecinema.be\/fr\/"},{"@type":"ListItem","position":2,"name":"Nouvelle bande-annonce pour \u00ab\u00a0The Social Reckoning\u00a0\u00bb\u00a0!"}]},{"@type":"WebSite","@id":"https:\/\/welovecinema.be\/nl\/#website","url":"https:\/\/welovecinema.be\/nl\/","name":"We Love Cinema","description":"Toute l\u2019information du cin\u00e9ma en Belgique","publisher":{"@id":"https:\/\/welovecinema.be\/nl\/#organization"},"potentialAction":[{"@type":"SearchAction","target":{"@type":"EntryPoint","urlTemplate":"https:\/\/welovecinema.be\/nl\/?s={search_term_string}"},"query-input":"required name=search_term_string"}],"inLanguage":"fr-FR"},{"@type":"Organization","@id":"https:\/\/welovecinema.be\/nl\/#organization","name":"We Love Cinema","url":"https:\/\/welovecinema.be\/nl\/","logo":{"@type":"ImageObject","inLanguage":"fr-FR","@id":"https:\/\/welovecinema.be\/nl\/#\/schema\/logo\/image\/","url":"https:\/\/welovecinema.be\/wp-content\/uploads\/sites\/2\/2023\/03\/Logo-We-Love-Cinema305x128.jpg","contentUrl":"https:\/\/welovecinema.be\/wp-content\/uploads\/sites\/2\/2023\/03\/Logo-We-Love-Cinema305x128.jpg","width":305,"height":128,"caption":"We Love Cinema"},"image":{"@id":"https:\/\/welovecinema.be\/nl\/#\/schema\/logo\/image\/"},"sameAs":["https:\/\/www.facebook.com\/welovecinema.be","https:\/\/www.youtube.com\/channel\/UCX5LYGVhnKvYauW4Nta4HJA","https:\/\/www.instagram.com\/welovecinema.be\/"]},{"@type":"Person","@id":"https:\/\/welovecinema.be\/nl\/#\/schema\/person\/7620619142b6dd3c9aa19e9210ad5bd5","name":"fred","url":"https:\/\/welovecinema.be\/fr\/author\/fred\/"}]}},"_links":{"self":[{"href":"https:\/\/welovecinema.be\/fr\/wp-json\/wp\/v2\/posts\/272302","targetHints":{"allow":["GET"]}}],"collection":[{"href":"https:\/\/welovecinema.be\/fr\/wp-json\/wp\/v2\/posts"}],"about":[{"href":"https:\/\/welovecinema.be\/fr\/wp-json\/wp\/v2\/types\/post"}],"author":[{"embeddable":true,"href":"https:\/\/welovecinema.be\/fr\/wp-json\/wp\/v2\/users\/358"}],"replies":[{"embeddable":true,"href":"https:\/\/welovecinema.be\/fr\/wp-json\/wp\/v2\/comments?post=272302"}],"version-history":[{"count":1,"href":"https:\/\/welovecinema.be\/fr\/wp-json\/wp\/v2\/posts\/272302\/revisions"}],"predecessor-version":[{"id":272303,"href":"https:\/\/welovecinema.be\/fr\/wp-json\/wp\/v2\/posts\/272302\/revisions\/272303"}],"wp:featuredmedia":[{"embeddable":true,"href":"https:\/\/welovecinema.be\/fr\/wp-json\/wp\/v2\/media\/272295"}],"wp:attachment":[{"href":"https:\/\/welovecinema.be\/fr\/wp-json\/wp\/v2\/media?parent=272302"}],"wp:term":[{"taxonomy":"category","embeddable":true,"href":"https:\/\/welovecinema.be\/fr\/wp-json\/wp\/v2\/categories?post=272302"},{"taxonomy":"post_tag","embeddable":true,"href":"https:\/\/welovecinema.be\/fr\/wp-json\/wp\/v2\/tags?post=272302"}],"curies":[{"name":"wp","href":"https:\/\/api.w.org\/{rel}","templated":true}]}}