{"id":272298,"date":"2026-09-01T12:44:34","date_gmt":"2026-09-01T10:44:34","guid":{"rendered":"https:\/\/welovecinema.be\/?p=272298"},"modified":"2026-09-01T12:44:34","modified_gmt":"2026-09-01T10:44:34","slug":"briff-express-valery-rosier-radio-bonheur","status":"publish","type":"post","link":"https:\/\/welovecinema.be\/fr\/briff-express-valery-rosier-radio-bonheur\/","title":{"rendered":"BRIFF Express: Val\u00e9ry Rosier, \u00ab\u00a0Radio Bonheur\u00a0\u00bb"},"content":{"rendered":"<p><strong><em>Radio Bonheur<\/em>, le nouveau film de Val\u00e9ry Rosier ouvrira la Comp\u00e9tition Nationale du BRIFF. Le r\u00e9alisateur nous parle de cette chronique douce-am\u00e8re, dr\u00f4le et po\u00e9tique sur la solitude, le temps qui passe et notre besoin de lien. Un film port\u00e9 par des personnages profond\u00e9ment attachants, incarn\u00e9s notamment par Corinne Masiero, Philippe Rebbot, Tom Audenaert et Jean Le Peltier.<\/strong><\/p>\n<p>Rendez-vous le samedi 5 septembre \u00e0 19h au Cin\u00e9ma Palace.<\/p>\n","protected":false},"excerpt":{"rendered":"<p>Radio Bonheur, le nouveau film de Val\u00e9ry Rosier ouvrira la Comp\u00e9tition Nationale du BRIFF. Le r\u00e9alisateur nous parle de cette chronique douce-am\u00e8re, dr\u00f4le et po\u00e9tique sur la solitude, le temps qui passe et notre besoin de lien. Un film port\u00e9 par des personnages profond\u00e9ment attachants, incarn\u00e9s notamment par Corinne Masiero, Philippe Rebbot, Tom Audenaert et &hellip;<\/p>\n","protected":false},"author":343,"featured_media":272299,"comment_status":"closed","ping_status":"closed","sticky":false,"template":"","format":"standard","meta":{"ngg_post_thumbnail":0,"footnotes":""},"categories":[7134,10,1926,53,1923,12,1978],"tags":[],"class_list":["post-272298","post","type-post","status-publish","format-standard","has-post-thumbnail","","category-we-love-belgian-cinema","category-a-l-affiche","category-a-la-une","category-coming-soon","category-en-bref","category-awards","category-interviews"],"yoast_head":"<!-- This site is optimized with the Yoast SEO plugin v20.4 - https:\/\/yoast.com\/wordpress\/plugins\/seo\/ -->\n<title>BRIFF Express: Val\u00e9ry Rosier, &quot;Radio Bonheur&quot; - We Love Cinema<\/title>\n<meta name=\"robots\" content=\"index, follow, max-snippet:-1, max-image-preview:large, max-video-preview:-1\" \/>\n<link rel=\"canonical\" href=\"https:\/\/welovecinema.be\/fr\/briff-express-valery-rosier-radio-bonheur\/\" \/>\n<meta property=\"og:locale\" content=\"fr_FR\" \/>\n<meta property=\"og:type\" content=\"article\" \/>\n<meta property=\"og:title\" content=\"BRIFF Express: Val\u00e9ry Rosier, &quot;Radio Bonheur&quot; - We Love Cinema\" \/>\n<meta property=\"og:description\" content=\"Radio Bonheur, le nouveau film de Val\u00e9ry Rosier ouvrira la Comp\u00e9tition Nationale du BRIFF. Le r\u00e9alisateur nous parle de cette chronique douce-am\u00e8re, dr\u00f4le et po\u00e9tique sur la solitude, le temps qui passe et notre besoin de lien. Un film port\u00e9 par des personnages profond\u00e9ment attachants, incarn\u00e9s notamment par Corinne Masiero, Philippe Rebbot, Tom Audenaert et &hellip;\" \/>\n<meta property=\"og:url\" content=\"https:\/\/welovecinema.be\/fr\/briff-express-valery-rosier-radio-bonheur\/\" \/>\n<meta property=\"og:site_name\" content=\"We Love Cinema\" \/>\n<meta property=\"article:publisher\" content=\"https:\/\/www.facebook.com\/welovecinema.be\" \/>\n<meta property=\"article:published_time\" content=\"2026-09-01T10:44:34+00:00\" \/>\n<meta property=\"og:image\" content=\"https:\/\/welovecinema.be\/wp-content\/uploads\/sites\/2\/2026\/09\/VignetteValeryRosier.jpg\" \/>\n\t<meta property=\"og:image:width\" content=\"1256\" \/>\n\t<meta property=\"og:image:height\" content=\"660\" \/>\n\t<meta property=\"og:image:type\" content=\"image\/jpeg\" \/>\n<meta name=\"author\" content=\"Aurore Engelen\" \/>\n<meta name=\"twitter:card\" content=\"summary_large_image\" \/>\n<meta name=\"twitter:label1\" content=\"\u00c9crit par\" \/>\n\t<meta name=\"twitter:data1\" content=\"Aurore Engelen\" \/>\n\t<meta name=\"twitter:label2\" content=\"Dur\u00e9e de lecture estim\u00e9e\" \/>\n\t<meta name=\"twitter:data2\" content=\"1 minute\" \/>\n<script type=\"application\/ld+json\" class=\"yoast-schema-graph\">{\"@context\":\"https:\/\/schema.org\",\"@graph\":[{\"@type\":\"Article\",\"@id\":\"https:\/\/welovecinema.be\/fr\/briff-express-valery-rosier-radio-bonheur\/#article\",\"isPartOf\":{\"@id\":\"https:\/\/welovecinema.be\/fr\/briff-express-valery-rosier-radio-bonheur\/\"},\"author\":{\"name\":\"Aurore Engelen\",\"@id\":\"https:\/\/welovecinema.be\/nl\/#\/schema\/person\/8084b68c6b176142d073695c654dc7cf\"},\"headline\":\"BRIFF Express: Val\u00e9ry Rosier, \u00ab\u00a0Radio Bonheur\u00a0\u00bb\",\"datePublished\":\"2026-09-01T10:44:34+00:00\",\"dateModified\":\"2026-09-01T10:44:34+00:00\",\"mainEntityOfPage\":{\"@id\":\"https:\/\/welovecinema.be\/fr\/briff-express-valery-rosier-radio-bonheur\/\"},\"wordCount\":82,\"publisher\":{\"@id\":\"https:\/\/welovecinema.be\/nl\/#organization\"},\"articleSection\":[\"\u00a0We Love Belgian Cinema\",\"A l'affiche\",\"A la une\",\"Coming soon\",\"En bref\",\"Evenements\",\"Rencontres\"],\"inLanguage\":\"fr-FR\"},{\"@type\":\"WebPage\",\"@id\":\"https:\/\/welovecinema.be\/fr\/briff-express-valery-rosier-radio-bonheur\/\",\"url\":\"https:\/\/welovecinema.be\/fr\/briff-express-valery-rosier-radio-bonheur\/\",\"name\":\"BRIFF Express: Val\u00e9ry Rosier, \\\"Radio Bonheur\\\" - We Love Cinema\",\"isPartOf\":{\"@id\":\"https:\/\/welovecinema.be\/nl\/#website\"},\"datePublished\":\"2026-09-01T10:44:34+00:00\",\"dateModified\":\"2026-09-01T10:44:34+00:00\",\"breadcrumb\":{\"@id\":\"https:\/\/welovecinema.be\/fr\/briff-express-valery-rosier-radio-bonheur\/#breadcrumb\"},\"inLanguage\":\"fr-FR\",\"potentialAction\":[{\"@type\":\"ReadAction\",\"target\":[\"https:\/\/welovecinema.be\/fr\/briff-express-valery-rosier-radio-bonheur\/\"]}]},{\"@type\":\"BreadcrumbList\",\"@id\":\"https:\/\/welovecinema.be\/fr\/briff-express-valery-rosier-radio-bonheur\/#breadcrumb\",\"itemListElement\":[{\"@type\":\"ListItem\",\"position\":1,\"name\":\"Accueil\",\"item\":\"https:\/\/welovecinema.be\/fr\/\"},{\"@type\":\"ListItem\",\"position\":2,\"name\":\"BRIFF Express: Val\u00e9ry Rosier, \u00ab\u00a0Radio Bonheur\u00a0\u00bb\"}]},{\"@type\":\"WebSite\",\"@id\":\"https:\/\/welovecinema.be\/nl\/#website\",\"url\":\"https:\/\/welovecinema.be\/nl\/\",\"name\":\"We Love Cinema\",\"description\":\"Toute l\u2019information du cin\u00e9ma en Belgique\",\"publisher\":{\"@id\":\"https:\/\/welovecinema.be\/nl\/#organization\"},\"potentialAction\":[{\"@type\":\"SearchAction\",\"target\":{\"@type\":\"EntryPoint\",\"urlTemplate\":\"https:\/\/welovecinema.be\/nl\/?s={search_term_string}\"},\"query-input\":\"required name=search_term_string\"}],\"inLanguage\":\"fr-FR\"},{\"@type\":\"Organization\",\"@id\":\"https:\/\/welovecinema.be\/nl\/#organization\",\"name\":\"We Love Cinema\",\"url\":\"https:\/\/welovecinema.be\/nl\/\",\"logo\":{\"@type\":\"ImageObject\",\"inLanguage\":\"fr-FR\",\"@id\":\"https:\/\/welovecinema.be\/nl\/#\/schema\/logo\/image\/\",\"url\":\"https:\/\/welovecinema.be\/wp-content\/uploads\/sites\/2\/2023\/03\/Logo-We-Love-Cinema305x128.jpg\",\"contentUrl\":\"https:\/\/welovecinema.be\/wp-content\/uploads\/sites\/2\/2023\/03\/Logo-We-Love-Cinema305x128.jpg\",\"width\":305,\"height\":128,\"caption\":\"We Love Cinema\"},\"image\":{\"@id\":\"https:\/\/welovecinema.be\/nl\/#\/schema\/logo\/image\/\"},\"sameAs\":[\"https:\/\/www.facebook.com\/welovecinema.be\",\"https:\/\/www.youtube.com\/channel\/UCX5LYGVhnKvYauW4Nta4HJA\",\"https:\/\/www.instagram.com\/welovecinema.be\/\"]},{\"@type\":\"Person\",\"@id\":\"https:\/\/welovecinema.be\/nl\/#\/schema\/person\/8084b68c6b176142d073695c654dc7cf\",\"name\":\"Aurore Engelen\",\"url\":\"https:\/\/welovecinema.be\/fr\/author\/aurore-engelen\/\"}]}<\/script>\n<!-- \/ Yoast SEO plugin. -->","yoast_head_json":{"title":"BRIFF Express: Val\u00e9ry Rosier, \"Radio Bonheur\" - We Love Cinema","robots":{"index":"index","follow":"follow","max-snippet":"max-snippet:-1","max-image-preview":"max-image-preview:large","max-video-preview":"max-video-preview:-1"},"canonical":"https:\/\/welovecinema.be\/fr\/briff-express-valery-rosier-radio-bonheur\/","og_locale":"fr_FR","og_type":"article","og_title":"BRIFF Express: Val\u00e9ry Rosier, \"Radio Bonheur\" - We Love Cinema","og_description":"Radio Bonheur, le nouveau film de Val\u00e9ry Rosier ouvrira la Comp\u00e9tition Nationale du BRIFF. Le r\u00e9alisateur nous parle de cette chronique douce-am\u00e8re, dr\u00f4le et po\u00e9tique sur la solitude, le temps qui passe et notre besoin de lien. Un film port\u00e9 par des personnages profond\u00e9ment attachants, incarn\u00e9s notamment par Corinne Masiero, Philippe Rebbot, Tom Audenaert et &hellip;","og_url":"https:\/\/welovecinema.be\/fr\/briff-express-valery-rosier-radio-bonheur\/","og_site_name":"We Love Cinema","article_publisher":"https:\/\/www.facebook.com\/welovecinema.be","article_published_time":"2026-09-01T10:44:34+00:00","og_image":[{"width":1256,"height":660,"url":"https:\/\/welovecinema.be\/wp-content\/uploads\/sites\/2\/2026\/09\/VignetteValeryRosier.jpg","type":"image\/jpeg"}],"author":"Aurore Engelen","twitter_card":"summary_large_image","twitter_misc":{"\u00c9crit par":"Aurore Engelen","Dur\u00e9e de lecture estim\u00e9e":"1 minute"},"schema":{"@context":"https:\/\/schema.org","@graph":[{"@type":"Article","@id":"https:\/\/welovecinema.be\/fr\/briff-express-valery-rosier-radio-bonheur\/#article","isPartOf":{"@id":"https:\/\/welovecinema.be\/fr\/briff-express-valery-rosier-radio-bonheur\/"},"author":{"name":"Aurore Engelen","@id":"https:\/\/welovecinema.be\/nl\/#\/schema\/person\/8084b68c6b176142d073695c654dc7cf"},"headline":"BRIFF Express: Val\u00e9ry Rosier, \u00ab\u00a0Radio Bonheur\u00a0\u00bb","datePublished":"2026-09-01T10:44:34+00:00","dateModified":"2026-09-01T10:44:34+00:00","mainEntityOfPage":{"@id":"https:\/\/welovecinema.be\/fr\/briff-express-valery-rosier-radio-bonheur\/"},"wordCount":82,"publisher":{"@id":"https:\/\/welovecinema.be\/nl\/#organization"},"articleSection":["\u00a0We Love Belgian Cinema","A l'affiche","A la une","Coming soon","En bref","Evenements","Rencontres"],"inLanguage":"fr-FR"},{"@type":"WebPage","@id":"https:\/\/welovecinema.be\/fr\/briff-express-valery-rosier-radio-bonheur\/","url":"https:\/\/welovecinema.be\/fr\/briff-express-valery-rosier-radio-bonheur\/","name":"BRIFF Express: Val\u00e9ry Rosier, \"Radio Bonheur\" - We Love Cinema","isPartOf":{"@id":"https:\/\/welovecinema.be\/nl\/#website"},"datePublished":"2026-09-01T10:44:34+00:00","dateModified":"2026-09-01T10:44:34+00:00","breadcrumb":{"@id":"https:\/\/welovecinema.be\/fr\/briff-express-valery-rosier-radio-bonheur\/#breadcrumb"},"inLanguage":"fr-FR","potentialAction":[{"@type":"ReadAction","target":["https:\/\/welovecinema.be\/fr\/briff-express-valery-rosier-radio-bonheur\/"]}]},{"@type":"BreadcrumbList","@id":"https:\/\/welovecinema.be\/fr\/briff-express-valery-rosier-radio-bonheur\/#breadcrumb","itemListElement":[{"@type":"ListItem","position":1,"name":"Accueil","item":"https:\/\/welovecinema.be\/fr\/"},{"@type":"ListItem","position":2,"name":"BRIFF Express: Val\u00e9ry Rosier, \u00ab\u00a0Radio Bonheur\u00a0\u00bb"}]},{"@type":"WebSite","@id":"https:\/\/welovecinema.be\/nl\/#website","url":"https:\/\/welovecinema.be\/nl\/","name":"We Love Cinema","description":"Toute l\u2019information du cin\u00e9ma en Belgique","publisher":{"@id":"https:\/\/welovecinema.be\/nl\/#organization"},"potentialAction":[{"@type":"SearchAction","target":{"@type":"EntryPoint","urlTemplate":"https:\/\/welovecinema.be\/nl\/?s={search_term_string}"},"query-input":"required name=search_term_string"}],"inLanguage":"fr-FR"},{"@type":"Organization","@id":"https:\/\/welovecinema.be\/nl\/#organization","name":"We Love Cinema","url":"https:\/\/welovecinema.be\/nl\/","logo":{"@type":"ImageObject","inLanguage":"fr-FR","@id":"https:\/\/welovecinema.be\/nl\/#\/schema\/logo\/image\/","url":"https:\/\/welovecinema.be\/wp-content\/uploads\/sites\/2\/2023\/03\/Logo-We-Love-Cinema305x128.jpg","contentUrl":"https:\/\/welovecinema.be\/wp-content\/uploads\/sites\/2\/2023\/03\/Logo-We-Love-Cinema305x128.jpg","width":305,"height":128,"caption":"We Love Cinema"},"image":{"@id":"https:\/\/welovecinema.be\/nl\/#\/schema\/logo\/image\/"},"sameAs":["https:\/\/www.facebook.com\/welovecinema.be","https:\/\/www.youtube.com\/channel\/UCX5LYGVhnKvYauW4Nta4HJA","https:\/\/www.instagram.com\/welovecinema.be\/"]},{"@type":"Person","@id":"https:\/\/welovecinema.be\/nl\/#\/schema\/person\/8084b68c6b176142d073695c654dc7cf","name":"Aurore Engelen","url":"https:\/\/welovecinema.be\/fr\/author\/aurore-engelen\/"}]}},"_links":{"self":[{"href":"https:\/\/welovecinema.be\/fr\/wp-json\/wp\/v2\/posts\/272298","targetHints":{"allow":["GET"]}}],"collection":[{"href":"https:\/\/welovecinema.be\/fr\/wp-json\/wp\/v2\/posts"}],"about":[{"href":"https:\/\/welovecinema.be\/fr\/wp-json\/wp\/v2\/types\/post"}],"author":[{"embeddable":true,"href":"https:\/\/welovecinema.be\/fr\/wp-json\/wp\/v2\/users\/343"}],"replies":[{"embeddable":true,"href":"https:\/\/welovecinema.be\/fr\/wp-json\/wp\/v2\/comments?post=272298"}],"version-history":[{"count":1,"href":"https:\/\/welovecinema.be\/fr\/wp-json\/wp\/v2\/posts\/272298\/revisions"}],"predecessor-version":[{"id":272301,"href":"https:\/\/welovecinema.be\/fr\/wp-json\/wp\/v2\/posts\/272298\/revisions\/272301"}],"wp:featuredmedia":[{"embeddable":true,"href":"https:\/\/welovecinema.be\/fr\/wp-json\/wp\/v2\/media\/272299"}],"wp:attachment":[{"href":"https:\/\/welovecinema.be\/fr\/wp-json\/wp\/v2\/media?parent=272298"}],"wp:term":[{"taxonomy":"category","embeddable":true,"href":"https:\/\/welovecinema.be\/fr\/wp-json\/wp\/v2\/categories?post=272298"},{"taxonomy":"post_tag","embeddable":true,"href":"https:\/\/welovecinema.be\/fr\/wp-json\/wp\/v2\/tags?post=272298"}],"curies":[{"name":"wp","href":"https:\/\/api.w.org\/{rel}","templated":true}]}}