{"id":271094,"date":"2026-04-29T12:14:58","date_gmt":"2026-04-29T10:14:58","guid":{"rendered":"https:\/\/welovecinema.be\/?p=271094"},"modified":"2026-04-29T12:14:58","modified_gmt":"2026-04-29T10:14:58","slug":"alors-que-prada-2-vient-juste-de-sortir-anne-hathaway-annonce-deja-son-prochain-film","status":"publish","type":"post","link":"https:\/\/welovecinema.be\/fr\/alors-que-prada-2-vient-juste-de-sortir-anne-hathaway-annonce-deja-son-prochain-film\/","title":{"rendered":"Alors que \u00ab\u00a0Prada 2\u00a0\u00bb vient juste de sortir, Anne Hathaway annonce d\u00e9j\u00e0 son prochain film\u00a0!"},"content":{"rendered":"<p style=\"font-weight: 400\"><strong>Le ph\u00e9nom\u00e8ne litt\u00e9raire de Colleen Hoover,\u00a0<em>Verity<\/em>, s&rsquo;appr\u00eate enfin \u00e0 glacer le sang des spectateurs sur grand \u00e9cran. Apr\u00e8s le succ\u00e8s de\u00a0<em>It Ends With Us<\/em>\u00a0(<em>Jamais plus<\/em>), ce sera donc au tour de ce thriller psychologique sombre et \u00e9rotique de b\u00e9n\u00e9ficier d&rsquo;une adaptation prestigieuse. Et c\u2019est Anne Hathaway, en pleine promo du <em>Diable s\u2019habille en Prada 2<\/em>, qui tiendra le r\u00f4le principal. D\u00e9tails et bande-annonce\u2026<\/strong><\/p>\n<p style=\"font-weight: 400\">Le film r\u00e9unit des noms de premier plan. A savoir Anne Hathaway\u00a0sous les traits de la myst\u00e9rieuse\u00a0Verity Crawford. L&rsquo;actrice oscaris\u00e9e retrouve pour l&rsquo;occasion le r\u00e9alisateur Michael Showalter (avec qui elle a tourn\u00e9\u00a0<em>L\u2019Id\u00e9e d\u2019\u00eatre avec toi<\/em>). On verra aussi Dakota Johnson\u00a0dans le r\u00f4le de\u00a0Lowen Ashleigh, la jeune autrice fauch\u00e9e engag\u00e9e pour terminer la s\u00e9rie de livres de Verity. Enfin, Josh Hartnett\u00a0pr\u00eate ses traits \u00e0\u00a0Jeremy Crawford, le mari de Verity, dont le charme trouble va rapidement s\u00e9duire Lowen. Le sc\u00e9nario est sign\u00e9 par\u00a0Nick Antosca, un habitu\u00e9 de l&rsquo;horreur et du suspense (cr\u00e9ateur des s\u00e9ries\u00a0<em>The Act<\/em>\u00a0et\u00a0<em>Candy<\/em>), ce qui promet une adaptation fid\u00e8le \u00e0 l&rsquo;atmosph\u00e8re \u00e9touffante du roman.<\/p>\n<p><iframe loading=\"lazy\" title=\"VERITY - Bande-annonce teaser officielle\" width=\"618\" height=\"348\" src=\"https:\/\/www.youtube.com\/embed\/UkymHDCHSJw?feature=oembed\" frameborder=\"0\" allow=\"accelerometer; autoplay; clipboard-write; encrypted-media; gyroscope; picture-in-picture; web-share\" referrerpolicy=\"strict-origin-when-cross-origin\" allowfullscreen><\/iframe><\/p>\n<p style=\"font-weight: 400\">Fid\u00e8le au best-seller de 2018, l&rsquo;histoire suit Lowen Ashleigh. Alors qu\u2019elle emm\u00e9nage dans le manoir des Crawford pour trier les notes de Verity (devenue incapable d&rsquo;\u00e9crire apr\u00e8s un myst\u00e9rieux accident), elle d\u00e9couvre une\u00a0autobiographie cach\u00e9e. Ce manuscrit contient des aveux gla\u00e7ants sur le pass\u00e9 de la famille, for\u00e7ant Lowen \u00e0 se demander si Verity est une victime ou une manipulatrice de g\u00e9nie. Le film devrait explorer les th\u00e8mes de l&rsquo;obsession, de la v\u00e9rit\u00e9 subjective et du deuil de mani\u00e8re visc\u00e9rale.<\/p>\n<p style=\"font-weight: 400\">Sortie ce 30 septembre\u00a0!<\/p>\n","protected":false},"excerpt":{"rendered":"<p>Le ph\u00e9nom\u00e8ne litt\u00e9raire de Colleen Hoover,\u00a0Verity, s&rsquo;appr\u00eate enfin \u00e0 glacer le sang des spectateurs sur grand \u00e9cran. Apr\u00e8s le succ\u00e8s de\u00a0It Ends With Us\u00a0(Jamais plus), ce sera donc au tour de ce thriller psychologique sombre et \u00e9rotique de b\u00e9n\u00e9ficier d&rsquo;une adaptation prestigieuse. Et c\u2019est Anne Hathaway, en pleine promo du Diable s\u2019habille en Prada 2, &hellip;<\/p>\n","protected":false},"author":358,"featured_media":271063,"comment_status":"closed","ping_status":"closed","sticky":false,"template":"","format":"standard","meta":{"ngg_post_thumbnail":0,"footnotes":""},"categories":[7135,7],"tags":[],"class_list":["post-271094","post","type-post","status-publish","format-standard","has-post-thumbnail","","category-we-love-worldwide","category-actualites"],"yoast_head":"<!-- This site is optimized with the Yoast SEO plugin v20.4 - https:\/\/yoast.com\/wordpress\/plugins\/seo\/ -->\n<title>Alors que \u00ab\u00a0Prada 2\u00a0\u00bb vient juste de sortir, Anne Hathaway annonce d\u00e9j\u00e0 son prochain film\u00a0! - We Love Cinema<\/title>\n<meta name=\"robots\" content=\"index, follow, max-snippet:-1, max-image-preview:large, max-video-preview:-1\" \/>\n<link rel=\"canonical\" href=\"https:\/\/welovecinema.be\/fr\/alors-que-prada-2-vient-juste-de-sortir-anne-hathaway-annonce-deja-son-prochain-film\/\" \/>\n<meta property=\"og:locale\" content=\"fr_FR\" \/>\n<meta property=\"og:type\" content=\"article\" \/>\n<meta property=\"og:title\" content=\"Alors que \u00ab\u00a0Prada 2\u00a0\u00bb vient juste de sortir, Anne Hathaway annonce d\u00e9j\u00e0 son prochain film\u00a0! - We Love Cinema\" \/>\n<meta property=\"og:description\" content=\"Le ph\u00e9nom\u00e8ne litt\u00e9raire de Colleen Hoover,\u00a0Verity, s&rsquo;appr\u00eate enfin \u00e0 glacer le sang des spectateurs sur grand \u00e9cran. Apr\u00e8s le succ\u00e8s de\u00a0It Ends With Us\u00a0(Jamais plus), ce sera donc au tour de ce thriller psychologique sombre et \u00e9rotique de b\u00e9n\u00e9ficier d&rsquo;une adaptation prestigieuse. Et c\u2019est Anne Hathaway, en pleine promo du Diable s\u2019habille en Prada 2, &hellip;\" \/>\n<meta property=\"og:url\" content=\"https:\/\/welovecinema.be\/fr\/alors-que-prada-2-vient-juste-de-sortir-anne-hathaway-annonce-deja-son-prochain-film\/\" \/>\n<meta property=\"og:site_name\" content=\"We Love Cinema\" \/>\n<meta property=\"article:publisher\" content=\"https:\/\/www.facebook.com\/welovecinema.be\" \/>\n<meta property=\"article:published_time\" content=\"2026-04-29T10:14:58+00:00\" \/>\n<meta property=\"og:image\" content=\"https:\/\/welovecinema.be\/wp-content\/uploads\/sites\/2\/2026\/04\/verity.jpeg\" \/>\n\t<meta property=\"og:image:width\" content=\"275\" \/>\n\t<meta property=\"og:image:height\" content=\"183\" \/>\n\t<meta property=\"og:image:type\" content=\"image\/jpeg\" \/>\n<meta name=\"author\" content=\"fred\" \/>\n<meta name=\"twitter:card\" content=\"summary_large_image\" \/>\n<meta name=\"twitter:label1\" content=\"\u00c9crit par\" \/>\n\t<meta name=\"twitter:data1\" content=\"fred\" \/>\n\t<meta name=\"twitter:label2\" content=\"Dur\u00e9e de lecture estim\u00e9e\" \/>\n\t<meta name=\"twitter:data2\" content=\"2 minutes\" \/>\n<script type=\"application\/ld+json\" class=\"yoast-schema-graph\">{\"@context\":\"https:\/\/schema.org\",\"@graph\":[{\"@type\":\"Article\",\"@id\":\"https:\/\/welovecinema.be\/fr\/alors-que-prada-2-vient-juste-de-sortir-anne-hathaway-annonce-deja-son-prochain-film\/#article\",\"isPartOf\":{\"@id\":\"https:\/\/welovecinema.be\/fr\/alors-que-prada-2-vient-juste-de-sortir-anne-hathaway-annonce-deja-son-prochain-film\/\"},\"author\":{\"name\":\"fred\",\"@id\":\"https:\/\/welovecinema.be\/nl\/#\/schema\/person\/7620619142b6dd3c9aa19e9210ad5bd5\"},\"headline\":\"Alors que \u00ab\u00a0Prada 2\u00a0\u00bb vient juste de sortir, Anne Hathaway annonce d\u00e9j\u00e0 son prochain film\u00a0!\",\"datePublished\":\"2026-04-29T10:14:58+00:00\",\"dateModified\":\"2026-04-29T10:14:58+00:00\",\"mainEntityOfPage\":{\"@id\":\"https:\/\/welovecinema.be\/fr\/alors-que-prada-2-vient-juste-de-sortir-anne-hathaway-annonce-deja-son-prochain-film\/\"},\"wordCount\":333,\"publisher\":{\"@id\":\"https:\/\/welovecinema.be\/nl\/#organization\"},\"articleSection\":[\"\u00a0We Love Worldwide Cinema\",\"News\"],\"inLanguage\":\"fr-FR\"},{\"@type\":\"WebPage\",\"@id\":\"https:\/\/welovecinema.be\/fr\/alors-que-prada-2-vient-juste-de-sortir-anne-hathaway-annonce-deja-son-prochain-film\/\",\"url\":\"https:\/\/welovecinema.be\/fr\/alors-que-prada-2-vient-juste-de-sortir-anne-hathaway-annonce-deja-son-prochain-film\/\",\"name\":\"Alors que \u00ab\u00a0Prada 2\u00a0\u00bb vient juste de sortir, Anne Hathaway annonce d\u00e9j\u00e0 son prochain film\u00a0! - We Love Cinema\",\"isPartOf\":{\"@id\":\"https:\/\/welovecinema.be\/nl\/#website\"},\"datePublished\":\"2026-04-29T10:14:58+00:00\",\"dateModified\":\"2026-04-29T10:14:58+00:00\",\"breadcrumb\":{\"@id\":\"https:\/\/welovecinema.be\/fr\/alors-que-prada-2-vient-juste-de-sortir-anne-hathaway-annonce-deja-son-prochain-film\/#breadcrumb\"},\"inLanguage\":\"fr-FR\",\"potentialAction\":[{\"@type\":\"ReadAction\",\"target\":[\"https:\/\/welovecinema.be\/fr\/alors-que-prada-2-vient-juste-de-sortir-anne-hathaway-annonce-deja-son-prochain-film\/\"]}]},{\"@type\":\"BreadcrumbList\",\"@id\":\"https:\/\/welovecinema.be\/fr\/alors-que-prada-2-vient-juste-de-sortir-anne-hathaway-annonce-deja-son-prochain-film\/#breadcrumb\",\"itemListElement\":[{\"@type\":\"ListItem\",\"position\":1,\"name\":\"Accueil\",\"item\":\"https:\/\/welovecinema.be\/fr\/\"},{\"@type\":\"ListItem\",\"position\":2,\"name\":\"Alors que \u00ab\u00a0Prada 2\u00a0\u00bb vient juste de sortir, Anne Hathaway annonce d\u00e9j\u00e0 son prochain film\u00a0!\"}]},{\"@type\":\"WebSite\",\"@id\":\"https:\/\/welovecinema.be\/nl\/#website\",\"url\":\"https:\/\/welovecinema.be\/nl\/\",\"name\":\"We Love Cinema\",\"description\":\"Toute l\u2019information du cin\u00e9ma en Belgique\",\"publisher\":{\"@id\":\"https:\/\/welovecinema.be\/nl\/#organization\"},\"potentialAction\":[{\"@type\":\"SearchAction\",\"target\":{\"@type\":\"EntryPoint\",\"urlTemplate\":\"https:\/\/welovecinema.be\/nl\/?s={search_term_string}\"},\"query-input\":\"required name=search_term_string\"}],\"inLanguage\":\"fr-FR\"},{\"@type\":\"Organization\",\"@id\":\"https:\/\/welovecinema.be\/nl\/#organization\",\"name\":\"We Love Cinema\",\"url\":\"https:\/\/welovecinema.be\/nl\/\",\"logo\":{\"@type\":\"ImageObject\",\"inLanguage\":\"fr-FR\",\"@id\":\"https:\/\/welovecinema.be\/nl\/#\/schema\/logo\/image\/\",\"url\":\"https:\/\/welovecinema.be\/wp-content\/uploads\/sites\/2\/2023\/03\/Logo-We-Love-Cinema305x128.jpg\",\"contentUrl\":\"https:\/\/welovecinema.be\/wp-content\/uploads\/sites\/2\/2023\/03\/Logo-We-Love-Cinema305x128.jpg\",\"width\":305,\"height\":128,\"caption\":\"We Love Cinema\"},\"image\":{\"@id\":\"https:\/\/welovecinema.be\/nl\/#\/schema\/logo\/image\/\"},\"sameAs\":[\"https:\/\/www.facebook.com\/welovecinema.be\",\"https:\/\/www.youtube.com\/channel\/UCX5LYGVhnKvYauW4Nta4HJA\",\"https:\/\/www.instagram.com\/welovecinema.be\/\"]},{\"@type\":\"Person\",\"@id\":\"https:\/\/welovecinema.be\/nl\/#\/schema\/person\/7620619142b6dd3c9aa19e9210ad5bd5\",\"name\":\"fred\",\"url\":\"https:\/\/welovecinema.be\/fr\/author\/fred\/\"}]}<\/script>\n<!-- \/ Yoast SEO plugin. -->","yoast_head_json":{"title":"Alors que \u00ab\u00a0Prada 2\u00a0\u00bb vient juste de sortir, Anne Hathaway annonce d\u00e9j\u00e0 son prochain film\u00a0! - We Love Cinema","robots":{"index":"index","follow":"follow","max-snippet":"max-snippet:-1","max-image-preview":"max-image-preview:large","max-video-preview":"max-video-preview:-1"},"canonical":"https:\/\/welovecinema.be\/fr\/alors-que-prada-2-vient-juste-de-sortir-anne-hathaway-annonce-deja-son-prochain-film\/","og_locale":"fr_FR","og_type":"article","og_title":"Alors que \u00ab\u00a0Prada 2\u00a0\u00bb vient juste de sortir, Anne Hathaway annonce d\u00e9j\u00e0 son prochain film\u00a0! - We Love Cinema","og_description":"Le ph\u00e9nom\u00e8ne litt\u00e9raire de Colleen Hoover,\u00a0Verity, s&rsquo;appr\u00eate enfin \u00e0 glacer le sang des spectateurs sur grand \u00e9cran. Apr\u00e8s le succ\u00e8s de\u00a0It Ends With Us\u00a0(Jamais plus), ce sera donc au tour de ce thriller psychologique sombre et \u00e9rotique de b\u00e9n\u00e9ficier d&rsquo;une adaptation prestigieuse. Et c\u2019est Anne Hathaway, en pleine promo du Diable s\u2019habille en Prada 2, &hellip;","og_url":"https:\/\/welovecinema.be\/fr\/alors-que-prada-2-vient-juste-de-sortir-anne-hathaway-annonce-deja-son-prochain-film\/","og_site_name":"We Love Cinema","article_publisher":"https:\/\/www.facebook.com\/welovecinema.be","article_published_time":"2026-04-29T10:14:58+00:00","og_image":[{"width":275,"height":183,"url":"https:\/\/welovecinema.be\/wp-content\/uploads\/sites\/2\/2026\/04\/verity.jpeg","type":"image\/jpeg"}],"author":"fred","twitter_card":"summary_large_image","twitter_misc":{"\u00c9crit par":"fred","Dur\u00e9e de lecture estim\u00e9e":"2 minutes"},"schema":{"@context":"https:\/\/schema.org","@graph":[{"@type":"Article","@id":"https:\/\/welovecinema.be\/fr\/alors-que-prada-2-vient-juste-de-sortir-anne-hathaway-annonce-deja-son-prochain-film\/#article","isPartOf":{"@id":"https:\/\/welovecinema.be\/fr\/alors-que-prada-2-vient-juste-de-sortir-anne-hathaway-annonce-deja-son-prochain-film\/"},"author":{"name":"fred","@id":"https:\/\/welovecinema.be\/nl\/#\/schema\/person\/7620619142b6dd3c9aa19e9210ad5bd5"},"headline":"Alors que \u00ab\u00a0Prada 2\u00a0\u00bb vient juste de sortir, Anne Hathaway annonce d\u00e9j\u00e0 son prochain film\u00a0!","datePublished":"2026-04-29T10:14:58+00:00","dateModified":"2026-04-29T10:14:58+00:00","mainEntityOfPage":{"@id":"https:\/\/welovecinema.be\/fr\/alors-que-prada-2-vient-juste-de-sortir-anne-hathaway-annonce-deja-son-prochain-film\/"},"wordCount":333,"publisher":{"@id":"https:\/\/welovecinema.be\/nl\/#organization"},"articleSection":["\u00a0We Love Worldwide Cinema","News"],"inLanguage":"fr-FR"},{"@type":"WebPage","@id":"https:\/\/welovecinema.be\/fr\/alors-que-prada-2-vient-juste-de-sortir-anne-hathaway-annonce-deja-son-prochain-film\/","url":"https:\/\/welovecinema.be\/fr\/alors-que-prada-2-vient-juste-de-sortir-anne-hathaway-annonce-deja-son-prochain-film\/","name":"Alors que \u00ab\u00a0Prada 2\u00a0\u00bb vient juste de sortir, Anne Hathaway annonce d\u00e9j\u00e0 son prochain film\u00a0! - We Love Cinema","isPartOf":{"@id":"https:\/\/welovecinema.be\/nl\/#website"},"datePublished":"2026-04-29T10:14:58+00:00","dateModified":"2026-04-29T10:14:58+00:00","breadcrumb":{"@id":"https:\/\/welovecinema.be\/fr\/alors-que-prada-2-vient-juste-de-sortir-anne-hathaway-annonce-deja-son-prochain-film\/#breadcrumb"},"inLanguage":"fr-FR","potentialAction":[{"@type":"ReadAction","target":["https:\/\/welovecinema.be\/fr\/alors-que-prada-2-vient-juste-de-sortir-anne-hathaway-annonce-deja-son-prochain-film\/"]}]},{"@type":"BreadcrumbList","@id":"https:\/\/welovecinema.be\/fr\/alors-que-prada-2-vient-juste-de-sortir-anne-hathaway-annonce-deja-son-prochain-film\/#breadcrumb","itemListElement":[{"@type":"ListItem","position":1,"name":"Accueil","item":"https:\/\/welovecinema.be\/fr\/"},{"@type":"ListItem","position":2,"name":"Alors que \u00ab\u00a0Prada 2\u00a0\u00bb vient juste de sortir, Anne Hathaway annonce d\u00e9j\u00e0 son prochain film\u00a0!"}]},{"@type":"WebSite","@id":"https:\/\/welovecinema.be\/nl\/#website","url":"https:\/\/welovecinema.be\/nl\/","name":"We Love Cinema","description":"Toute l\u2019information du cin\u00e9ma en Belgique","publisher":{"@id":"https:\/\/welovecinema.be\/nl\/#organization"},"potentialAction":[{"@type":"SearchAction","target":{"@type":"EntryPoint","urlTemplate":"https:\/\/welovecinema.be\/nl\/?s={search_term_string}"},"query-input":"required name=search_term_string"}],"inLanguage":"fr-FR"},{"@type":"Organization","@id":"https:\/\/welovecinema.be\/nl\/#organization","name":"We Love Cinema","url":"https:\/\/welovecinema.be\/nl\/","logo":{"@type":"ImageObject","inLanguage":"fr-FR","@id":"https:\/\/welovecinema.be\/nl\/#\/schema\/logo\/image\/","url":"https:\/\/welovecinema.be\/wp-content\/uploads\/sites\/2\/2023\/03\/Logo-We-Love-Cinema305x128.jpg","contentUrl":"https:\/\/welovecinema.be\/wp-content\/uploads\/sites\/2\/2023\/03\/Logo-We-Love-Cinema305x128.jpg","width":305,"height":128,"caption":"We Love Cinema"},"image":{"@id":"https:\/\/welovecinema.be\/nl\/#\/schema\/logo\/image\/"},"sameAs":["https:\/\/www.facebook.com\/welovecinema.be","https:\/\/www.youtube.com\/channel\/UCX5LYGVhnKvYauW4Nta4HJA","https:\/\/www.instagram.com\/welovecinema.be\/"]},{"@type":"Person","@id":"https:\/\/welovecinema.be\/nl\/#\/schema\/person\/7620619142b6dd3c9aa19e9210ad5bd5","name":"fred","url":"https:\/\/welovecinema.be\/fr\/author\/fred\/"}]}},"_links":{"self":[{"href":"https:\/\/welovecinema.be\/fr\/wp-json\/wp\/v2\/posts\/271094","targetHints":{"allow":["GET"]}}],"collection":[{"href":"https:\/\/welovecinema.be\/fr\/wp-json\/wp\/v2\/posts"}],"about":[{"href":"https:\/\/welovecinema.be\/fr\/wp-json\/wp\/v2\/types\/post"}],"author":[{"embeddable":true,"href":"https:\/\/welovecinema.be\/fr\/wp-json\/wp\/v2\/users\/358"}],"replies":[{"embeddable":true,"href":"https:\/\/welovecinema.be\/fr\/wp-json\/wp\/v2\/comments?post=271094"}],"version-history":[{"count":1,"href":"https:\/\/welovecinema.be\/fr\/wp-json\/wp\/v2\/posts\/271094\/revisions"}],"predecessor-version":[{"id":271095,"href":"https:\/\/welovecinema.be\/fr\/wp-json\/wp\/v2\/posts\/271094\/revisions\/271095"}],"wp:featuredmedia":[{"embeddable":true,"href":"https:\/\/welovecinema.be\/fr\/wp-json\/wp\/v2\/media\/271063"}],"wp:attachment":[{"href":"https:\/\/welovecinema.be\/fr\/wp-json\/wp\/v2\/media?parent=271094"}],"wp:term":[{"taxonomy":"category","embeddable":true,"href":"https:\/\/welovecinema.be\/fr\/wp-json\/wp\/v2\/categories?post=271094"},{"taxonomy":"post_tag","embeddable":true,"href":"https:\/\/welovecinema.be\/fr\/wp-json\/wp\/v2\/tags?post=271094"}],"curies":[{"name":"wp","href":"https:\/\/api.w.org\/{rel}","templated":true}]}}