{"id":271059,"date":"2026-04-28T16:47:39","date_gmt":"2026-04-28T14:47:39","guid":{"rendered":"https:\/\/welovecinema.be\/?p=271059"},"modified":"2026-04-28T16:47:39","modified_gmt":"2026-04-28T14:47:39","slug":"il-y-aura-une-suite-pour-le-film-consacre-a-michael-jackson","status":"publish","type":"post","link":"https:\/\/welovecinema.be\/fr\/il-y-aura-une-suite-pour-le-film-consacre-a-michael-jackson\/","title":{"rendered":"Il y aura une suite pour le film consacr\u00e9 \u00e0 Michael Jackson\u00a0!"},"content":{"rendered":"<p style=\"font-weight: 400\"><strong>Le biopic\u00a0<em>Michael<\/em> a non seulement pulv\u00e9ris\u00e9 les records au box-office, mais il a aussi ouvert la porte \u00e0 une extension inattendue de l&rsquo;histoire du Roi de la Pop. Alors que le premier film s&rsquo;arr\u00eate en 1988, \u00e0 l&rsquo;apog\u00e9e de la tourn\u00e9e\u00a0<em>Bad<\/em>, une suite est d\u00e9j\u00e0 confirm\u00e9e par le studio Lionsgate.<\/strong><\/p>\n<p style=\"font-weight: 400\">Le pr\u00e9sident de Lionsgate, Adam Fogelson, a en effet confirm\u00e9 qu&rsquo;un second volet \u00e9tait officiellement en d\u00e9veloppement. Le succ\u00e8s commercial colossal du premier film a transform\u00e9 ce qui devait \u00eatre un projet unique en une v\u00e9ritable\u00a0franchise cin\u00e9matographique. \u00ab\u00a0<em>En parlant moins en tant qu\u2019employ\u00e9 de Lionsgate et davantage comme quelqu\u2019un qui a pass\u00e9 beaucoup de temps dans l\u2019industrie du cin\u00e9ma, j\u2019ai toujours \u00e9t\u00e9 enthousiaste \u00e0 l\u2019id\u00e9e qu\u2019on puisse raconter l\u2019histoire de Michael de fa\u00e7on plus compl\u00e8te et plus satisfaisante si on n\u2019\u00e9tait pas limit\u00e9 \u00e0 un seul film.\u00a0\u00bb, a-t-il expliqu\u00e9.<\/em><\/p>\n<p style=\"font-weight: 400\">Le projet initial devait en fait couvrir l&rsquo;int\u00e9gralit\u00e9 de la vie de Michael Jackson. Cependant, des complications juridiques et des d\u00e9saccords sur la mani\u00e8re de traiter les sujets sensibles ont men\u00e9 \u00e0 une d\u00e9cision strat\u00e9gique majeure durant la production. En fait, 15 millions de dollars de reshoots ont \u00e9t\u00e9 n\u00e9cessaires pour supprimer le troisi\u00e8me acte original du film, qui abordait les ann\u00e9es 90 et 2000, les producteurs pr\u00e9f\u00e9rant se concentrer sur \u00ab <em>l&rsquo;ascension du Roi<\/em> \u00bb (Partie 1), laissant les ann\u00e9es plus controvers\u00e9es pour un second film. Bilan: une grande partie des sc\u00e8nes de la p\u00e9riode post-1988 aurait d\u00e9j\u00e0 \u00e9t\u00e9 film\u00e9e ou pr\u00e9par\u00e9e, ce qui pourrait acc\u00e9l\u00e9rer la production de la suite.<\/p>\n<p style=\"font-weight: 400\">Si le premier film c\u00e9l\u00e9brait l&rsquo;ic\u00f4ne mondiale, la suite s&rsquo;annonce nettement plus complexe et sombre. Elle devrait couvrir l&rsquo;\u00e8re <em>Dangerous<\/em> et <em>HIStory <\/em>o\u00f9 la domination mondiale continue mais sous une pression m\u00e9diatique croissante. Le film devrait aussi aborder de front les all\u00e9gations de 1993 et le proc\u00e8s de 2005 en m\u00eame temps que les derni\u00e8res ann\u00e9es de la star, jusqu&rsquo;aux pr\u00e9paratifs de la tourn\u00e9e\u00a0<em>This Is It<\/em>\u00a0en 2009.<\/p>\n<p style=\"font-weight: 400\">Jaafar Jackson reprendra son r\u00f4le pour incarner un Michael plus \u00e2g\u00e9, Antoine Fuqua a exprim\u00e9 son d\u00e9sir de revenir derri\u00e8re la cam\u00e9ra, d\u00e9clarant que \u00ab <em>cela le tuerait si quelqu&rsquo;un d&rsquo;autre le faisait<\/em> \u00bb, et Graham King, le producteur (d\u00e9j\u00e0 derri\u00e8re\u00a0<em>Bohemian Rhapsody<\/em>) continuera de superviser le projet pour en faire l&rsquo;\u00e9v\u00e9nement cin\u00e9ma de la fin de la d\u00e9cennie.<\/p>\n","protected":false},"excerpt":{"rendered":"<p>Le biopic\u00a0Michael a non seulement pulv\u00e9ris\u00e9 les records au box-office, mais il a aussi ouvert la porte \u00e0 une extension inattendue de l&rsquo;histoire du Roi de la Pop. Alors que le premier film s&rsquo;arr\u00eate en 1988, \u00e0 l&rsquo;apog\u00e9e de la tourn\u00e9e\u00a0Bad, une suite est d\u00e9j\u00e0 confirm\u00e9e par le studio Lionsgate. Le pr\u00e9sident de Lionsgate, Adam &hellip;<\/p>\n","protected":false},"author":358,"featured_media":271057,"comment_status":"closed","ping_status":"closed","sticky":false,"template":"","format":"standard","meta":{"ngg_post_thumbnail":0,"footnotes":""},"categories":[7135,7],"tags":[],"class_list":["post-271059","post","type-post","status-publish","format-standard","has-post-thumbnail","","category-we-love-worldwide","category-actualites"],"yoast_head":"<!-- This site is optimized with the Yoast SEO plugin v20.4 - https:\/\/yoast.com\/wordpress\/plugins\/seo\/ -->\n<title>Il y aura une suite pour le film consacr\u00e9 \u00e0 Michael Jackson\u00a0! - We Love Cinema<\/title>\n<meta name=\"robots\" content=\"index, follow, max-snippet:-1, max-image-preview:large, max-video-preview:-1\" \/>\n<link rel=\"canonical\" href=\"https:\/\/welovecinema.be\/fr\/il-y-aura-une-suite-pour-le-film-consacre-a-michael-jackson\/\" \/>\n<meta property=\"og:locale\" content=\"fr_FR\" \/>\n<meta property=\"og:type\" content=\"article\" \/>\n<meta property=\"og:title\" content=\"Il y aura une suite pour le film consacr\u00e9 \u00e0 Michael Jackson\u00a0! - We Love Cinema\" \/>\n<meta property=\"og:description\" content=\"Le biopic\u00a0Michael a non seulement pulv\u00e9ris\u00e9 les records au box-office, mais il a aussi ouvert la porte \u00e0 une extension inattendue de l&rsquo;histoire du Roi de la Pop. Alors que le premier film s&rsquo;arr\u00eate en 1988, \u00e0 l&rsquo;apog\u00e9e de la tourn\u00e9e\u00a0Bad, une suite est d\u00e9j\u00e0 confirm\u00e9e par le studio Lionsgate. Le pr\u00e9sident de Lionsgate, Adam &hellip;\" \/>\n<meta property=\"og:url\" content=\"https:\/\/welovecinema.be\/fr\/il-y-aura-une-suite-pour-le-film-consacre-a-michael-jackson\/\" \/>\n<meta property=\"og:site_name\" content=\"We Love Cinema\" \/>\n<meta property=\"article:publisher\" content=\"https:\/\/www.facebook.com\/welovecinema.be\" \/>\n<meta property=\"article:published_time\" content=\"2026-04-28T14:47:39+00:00\" \/>\n<meta property=\"og:image\" content=\"https:\/\/welovecinema.be\/wp-content\/uploads\/sites\/2\/2026\/04\/jackson-scaled.jpg\" \/>\n\t<meta property=\"og:image:width\" content=\"2560\" \/>\n\t<meta property=\"og:image:height\" content=\"1440\" \/>\n\t<meta property=\"og:image:type\" content=\"image\/jpeg\" \/>\n<meta name=\"author\" content=\"fred\" \/>\n<meta name=\"twitter:card\" content=\"summary_large_image\" \/>\n<meta name=\"twitter:label1\" content=\"\u00c9crit par\" \/>\n\t<meta name=\"twitter:data1\" content=\"fred\" \/>\n\t<meta name=\"twitter:label2\" content=\"Dur\u00e9e de lecture estim\u00e9e\" \/>\n\t<meta name=\"twitter:data2\" content=\"2 minutes\" \/>\n<script type=\"application\/ld+json\" class=\"yoast-schema-graph\">{\"@context\":\"https:\/\/schema.org\",\"@graph\":[{\"@type\":\"Article\",\"@id\":\"https:\/\/welovecinema.be\/fr\/il-y-aura-une-suite-pour-le-film-consacre-a-michael-jackson\/#article\",\"isPartOf\":{\"@id\":\"https:\/\/welovecinema.be\/fr\/il-y-aura-une-suite-pour-le-film-consacre-a-michael-jackson\/\"},\"author\":{\"name\":\"fred\",\"@id\":\"https:\/\/welovecinema.be\/nl\/#\/schema\/person\/7620619142b6dd3c9aa19e9210ad5bd5\"},\"headline\":\"Il y aura une suite pour le film consacr\u00e9 \u00e0 Michael Jackson\u00a0!\",\"datePublished\":\"2026-04-28T14:47:39+00:00\",\"dateModified\":\"2026-04-28T14:47:39+00:00\",\"mainEntityOfPage\":{\"@id\":\"https:\/\/welovecinema.be\/fr\/il-y-aura-une-suite-pour-le-film-consacre-a-michael-jackson\/\"},\"wordCount\":453,\"publisher\":{\"@id\":\"https:\/\/welovecinema.be\/nl\/#organization\"},\"articleSection\":[\"\u00a0We Love Worldwide Cinema\",\"News\"],\"inLanguage\":\"fr-FR\"},{\"@type\":\"WebPage\",\"@id\":\"https:\/\/welovecinema.be\/fr\/il-y-aura-une-suite-pour-le-film-consacre-a-michael-jackson\/\",\"url\":\"https:\/\/welovecinema.be\/fr\/il-y-aura-une-suite-pour-le-film-consacre-a-michael-jackson\/\",\"name\":\"Il y aura une suite pour le film consacr\u00e9 \u00e0 Michael Jackson\u00a0! - We Love Cinema\",\"isPartOf\":{\"@id\":\"https:\/\/welovecinema.be\/nl\/#website\"},\"datePublished\":\"2026-04-28T14:47:39+00:00\",\"dateModified\":\"2026-04-28T14:47:39+00:00\",\"breadcrumb\":{\"@id\":\"https:\/\/welovecinema.be\/fr\/il-y-aura-une-suite-pour-le-film-consacre-a-michael-jackson\/#breadcrumb\"},\"inLanguage\":\"fr-FR\",\"potentialAction\":[{\"@type\":\"ReadAction\",\"target\":[\"https:\/\/welovecinema.be\/fr\/il-y-aura-une-suite-pour-le-film-consacre-a-michael-jackson\/\"]}]},{\"@type\":\"BreadcrumbList\",\"@id\":\"https:\/\/welovecinema.be\/fr\/il-y-aura-une-suite-pour-le-film-consacre-a-michael-jackson\/#breadcrumb\",\"itemListElement\":[{\"@type\":\"ListItem\",\"position\":1,\"name\":\"Accueil\",\"item\":\"https:\/\/welovecinema.be\/fr\/\"},{\"@type\":\"ListItem\",\"position\":2,\"name\":\"Il y aura une suite pour le film consacr\u00e9 \u00e0 Michael Jackson\u00a0!\"}]},{\"@type\":\"WebSite\",\"@id\":\"https:\/\/welovecinema.be\/nl\/#website\",\"url\":\"https:\/\/welovecinema.be\/nl\/\",\"name\":\"We Love Cinema\",\"description\":\"Toute l\u2019information du cin\u00e9ma en Belgique\",\"publisher\":{\"@id\":\"https:\/\/welovecinema.be\/nl\/#organization\"},\"potentialAction\":[{\"@type\":\"SearchAction\",\"target\":{\"@type\":\"EntryPoint\",\"urlTemplate\":\"https:\/\/welovecinema.be\/nl\/?s={search_term_string}\"},\"query-input\":\"required name=search_term_string\"}],\"inLanguage\":\"fr-FR\"},{\"@type\":\"Organization\",\"@id\":\"https:\/\/welovecinema.be\/nl\/#organization\",\"name\":\"We Love Cinema\",\"url\":\"https:\/\/welovecinema.be\/nl\/\",\"logo\":{\"@type\":\"ImageObject\",\"inLanguage\":\"fr-FR\",\"@id\":\"https:\/\/welovecinema.be\/nl\/#\/schema\/logo\/image\/\",\"url\":\"https:\/\/welovecinema.be\/wp-content\/uploads\/sites\/2\/2023\/03\/Logo-We-Love-Cinema305x128.jpg\",\"contentUrl\":\"https:\/\/welovecinema.be\/wp-content\/uploads\/sites\/2\/2023\/03\/Logo-We-Love-Cinema305x128.jpg\",\"width\":305,\"height\":128,\"caption\":\"We Love Cinema\"},\"image\":{\"@id\":\"https:\/\/welovecinema.be\/nl\/#\/schema\/logo\/image\/\"},\"sameAs\":[\"https:\/\/www.facebook.com\/welovecinema.be\",\"https:\/\/www.youtube.com\/channel\/UCX5LYGVhnKvYauW4Nta4HJA\",\"https:\/\/www.instagram.com\/welovecinema.be\/\"]},{\"@type\":\"Person\",\"@id\":\"https:\/\/welovecinema.be\/nl\/#\/schema\/person\/7620619142b6dd3c9aa19e9210ad5bd5\",\"name\":\"fred\",\"url\":\"https:\/\/welovecinema.be\/fr\/author\/fred\/\"}]}<\/script>\n<!-- \/ Yoast SEO plugin. -->","yoast_head_json":{"title":"Il y aura une suite pour le film consacr\u00e9 \u00e0 Michael Jackson\u00a0! - We Love Cinema","robots":{"index":"index","follow":"follow","max-snippet":"max-snippet:-1","max-image-preview":"max-image-preview:large","max-video-preview":"max-video-preview:-1"},"canonical":"https:\/\/welovecinema.be\/fr\/il-y-aura-une-suite-pour-le-film-consacre-a-michael-jackson\/","og_locale":"fr_FR","og_type":"article","og_title":"Il y aura une suite pour le film consacr\u00e9 \u00e0 Michael Jackson\u00a0! - We Love Cinema","og_description":"Le biopic\u00a0Michael a non seulement pulv\u00e9ris\u00e9 les records au box-office, mais il a aussi ouvert la porte \u00e0 une extension inattendue de l&rsquo;histoire du Roi de la Pop. Alors que le premier film s&rsquo;arr\u00eate en 1988, \u00e0 l&rsquo;apog\u00e9e de la tourn\u00e9e\u00a0Bad, une suite est d\u00e9j\u00e0 confirm\u00e9e par le studio Lionsgate. Le pr\u00e9sident de Lionsgate, Adam &hellip;","og_url":"https:\/\/welovecinema.be\/fr\/il-y-aura-une-suite-pour-le-film-consacre-a-michael-jackson\/","og_site_name":"We Love Cinema","article_publisher":"https:\/\/www.facebook.com\/welovecinema.be","article_published_time":"2026-04-28T14:47:39+00:00","og_image":[{"width":2560,"height":1440,"url":"https:\/\/welovecinema.be\/wp-content\/uploads\/sites\/2\/2026\/04\/jackson-scaled.jpg","type":"image\/jpeg"}],"author":"fred","twitter_card":"summary_large_image","twitter_misc":{"\u00c9crit par":"fred","Dur\u00e9e de lecture estim\u00e9e":"2 minutes"},"schema":{"@context":"https:\/\/schema.org","@graph":[{"@type":"Article","@id":"https:\/\/welovecinema.be\/fr\/il-y-aura-une-suite-pour-le-film-consacre-a-michael-jackson\/#article","isPartOf":{"@id":"https:\/\/welovecinema.be\/fr\/il-y-aura-une-suite-pour-le-film-consacre-a-michael-jackson\/"},"author":{"name":"fred","@id":"https:\/\/welovecinema.be\/nl\/#\/schema\/person\/7620619142b6dd3c9aa19e9210ad5bd5"},"headline":"Il y aura une suite pour le film consacr\u00e9 \u00e0 Michael Jackson\u00a0!","datePublished":"2026-04-28T14:47:39+00:00","dateModified":"2026-04-28T14:47:39+00:00","mainEntityOfPage":{"@id":"https:\/\/welovecinema.be\/fr\/il-y-aura-une-suite-pour-le-film-consacre-a-michael-jackson\/"},"wordCount":453,"publisher":{"@id":"https:\/\/welovecinema.be\/nl\/#organization"},"articleSection":["\u00a0We Love Worldwide Cinema","News"],"inLanguage":"fr-FR"},{"@type":"WebPage","@id":"https:\/\/welovecinema.be\/fr\/il-y-aura-une-suite-pour-le-film-consacre-a-michael-jackson\/","url":"https:\/\/welovecinema.be\/fr\/il-y-aura-une-suite-pour-le-film-consacre-a-michael-jackson\/","name":"Il y aura une suite pour le film consacr\u00e9 \u00e0 Michael Jackson\u00a0! - We Love Cinema","isPartOf":{"@id":"https:\/\/welovecinema.be\/nl\/#website"},"datePublished":"2026-04-28T14:47:39+00:00","dateModified":"2026-04-28T14:47:39+00:00","breadcrumb":{"@id":"https:\/\/welovecinema.be\/fr\/il-y-aura-une-suite-pour-le-film-consacre-a-michael-jackson\/#breadcrumb"},"inLanguage":"fr-FR","potentialAction":[{"@type":"ReadAction","target":["https:\/\/welovecinema.be\/fr\/il-y-aura-une-suite-pour-le-film-consacre-a-michael-jackson\/"]}]},{"@type":"BreadcrumbList","@id":"https:\/\/welovecinema.be\/fr\/il-y-aura-une-suite-pour-le-film-consacre-a-michael-jackson\/#breadcrumb","itemListElement":[{"@type":"ListItem","position":1,"name":"Accueil","item":"https:\/\/welovecinema.be\/fr\/"},{"@type":"ListItem","position":2,"name":"Il y aura une suite pour le film consacr\u00e9 \u00e0 Michael Jackson\u00a0!"}]},{"@type":"WebSite","@id":"https:\/\/welovecinema.be\/nl\/#website","url":"https:\/\/welovecinema.be\/nl\/","name":"We Love Cinema","description":"Toute l\u2019information du cin\u00e9ma en Belgique","publisher":{"@id":"https:\/\/welovecinema.be\/nl\/#organization"},"potentialAction":[{"@type":"SearchAction","target":{"@type":"EntryPoint","urlTemplate":"https:\/\/welovecinema.be\/nl\/?s={search_term_string}"},"query-input":"required name=search_term_string"}],"inLanguage":"fr-FR"},{"@type":"Organization","@id":"https:\/\/welovecinema.be\/nl\/#organization","name":"We Love Cinema","url":"https:\/\/welovecinema.be\/nl\/","logo":{"@type":"ImageObject","inLanguage":"fr-FR","@id":"https:\/\/welovecinema.be\/nl\/#\/schema\/logo\/image\/","url":"https:\/\/welovecinema.be\/wp-content\/uploads\/sites\/2\/2023\/03\/Logo-We-Love-Cinema305x128.jpg","contentUrl":"https:\/\/welovecinema.be\/wp-content\/uploads\/sites\/2\/2023\/03\/Logo-We-Love-Cinema305x128.jpg","width":305,"height":128,"caption":"We Love Cinema"},"image":{"@id":"https:\/\/welovecinema.be\/nl\/#\/schema\/logo\/image\/"},"sameAs":["https:\/\/www.facebook.com\/welovecinema.be","https:\/\/www.youtube.com\/channel\/UCX5LYGVhnKvYauW4Nta4HJA","https:\/\/www.instagram.com\/welovecinema.be\/"]},{"@type":"Person","@id":"https:\/\/welovecinema.be\/nl\/#\/schema\/person\/7620619142b6dd3c9aa19e9210ad5bd5","name":"fred","url":"https:\/\/welovecinema.be\/fr\/author\/fred\/"}]}},"_links":{"self":[{"href":"https:\/\/welovecinema.be\/fr\/wp-json\/wp\/v2\/posts\/271059","targetHints":{"allow":["GET"]}}],"collection":[{"href":"https:\/\/welovecinema.be\/fr\/wp-json\/wp\/v2\/posts"}],"about":[{"href":"https:\/\/welovecinema.be\/fr\/wp-json\/wp\/v2\/types\/post"}],"author":[{"embeddable":true,"href":"https:\/\/welovecinema.be\/fr\/wp-json\/wp\/v2\/users\/358"}],"replies":[{"embeddable":true,"href":"https:\/\/welovecinema.be\/fr\/wp-json\/wp\/v2\/comments?post=271059"}],"version-history":[{"count":1,"href":"https:\/\/welovecinema.be\/fr\/wp-json\/wp\/v2\/posts\/271059\/revisions"}],"predecessor-version":[{"id":271060,"href":"https:\/\/welovecinema.be\/fr\/wp-json\/wp\/v2\/posts\/271059\/revisions\/271060"}],"wp:featuredmedia":[{"embeddable":true,"href":"https:\/\/welovecinema.be\/fr\/wp-json\/wp\/v2\/media\/271057"}],"wp:attachment":[{"href":"https:\/\/welovecinema.be\/fr\/wp-json\/wp\/v2\/media?parent=271059"}],"wp:term":[{"taxonomy":"category","embeddable":true,"href":"https:\/\/welovecinema.be\/fr\/wp-json\/wp\/v2\/categories?post=271059"},{"taxonomy":"post_tag","embeddable":true,"href":"https:\/\/welovecinema.be\/fr\/wp-json\/wp\/v2\/tags?post=271059"}],"curies":[{"name":"wp","href":"https:\/\/api.w.org\/{rel}","templated":true}]}}