{"id":270799,"date":"2026-04-03T12:49:25","date_gmt":"2026-04-03T10:49:25","guid":{"rendered":"https:\/\/welovecinema.be\/?p=270799"},"modified":"2026-04-03T12:49:25","modified_gmt":"2026-04-03T10:49:25","slug":"mona-berard-et-shirel-nataf-les-filles-du-ciel-de-berangere-mcneese","status":"publish","type":"post","link":"https:\/\/welovecinema.be\/fr\/mona-berard-et-shirel-nataf-les-filles-du-ciel-de-berangere-mcneese\/","title":{"rendered":"Mona B\u00e9rard et Shirel Nataf: \u00ab\u00a0Les Filles du Ciel\u00a0\u00bb de B\u00e9rang\u00e8re McNeese"},"content":{"rendered":"<p><strong>Rencontre avec Mona B\u00e9rard et Shirel Nataf \u00e0 propos du premier long m\u00e9trage de B\u00e9rang\u00e8re McNeese, <em>Les Filles du Ciel<\/em>, qui sort le 8 avril prochain en Belgique. <\/strong><\/p>\n","protected":false},"excerpt":{"rendered":"<p>Rencontre avec Mona B\u00e9rard et Shirel Nataf \u00e0 propos du premier long m\u00e9trage de B\u00e9rang\u00e8re McNeese, Les Filles du Ciel, qui sort le 8 avril prochain en Belgique.<\/p>\n","protected":false},"author":343,"featured_media":270800,"comment_status":"closed","ping_status":"closed","sticky":false,"template":"","format":"standard","meta":{"ngg_post_thumbnail":0,"footnotes":""},"categories":[7134,10,1926,53,12,1978],"tags":[],"class_list":["post-270799","post","type-post","status-publish","format-standard","has-post-thumbnail","","category-we-love-belgian-cinema","category-a-l-affiche","category-a-la-une","category-coming-soon","category-awards","category-interviews"],"yoast_head":"<!-- This site is optimized with the Yoast SEO plugin v20.4 - https:\/\/yoast.com\/wordpress\/plugins\/seo\/ -->\n<title>Mona B\u00e9rard et Shirel Nataf: &quot;Les Filles du Ciel&quot; de B\u00e9rang\u00e8re McNeese - We Love Cinema<\/title>\n<meta name=\"robots\" content=\"index, follow, max-snippet:-1, max-image-preview:large, max-video-preview:-1\" \/>\n<link rel=\"canonical\" href=\"https:\/\/welovecinema.be\/fr\/mona-berard-et-shirel-nataf-les-filles-du-ciel-de-berangere-mcneese\/\" \/>\n<meta property=\"og:locale\" content=\"fr_FR\" \/>\n<meta property=\"og:type\" content=\"article\" \/>\n<meta property=\"og:title\" content=\"Mona B\u00e9rard et Shirel Nataf: &quot;Les Filles du Ciel&quot; de B\u00e9rang\u00e8re McNeese - We Love Cinema\" \/>\n<meta property=\"og:description\" content=\"Rencontre avec Mona B\u00e9rard et Shirel Nataf \u00e0 propos du premier long m\u00e9trage de B\u00e9rang\u00e8re McNeese, Les Filles du Ciel, qui sort le 8 avril prochain en Belgique.\" \/>\n<meta property=\"og:url\" content=\"https:\/\/welovecinema.be\/fr\/mona-berard-et-shirel-nataf-les-filles-du-ciel-de-berangere-mcneese\/\" \/>\n<meta property=\"og:site_name\" content=\"We Love Cinema\" \/>\n<meta property=\"article:publisher\" content=\"https:\/\/www.facebook.com\/welovecinema.be\" \/>\n<meta property=\"article:published_time\" content=\"2026-04-03T10:49:25+00:00\" \/>\n<meta property=\"og:image\" content=\"https:\/\/welovecinema.be\/wp-content\/uploads\/sites\/2\/2026\/04\/MonaShirel.jpg\" \/>\n\t<meta property=\"og:image:width\" content=\"1200\" \/>\n\t<meta property=\"og:image:height\" content=\"600\" \/>\n\t<meta property=\"og:image:type\" content=\"image\/jpeg\" \/>\n<meta name=\"author\" content=\"Aurore Engelen\" \/>\n<meta name=\"twitter:card\" content=\"summary_large_image\" \/>\n<meta name=\"twitter:label1\" content=\"\u00c9crit par\" \/>\n\t<meta name=\"twitter:data1\" content=\"Aurore Engelen\" \/>\n\t<meta name=\"twitter:label2\" content=\"Dur\u00e9e de lecture estim\u00e9e\" \/>\n\t<meta name=\"twitter:data2\" content=\"1 minute\" \/>\n<script type=\"application\/ld+json\" class=\"yoast-schema-graph\">{\"@context\":\"https:\/\/schema.org\",\"@graph\":[{\"@type\":\"Article\",\"@id\":\"https:\/\/welovecinema.be\/fr\/mona-berard-et-shirel-nataf-les-filles-du-ciel-de-berangere-mcneese\/#article\",\"isPartOf\":{\"@id\":\"https:\/\/welovecinema.be\/fr\/mona-berard-et-shirel-nataf-les-filles-du-ciel-de-berangere-mcneese\/\"},\"author\":{\"name\":\"Aurore Engelen\",\"@id\":\"https:\/\/welovecinema.be\/nl\/#\/schema\/person\/8084b68c6b176142d073695c654dc7cf\"},\"headline\":\"Mona B\u00e9rard et Shirel Nataf: \u00ab\u00a0Les Filles du Ciel\u00a0\u00bb de B\u00e9rang\u00e8re McNeese\",\"datePublished\":\"2026-04-03T10:49:25+00:00\",\"dateModified\":\"2026-04-03T10:49:25+00:00\",\"mainEntityOfPage\":{\"@id\":\"https:\/\/welovecinema.be\/fr\/mona-berard-et-shirel-nataf-les-filles-du-ciel-de-berangere-mcneese\/\"},\"wordCount\":45,\"publisher\":{\"@id\":\"https:\/\/welovecinema.be\/nl\/#organization\"},\"articleSection\":[\"\u00a0We Love Belgian Cinema\",\"A l'affiche\",\"A la une\",\"Coming soon\",\"Evenements\",\"Rencontres\"],\"inLanguage\":\"fr-FR\"},{\"@type\":\"WebPage\",\"@id\":\"https:\/\/welovecinema.be\/fr\/mona-berard-et-shirel-nataf-les-filles-du-ciel-de-berangere-mcneese\/\",\"url\":\"https:\/\/welovecinema.be\/fr\/mona-berard-et-shirel-nataf-les-filles-du-ciel-de-berangere-mcneese\/\",\"name\":\"Mona B\u00e9rard et Shirel Nataf: \\\"Les Filles du Ciel\\\" de B\u00e9rang\u00e8re McNeese - We Love Cinema\",\"isPartOf\":{\"@id\":\"https:\/\/welovecinema.be\/nl\/#website\"},\"datePublished\":\"2026-04-03T10:49:25+00:00\",\"dateModified\":\"2026-04-03T10:49:25+00:00\",\"breadcrumb\":{\"@id\":\"https:\/\/welovecinema.be\/fr\/mona-berard-et-shirel-nataf-les-filles-du-ciel-de-berangere-mcneese\/#breadcrumb\"},\"inLanguage\":\"fr-FR\",\"potentialAction\":[{\"@type\":\"ReadAction\",\"target\":[\"https:\/\/welovecinema.be\/fr\/mona-berard-et-shirel-nataf-les-filles-du-ciel-de-berangere-mcneese\/\"]}]},{\"@type\":\"BreadcrumbList\",\"@id\":\"https:\/\/welovecinema.be\/fr\/mona-berard-et-shirel-nataf-les-filles-du-ciel-de-berangere-mcneese\/#breadcrumb\",\"itemListElement\":[{\"@type\":\"ListItem\",\"position\":1,\"name\":\"Accueil\",\"item\":\"https:\/\/welovecinema.be\/fr\/\"},{\"@type\":\"ListItem\",\"position\":2,\"name\":\"Mona B\u00e9rard et Shirel Nataf: \u00ab\u00a0Les Filles du Ciel\u00a0\u00bb de B\u00e9rang\u00e8re McNeese\"}]},{\"@type\":\"WebSite\",\"@id\":\"https:\/\/welovecinema.be\/nl\/#website\",\"url\":\"https:\/\/welovecinema.be\/nl\/\",\"name\":\"We Love Cinema\",\"description\":\"Toute l\u2019information du cin\u00e9ma en Belgique\",\"publisher\":{\"@id\":\"https:\/\/welovecinema.be\/nl\/#organization\"},\"potentialAction\":[{\"@type\":\"SearchAction\",\"target\":{\"@type\":\"EntryPoint\",\"urlTemplate\":\"https:\/\/welovecinema.be\/nl\/?s={search_term_string}\"},\"query-input\":\"required name=search_term_string\"}],\"inLanguage\":\"fr-FR\"},{\"@type\":\"Organization\",\"@id\":\"https:\/\/welovecinema.be\/nl\/#organization\",\"name\":\"We Love Cinema\",\"url\":\"https:\/\/welovecinema.be\/nl\/\",\"logo\":{\"@type\":\"ImageObject\",\"inLanguage\":\"fr-FR\",\"@id\":\"https:\/\/welovecinema.be\/nl\/#\/schema\/logo\/image\/\",\"url\":\"https:\/\/welovecinema.be\/wp-content\/uploads\/sites\/2\/2023\/03\/Logo-We-Love-Cinema305x128.jpg\",\"contentUrl\":\"https:\/\/welovecinema.be\/wp-content\/uploads\/sites\/2\/2023\/03\/Logo-We-Love-Cinema305x128.jpg\",\"width\":305,\"height\":128,\"caption\":\"We Love Cinema\"},\"image\":{\"@id\":\"https:\/\/welovecinema.be\/nl\/#\/schema\/logo\/image\/\"},\"sameAs\":[\"https:\/\/www.facebook.com\/welovecinema.be\",\"https:\/\/www.youtube.com\/channel\/UCX5LYGVhnKvYauW4Nta4HJA\",\"https:\/\/www.instagram.com\/welovecinema.be\/\"]},{\"@type\":\"Person\",\"@id\":\"https:\/\/welovecinema.be\/nl\/#\/schema\/person\/8084b68c6b176142d073695c654dc7cf\",\"name\":\"Aurore Engelen\",\"url\":\"https:\/\/welovecinema.be\/fr\/author\/aurore-engelen\/\"}]}<\/script>\n<!-- \/ Yoast SEO plugin. -->","yoast_head_json":{"title":"Mona B\u00e9rard et Shirel Nataf: \"Les Filles du Ciel\" de B\u00e9rang\u00e8re McNeese - We Love Cinema","robots":{"index":"index","follow":"follow","max-snippet":"max-snippet:-1","max-image-preview":"max-image-preview:large","max-video-preview":"max-video-preview:-1"},"canonical":"https:\/\/welovecinema.be\/fr\/mona-berard-et-shirel-nataf-les-filles-du-ciel-de-berangere-mcneese\/","og_locale":"fr_FR","og_type":"article","og_title":"Mona B\u00e9rard et Shirel Nataf: \"Les Filles du Ciel\" de B\u00e9rang\u00e8re McNeese - We Love Cinema","og_description":"Rencontre avec Mona B\u00e9rard et Shirel Nataf \u00e0 propos du premier long m\u00e9trage de B\u00e9rang\u00e8re McNeese, Les Filles du Ciel, qui sort le 8 avril prochain en Belgique.","og_url":"https:\/\/welovecinema.be\/fr\/mona-berard-et-shirel-nataf-les-filles-du-ciel-de-berangere-mcneese\/","og_site_name":"We Love Cinema","article_publisher":"https:\/\/www.facebook.com\/welovecinema.be","article_published_time":"2026-04-03T10:49:25+00:00","og_image":[{"width":1200,"height":600,"url":"https:\/\/welovecinema.be\/wp-content\/uploads\/sites\/2\/2026\/04\/MonaShirel.jpg","type":"image\/jpeg"}],"author":"Aurore Engelen","twitter_card":"summary_large_image","twitter_misc":{"\u00c9crit par":"Aurore Engelen","Dur\u00e9e de lecture estim\u00e9e":"1 minute"},"schema":{"@context":"https:\/\/schema.org","@graph":[{"@type":"Article","@id":"https:\/\/welovecinema.be\/fr\/mona-berard-et-shirel-nataf-les-filles-du-ciel-de-berangere-mcneese\/#article","isPartOf":{"@id":"https:\/\/welovecinema.be\/fr\/mona-berard-et-shirel-nataf-les-filles-du-ciel-de-berangere-mcneese\/"},"author":{"name":"Aurore Engelen","@id":"https:\/\/welovecinema.be\/nl\/#\/schema\/person\/8084b68c6b176142d073695c654dc7cf"},"headline":"Mona B\u00e9rard et Shirel Nataf: \u00ab\u00a0Les Filles du Ciel\u00a0\u00bb de B\u00e9rang\u00e8re McNeese","datePublished":"2026-04-03T10:49:25+00:00","dateModified":"2026-04-03T10:49:25+00:00","mainEntityOfPage":{"@id":"https:\/\/welovecinema.be\/fr\/mona-berard-et-shirel-nataf-les-filles-du-ciel-de-berangere-mcneese\/"},"wordCount":45,"publisher":{"@id":"https:\/\/welovecinema.be\/nl\/#organization"},"articleSection":["\u00a0We Love Belgian Cinema","A l'affiche","A la une","Coming soon","Evenements","Rencontres"],"inLanguage":"fr-FR"},{"@type":"WebPage","@id":"https:\/\/welovecinema.be\/fr\/mona-berard-et-shirel-nataf-les-filles-du-ciel-de-berangere-mcneese\/","url":"https:\/\/welovecinema.be\/fr\/mona-berard-et-shirel-nataf-les-filles-du-ciel-de-berangere-mcneese\/","name":"Mona B\u00e9rard et Shirel Nataf: \"Les Filles du Ciel\" de B\u00e9rang\u00e8re McNeese - We Love Cinema","isPartOf":{"@id":"https:\/\/welovecinema.be\/nl\/#website"},"datePublished":"2026-04-03T10:49:25+00:00","dateModified":"2026-04-03T10:49:25+00:00","breadcrumb":{"@id":"https:\/\/welovecinema.be\/fr\/mona-berard-et-shirel-nataf-les-filles-du-ciel-de-berangere-mcneese\/#breadcrumb"},"inLanguage":"fr-FR","potentialAction":[{"@type":"ReadAction","target":["https:\/\/welovecinema.be\/fr\/mona-berard-et-shirel-nataf-les-filles-du-ciel-de-berangere-mcneese\/"]}]},{"@type":"BreadcrumbList","@id":"https:\/\/welovecinema.be\/fr\/mona-berard-et-shirel-nataf-les-filles-du-ciel-de-berangere-mcneese\/#breadcrumb","itemListElement":[{"@type":"ListItem","position":1,"name":"Accueil","item":"https:\/\/welovecinema.be\/fr\/"},{"@type":"ListItem","position":2,"name":"Mona B\u00e9rard et Shirel Nataf: \u00ab\u00a0Les Filles du Ciel\u00a0\u00bb de B\u00e9rang\u00e8re McNeese"}]},{"@type":"WebSite","@id":"https:\/\/welovecinema.be\/nl\/#website","url":"https:\/\/welovecinema.be\/nl\/","name":"We Love Cinema","description":"Toute l\u2019information du cin\u00e9ma en Belgique","publisher":{"@id":"https:\/\/welovecinema.be\/nl\/#organization"},"potentialAction":[{"@type":"SearchAction","target":{"@type":"EntryPoint","urlTemplate":"https:\/\/welovecinema.be\/nl\/?s={search_term_string}"},"query-input":"required name=search_term_string"}],"inLanguage":"fr-FR"},{"@type":"Organization","@id":"https:\/\/welovecinema.be\/nl\/#organization","name":"We Love Cinema","url":"https:\/\/welovecinema.be\/nl\/","logo":{"@type":"ImageObject","inLanguage":"fr-FR","@id":"https:\/\/welovecinema.be\/nl\/#\/schema\/logo\/image\/","url":"https:\/\/welovecinema.be\/wp-content\/uploads\/sites\/2\/2023\/03\/Logo-We-Love-Cinema305x128.jpg","contentUrl":"https:\/\/welovecinema.be\/wp-content\/uploads\/sites\/2\/2023\/03\/Logo-We-Love-Cinema305x128.jpg","width":305,"height":128,"caption":"We Love Cinema"},"image":{"@id":"https:\/\/welovecinema.be\/nl\/#\/schema\/logo\/image\/"},"sameAs":["https:\/\/www.facebook.com\/welovecinema.be","https:\/\/www.youtube.com\/channel\/UCX5LYGVhnKvYauW4Nta4HJA","https:\/\/www.instagram.com\/welovecinema.be\/"]},{"@type":"Person","@id":"https:\/\/welovecinema.be\/nl\/#\/schema\/person\/8084b68c6b176142d073695c654dc7cf","name":"Aurore Engelen","url":"https:\/\/welovecinema.be\/fr\/author\/aurore-engelen\/"}]}},"_links":{"self":[{"href":"https:\/\/welovecinema.be\/fr\/wp-json\/wp\/v2\/posts\/270799","targetHints":{"allow":["GET"]}}],"collection":[{"href":"https:\/\/welovecinema.be\/fr\/wp-json\/wp\/v2\/posts"}],"about":[{"href":"https:\/\/welovecinema.be\/fr\/wp-json\/wp\/v2\/types\/post"}],"author":[{"embeddable":true,"href":"https:\/\/welovecinema.be\/fr\/wp-json\/wp\/v2\/users\/343"}],"replies":[{"embeddable":true,"href":"https:\/\/welovecinema.be\/fr\/wp-json\/wp\/v2\/comments?post=270799"}],"version-history":[{"count":1,"href":"https:\/\/welovecinema.be\/fr\/wp-json\/wp\/v2\/posts\/270799\/revisions"}],"predecessor-version":[{"id":270802,"href":"https:\/\/welovecinema.be\/fr\/wp-json\/wp\/v2\/posts\/270799\/revisions\/270802"}],"wp:featuredmedia":[{"embeddable":true,"href":"https:\/\/welovecinema.be\/fr\/wp-json\/wp\/v2\/media\/270800"}],"wp:attachment":[{"href":"https:\/\/welovecinema.be\/fr\/wp-json\/wp\/v2\/media?parent=270799"}],"wp:term":[{"taxonomy":"category","embeddable":true,"href":"https:\/\/welovecinema.be\/fr\/wp-json\/wp\/v2\/categories?post=270799"},{"taxonomy":"post_tag","embeddable":true,"href":"https:\/\/welovecinema.be\/fr\/wp-json\/wp\/v2\/tags?post=270799"}],"curies":[{"name":"wp","href":"https:\/\/api.w.org\/{rel}","templated":true}]}}