{"id":270500,"date":"2026-03-09T16:09:11","date_gmt":"2026-03-09T15:09:11","guid":{"rendered":"https:\/\/welovecinema.be\/?p=270500"},"modified":"2026-03-09T16:09:11","modified_gmt":"2026-03-09T15:09:11","slug":"tarantino-reviendrait-avec-une-piece-de-theatre","status":"publish","type":"post","link":"https:\/\/welovecinema.be\/fr\/tarantino-reviendrait-avec-une-piece-de-theatre\/","title":{"rendered":"Tarantino reviendrait avec\u2026 une pi\u00e8ce de th\u00e9\u00e2tre\u00a0!"},"content":{"rendered":"<p style=\"font-weight: 400\"><strong>Quentin Tarantino et le th\u00e9\u00e2tre, c&rsquo;est une histoire d&rsquo;amour qui dure depuis longtemps, mais qui prend un tournant d\u00e9cisif en ce moment m\u00eame. On a longtemps dit que son cin\u00e9ma \u00e9tait \u00ab tr\u00e8s th\u00e9\u00e2tral \u00bb (longs monologues, huis clos, unit\u00e9s de lieu). Aujourd&rsquo;hui, le r\u00e9alisateur franchit officiellement le pas.<\/strong><\/p>\n<p style=\"font-weight: 400\">Alors qu&rsquo;il a abandonn\u00e9, du moins pour le moment, son projet de film\u00a0<em>The Movie Critic<\/em>, Tarantino a confirm\u00e9 qu&rsquo;il se consacrait d\u00e9sormais enti\u00e8rement \u00e0 l&rsquo;\u00e9criture et \u00e0 la mise en sc\u00e8ne d&rsquo;une\u00a0pi\u00e8ce de th\u00e9\u00e2tre originale. Il s&rsquo;agirait d&rsquo;une\u00a0farce britannique\u00a0dans la pure tradition des\u00a0<em>Noises Off<\/em>\u00a0(un genre de com\u00e9die de situation virevoltante et chaotique). C&rsquo;est un virage surprenant pour celui qu&rsquo;on attendait sur du crime ou du western. Le projet devrait voir le jour dans le\u00a0West End de Londres. Tarantino a d&rsquo;ailleurs exprim\u00e9 son intention de s&rsquo;installer dans la capitale britannique avec sa famille pour superviser les r\u00e9p\u00e9titions. Le travail de production a commenc\u00e9 en\u00a0janvier 2026. Les premi\u00e8res repr\u00e9sentations sont esp\u00e9r\u00e9es pour la fin d&rsquo;ann\u00e9e 2026 ou le d\u00e9but de l&rsquo;ann\u00e9e 2027.<\/p>\n<p style=\"font-weight: 400\">Tarantino a toujours maintenu qu&rsquo;il prendrait sa retraite cin\u00e9matographique apr\u00e8s son dixi\u00e8me long-m\u00e9trage. Fait in\u00e9dit: il a sugg\u00e9r\u00e9 que si sa pi\u00e8ce de th\u00e9\u00e2tre \u00e9tait un immense succ\u00e8s, il pourrait l&rsquo;adapter lui-m\u00eame au cin\u00e9ma pour en faire son\u00a0ultime film. \u00ab <em>Si c&rsquo;est un fiasco, j&rsquo;en aurai fini rapidement. Mais si c&rsquo;est un succ\u00e8s, alors je pourrais peut-\u00eatre en faire un film<\/em>\u00a0\u00bb, a-t-il r\u00e9cemment confirm\u00e9 au podcast<em> The Church of Tarantino.<\/em><\/p>\n<p style=\"font-weight: 400\">Le lien entre Tarantino et la sc\u00e8ne ne date pas d&rsquo;hier. Plusieurs de ses \u0153uvres majeures sont d\u00e9j\u00e0 per\u00e7ues comme des pi\u00e8ces de th\u00e9\u00e2tre film\u00e9es. On pense par exemple \u00e0 <em>Reservoir Dogs<\/em>, souvent adapt\u00e9 de mani\u00e8re non officielle par des troupes de th\u00e9\u00e2tre \u00e0 travers le monde, c&rsquo;est un huis clos quasi parfait. On songera aussi \u00e0 <em>The Hateful Eight <\/em>(<em>Les Huit Salopards<\/em>), puisque le film a commenc\u00e9 par une lecture publique sur sc\u00e8ne \u00e0 Los Angeles en 2014. Tarantino a d&rsquo;ailleurs confi\u00e9 \u00e0 plusieurs reprises vouloir en faire une v\u00e9ritable adaptation sc\u00e9nique officielle.<\/p>\n<p style=\"font-weight: 400\">Bref, le projet avance \u00e0 grands pas . Et question Casting, Tarantino cherche activement des\u00a0\u00ab\u00a0<em>stars de premier plan de Hollywood<\/em>\u00a0\u00bb, mais avec une nuance importante. Ses collaborateurs habituels (Brad Pitt, Leonardo DiCaprio) n&rsquo;ayant pas d&rsquo;exp\u00e9rience th\u00e9\u00e2trale, il se murmure qu&rsquo;il se tournerait vers des acteurs capables de prouesses physiques. Le nom d&rsquo;Austin Butler\u00a0circule avec insistance (le cin\u00e9aste l&rsquo;a r\u00e9cemment encens\u00e9 publiquement). Car\u00a0bien qu&rsquo;il s&rsquo;agisse d&rsquo;une \u00ab\u00a0farce\u00a0\u00bb, Tarantino reste Tarantino. Une rumeur tenace \u00e9voque une sc\u00e8ne o\u00f9 un acteur ferait une\u00a0entr\u00e9e suspendu \u00e0 un c\u00e2ble, confirmant le c\u00f4t\u00e9 burlesque et acrobatique de l&rsquo;\u0153uvre.<\/p>\n<p style=\"font-weight: 400\">Il prospecte actuellement des salles de tailles vari\u00e9es \u00e0 Londres pour trouver l&rsquo;\u00e9crin parfait pour cette production pr\u00e9vue pour\u00a0fin 2026 ou d\u00e9but 2027.<\/p>\n","protected":false},"excerpt":{"rendered":"<p>Quentin Tarantino et le th\u00e9\u00e2tre, c&rsquo;est une histoire d&rsquo;amour qui dure depuis longtemps, mais qui prend un tournant d\u00e9cisif en ce moment m\u00eame. On a longtemps dit que son cin\u00e9ma \u00e9tait \u00ab tr\u00e8s th\u00e9\u00e2tral \u00bb (longs monologues, huis clos, unit\u00e9s de lieu). Aujourd&rsquo;hui, le r\u00e9alisateur franchit officiellement le pas. Alors qu&rsquo;il a abandonn\u00e9, du moins &hellip;<\/p>\n","protected":false},"author":358,"featured_media":270495,"comment_status":"closed","ping_status":"closed","sticky":false,"template":"","format":"standard","meta":{"ngg_post_thumbnail":0,"footnotes":""},"categories":[7135,7],"tags":[],"class_list":["post-270500","post","type-post","status-publish","format-standard","has-post-thumbnail","","category-we-love-worldwide","category-actualites"],"yoast_head":"<!-- This site is optimized with the Yoast SEO plugin v20.4 - https:\/\/yoast.com\/wordpress\/plugins\/seo\/ -->\n<title>Tarantino reviendrait avec\u2026 une pi\u00e8ce de th\u00e9\u00e2tre\u00a0! - We Love Cinema<\/title>\n<meta name=\"robots\" content=\"index, follow, max-snippet:-1, max-image-preview:large, max-video-preview:-1\" \/>\n<link rel=\"canonical\" href=\"https:\/\/welovecinema.be\/fr\/tarantino-reviendrait-avec-une-piece-de-theatre\/\" \/>\n<meta property=\"og:locale\" content=\"fr_FR\" \/>\n<meta property=\"og:type\" content=\"article\" \/>\n<meta property=\"og:title\" content=\"Tarantino reviendrait avec\u2026 une pi\u00e8ce de th\u00e9\u00e2tre\u00a0! - We Love Cinema\" \/>\n<meta property=\"og:description\" content=\"Quentin Tarantino et le th\u00e9\u00e2tre, c&rsquo;est une histoire d&rsquo;amour qui dure depuis longtemps, mais qui prend un tournant d\u00e9cisif en ce moment m\u00eame. On a longtemps dit que son cin\u00e9ma \u00e9tait \u00ab tr\u00e8s th\u00e9\u00e2tral \u00bb (longs monologues, huis clos, unit\u00e9s de lieu). Aujourd&rsquo;hui, le r\u00e9alisateur franchit officiellement le pas. Alors qu&rsquo;il a abandonn\u00e9, du moins &hellip;\" \/>\n<meta property=\"og:url\" content=\"https:\/\/welovecinema.be\/fr\/tarantino-reviendrait-avec-une-piece-de-theatre\/\" \/>\n<meta property=\"og:site_name\" content=\"We Love Cinema\" \/>\n<meta property=\"article:publisher\" content=\"https:\/\/www.facebook.com\/welovecinema.be\" \/>\n<meta property=\"article:published_time\" content=\"2026-03-09T15:09:11+00:00\" \/>\n<meta property=\"og:image\" content=\"https:\/\/welovecinema.be\/wp-content\/uploads\/sites\/2\/2026\/03\/tarantino.webp\" \/>\n\t<meta property=\"og:image:width\" content=\"1200\" \/>\n\t<meta property=\"og:image:height\" content=\"630\" \/>\n\t<meta property=\"og:image:type\" content=\"image\/webp\" \/>\n<meta name=\"author\" content=\"fred\" \/>\n<meta name=\"twitter:card\" content=\"summary_large_image\" \/>\n<meta name=\"twitter:label1\" content=\"\u00c9crit par\" \/>\n\t<meta name=\"twitter:data1\" content=\"fred\" \/>\n\t<meta name=\"twitter:label2\" content=\"Dur\u00e9e de lecture estim\u00e9e\" \/>\n\t<meta name=\"twitter:data2\" content=\"3 minutes\" \/>\n<script type=\"application\/ld+json\" class=\"yoast-schema-graph\">{\"@context\":\"https:\/\/schema.org\",\"@graph\":[{\"@type\":\"Article\",\"@id\":\"https:\/\/welovecinema.be\/fr\/tarantino-reviendrait-avec-une-piece-de-theatre\/#article\",\"isPartOf\":{\"@id\":\"https:\/\/welovecinema.be\/fr\/tarantino-reviendrait-avec-une-piece-de-theatre\/\"},\"author\":{\"name\":\"fred\",\"@id\":\"https:\/\/welovecinema.be\/nl\/#\/schema\/person\/7620619142b6dd3c9aa19e9210ad5bd5\"},\"headline\":\"Tarantino reviendrait avec\u2026 une pi\u00e8ce de th\u00e9\u00e2tre\u00a0!\",\"datePublished\":\"2026-03-09T15:09:11+00:00\",\"dateModified\":\"2026-03-09T15:09:11+00:00\",\"mainEntityOfPage\":{\"@id\":\"https:\/\/welovecinema.be\/fr\/tarantino-reviendrait-avec-une-piece-de-theatre\/\"},\"wordCount\":543,\"publisher\":{\"@id\":\"https:\/\/welovecinema.be\/nl\/#organization\"},\"articleSection\":[\"\u00a0We Love Worldwide Cinema\",\"News\"],\"inLanguage\":\"fr-FR\"},{\"@type\":\"WebPage\",\"@id\":\"https:\/\/welovecinema.be\/fr\/tarantino-reviendrait-avec-une-piece-de-theatre\/\",\"url\":\"https:\/\/welovecinema.be\/fr\/tarantino-reviendrait-avec-une-piece-de-theatre\/\",\"name\":\"Tarantino reviendrait avec\u2026 une pi\u00e8ce de th\u00e9\u00e2tre\u00a0! - We Love Cinema\",\"isPartOf\":{\"@id\":\"https:\/\/welovecinema.be\/nl\/#website\"},\"datePublished\":\"2026-03-09T15:09:11+00:00\",\"dateModified\":\"2026-03-09T15:09:11+00:00\",\"breadcrumb\":{\"@id\":\"https:\/\/welovecinema.be\/fr\/tarantino-reviendrait-avec-une-piece-de-theatre\/#breadcrumb\"},\"inLanguage\":\"fr-FR\",\"potentialAction\":[{\"@type\":\"ReadAction\",\"target\":[\"https:\/\/welovecinema.be\/fr\/tarantino-reviendrait-avec-une-piece-de-theatre\/\"]}]},{\"@type\":\"BreadcrumbList\",\"@id\":\"https:\/\/welovecinema.be\/fr\/tarantino-reviendrait-avec-une-piece-de-theatre\/#breadcrumb\",\"itemListElement\":[{\"@type\":\"ListItem\",\"position\":1,\"name\":\"Accueil\",\"item\":\"https:\/\/welovecinema.be\/fr\/\"},{\"@type\":\"ListItem\",\"position\":2,\"name\":\"Tarantino reviendrait avec\u2026 une pi\u00e8ce de th\u00e9\u00e2tre\u00a0!\"}]},{\"@type\":\"WebSite\",\"@id\":\"https:\/\/welovecinema.be\/nl\/#website\",\"url\":\"https:\/\/welovecinema.be\/nl\/\",\"name\":\"We Love Cinema\",\"description\":\"Toute l\u2019information du cin\u00e9ma en Belgique\",\"publisher\":{\"@id\":\"https:\/\/welovecinema.be\/nl\/#organization\"},\"potentialAction\":[{\"@type\":\"SearchAction\",\"target\":{\"@type\":\"EntryPoint\",\"urlTemplate\":\"https:\/\/welovecinema.be\/nl\/?s={search_term_string}\"},\"query-input\":\"required name=search_term_string\"}],\"inLanguage\":\"fr-FR\"},{\"@type\":\"Organization\",\"@id\":\"https:\/\/welovecinema.be\/nl\/#organization\",\"name\":\"We Love Cinema\",\"url\":\"https:\/\/welovecinema.be\/nl\/\",\"logo\":{\"@type\":\"ImageObject\",\"inLanguage\":\"fr-FR\",\"@id\":\"https:\/\/welovecinema.be\/nl\/#\/schema\/logo\/image\/\",\"url\":\"https:\/\/welovecinema.be\/wp-content\/uploads\/sites\/2\/2023\/03\/Logo-We-Love-Cinema305x128.jpg\",\"contentUrl\":\"https:\/\/welovecinema.be\/wp-content\/uploads\/sites\/2\/2023\/03\/Logo-We-Love-Cinema305x128.jpg\",\"width\":305,\"height\":128,\"caption\":\"We Love Cinema\"},\"image\":{\"@id\":\"https:\/\/welovecinema.be\/nl\/#\/schema\/logo\/image\/\"},\"sameAs\":[\"https:\/\/www.facebook.com\/welovecinema.be\",\"https:\/\/www.youtube.com\/channel\/UCX5LYGVhnKvYauW4Nta4HJA\",\"https:\/\/www.instagram.com\/welovecinema.be\/\"]},{\"@type\":\"Person\",\"@id\":\"https:\/\/welovecinema.be\/nl\/#\/schema\/person\/7620619142b6dd3c9aa19e9210ad5bd5\",\"name\":\"fred\",\"url\":\"https:\/\/welovecinema.be\/fr\/author\/fred\/\"}]}<\/script>\n<!-- \/ Yoast SEO plugin. -->","yoast_head_json":{"title":"Tarantino reviendrait avec\u2026 une pi\u00e8ce de th\u00e9\u00e2tre\u00a0! - We Love Cinema","robots":{"index":"index","follow":"follow","max-snippet":"max-snippet:-1","max-image-preview":"max-image-preview:large","max-video-preview":"max-video-preview:-1"},"canonical":"https:\/\/welovecinema.be\/fr\/tarantino-reviendrait-avec-une-piece-de-theatre\/","og_locale":"fr_FR","og_type":"article","og_title":"Tarantino reviendrait avec\u2026 une pi\u00e8ce de th\u00e9\u00e2tre\u00a0! - We Love Cinema","og_description":"Quentin Tarantino et le th\u00e9\u00e2tre, c&rsquo;est une histoire d&rsquo;amour qui dure depuis longtemps, mais qui prend un tournant d\u00e9cisif en ce moment m\u00eame. On a longtemps dit que son cin\u00e9ma \u00e9tait \u00ab tr\u00e8s th\u00e9\u00e2tral \u00bb (longs monologues, huis clos, unit\u00e9s de lieu). Aujourd&rsquo;hui, le r\u00e9alisateur franchit officiellement le pas. Alors qu&rsquo;il a abandonn\u00e9, du moins &hellip;","og_url":"https:\/\/welovecinema.be\/fr\/tarantino-reviendrait-avec-une-piece-de-theatre\/","og_site_name":"We Love Cinema","article_publisher":"https:\/\/www.facebook.com\/welovecinema.be","article_published_time":"2026-03-09T15:09:11+00:00","og_image":[{"width":1200,"height":630,"url":"https:\/\/welovecinema.be\/wp-content\/uploads\/sites\/2\/2026\/03\/tarantino.webp","type":"image\/webp"}],"author":"fred","twitter_card":"summary_large_image","twitter_misc":{"\u00c9crit par":"fred","Dur\u00e9e de lecture estim\u00e9e":"3 minutes"},"schema":{"@context":"https:\/\/schema.org","@graph":[{"@type":"Article","@id":"https:\/\/welovecinema.be\/fr\/tarantino-reviendrait-avec-une-piece-de-theatre\/#article","isPartOf":{"@id":"https:\/\/welovecinema.be\/fr\/tarantino-reviendrait-avec-une-piece-de-theatre\/"},"author":{"name":"fred","@id":"https:\/\/welovecinema.be\/nl\/#\/schema\/person\/7620619142b6dd3c9aa19e9210ad5bd5"},"headline":"Tarantino reviendrait avec\u2026 une pi\u00e8ce de th\u00e9\u00e2tre\u00a0!","datePublished":"2026-03-09T15:09:11+00:00","dateModified":"2026-03-09T15:09:11+00:00","mainEntityOfPage":{"@id":"https:\/\/welovecinema.be\/fr\/tarantino-reviendrait-avec-une-piece-de-theatre\/"},"wordCount":543,"publisher":{"@id":"https:\/\/welovecinema.be\/nl\/#organization"},"articleSection":["\u00a0We Love Worldwide Cinema","News"],"inLanguage":"fr-FR"},{"@type":"WebPage","@id":"https:\/\/welovecinema.be\/fr\/tarantino-reviendrait-avec-une-piece-de-theatre\/","url":"https:\/\/welovecinema.be\/fr\/tarantino-reviendrait-avec-une-piece-de-theatre\/","name":"Tarantino reviendrait avec\u2026 une pi\u00e8ce de th\u00e9\u00e2tre\u00a0! - We Love Cinema","isPartOf":{"@id":"https:\/\/welovecinema.be\/nl\/#website"},"datePublished":"2026-03-09T15:09:11+00:00","dateModified":"2026-03-09T15:09:11+00:00","breadcrumb":{"@id":"https:\/\/welovecinema.be\/fr\/tarantino-reviendrait-avec-une-piece-de-theatre\/#breadcrumb"},"inLanguage":"fr-FR","potentialAction":[{"@type":"ReadAction","target":["https:\/\/welovecinema.be\/fr\/tarantino-reviendrait-avec-une-piece-de-theatre\/"]}]},{"@type":"BreadcrumbList","@id":"https:\/\/welovecinema.be\/fr\/tarantino-reviendrait-avec-une-piece-de-theatre\/#breadcrumb","itemListElement":[{"@type":"ListItem","position":1,"name":"Accueil","item":"https:\/\/welovecinema.be\/fr\/"},{"@type":"ListItem","position":2,"name":"Tarantino reviendrait avec\u2026 une pi\u00e8ce de th\u00e9\u00e2tre\u00a0!"}]},{"@type":"WebSite","@id":"https:\/\/welovecinema.be\/nl\/#website","url":"https:\/\/welovecinema.be\/nl\/","name":"We Love Cinema","description":"Toute l\u2019information du cin\u00e9ma en Belgique","publisher":{"@id":"https:\/\/welovecinema.be\/nl\/#organization"},"potentialAction":[{"@type":"SearchAction","target":{"@type":"EntryPoint","urlTemplate":"https:\/\/welovecinema.be\/nl\/?s={search_term_string}"},"query-input":"required name=search_term_string"}],"inLanguage":"fr-FR"},{"@type":"Organization","@id":"https:\/\/welovecinema.be\/nl\/#organization","name":"We Love Cinema","url":"https:\/\/welovecinema.be\/nl\/","logo":{"@type":"ImageObject","inLanguage":"fr-FR","@id":"https:\/\/welovecinema.be\/nl\/#\/schema\/logo\/image\/","url":"https:\/\/welovecinema.be\/wp-content\/uploads\/sites\/2\/2023\/03\/Logo-We-Love-Cinema305x128.jpg","contentUrl":"https:\/\/welovecinema.be\/wp-content\/uploads\/sites\/2\/2023\/03\/Logo-We-Love-Cinema305x128.jpg","width":305,"height":128,"caption":"We Love Cinema"},"image":{"@id":"https:\/\/welovecinema.be\/nl\/#\/schema\/logo\/image\/"},"sameAs":["https:\/\/www.facebook.com\/welovecinema.be","https:\/\/www.youtube.com\/channel\/UCX5LYGVhnKvYauW4Nta4HJA","https:\/\/www.instagram.com\/welovecinema.be\/"]},{"@type":"Person","@id":"https:\/\/welovecinema.be\/nl\/#\/schema\/person\/7620619142b6dd3c9aa19e9210ad5bd5","name":"fred","url":"https:\/\/welovecinema.be\/fr\/author\/fred\/"}]}},"_links":{"self":[{"href":"https:\/\/welovecinema.be\/fr\/wp-json\/wp\/v2\/posts\/270500","targetHints":{"allow":["GET"]}}],"collection":[{"href":"https:\/\/welovecinema.be\/fr\/wp-json\/wp\/v2\/posts"}],"about":[{"href":"https:\/\/welovecinema.be\/fr\/wp-json\/wp\/v2\/types\/post"}],"author":[{"embeddable":true,"href":"https:\/\/welovecinema.be\/fr\/wp-json\/wp\/v2\/users\/358"}],"replies":[{"embeddable":true,"href":"https:\/\/welovecinema.be\/fr\/wp-json\/wp\/v2\/comments?post=270500"}],"version-history":[{"count":1,"href":"https:\/\/welovecinema.be\/fr\/wp-json\/wp\/v2\/posts\/270500\/revisions"}],"predecessor-version":[{"id":270501,"href":"https:\/\/welovecinema.be\/fr\/wp-json\/wp\/v2\/posts\/270500\/revisions\/270501"}],"wp:featuredmedia":[{"embeddable":true,"href":"https:\/\/welovecinema.be\/fr\/wp-json\/wp\/v2\/media\/270495"}],"wp:attachment":[{"href":"https:\/\/welovecinema.be\/fr\/wp-json\/wp\/v2\/media?parent=270500"}],"wp:term":[{"taxonomy":"category","embeddable":true,"href":"https:\/\/welovecinema.be\/fr\/wp-json\/wp\/v2\/categories?post=270500"},{"taxonomy":"post_tag","embeddable":true,"href":"https:\/\/welovecinema.be\/fr\/wp-json\/wp\/v2\/tags?post=270500"}],"curies":[{"name":"wp","href":"https:\/\/api.w.org\/{rel}","templated":true}]}}