{"id":270475,"date":"2026-03-08T00:08:10","date_gmt":"2026-03-07T23:08:10","guid":{"rendered":"https:\/\/welovecinema.be\/?p=270475"},"modified":"2026-03-09T12:49:28","modified_gmt":"2026-03-09T11:49:28","slug":"on-vous-croit-grand-vainqueur-des-rene-du-cinema-2026","status":"publish","type":"post","link":"https:\/\/welovecinema.be\/fr\/on-vous-croit-grand-vainqueur-des-rene-du-cinema-2026\/","title":{"rendered":"\u00ab\u00a0On vous croit\u00a0\u00bb, grand vainqueur des Ren\u00e9 du Cin\u00e9ma 2026!"},"content":{"rendered":"<p class=\"p1\"><strong>Avec 8 prix dont deux attribu\u00e9s par le Public, <i>On vous croit <\/i>de Charlotte Devillers et Arnaud Dufeys est le grand gagnant de cette 15e C\u00e9r\u00e9monie des pris du cin\u00e9ma belge! Myriem Akheddiou s\u2019est vu deux fois r\u00e9compens\u00e9 par les professionnels de l\u2019Acad\u00e9mie Andr\u00e9 Delvaux ainsi que par le public, de m\u00eame que le film. Autre film qui ressort au palmar\u00e8s, <i>Reflet dans un diamant mort du psych\u00e9d\u00e9lique<\/i> duo form\u00e9 par Cattet &amp; Forzani, qui remporte trois prix pour sa direction artistique \u00e9bouriffante (Image, d\u00e9cors et costumes) et vaut le Ren\u00e9 du Meilleur acteur au tr\u00e8s classe Yannick Renier, h\u00e9ros tourment\u00e9 de ce m\u00e9ta film d\u2019espionnage.<\/strong><\/p>\n<p class=\"p1\">Salu\u00e9 dans le monde entier depuis sa projection \u00e0 la Berlinale en f\u00e9vrier 2025, <i>On vous croit<\/i> conclut donc son parcours triomphal en son pays en d\u00e9crochant les Ren\u00e9 du Meilleur film, de la Meilleure r\u00e9alisation, et du Meilleur sc\u00e9nario original ou adaptation. Pr\u00e9sent\u00e9 dans la section Perspectives \u00e0 Berlin, il a ensuite encha\u00een\u00e9 les festivals jusqu\u2019au Festival de Namur d\u2019o\u00f9 il est reparti avec le Bayard d\u2019Or, ainsi que le Bayard d\u2019interpr\u00e9tation pour Myriem Akheddiou. Il faut dire que la com\u00e9dienne y livre une performance proprement stup\u00e9fiante. On notera d\u2019ailleurs que les professionnels, repr\u00e9sent\u00e9s par les membres de l\u2019Acad\u00e9mie Andr\u00e9 Delvaux, et le public sont unanimes. Ce dernier a doublement r\u00e9compens\u00e9 <i>On vous croit<\/i>, laur\u00e9at du tout premier Prix RTBF Auvio du Meilleur film, tandis que Myriem Akheddiou s\u2019est vu remettre le Coup de Coeur du Public, Proximus Think Possible Award. La prestation de Laurent Capelluto a \u00e9galement \u00e9t\u00e9 distingu\u00e9e par les votants. Notons enfin que le film vaut le Ren\u00e9 du Meilleur montage \u00e0 Nicolas Bier.<\/p>\n<p class=\"p1\">Un autre premier film a retenu les faveurs des Ren\u00e9. <i>Kika<\/i>, d\u2019Alexe Poukine, pr\u00e9sent\u00e9 en premi\u00e8re mondiale en mai dernier au Festival de Cannes, et laur\u00e9at notamment du Grand Prix et de Prix d\u2019interpr\u00e9tation f\u00e9minine de la Comp\u00e9tition Nationale du Brussels International Film Festival, a re\u00e7u le prix du Meilleur premier film.<\/p>\n<p class=\"p1\">Un autre film tire son \u00e9pingle du jeu en d\u00e9crochant 4 statuettes. Le tr\u00e8s psych\u00e9d\u00e9lique <i>Reflet dans un diamant mort <\/i>du brillant duo form\u00e9 par H\u00e9l\u00e8ne Cattet et Bruno Forzani vaut<span class=\"Apple-converted-space\">\u00a0 <\/span>au tr\u00e8s pris\u00e9 chef op\u00e9rateur belge Manu Dacosse (il concourrait r\u00e9cemment aux C\u00e9sars pour son travail sur <i>L\u2019Etranger<\/i> de Fran\u00e7ois Ozon, et il signait aussi l\u2019ann\u00e9e derni\u00e8re la lumi\u00e8re de <i>Maldoror<\/i>) son 4e prix (dont trois d\u00e9croch\u00e9s avec les cin\u00e9astes!). Jacky Fauconnier remporte le Ren\u00e9 des Meilleurs costumes, Laurie Colson celui des Meilleurs d\u00e9cors. Enfin, <i>Reflet dans un diamant mort<\/i> permet au rare mais toujours impeccable Yannick Renier de remporter le tr\u00e8s convoit\u00e9 troph\u00e9e du Meilleur acteur pour sa performance inspir\u00e9e de m\u00e9ta-h\u00e9ros de film d\u2019espionnage.<\/p>\n<p class=\"p1\">Pour rester dans l\u2019interpr\u00e9tation, les Ren\u00e9 du Cin\u00e9ma remettaient pour la premi\u00e8re fois cette ann\u00e9e des prix pour les Meilleur\u00b7es acteur et actrice de s\u00e9rie. <i>Pandore<\/i>, la s\u00e9rie cr\u00e9\u00e9e par Anne Cosens, Savina Dellicour et Vania Leturcq s\u2019est vue deux fois pl\u00e9bisciter. Anne Coesens a d\u00e9croch\u00e9 le Ren\u00e9 de la Meilleure actrice dans une s\u00e9rie pour son r\u00f4le de juge qui se bat contre la corruption qui gangr\u00e8ne les milieux politiques et m\u00e9diatiques, mais aussi contre ses propres contradictions. Et Yoann Blanc remporte celui du Meilleur acteur dans un s\u00e9rie pour son r\u00f4le d<span class=\"s1\">\u2019<\/span>homme politique avide de pouvoir qui d\u00e9passe le point de non-retour.<\/p>\n<p class=\"p1\">Les s\u00e9ries \u00e9taient \u00e9galement \u00e0 l\u2019honneur \u00e0 travers le Prix Loterie Nationale de la Meilleure s\u00e9rie, qui est revenu \u00e0 la joyeuse \u00e9quipe de <i>Baraki<\/i>, s\u00e9rie humoristique s\u00e9rieusement d\u00e9jant\u00e9e cr\u00e9\u00e9e par Julien Vargas, Peter Ninane et Fred De Loof.<\/p>\n<p class=\"p1\"><i>Aimer perdre<\/i>, le deuxi\u00e8me long m\u00e9trage explosif et joyeusement insolent des fr\u00e8res Harpo et Lenny Guit, fait un carton plein dans les cat\u00e9gories consacr\u00e9es aux Meilleurs espoirs. C\u00f4t\u00e9 f\u00e9minin, c\u2019est l\u2019impressionnante Maria Cavalier-Bazan qui sort victorieuse, apr\u00e8s avoir d\u00e9j\u00e0 remport\u00e9 le Bayard d\u2019interpr\u00e9tation au Festival de Namur. C\u00f4t\u00e9 masculin, c\u2019est Maxi Delmelle qui se voit primer pour sa prestation hallucin\u00e9e.<\/p>\n<p class=\"p1\">Notons pour finir que c\u2019est la jeune mais d\u00e9j\u00e0 chevronn\u00e9e com\u00e9dienne Salom\u00e9 Dewaels qui s\u2019est vu d\u00e9cerner le Ren\u00e9 de la Meilleure actrice dans un second r\u00f4le pour sa prestation d\u2019une grande subtilit\u00e9 dans le tr\u00e8s beau film de Pauline Loqu\u00e8s, <i>Nino<\/i>, laur\u00e9at r\u00e9cemment du C\u00e9sar du Meilleur premier film.<\/p>\n<p class=\"p1\">L\u2019int\u00e9gralit\u00e9 du palmar\u00e8s est \u00e0 d\u00e9couvrir ci-dessous.<\/p>\n<p class=\"p1\"><b>Le palmar\u00e8s<\/b><\/p>\n<p class=\"p1\">MEILLEUR FILM<\/p>\n<p class=\"p1\"><i>On vous croit <\/i>de Charlotte Devillers et Arnaud Dufeys, produit par Arnaud Ponthi\u00e8re et Arnaud Dufeys (Makintosh Films)<\/p>\n<p class=\"p1\">MEILLEUR PREMIER FILM<\/p>\n<p class=\"p1\"><i>Kika<\/i> d<span class=\"s1\">\u2019<\/span>Alexe Poukine, produit par Beno\u00eet Roland (Wrong Men)<\/p>\n<p class=\"p1\">MEILLEUR FILM FLAMAND<\/p>\n<p class=\"p1\"><i>Julian<\/i> de Cato Kusters, produit par Lukas et Michiel Dhont (The Reunion) et coproduit par Jean-Pierre et Luc Dardenne et Delphine Tomson (Les Films du Fleuve)<\/p>\n<p class=\"p1\">MEILLEUR FILM ETRANGER EN COPRODUCTION<\/p>\n<p class=\"p1\"><i>Flow<\/i> de Gints Zilbalodis, coproduit par Gr\u00e9gory Zalcman (Take Five)<\/p>\n<p class=\"p1\">MEILLEUR DOCUMENTAIRE<\/p>\n<p class=\"p1\"><i>Soundtrack to a Coup d\u2019\u00c9tat <\/i>de Johan Grimonprez, produit par Daan Milius (Onomatopee Films)<\/p>\n<p class=\"p1\">MEILLEURE R\u00c9ALISATION<\/p>\n<p class=\"p1\">Charlotte Devillers et Arnaud Dufeys pour <i>On vous croit<\/i><\/p>\n<p class=\"p1\">MEILLEUR SC\u00c9NARIO ORIGINAL OU ADAPTATION<\/p>\n<p class=\"p1\">Charlotte Devillers et Arnaud Dufeys pour <i>On vous croit<\/i><\/p>\n<p class=\"p1\">MEILLEURE ACTRICE<\/p>\n<p class=\"p1\">Myriem Akheddiou dans <i>On vous croit<\/i><i><\/i><\/p>\n<p class=\"p1\">MEILLEUR ACTEUR<\/p>\n<p class=\"p1\">Yannick Renier dans <i>Reflet dans un diamant mort<\/i><\/p>\n<p class=\"p1\">MEILLEURE ACTRICE DANS UN SECOND R\u00d4LE<\/p>\n<p class=\"p1\">Salom\u00e9 Dewaels dans <i>Nino<\/i><i><\/i><\/p>\n<p class=\"p1\">MEILLEUR ACTEUR DANS UN SECOND R\u00d4LE<\/p>\n<p class=\"p1\">Laurent Capelluto dans <i>On vous croit<\/i><i><\/i><\/p>\n<p class=\"p1\">MEILLEUR ESPOIR F\u00c9MININ<\/p>\n<p class=\"p1\">Maxi Delmelle dans <i>Aimer Perdre <\/i><\/p>\n<p class=\"p1\">MEILLEUR ESPOIR MASCULIN<\/p>\n<p class=\"p1\">Maxi Delmelle dans <i>Aimer Perdre<\/i><i><\/i><\/p>\n<p class=\"p1\">MEILLEURE IMAGE<\/p>\n<p class=\"p1\">Manu Dacosse pour <i>Reflet dans un diamant mort<\/i><i><\/i><\/p>\n<p class=\"p1\">MEILLEUR SON<\/p>\n<p class=\"p1\">Bertrand Boudaud, Philippe Charbonnel et Gurwal Co\u00efc-Gallas pour <i>Flow<\/i><i><\/i><\/p>\n<p class=\"p1\">MEILLEURS D\u00c9CORS<\/p>\n<p class=\"p1\">Laurie Colson pour <i>Reflet dans un diamant mort<\/i><\/p>\n<p class=\"p1\">MEILLEURS COSTUMES<\/p>\n<p class=\"p1\">Jackye Fauconnier pour <i>Reflet dans un diamant mort<\/i><\/p>\n<p class=\"p1\">MEILLEURE MUSIQUE ORIGINALE<\/p>\n<p class=\"p1\">Vincent Cahay pour <i>Maldoror<\/i><i><\/i><\/p>\n<p class=\"p1\">MEILLEUR MONTAGE<\/p>\n<p class=\"p1\">Nicolas Bier pour <i>On vous croit<\/i><\/p>\n<p class=\"p1\">MEILLEUR COURT M\u00c9TRAGE DE FICTION<\/p>\n<p class=\"p1\"><i>La moisson<\/i> d<span class=\"s1\">\u2019<\/span>Alice D<span class=\"s1\">\u2019<\/span>Hauwe, produit par Joseph Rouschop et Eva Curia (Tarantula)<\/p>\n<p class=\"p1\">MEILLEUR COURT M\u00c9TRAGE D<span class=\"s1\">\u2019<\/span>ANIMATION<\/p>\n<p class=\"p1\"><i>Autokar<\/i> de Sylwia Szkiladz, produit par J\u00e9r\u00e9mie Mazurek et Christophe Beaujean (Oz\u00f9 Productions)<\/p>\n<p class=\"p1\">MEILLEUR COURT M\u00c9TRAGE DOCUMENTAIRE<\/p>\n<p class=\"p1\"><i>R\u00e9union de famille<\/i> de Jean Forest, produit par Laurence Buelens (Rayuela Productions)<\/p>\n<p class=\"p1\">MEILLEURE ACTRICE DANS UNE S\u00c9RIE<\/p>\n<p class=\"p1\">Anne Coesens dans <i>Pandore (saison 2) <\/i><i><\/i><\/p>\n<p class=\"p1\">MEILLEUR ACTEUR DANS UNE S\u00c9RIE<\/p>\n<p class=\"p1\">Yoann Blanc dans <i>Pandore (saison 2)<\/i><i><\/i><\/p>\n<p class=\"p1\">MEILLEUR FILM DU PUBLIC &#8211; PRIX RTBF AUVIO<\/p>\n<p class=\"p1\"><i>On vous croit<\/i> de Charlotte Devillers et Arnaud Dufeys, produit par Arnaud Ponthi\u00e8re et Arnaud Dufeys (Makintosh Films)<\/p>\n<p class=\"p1\">MEILLEURE S\u00c9RIE &#8211; PRIX LOTERIE NATIONALE<\/p>\n<p class=\"p1\"><i>Baraki (saison 2)<\/i> r\u00e9alis\u00e9e par Adriana Da Fonseca, Fred De Loof, Govinda Van Mael et Peter Ninane, cr\u00e9\u00e9e par Julien Vargas, Peter Ninane et Fred De Loof, \u00e9crite par Julien Vargas, Peter Ninane, Sylvain Da\u00ef et Pierre Hageman et produite par David Mathy (Koko arrose la culture), Beno\u00eet Roland et Nabil Ben Yadir (10.80 Films)<\/p>\n<p class=\"p1\">COUP DE C\u0152UR DU PUBLIC \u2013 PROXIMUS THINK POSSIBLE AWARD<\/p>\n<p class=\"p1\">Myriem Akheddiou dans le film <i>On vous croit<\/i><i><\/i><\/p>\n<p class=\"p2\">\n","protected":false},"excerpt":{"rendered":"<p>Avec 8 prix dont deux attribu\u00e9s par le Public, On vous croit de Charlotte Devillers et Arnaud Dufeys est le grand gagnant de cette 15e C\u00e9r\u00e9monie des pris du cin\u00e9ma belge! Myriem Akheddiou s\u2019est vu deux fois r\u00e9compens\u00e9 par les professionnels de l\u2019Acad\u00e9mie Andr\u00e9 Delvaux ainsi que par le public, de m\u00eame que le film. &hellip;<\/p>\n","protected":false},"author":343,"featured_media":270479,"comment_status":"closed","ping_status":"closed","sticky":false,"template":"","format":"standard","meta":{"ngg_post_thumbnail":0,"footnotes":""},"categories":[7134,1926,12],"tags":[],"class_list":["post-270475","post","type-post","status-publish","format-standard","has-post-thumbnail","","category-we-love-belgian-cinema","category-a-la-une","category-awards"],"yoast_head":"<!-- This site is optimized with the Yoast SEO plugin v20.4 - https:\/\/yoast.com\/wordpress\/plugins\/seo\/ -->\n<title>\u00ab\u00a0On vous croit\u00a0\u00bb, grand vainqueur des Ren\u00e9 du Cin\u00e9ma 2026! - We Love Cinema<\/title>\n<meta name=\"robots\" content=\"index, follow, max-snippet:-1, max-image-preview:large, max-video-preview:-1\" \/>\n<link rel=\"canonical\" href=\"https:\/\/welovecinema.be\/fr\/on-vous-croit-grand-vainqueur-des-rene-du-cinema-2026\/\" \/>\n<meta property=\"og:locale\" content=\"fr_FR\" \/>\n<meta property=\"og:type\" content=\"article\" \/>\n<meta property=\"og:title\" content=\"\u00ab\u00a0On vous croit\u00a0\u00bb, grand vainqueur des Ren\u00e9 du Cin\u00e9ma 2026! - We Love Cinema\" \/>\n<meta property=\"og:description\" content=\"Avec 8 prix dont deux attribu\u00e9s par le Public, On vous croit de Charlotte Devillers et Arnaud Dufeys est le grand gagnant de cette 15e C\u00e9r\u00e9monie des pris du cin\u00e9ma belge! Myriem Akheddiou s\u2019est vu deux fois r\u00e9compens\u00e9 par les professionnels de l\u2019Acad\u00e9mie Andr\u00e9 Delvaux ainsi que par le public, de m\u00eame que le film. &hellip;\" \/>\n<meta property=\"og:url\" content=\"https:\/\/welovecinema.be\/fr\/on-vous-croit-grand-vainqueur-des-rene-du-cinema-2026\/\" \/>\n<meta property=\"og:site_name\" content=\"We Love Cinema\" \/>\n<meta property=\"article:publisher\" content=\"https:\/\/www.facebook.com\/welovecinema.be\" \/>\n<meta property=\"article:published_time\" content=\"2026-03-07T23:08:10+00:00\" \/>\n<meta property=\"article:modified_time\" content=\"2026-03-09T11:49:28+00:00\" \/>\n<meta property=\"og:image\" content=\"https:\/\/welovecinema.be\/wp-content\/uploads\/sites\/2\/2026\/03\/A7503641.jpg\" \/>\n\t<meta property=\"og:image:width\" content=\"1616\" \/>\n\t<meta property=\"og:image:height\" content=\"1080\" \/>\n\t<meta property=\"og:image:type\" content=\"image\/jpeg\" \/>\n<meta name=\"author\" content=\"Aurore Engelen\" \/>\n<meta name=\"twitter:card\" content=\"summary_large_image\" \/>\n<meta name=\"twitter:label1\" content=\"\u00c9crit par\" \/>\n\t<meta name=\"twitter:data1\" content=\"Aurore Engelen\" \/>\n\t<meta name=\"twitter:label2\" content=\"Dur\u00e9e de lecture estim\u00e9e\" \/>\n\t<meta name=\"twitter:data2\" content=\"6 minutes\" \/>\n<script type=\"application\/ld+json\" class=\"yoast-schema-graph\">{\"@context\":\"https:\/\/schema.org\",\"@graph\":[{\"@type\":\"Article\",\"@id\":\"https:\/\/welovecinema.be\/fr\/on-vous-croit-grand-vainqueur-des-rene-du-cinema-2026\/#article\",\"isPartOf\":{\"@id\":\"https:\/\/welovecinema.be\/fr\/on-vous-croit-grand-vainqueur-des-rene-du-cinema-2026\/\"},\"author\":{\"name\":\"Aurore Engelen\",\"@id\":\"https:\/\/welovecinema.be\/nl\/#\/schema\/person\/8084b68c6b176142d073695c654dc7cf\"},\"headline\":\"\u00ab\u00a0On vous croit\u00a0\u00bb, grand vainqueur des Ren\u00e9 du Cin\u00e9ma 2026!\",\"datePublished\":\"2026-03-07T23:08:10+00:00\",\"dateModified\":\"2026-03-09T11:49:28+00:00\",\"mainEntityOfPage\":{\"@id\":\"https:\/\/welovecinema.be\/fr\/on-vous-croit-grand-vainqueur-des-rene-du-cinema-2026\/\"},\"wordCount\":1272,\"publisher\":{\"@id\":\"https:\/\/welovecinema.be\/nl\/#organization\"},\"articleSection\":[\"\u00a0We Love Belgian Cinema\",\"A la une\",\"Evenements\"],\"inLanguage\":\"fr-FR\"},{\"@type\":\"WebPage\",\"@id\":\"https:\/\/welovecinema.be\/fr\/on-vous-croit-grand-vainqueur-des-rene-du-cinema-2026\/\",\"url\":\"https:\/\/welovecinema.be\/fr\/on-vous-croit-grand-vainqueur-des-rene-du-cinema-2026\/\",\"name\":\"\u00ab\u00a0On vous croit\u00a0\u00bb, grand vainqueur des Ren\u00e9 du Cin\u00e9ma 2026! - We Love Cinema\",\"isPartOf\":{\"@id\":\"https:\/\/welovecinema.be\/nl\/#website\"},\"datePublished\":\"2026-03-07T23:08:10+00:00\",\"dateModified\":\"2026-03-09T11:49:28+00:00\",\"breadcrumb\":{\"@id\":\"https:\/\/welovecinema.be\/fr\/on-vous-croit-grand-vainqueur-des-rene-du-cinema-2026\/#breadcrumb\"},\"inLanguage\":\"fr-FR\",\"potentialAction\":[{\"@type\":\"ReadAction\",\"target\":[\"https:\/\/welovecinema.be\/fr\/on-vous-croit-grand-vainqueur-des-rene-du-cinema-2026\/\"]}]},{\"@type\":\"BreadcrumbList\",\"@id\":\"https:\/\/welovecinema.be\/fr\/on-vous-croit-grand-vainqueur-des-rene-du-cinema-2026\/#breadcrumb\",\"itemListElement\":[{\"@type\":\"ListItem\",\"position\":1,\"name\":\"Accueil\",\"item\":\"https:\/\/welovecinema.be\/fr\/\"},{\"@type\":\"ListItem\",\"position\":2,\"name\":\"\u00ab\u00a0On vous croit\u00a0\u00bb, grand vainqueur des Ren\u00e9 du Cin\u00e9ma 2026!\"}]},{\"@type\":\"WebSite\",\"@id\":\"https:\/\/welovecinema.be\/nl\/#website\",\"url\":\"https:\/\/welovecinema.be\/nl\/\",\"name\":\"We Love Cinema\",\"description\":\"Toute l\u2019information du cin\u00e9ma en Belgique\",\"publisher\":{\"@id\":\"https:\/\/welovecinema.be\/nl\/#organization\"},\"potentialAction\":[{\"@type\":\"SearchAction\",\"target\":{\"@type\":\"EntryPoint\",\"urlTemplate\":\"https:\/\/welovecinema.be\/nl\/?s={search_term_string}\"},\"query-input\":\"required name=search_term_string\"}],\"inLanguage\":\"fr-FR\"},{\"@type\":\"Organization\",\"@id\":\"https:\/\/welovecinema.be\/nl\/#organization\",\"name\":\"We Love Cinema\",\"url\":\"https:\/\/welovecinema.be\/nl\/\",\"logo\":{\"@type\":\"ImageObject\",\"inLanguage\":\"fr-FR\",\"@id\":\"https:\/\/welovecinema.be\/nl\/#\/schema\/logo\/image\/\",\"url\":\"https:\/\/welovecinema.be\/wp-content\/uploads\/sites\/2\/2023\/03\/Logo-We-Love-Cinema305x128.jpg\",\"contentUrl\":\"https:\/\/welovecinema.be\/wp-content\/uploads\/sites\/2\/2023\/03\/Logo-We-Love-Cinema305x128.jpg\",\"width\":305,\"height\":128,\"caption\":\"We Love Cinema\"},\"image\":{\"@id\":\"https:\/\/welovecinema.be\/nl\/#\/schema\/logo\/image\/\"},\"sameAs\":[\"https:\/\/www.facebook.com\/welovecinema.be\",\"https:\/\/www.youtube.com\/channel\/UCX5LYGVhnKvYauW4Nta4HJA\",\"https:\/\/www.instagram.com\/welovecinema.be\/\"]},{\"@type\":\"Person\",\"@id\":\"https:\/\/welovecinema.be\/nl\/#\/schema\/person\/8084b68c6b176142d073695c654dc7cf\",\"name\":\"Aurore Engelen\",\"url\":\"https:\/\/welovecinema.be\/fr\/author\/aurore-engelen\/\"}]}<\/script>\n<!-- \/ Yoast SEO plugin. -->","yoast_head_json":{"title":"\u00ab\u00a0On vous croit\u00a0\u00bb, grand vainqueur des Ren\u00e9 du Cin\u00e9ma 2026! - We Love Cinema","robots":{"index":"index","follow":"follow","max-snippet":"max-snippet:-1","max-image-preview":"max-image-preview:large","max-video-preview":"max-video-preview:-1"},"canonical":"https:\/\/welovecinema.be\/fr\/on-vous-croit-grand-vainqueur-des-rene-du-cinema-2026\/","og_locale":"fr_FR","og_type":"article","og_title":"\u00ab\u00a0On vous croit\u00a0\u00bb, grand vainqueur des Ren\u00e9 du Cin\u00e9ma 2026! - We Love Cinema","og_description":"Avec 8 prix dont deux attribu\u00e9s par le Public, On vous croit de Charlotte Devillers et Arnaud Dufeys est le grand gagnant de cette 15e C\u00e9r\u00e9monie des pris du cin\u00e9ma belge! Myriem Akheddiou s\u2019est vu deux fois r\u00e9compens\u00e9 par les professionnels de l\u2019Acad\u00e9mie Andr\u00e9 Delvaux ainsi que par le public, de m\u00eame que le film. &hellip;","og_url":"https:\/\/welovecinema.be\/fr\/on-vous-croit-grand-vainqueur-des-rene-du-cinema-2026\/","og_site_name":"We Love Cinema","article_publisher":"https:\/\/www.facebook.com\/welovecinema.be","article_published_time":"2026-03-07T23:08:10+00:00","article_modified_time":"2026-03-09T11:49:28+00:00","og_image":[{"width":1616,"height":1080,"url":"https:\/\/welovecinema.be\/wp-content\/uploads\/sites\/2\/2026\/03\/A7503641.jpg","type":"image\/jpeg"}],"author":"Aurore Engelen","twitter_card":"summary_large_image","twitter_misc":{"\u00c9crit par":"Aurore Engelen","Dur\u00e9e de lecture estim\u00e9e":"6 minutes"},"schema":{"@context":"https:\/\/schema.org","@graph":[{"@type":"Article","@id":"https:\/\/welovecinema.be\/fr\/on-vous-croit-grand-vainqueur-des-rene-du-cinema-2026\/#article","isPartOf":{"@id":"https:\/\/welovecinema.be\/fr\/on-vous-croit-grand-vainqueur-des-rene-du-cinema-2026\/"},"author":{"name":"Aurore Engelen","@id":"https:\/\/welovecinema.be\/nl\/#\/schema\/person\/8084b68c6b176142d073695c654dc7cf"},"headline":"\u00ab\u00a0On vous croit\u00a0\u00bb, grand vainqueur des Ren\u00e9 du Cin\u00e9ma 2026!","datePublished":"2026-03-07T23:08:10+00:00","dateModified":"2026-03-09T11:49:28+00:00","mainEntityOfPage":{"@id":"https:\/\/welovecinema.be\/fr\/on-vous-croit-grand-vainqueur-des-rene-du-cinema-2026\/"},"wordCount":1272,"publisher":{"@id":"https:\/\/welovecinema.be\/nl\/#organization"},"articleSection":["\u00a0We Love Belgian Cinema","A la une","Evenements"],"inLanguage":"fr-FR"},{"@type":"WebPage","@id":"https:\/\/welovecinema.be\/fr\/on-vous-croit-grand-vainqueur-des-rene-du-cinema-2026\/","url":"https:\/\/welovecinema.be\/fr\/on-vous-croit-grand-vainqueur-des-rene-du-cinema-2026\/","name":"\u00ab\u00a0On vous croit\u00a0\u00bb, grand vainqueur des Ren\u00e9 du Cin\u00e9ma 2026! - We Love Cinema","isPartOf":{"@id":"https:\/\/welovecinema.be\/nl\/#website"},"datePublished":"2026-03-07T23:08:10+00:00","dateModified":"2026-03-09T11:49:28+00:00","breadcrumb":{"@id":"https:\/\/welovecinema.be\/fr\/on-vous-croit-grand-vainqueur-des-rene-du-cinema-2026\/#breadcrumb"},"inLanguage":"fr-FR","potentialAction":[{"@type":"ReadAction","target":["https:\/\/welovecinema.be\/fr\/on-vous-croit-grand-vainqueur-des-rene-du-cinema-2026\/"]}]},{"@type":"BreadcrumbList","@id":"https:\/\/welovecinema.be\/fr\/on-vous-croit-grand-vainqueur-des-rene-du-cinema-2026\/#breadcrumb","itemListElement":[{"@type":"ListItem","position":1,"name":"Accueil","item":"https:\/\/welovecinema.be\/fr\/"},{"@type":"ListItem","position":2,"name":"\u00ab\u00a0On vous croit\u00a0\u00bb, grand vainqueur des Ren\u00e9 du Cin\u00e9ma 2026!"}]},{"@type":"WebSite","@id":"https:\/\/welovecinema.be\/nl\/#website","url":"https:\/\/welovecinema.be\/nl\/","name":"We Love Cinema","description":"Toute l\u2019information du cin\u00e9ma en Belgique","publisher":{"@id":"https:\/\/welovecinema.be\/nl\/#organization"},"potentialAction":[{"@type":"SearchAction","target":{"@type":"EntryPoint","urlTemplate":"https:\/\/welovecinema.be\/nl\/?s={search_term_string}"},"query-input":"required name=search_term_string"}],"inLanguage":"fr-FR"},{"@type":"Organization","@id":"https:\/\/welovecinema.be\/nl\/#organization","name":"We Love Cinema","url":"https:\/\/welovecinema.be\/nl\/","logo":{"@type":"ImageObject","inLanguage":"fr-FR","@id":"https:\/\/welovecinema.be\/nl\/#\/schema\/logo\/image\/","url":"https:\/\/welovecinema.be\/wp-content\/uploads\/sites\/2\/2023\/03\/Logo-We-Love-Cinema305x128.jpg","contentUrl":"https:\/\/welovecinema.be\/wp-content\/uploads\/sites\/2\/2023\/03\/Logo-We-Love-Cinema305x128.jpg","width":305,"height":128,"caption":"We Love Cinema"},"image":{"@id":"https:\/\/welovecinema.be\/nl\/#\/schema\/logo\/image\/"},"sameAs":["https:\/\/www.facebook.com\/welovecinema.be","https:\/\/www.youtube.com\/channel\/UCX5LYGVhnKvYauW4Nta4HJA","https:\/\/www.instagram.com\/welovecinema.be\/"]},{"@type":"Person","@id":"https:\/\/welovecinema.be\/nl\/#\/schema\/person\/8084b68c6b176142d073695c654dc7cf","name":"Aurore Engelen","url":"https:\/\/welovecinema.be\/fr\/author\/aurore-engelen\/"}]}},"_links":{"self":[{"href":"https:\/\/welovecinema.be\/fr\/wp-json\/wp\/v2\/posts\/270475","targetHints":{"allow":["GET"]}}],"collection":[{"href":"https:\/\/welovecinema.be\/fr\/wp-json\/wp\/v2\/posts"}],"about":[{"href":"https:\/\/welovecinema.be\/fr\/wp-json\/wp\/v2\/types\/post"}],"author":[{"embeddable":true,"href":"https:\/\/welovecinema.be\/fr\/wp-json\/wp\/v2\/users\/343"}],"replies":[{"embeddable":true,"href":"https:\/\/welovecinema.be\/fr\/wp-json\/wp\/v2\/comments?post=270475"}],"version-history":[{"count":1,"href":"https:\/\/welovecinema.be\/fr\/wp-json\/wp\/v2\/posts\/270475\/revisions"}],"predecessor-version":[{"id":270478,"href":"https:\/\/welovecinema.be\/fr\/wp-json\/wp\/v2\/posts\/270475\/revisions\/270478"}],"wp:featuredmedia":[{"embeddable":true,"href":"https:\/\/welovecinema.be\/fr\/wp-json\/wp\/v2\/media\/270479"}],"wp:attachment":[{"href":"https:\/\/welovecinema.be\/fr\/wp-json\/wp\/v2\/media?parent=270475"}],"wp:term":[{"taxonomy":"category","embeddable":true,"href":"https:\/\/welovecinema.be\/fr\/wp-json\/wp\/v2\/categories?post=270475"},{"taxonomy":"post_tag","embeddable":true,"href":"https:\/\/welovecinema.be\/fr\/wp-json\/wp\/v2\/tags?post=270475"}],"curies":[{"name":"wp","href":"https:\/\/api.w.org\/{rel}","templated":true}]}}