{"id":270467,"date":"2026-03-06T17:15:15","date_gmt":"2026-03-06T16:15:15","guid":{"rendered":"https:\/\/welovecinema.be\/?p=270467"},"modified":"2026-03-06T17:15:44","modified_gmt":"2026-03-06T16:15:44","slug":"lage-mur-comedie-de-la-solitude","status":"publish","type":"post","link":"https:\/\/welovecinema.be\/fr\/lage-mur-comedie-de-la-solitude\/","title":{"rendered":"\u00ab\u00a0L&rsquo;\u00e2ge m\u00fbr\u00a0\u00bb: com\u00e9die \u00e0 contretemps"},"content":{"rendered":"<p class=\"p1\"><b>Ce mardi 10 mars sera montr\u00e9 en avant-premi\u00e8re et en Comp\u00e9tition internationale au Love International Film Festival de Mons <i>L\u2019\u00e2ge m\u00fbr<\/i><\/b><b>, com\u00e9die douce-am\u00e8re de Jean-Beno\u00eet Ugeux sur un n\u00e9o-cinquantenaire qui se cogne \u00e0 l\u2019\u00e9poque et aux autres.\u00a0<\/b><\/p>\n<p class=\"p1\"><i>L\u2019\u00e2ge m\u00fbr<\/i> dresse le portrait \u00e0 la fois d\u00e9licat et sans concession de Ludovic, un architecte tout juste cinquantenaire, \u00e0 qui tout r\u00e9ussit ou presque, et qui commence une idylle avec Nathalie, me\u0300re c\u00e9libataire dr\u00f4le et dynamique de deux jeunes filles, avec laquelle il se verrait bien passer tr\u00e8s vite \u00e0 la vitesse sup\u00e9rieure. Sauf que la confrontation avec les deux filles de Nathalie , l\u2019une pr\u00e9-ado et l\u2019autre pleinement ado n\u2019est pas de tout repos. Sympathique mais immature, Ludovic va voir ses fondations vaciller &#8211; un comble pour un architecte. Lorsque Nathalie de\u0301cide de prendre ses distances avec Ludovic, ce dernier sent qu\u2019il perd quelque chose qui le de\u0301passe.<\/p>\n<p><img loading=\"lazy\" decoding=\"async\" class=\"alignnone size-large wp-image-270470\" src=\"https:\/\/welovecinema.be\/wp-content\/uploads\/sites\/2\/2026\/03\/L-Age-Mur-800x335.jpg\" alt=\"\" width=\"618\" height=\"259\" srcset=\"https:\/\/welovecinema.be\/wp-content\/uploads\/sites\/2\/2026\/03\/L-Age-Mur-800x335.jpg 800w, https:\/\/welovecinema.be\/wp-content\/uploads\/sites\/2\/2026\/03\/L-Age-Mur-480x201.jpg 480w, https:\/\/welovecinema.be\/wp-content\/uploads\/sites\/2\/2026\/03\/L-Age-Mur-768x322.jpg 768w, https:\/\/welovecinema.be\/wp-content\/uploads\/sites\/2\/2026\/03\/L-Age-Mur.jpg 1000w\" sizes=\"auto, (max-width: 618px) 100vw, 618px\" \/><\/p>\n<p>Incarn\u00e9 par le cin\u00e9aste lui-m\u00eame, Ludovic est de ces personnages terriblement aga\u00e7ants que l\u2019on aime pourtant aimer, il est trop, consum\u00e9riste, grande-gueule, immature, mais aussi trop touchant, par sa maladresse, et le spectacle de sa r\u00e9ticence \u00e0 accepter la solitude. Il semble fondre peu \u00e0 peu, se perdre dans le paysage. Les adolescents sont extra-lucides, c\u2019est bien connu, ils ont comme les enfants la capacit\u00e9 de mettre les adultes face \u00e0 leurs contradictions. Scann\u00e9 par leur regard sans filtre, le roi est nu. <i>L\u2019\u00e2ge m\u00fbr<\/i> nous parlent de ces relations \u00e9tranges qui se nouent parfois, qui n\u2019ont ni but ni sens, mais qui le temps d\u2019une parenth\u00e8se inattendue, permettent \u00e0 deux personnes qui n\u2019auraient pas d\u00fb se rencontrer de trouver ou retrouver leur chemin. Une com\u00e9die au tempo tr\u00e8s particulier, qui se joue aussi \u00e0 c\u00f4t\u00e9 de l\u2019action, dans les temps creux, ainsi que dans les petites choses triviales de la vie, un burger aval\u00e9 vite fait sur un parking, une coupe que l\u2019on boit seul au milieu d\u2019une f\u00eate.<\/p>\n<p class=\"p1\">S\u2019il s\u2019agit d\u2019un premier long m\u00e9trage de fiction pour le com\u00e9dien et cin\u00e9aste, c\u2019est loin d\u2019\u00eatre un coup d\u2019essai, puisqu\u2019il a \u00e0 son actif nombre de courts m\u00e9trages ayant largement et avec succ\u00e8s circul\u00e9 en festivals, \u00e0 l\u2019image par exemple de <i>La Musique<\/i>, Bayard d\u2019or du Court m\u00e9trage en 2019, ou <i>Arbres<\/i>, Magritte du Meilleur court m\u00e9trage documentaire en 2023. A ses c\u00f4t\u00e9s au g\u00e9n\u00e9rique, on retrouve l&rsquo;excellente com\u00e9dienne flamande Ruth Becquart, qui incarne Nathalie, ainsi qu&rsquo;un joli d\u00e9fil\u00e9 de com\u00e9diens et com\u00e9diennes belges comme Laurent Capelluto ou Catherine Sal\u00e9e.<\/p>\n","protected":false},"excerpt":{"rendered":"<p>Ce mardi 10 mars sera montr\u00e9 en avant-premi\u00e8re et en Comp\u00e9tition internationale au Love International Film Festival de Mons L\u2019\u00e2ge m\u00fbr, com\u00e9die douce-am\u00e8re de Jean-Beno\u00eet Ugeux sur un n\u00e9o-cinquantenaire qui se cogne \u00e0 l\u2019\u00e9poque et aux autres.\u00a0 L\u2019\u00e2ge m\u00fbr dresse le portrait \u00e0 la fois d\u00e9licat et sans concession de Ludovic, un architecte tout juste &hellip;<\/p>\n","protected":false},"author":343,"featured_media":270468,"comment_status":"closed","ping_status":"closed","sticky":false,"template":"","format":"standard","meta":{"ngg_post_thumbnail":0,"footnotes":""},"categories":[7134,53,12],"tags":[],"class_list":["post-270467","post","type-post","status-publish","format-standard","has-post-thumbnail","","category-we-love-belgian-cinema","category-coming-soon","category-awards"],"yoast_head":"<!-- This site is optimized with the Yoast SEO plugin v20.4 - https:\/\/yoast.com\/wordpress\/plugins\/seo\/ -->\n<title>&quot;L&#039;\u00e2ge m\u00fbr&quot;: com\u00e9die \u00e0 contretemps - We Love Cinema<\/title>\n<meta name=\"robots\" content=\"index, follow, max-snippet:-1, max-image-preview:large, max-video-preview:-1\" \/>\n<link rel=\"canonical\" href=\"https:\/\/welovecinema.be\/fr\/lage-mur-comedie-de-la-solitude\/\" \/>\n<meta property=\"og:locale\" content=\"fr_FR\" \/>\n<meta property=\"og:type\" content=\"article\" \/>\n<meta property=\"og:title\" content=\"&quot;L&#039;\u00e2ge m\u00fbr&quot;: com\u00e9die \u00e0 contretemps - We Love Cinema\" \/>\n<meta property=\"og:description\" content=\"Ce mardi 10 mars sera montr\u00e9 en avant-premi\u00e8re et en Comp\u00e9tition internationale au Love International Film Festival de Mons L\u2019\u00e2ge m\u00fbr, com\u00e9die douce-am\u00e8re de Jean-Beno\u00eet Ugeux sur un n\u00e9o-cinquantenaire qui se cogne \u00e0 l\u2019\u00e9poque et aux autres.\u00a0 L\u2019\u00e2ge m\u00fbr dresse le portrait \u00e0 la fois d\u00e9licat et sans concession de Ludovic, un architecte tout juste &hellip;\" \/>\n<meta property=\"og:url\" content=\"https:\/\/welovecinema.be\/fr\/lage-mur-comedie-de-la-solitude\/\" \/>\n<meta property=\"og:site_name\" content=\"We Love Cinema\" \/>\n<meta property=\"article:publisher\" content=\"https:\/\/www.facebook.com\/welovecinema.be\" \/>\n<meta property=\"article:published_time\" content=\"2026-03-06T16:15:15+00:00\" \/>\n<meta property=\"article:modified_time\" content=\"2026-03-06T16:15:44+00:00\" \/>\n<meta property=\"og:image\" content=\"https:\/\/welovecinema.be\/wp-content\/uploads\/sites\/2\/2026\/03\/L-Age-Mur2.jpg\" \/>\n\t<meta property=\"og:image:width\" content=\"1096\" \/>\n\t<meta property=\"og:image:height\" content=\"582\" \/>\n\t<meta property=\"og:image:type\" content=\"image\/jpeg\" \/>\n<meta name=\"author\" content=\"Aurore Engelen\" \/>\n<meta name=\"twitter:card\" content=\"summary_large_image\" \/>\n<meta name=\"twitter:label1\" content=\"\u00c9crit par\" \/>\n\t<meta name=\"twitter:data1\" content=\"Aurore Engelen\" \/>\n\t<meta name=\"twitter:label2\" content=\"Dur\u00e9e de lecture estim\u00e9e\" \/>\n\t<meta name=\"twitter:data2\" content=\"3 minutes\" \/>\n<script type=\"application\/ld+json\" class=\"yoast-schema-graph\">{\"@context\":\"https:\/\/schema.org\",\"@graph\":[{\"@type\":\"Article\",\"@id\":\"https:\/\/welovecinema.be\/fr\/lage-mur-comedie-de-la-solitude\/#article\",\"isPartOf\":{\"@id\":\"https:\/\/welovecinema.be\/fr\/lage-mur-comedie-de-la-solitude\/\"},\"author\":{\"name\":\"Aurore Engelen\",\"@id\":\"https:\/\/welovecinema.be\/nl\/#\/schema\/person\/8084b68c6b176142d073695c654dc7cf\"},\"headline\":\"\u00ab\u00a0L&rsquo;\u00e2ge m\u00fbr\u00a0\u00bb: com\u00e9die \u00e0 contretemps\",\"datePublished\":\"2026-03-06T16:15:15+00:00\",\"dateModified\":\"2026-03-06T16:15:44+00:00\",\"mainEntityOfPage\":{\"@id\":\"https:\/\/welovecinema.be\/fr\/lage-mur-comedie-de-la-solitude\/\"},\"wordCount\":471,\"publisher\":{\"@id\":\"https:\/\/welovecinema.be\/nl\/#organization\"},\"articleSection\":[\"\u00a0We Love Belgian Cinema\",\"Coming soon\",\"Evenements\"],\"inLanguage\":\"fr-FR\"},{\"@type\":\"WebPage\",\"@id\":\"https:\/\/welovecinema.be\/fr\/lage-mur-comedie-de-la-solitude\/\",\"url\":\"https:\/\/welovecinema.be\/fr\/lage-mur-comedie-de-la-solitude\/\",\"name\":\"\\\"L'\u00e2ge m\u00fbr\\\": com\u00e9die \u00e0 contretemps - We Love Cinema\",\"isPartOf\":{\"@id\":\"https:\/\/welovecinema.be\/nl\/#website\"},\"datePublished\":\"2026-03-06T16:15:15+00:00\",\"dateModified\":\"2026-03-06T16:15:44+00:00\",\"breadcrumb\":{\"@id\":\"https:\/\/welovecinema.be\/fr\/lage-mur-comedie-de-la-solitude\/#breadcrumb\"},\"inLanguage\":\"fr-FR\",\"potentialAction\":[{\"@type\":\"ReadAction\",\"target\":[\"https:\/\/welovecinema.be\/fr\/lage-mur-comedie-de-la-solitude\/\"]}]},{\"@type\":\"BreadcrumbList\",\"@id\":\"https:\/\/welovecinema.be\/fr\/lage-mur-comedie-de-la-solitude\/#breadcrumb\",\"itemListElement\":[{\"@type\":\"ListItem\",\"position\":1,\"name\":\"Accueil\",\"item\":\"https:\/\/welovecinema.be\/fr\/\"},{\"@type\":\"ListItem\",\"position\":2,\"name\":\"\u00ab\u00a0L&rsquo;\u00e2ge m\u00fbr\u00a0\u00bb: com\u00e9die \u00e0 contretemps\"}]},{\"@type\":\"WebSite\",\"@id\":\"https:\/\/welovecinema.be\/nl\/#website\",\"url\":\"https:\/\/welovecinema.be\/nl\/\",\"name\":\"We Love Cinema\",\"description\":\"Toute l\u2019information du cin\u00e9ma en Belgique\",\"publisher\":{\"@id\":\"https:\/\/welovecinema.be\/nl\/#organization\"},\"potentialAction\":[{\"@type\":\"SearchAction\",\"target\":{\"@type\":\"EntryPoint\",\"urlTemplate\":\"https:\/\/welovecinema.be\/nl\/?s={search_term_string}\"},\"query-input\":\"required name=search_term_string\"}],\"inLanguage\":\"fr-FR\"},{\"@type\":\"Organization\",\"@id\":\"https:\/\/welovecinema.be\/nl\/#organization\",\"name\":\"We Love Cinema\",\"url\":\"https:\/\/welovecinema.be\/nl\/\",\"logo\":{\"@type\":\"ImageObject\",\"inLanguage\":\"fr-FR\",\"@id\":\"https:\/\/welovecinema.be\/nl\/#\/schema\/logo\/image\/\",\"url\":\"https:\/\/welovecinema.be\/wp-content\/uploads\/sites\/2\/2023\/03\/Logo-We-Love-Cinema305x128.jpg\",\"contentUrl\":\"https:\/\/welovecinema.be\/wp-content\/uploads\/sites\/2\/2023\/03\/Logo-We-Love-Cinema305x128.jpg\",\"width\":305,\"height\":128,\"caption\":\"We Love Cinema\"},\"image\":{\"@id\":\"https:\/\/welovecinema.be\/nl\/#\/schema\/logo\/image\/\"},\"sameAs\":[\"https:\/\/www.facebook.com\/welovecinema.be\",\"https:\/\/www.youtube.com\/channel\/UCX5LYGVhnKvYauW4Nta4HJA\",\"https:\/\/www.instagram.com\/welovecinema.be\/\"]},{\"@type\":\"Person\",\"@id\":\"https:\/\/welovecinema.be\/nl\/#\/schema\/person\/8084b68c6b176142d073695c654dc7cf\",\"name\":\"Aurore Engelen\",\"url\":\"https:\/\/welovecinema.be\/fr\/author\/aurore-engelen\/\"}]}<\/script>\n<!-- \/ Yoast SEO plugin. -->","yoast_head_json":{"title":"\"L'\u00e2ge m\u00fbr\": com\u00e9die \u00e0 contretemps - We Love Cinema","robots":{"index":"index","follow":"follow","max-snippet":"max-snippet:-1","max-image-preview":"max-image-preview:large","max-video-preview":"max-video-preview:-1"},"canonical":"https:\/\/welovecinema.be\/fr\/lage-mur-comedie-de-la-solitude\/","og_locale":"fr_FR","og_type":"article","og_title":"\"L'\u00e2ge m\u00fbr\": com\u00e9die \u00e0 contretemps - We Love Cinema","og_description":"Ce mardi 10 mars sera montr\u00e9 en avant-premi\u00e8re et en Comp\u00e9tition internationale au Love International Film Festival de Mons L\u2019\u00e2ge m\u00fbr, com\u00e9die douce-am\u00e8re de Jean-Beno\u00eet Ugeux sur un n\u00e9o-cinquantenaire qui se cogne \u00e0 l\u2019\u00e9poque et aux autres.\u00a0 L\u2019\u00e2ge m\u00fbr dresse le portrait \u00e0 la fois d\u00e9licat et sans concession de Ludovic, un architecte tout juste &hellip;","og_url":"https:\/\/welovecinema.be\/fr\/lage-mur-comedie-de-la-solitude\/","og_site_name":"We Love Cinema","article_publisher":"https:\/\/www.facebook.com\/welovecinema.be","article_published_time":"2026-03-06T16:15:15+00:00","article_modified_time":"2026-03-06T16:15:44+00:00","og_image":[{"width":1096,"height":582,"url":"https:\/\/welovecinema.be\/wp-content\/uploads\/sites\/2\/2026\/03\/L-Age-Mur2.jpg","type":"image\/jpeg"}],"author":"Aurore Engelen","twitter_card":"summary_large_image","twitter_misc":{"\u00c9crit par":"Aurore Engelen","Dur\u00e9e de lecture estim\u00e9e":"3 minutes"},"schema":{"@context":"https:\/\/schema.org","@graph":[{"@type":"Article","@id":"https:\/\/welovecinema.be\/fr\/lage-mur-comedie-de-la-solitude\/#article","isPartOf":{"@id":"https:\/\/welovecinema.be\/fr\/lage-mur-comedie-de-la-solitude\/"},"author":{"name":"Aurore Engelen","@id":"https:\/\/welovecinema.be\/nl\/#\/schema\/person\/8084b68c6b176142d073695c654dc7cf"},"headline":"\u00ab\u00a0L&rsquo;\u00e2ge m\u00fbr\u00a0\u00bb: com\u00e9die \u00e0 contretemps","datePublished":"2026-03-06T16:15:15+00:00","dateModified":"2026-03-06T16:15:44+00:00","mainEntityOfPage":{"@id":"https:\/\/welovecinema.be\/fr\/lage-mur-comedie-de-la-solitude\/"},"wordCount":471,"publisher":{"@id":"https:\/\/welovecinema.be\/nl\/#organization"},"articleSection":["\u00a0We Love Belgian Cinema","Coming soon","Evenements"],"inLanguage":"fr-FR"},{"@type":"WebPage","@id":"https:\/\/welovecinema.be\/fr\/lage-mur-comedie-de-la-solitude\/","url":"https:\/\/welovecinema.be\/fr\/lage-mur-comedie-de-la-solitude\/","name":"\"L'\u00e2ge m\u00fbr\": com\u00e9die \u00e0 contretemps - We Love Cinema","isPartOf":{"@id":"https:\/\/welovecinema.be\/nl\/#website"},"datePublished":"2026-03-06T16:15:15+00:00","dateModified":"2026-03-06T16:15:44+00:00","breadcrumb":{"@id":"https:\/\/welovecinema.be\/fr\/lage-mur-comedie-de-la-solitude\/#breadcrumb"},"inLanguage":"fr-FR","potentialAction":[{"@type":"ReadAction","target":["https:\/\/welovecinema.be\/fr\/lage-mur-comedie-de-la-solitude\/"]}]},{"@type":"BreadcrumbList","@id":"https:\/\/welovecinema.be\/fr\/lage-mur-comedie-de-la-solitude\/#breadcrumb","itemListElement":[{"@type":"ListItem","position":1,"name":"Accueil","item":"https:\/\/welovecinema.be\/fr\/"},{"@type":"ListItem","position":2,"name":"\u00ab\u00a0L&rsquo;\u00e2ge m\u00fbr\u00a0\u00bb: com\u00e9die \u00e0 contretemps"}]},{"@type":"WebSite","@id":"https:\/\/welovecinema.be\/nl\/#website","url":"https:\/\/welovecinema.be\/nl\/","name":"We Love Cinema","description":"Toute l\u2019information du cin\u00e9ma en Belgique","publisher":{"@id":"https:\/\/welovecinema.be\/nl\/#organization"},"potentialAction":[{"@type":"SearchAction","target":{"@type":"EntryPoint","urlTemplate":"https:\/\/welovecinema.be\/nl\/?s={search_term_string}"},"query-input":"required name=search_term_string"}],"inLanguage":"fr-FR"},{"@type":"Organization","@id":"https:\/\/welovecinema.be\/nl\/#organization","name":"We Love Cinema","url":"https:\/\/welovecinema.be\/nl\/","logo":{"@type":"ImageObject","inLanguage":"fr-FR","@id":"https:\/\/welovecinema.be\/nl\/#\/schema\/logo\/image\/","url":"https:\/\/welovecinema.be\/wp-content\/uploads\/sites\/2\/2023\/03\/Logo-We-Love-Cinema305x128.jpg","contentUrl":"https:\/\/welovecinema.be\/wp-content\/uploads\/sites\/2\/2023\/03\/Logo-We-Love-Cinema305x128.jpg","width":305,"height":128,"caption":"We Love Cinema"},"image":{"@id":"https:\/\/welovecinema.be\/nl\/#\/schema\/logo\/image\/"},"sameAs":["https:\/\/www.facebook.com\/welovecinema.be","https:\/\/www.youtube.com\/channel\/UCX5LYGVhnKvYauW4Nta4HJA","https:\/\/www.instagram.com\/welovecinema.be\/"]},{"@type":"Person","@id":"https:\/\/welovecinema.be\/nl\/#\/schema\/person\/8084b68c6b176142d073695c654dc7cf","name":"Aurore Engelen","url":"https:\/\/welovecinema.be\/fr\/author\/aurore-engelen\/"}]}},"_links":{"self":[{"href":"https:\/\/welovecinema.be\/fr\/wp-json\/wp\/v2\/posts\/270467","targetHints":{"allow":["GET"]}}],"collection":[{"href":"https:\/\/welovecinema.be\/fr\/wp-json\/wp\/v2\/posts"}],"about":[{"href":"https:\/\/welovecinema.be\/fr\/wp-json\/wp\/v2\/types\/post"}],"author":[{"embeddable":true,"href":"https:\/\/welovecinema.be\/fr\/wp-json\/wp\/v2\/users\/343"}],"replies":[{"embeddable":true,"href":"https:\/\/welovecinema.be\/fr\/wp-json\/wp\/v2\/comments?post=270467"}],"version-history":[{"count":2,"href":"https:\/\/welovecinema.be\/fr\/wp-json\/wp\/v2\/posts\/270467\/revisions"}],"predecessor-version":[{"id":270473,"href":"https:\/\/welovecinema.be\/fr\/wp-json\/wp\/v2\/posts\/270467\/revisions\/270473"}],"wp:featuredmedia":[{"embeddable":true,"href":"https:\/\/welovecinema.be\/fr\/wp-json\/wp\/v2\/media\/270468"}],"wp:attachment":[{"href":"https:\/\/welovecinema.be\/fr\/wp-json\/wp\/v2\/media?parent=270467"}],"wp:term":[{"taxonomy":"category","embeddable":true,"href":"https:\/\/welovecinema.be\/fr\/wp-json\/wp\/v2\/categories?post=270467"},{"taxonomy":"post_tag","embeddable":true,"href":"https:\/\/welovecinema.be\/fr\/wp-json\/wp\/v2\/tags?post=270467"}],"curies":[{"name":"wp","href":"https:\/\/api.w.org\/{rel}","templated":true}]}}