{"id":270268,"date":"2026-02-17T10:08:54","date_gmt":"2026-02-17T09:08:54","guid":{"rendered":"https:\/\/welovecinema.be\/?p=270268"},"modified":"2026-02-17T10:08:54","modified_gmt":"2026-02-17T09:08:54","slug":"anne-coesens-et-salome-richard-a-propos-de-foret-ivre-de-manon-coubia","status":"publish","type":"post","link":"https:\/\/welovecinema.be\/fr\/anne-coesens-et-salome-richard-a-propos-de-foret-ivre-de-manon-coubia\/","title":{"rendered":"Anne Coesens et Salom\u00e9 Richard, \u00e0 propos de \u00ab\u00a0For\u00eat Ivre\u00a0\u00bb de Manon Coubia"},"content":{"rendered":"<p><strong>Rencontre avec les com\u00e9diennes Anne Coesens et Salom\u00e9 Richard \u00e0 la veille de la pr\u00e9sentation \u00e0 la Berlinale dans la section Perspectives du premier long m\u00e9trage de Manon Coubia, <em>For\u00eat Ivre<\/em>. <\/strong><\/p>\n","protected":false},"excerpt":{"rendered":"<p>Rencontre avec les com\u00e9diennes Anne Coesens et Salom\u00e9 Richard \u00e0 la veille de la pr\u00e9sentation \u00e0 la Berlinale dans la section Perspectives du premier long m\u00e9trage de Manon Coubia, For\u00eat Ivre.<\/p>\n","protected":false},"author":343,"featured_media":270269,"comment_status":"closed","ping_status":"closed","sticky":false,"template":"","format":"standard","meta":{"ngg_post_thumbnail":0,"footnotes":""},"categories":[7134,1926,12,1978],"tags":[],"class_list":["post-270268","post","type-post","status-publish","format-standard","has-post-thumbnail","","category-we-love-belgian-cinema","category-a-la-une","category-awards","category-interviews"],"yoast_head":"<!-- This site is optimized with the Yoast SEO plugin v20.4 - https:\/\/yoast.com\/wordpress\/plugins\/seo\/ -->\n<title>Anne Coesens et Salom\u00e9 Richard, \u00e0 propos de &quot;For\u00eat Ivre&quot; de Manon Coubia - We Love Cinema<\/title>\n<meta name=\"robots\" content=\"index, follow, max-snippet:-1, max-image-preview:large, max-video-preview:-1\" \/>\n<link rel=\"canonical\" href=\"https:\/\/welovecinema.be\/fr\/anne-coesens-et-salome-richard-a-propos-de-foret-ivre-de-manon-coubia\/\" \/>\n<meta property=\"og:locale\" content=\"fr_FR\" \/>\n<meta property=\"og:type\" content=\"article\" \/>\n<meta property=\"og:title\" content=\"Anne Coesens et Salom\u00e9 Richard, \u00e0 propos de &quot;For\u00eat Ivre&quot; de Manon Coubia - We Love Cinema\" \/>\n<meta property=\"og:description\" content=\"Rencontre avec les com\u00e9diennes Anne Coesens et Salom\u00e9 Richard \u00e0 la veille de la pr\u00e9sentation \u00e0 la Berlinale dans la section Perspectives du premier long m\u00e9trage de Manon Coubia, For\u00eat Ivre.\" \/>\n<meta property=\"og:url\" content=\"https:\/\/welovecinema.be\/fr\/anne-coesens-et-salome-richard-a-propos-de-foret-ivre-de-manon-coubia\/\" \/>\n<meta property=\"og:site_name\" content=\"We Love Cinema\" \/>\n<meta property=\"article:publisher\" content=\"https:\/\/www.facebook.com\/welovecinema.be\" \/>\n<meta property=\"article:published_time\" content=\"2026-02-17T09:08:54+00:00\" \/>\n<meta property=\"og:image\" content=\"https:\/\/welovecinema.be\/wp-content\/uploads\/sites\/2\/2026\/02\/VignetteAnneSalome.jpg\" \/>\n\t<meta property=\"og:image:width\" content=\"1380\" \/>\n\t<meta property=\"og:image:height\" content=\"768\" \/>\n\t<meta property=\"og:image:type\" content=\"image\/jpeg\" \/>\n<meta name=\"author\" content=\"Aurore Engelen\" \/>\n<meta name=\"twitter:card\" content=\"summary_large_image\" \/>\n<meta name=\"twitter:label1\" content=\"\u00c9crit par\" \/>\n\t<meta name=\"twitter:data1\" content=\"Aurore Engelen\" \/>\n\t<meta name=\"twitter:label2\" content=\"Dur\u00e9e de lecture estim\u00e9e\" \/>\n\t<meta name=\"twitter:data2\" content=\"1 minute\" \/>\n<script type=\"application\/ld+json\" class=\"yoast-schema-graph\">{\"@context\":\"https:\/\/schema.org\",\"@graph\":[{\"@type\":\"Article\",\"@id\":\"https:\/\/welovecinema.be\/fr\/anne-coesens-et-salome-richard-a-propos-de-foret-ivre-de-manon-coubia\/#article\",\"isPartOf\":{\"@id\":\"https:\/\/welovecinema.be\/fr\/anne-coesens-et-salome-richard-a-propos-de-foret-ivre-de-manon-coubia\/\"},\"author\":{\"name\":\"Aurore Engelen\",\"@id\":\"https:\/\/welovecinema.be\/nl\/#\/schema\/person\/8084b68c6b176142d073695c654dc7cf\"},\"headline\":\"Anne Coesens et Salom\u00e9 Richard, \u00e0 propos de \u00ab\u00a0For\u00eat Ivre\u00a0\u00bb de Manon Coubia\",\"datePublished\":\"2026-02-17T09:08:54+00:00\",\"dateModified\":\"2026-02-17T09:08:54+00:00\",\"mainEntityOfPage\":{\"@id\":\"https:\/\/welovecinema.be\/fr\/anne-coesens-et-salome-richard-a-propos-de-foret-ivre-de-manon-coubia\/\"},\"wordCount\":46,\"publisher\":{\"@id\":\"https:\/\/welovecinema.be\/nl\/#organization\"},\"articleSection\":[\"\u00a0We Love Belgian Cinema\",\"A la une\",\"Evenements\",\"Rencontres\"],\"inLanguage\":\"fr-FR\"},{\"@type\":\"WebPage\",\"@id\":\"https:\/\/welovecinema.be\/fr\/anne-coesens-et-salome-richard-a-propos-de-foret-ivre-de-manon-coubia\/\",\"url\":\"https:\/\/welovecinema.be\/fr\/anne-coesens-et-salome-richard-a-propos-de-foret-ivre-de-manon-coubia\/\",\"name\":\"Anne Coesens et Salom\u00e9 Richard, \u00e0 propos de \\\"For\u00eat Ivre\\\" de Manon Coubia - We Love Cinema\",\"isPartOf\":{\"@id\":\"https:\/\/welovecinema.be\/nl\/#website\"},\"datePublished\":\"2026-02-17T09:08:54+00:00\",\"dateModified\":\"2026-02-17T09:08:54+00:00\",\"breadcrumb\":{\"@id\":\"https:\/\/welovecinema.be\/fr\/anne-coesens-et-salome-richard-a-propos-de-foret-ivre-de-manon-coubia\/#breadcrumb\"},\"inLanguage\":\"fr-FR\",\"potentialAction\":[{\"@type\":\"ReadAction\",\"target\":[\"https:\/\/welovecinema.be\/fr\/anne-coesens-et-salome-richard-a-propos-de-foret-ivre-de-manon-coubia\/\"]}]},{\"@type\":\"BreadcrumbList\",\"@id\":\"https:\/\/welovecinema.be\/fr\/anne-coesens-et-salome-richard-a-propos-de-foret-ivre-de-manon-coubia\/#breadcrumb\",\"itemListElement\":[{\"@type\":\"ListItem\",\"position\":1,\"name\":\"Accueil\",\"item\":\"https:\/\/welovecinema.be\/fr\/\"},{\"@type\":\"ListItem\",\"position\":2,\"name\":\"Anne Coesens et Salom\u00e9 Richard, \u00e0 propos de \u00ab\u00a0For\u00eat Ivre\u00a0\u00bb de Manon Coubia\"}]},{\"@type\":\"WebSite\",\"@id\":\"https:\/\/welovecinema.be\/nl\/#website\",\"url\":\"https:\/\/welovecinema.be\/nl\/\",\"name\":\"We Love Cinema\",\"description\":\"Toute l\u2019information du cin\u00e9ma en Belgique\",\"publisher\":{\"@id\":\"https:\/\/welovecinema.be\/nl\/#organization\"},\"potentialAction\":[{\"@type\":\"SearchAction\",\"target\":{\"@type\":\"EntryPoint\",\"urlTemplate\":\"https:\/\/welovecinema.be\/nl\/?s={search_term_string}\"},\"query-input\":\"required name=search_term_string\"}],\"inLanguage\":\"fr-FR\"},{\"@type\":\"Organization\",\"@id\":\"https:\/\/welovecinema.be\/nl\/#organization\",\"name\":\"We Love Cinema\",\"url\":\"https:\/\/welovecinema.be\/nl\/\",\"logo\":{\"@type\":\"ImageObject\",\"inLanguage\":\"fr-FR\",\"@id\":\"https:\/\/welovecinema.be\/nl\/#\/schema\/logo\/image\/\",\"url\":\"https:\/\/welovecinema.be\/wp-content\/uploads\/sites\/2\/2023\/03\/Logo-We-Love-Cinema305x128.jpg\",\"contentUrl\":\"https:\/\/welovecinema.be\/wp-content\/uploads\/sites\/2\/2023\/03\/Logo-We-Love-Cinema305x128.jpg\",\"width\":305,\"height\":128,\"caption\":\"We Love Cinema\"},\"image\":{\"@id\":\"https:\/\/welovecinema.be\/nl\/#\/schema\/logo\/image\/\"},\"sameAs\":[\"https:\/\/www.facebook.com\/welovecinema.be\",\"https:\/\/www.youtube.com\/channel\/UCX5LYGVhnKvYauW4Nta4HJA\",\"https:\/\/www.instagram.com\/welovecinema.be\/\"]},{\"@type\":\"Person\",\"@id\":\"https:\/\/welovecinema.be\/nl\/#\/schema\/person\/8084b68c6b176142d073695c654dc7cf\",\"name\":\"Aurore Engelen\",\"url\":\"https:\/\/welovecinema.be\/fr\/author\/aurore-engelen\/\"}]}<\/script>\n<!-- \/ Yoast SEO plugin. -->","yoast_head_json":{"title":"Anne Coesens et Salom\u00e9 Richard, \u00e0 propos de \"For\u00eat Ivre\" de Manon Coubia - We Love Cinema","robots":{"index":"index","follow":"follow","max-snippet":"max-snippet:-1","max-image-preview":"max-image-preview:large","max-video-preview":"max-video-preview:-1"},"canonical":"https:\/\/welovecinema.be\/fr\/anne-coesens-et-salome-richard-a-propos-de-foret-ivre-de-manon-coubia\/","og_locale":"fr_FR","og_type":"article","og_title":"Anne Coesens et Salom\u00e9 Richard, \u00e0 propos de \"For\u00eat Ivre\" de Manon Coubia - We Love Cinema","og_description":"Rencontre avec les com\u00e9diennes Anne Coesens et Salom\u00e9 Richard \u00e0 la veille de la pr\u00e9sentation \u00e0 la Berlinale dans la section Perspectives du premier long m\u00e9trage de Manon Coubia, For\u00eat Ivre.","og_url":"https:\/\/welovecinema.be\/fr\/anne-coesens-et-salome-richard-a-propos-de-foret-ivre-de-manon-coubia\/","og_site_name":"We Love Cinema","article_publisher":"https:\/\/www.facebook.com\/welovecinema.be","article_published_time":"2026-02-17T09:08:54+00:00","og_image":[{"width":1380,"height":768,"url":"https:\/\/welovecinema.be\/wp-content\/uploads\/sites\/2\/2026\/02\/VignetteAnneSalome.jpg","type":"image\/jpeg"}],"author":"Aurore Engelen","twitter_card":"summary_large_image","twitter_misc":{"\u00c9crit par":"Aurore Engelen","Dur\u00e9e de lecture estim\u00e9e":"1 minute"},"schema":{"@context":"https:\/\/schema.org","@graph":[{"@type":"Article","@id":"https:\/\/welovecinema.be\/fr\/anne-coesens-et-salome-richard-a-propos-de-foret-ivre-de-manon-coubia\/#article","isPartOf":{"@id":"https:\/\/welovecinema.be\/fr\/anne-coesens-et-salome-richard-a-propos-de-foret-ivre-de-manon-coubia\/"},"author":{"name":"Aurore Engelen","@id":"https:\/\/welovecinema.be\/nl\/#\/schema\/person\/8084b68c6b176142d073695c654dc7cf"},"headline":"Anne Coesens et Salom\u00e9 Richard, \u00e0 propos de \u00ab\u00a0For\u00eat Ivre\u00a0\u00bb de Manon Coubia","datePublished":"2026-02-17T09:08:54+00:00","dateModified":"2026-02-17T09:08:54+00:00","mainEntityOfPage":{"@id":"https:\/\/welovecinema.be\/fr\/anne-coesens-et-salome-richard-a-propos-de-foret-ivre-de-manon-coubia\/"},"wordCount":46,"publisher":{"@id":"https:\/\/welovecinema.be\/nl\/#organization"},"articleSection":["\u00a0We Love Belgian Cinema","A la une","Evenements","Rencontres"],"inLanguage":"fr-FR"},{"@type":"WebPage","@id":"https:\/\/welovecinema.be\/fr\/anne-coesens-et-salome-richard-a-propos-de-foret-ivre-de-manon-coubia\/","url":"https:\/\/welovecinema.be\/fr\/anne-coesens-et-salome-richard-a-propos-de-foret-ivre-de-manon-coubia\/","name":"Anne Coesens et Salom\u00e9 Richard, \u00e0 propos de \"For\u00eat Ivre\" de Manon Coubia - We Love Cinema","isPartOf":{"@id":"https:\/\/welovecinema.be\/nl\/#website"},"datePublished":"2026-02-17T09:08:54+00:00","dateModified":"2026-02-17T09:08:54+00:00","breadcrumb":{"@id":"https:\/\/welovecinema.be\/fr\/anne-coesens-et-salome-richard-a-propos-de-foret-ivre-de-manon-coubia\/#breadcrumb"},"inLanguage":"fr-FR","potentialAction":[{"@type":"ReadAction","target":["https:\/\/welovecinema.be\/fr\/anne-coesens-et-salome-richard-a-propos-de-foret-ivre-de-manon-coubia\/"]}]},{"@type":"BreadcrumbList","@id":"https:\/\/welovecinema.be\/fr\/anne-coesens-et-salome-richard-a-propos-de-foret-ivre-de-manon-coubia\/#breadcrumb","itemListElement":[{"@type":"ListItem","position":1,"name":"Accueil","item":"https:\/\/welovecinema.be\/fr\/"},{"@type":"ListItem","position":2,"name":"Anne Coesens et Salom\u00e9 Richard, \u00e0 propos de \u00ab\u00a0For\u00eat Ivre\u00a0\u00bb de Manon Coubia"}]},{"@type":"WebSite","@id":"https:\/\/welovecinema.be\/nl\/#website","url":"https:\/\/welovecinema.be\/nl\/","name":"We Love Cinema","description":"Toute l\u2019information du cin\u00e9ma en Belgique","publisher":{"@id":"https:\/\/welovecinema.be\/nl\/#organization"},"potentialAction":[{"@type":"SearchAction","target":{"@type":"EntryPoint","urlTemplate":"https:\/\/welovecinema.be\/nl\/?s={search_term_string}"},"query-input":"required name=search_term_string"}],"inLanguage":"fr-FR"},{"@type":"Organization","@id":"https:\/\/welovecinema.be\/nl\/#organization","name":"We Love Cinema","url":"https:\/\/welovecinema.be\/nl\/","logo":{"@type":"ImageObject","inLanguage":"fr-FR","@id":"https:\/\/welovecinema.be\/nl\/#\/schema\/logo\/image\/","url":"https:\/\/welovecinema.be\/wp-content\/uploads\/sites\/2\/2023\/03\/Logo-We-Love-Cinema305x128.jpg","contentUrl":"https:\/\/welovecinema.be\/wp-content\/uploads\/sites\/2\/2023\/03\/Logo-We-Love-Cinema305x128.jpg","width":305,"height":128,"caption":"We Love Cinema"},"image":{"@id":"https:\/\/welovecinema.be\/nl\/#\/schema\/logo\/image\/"},"sameAs":["https:\/\/www.facebook.com\/welovecinema.be","https:\/\/www.youtube.com\/channel\/UCX5LYGVhnKvYauW4Nta4HJA","https:\/\/www.instagram.com\/welovecinema.be\/"]},{"@type":"Person","@id":"https:\/\/welovecinema.be\/nl\/#\/schema\/person\/8084b68c6b176142d073695c654dc7cf","name":"Aurore Engelen","url":"https:\/\/welovecinema.be\/fr\/author\/aurore-engelen\/"}]}},"_links":{"self":[{"href":"https:\/\/welovecinema.be\/fr\/wp-json\/wp\/v2\/posts\/270268","targetHints":{"allow":["GET"]}}],"collection":[{"href":"https:\/\/welovecinema.be\/fr\/wp-json\/wp\/v2\/posts"}],"about":[{"href":"https:\/\/welovecinema.be\/fr\/wp-json\/wp\/v2\/types\/post"}],"author":[{"embeddable":true,"href":"https:\/\/welovecinema.be\/fr\/wp-json\/wp\/v2\/users\/343"}],"replies":[{"embeddable":true,"href":"https:\/\/welovecinema.be\/fr\/wp-json\/wp\/v2\/comments?post=270268"}],"version-history":[{"count":1,"href":"https:\/\/welovecinema.be\/fr\/wp-json\/wp\/v2\/posts\/270268\/revisions"}],"predecessor-version":[{"id":270271,"href":"https:\/\/welovecinema.be\/fr\/wp-json\/wp\/v2\/posts\/270268\/revisions\/270271"}],"wp:featuredmedia":[{"embeddable":true,"href":"https:\/\/welovecinema.be\/fr\/wp-json\/wp\/v2\/media\/270269"}],"wp:attachment":[{"href":"https:\/\/welovecinema.be\/fr\/wp-json\/wp\/v2\/media?parent=270268"}],"wp:term":[{"taxonomy":"category","embeddable":true,"href":"https:\/\/welovecinema.be\/fr\/wp-json\/wp\/v2\/categories?post=270268"},{"taxonomy":"post_tag","embeddable":true,"href":"https:\/\/welovecinema.be\/fr\/wp-json\/wp\/v2\/tags?post=270268"}],"curies":[{"name":"wp","href":"https:\/\/api.w.org\/{rel}","templated":true}]}}