{"id":269115,"date":"2025-11-24T12:08:31","date_gmt":"2025-11-24T11:08:31","guid":{"rendered":"https:\/\/welovecinema.be\/?p=269115"},"modified":"2025-11-24T12:08:31","modified_gmt":"2025-11-24T11:08:31","slug":"premieres-neiges-et-premier-film-pour-les-tous-petits","status":"publish","type":"post","link":"https:\/\/welovecinema.be\/fr\/premieres-neiges-et-premier-film-pour-les-tous-petits\/","title":{"rendered":"\u00ab\u00a0Premi\u00e8res Neiges\u00a0\u00bb, et premier film pour les tous petits!"},"content":{"rendered":"<p>Ce mercredi 26 novembre sortira dans les salles belges Premi\u00e8res Neiges, collection de courts m\u00e9trages destin\u00e9e aux tous petits, l&rsquo;occasion peut-\u00eatre pour certain\u00b7es de voir leur premier film sur grand \u00e9cran!<\/p>\n<p>Autour d&rsquo;une th\u00e9matique bien identifi\u00e9e, aussi magique que magn\u00e9tique pour les enfants, se d\u00e9ploie une collection de petits films anim\u00e9s qui abordent la question sous diff\u00e9rentes angles, dans diff\u00e9rents styles, avec m\u00eame, fait rare dans ce type de programme, un petit sujet documentaire. Des souvenirs d&rsquo;enfants, pour les enfants. La neige n\u2019a pas son pareil pour faire des merveilles. Elle invite au jeu, bien s\u00fbr, mais aussi \u00e0 la r\u00eaverie, au fantastique, \u00e0 l\u2019observation et \u00e0 la d\u00e9couverte. Plaisir du toucher, sensation de froid, le blanc envahit l\u2019\u00e9cran. Ce programme, entre fictions, imaginaires et t\u00e9moignages documentaires, raconte \u00e0 hauteur d\u2019enfants leurs premi\u00e8res neiges\u2026<\/p>\n<p>Premi\u00e8res neiges est un programme produit par Arnaud Demuynck, sp\u00e9cialiste reconnu de l&rsquo;animation \u00e0 destination des jeunes publics, cr\u00e9ateur notamment de la Chouette du Cin\u00e9ma, et r\u00e9alisateur du conte musical anim\u00e9 Yuku et la Fleur de l&rsquo;Himalaya. Le programme r\u00e9unit 7 petits films: trois film de Pascale Hecquet, Bain de neige en Norv\u00e8ge, La Grande de No\u00eblle, De la cr\u00e8rme solaire en hiver, et Raconte-moi l&rsquo;hiver, ainsi que Bonhommes de Cecilia Marreiros-Marum, Esquisses sur glace de Marion Auvin, et Trouv\u00e9 de Juliette Bailly.<\/p>\n<p>A voir en famille!<\/p>\n<div class=\"cast\">\n<div class=\"casttable\"><\/div>\n<\/div>\n","protected":false},"excerpt":{"rendered":"<p>Ce mercredi 26 novembre sortira dans les salles belges Premi\u00e8res Neiges, collection de courts m\u00e9trages destin\u00e9e aux tous petits, l&rsquo;occasion peut-\u00eatre pour certain\u00b7es de voir leur premier film sur grand \u00e9cran! Autour d&rsquo;une th\u00e9matique bien identifi\u00e9e, aussi magique que magn\u00e9tique pour les enfants, se d\u00e9ploie une collection de petits films anim\u00e9s qui abordent la question &hellip;<\/p>\n","protected":false},"author":343,"featured_media":269116,"comment_status":"closed","ping_status":"closed","sticky":false,"template":"","format":"standard","meta":{"ngg_post_thumbnail":0,"footnotes":""},"categories":[7134,10,1926,12],"tags":[],"class_list":["post-269115","post","type-post","status-publish","format-standard","has-post-thumbnail","","category-we-love-belgian-cinema","category-a-l-affiche","category-a-la-une","category-awards"],"yoast_head":"<!-- This site is optimized with the Yoast SEO plugin v20.4 - https:\/\/yoast.com\/wordpress\/plugins\/seo\/ -->\n<title>&quot;Premi\u00e8res Neiges&quot;, et premier film pour les tous petits! - We Love Cinema<\/title>\n<meta name=\"robots\" content=\"index, follow, max-snippet:-1, max-image-preview:large, max-video-preview:-1\" \/>\n<link rel=\"canonical\" href=\"https:\/\/welovecinema.be\/fr\/premieres-neiges-et-premier-film-pour-les-tous-petits\/\" \/>\n<meta property=\"og:locale\" content=\"fr_FR\" \/>\n<meta property=\"og:type\" content=\"article\" \/>\n<meta property=\"og:title\" content=\"&quot;Premi\u00e8res Neiges&quot;, et premier film pour les tous petits! - We Love Cinema\" \/>\n<meta property=\"og:description\" content=\"Ce mercredi 26 novembre sortira dans les salles belges Premi\u00e8res Neiges, collection de courts m\u00e9trages destin\u00e9e aux tous petits, l&rsquo;occasion peut-\u00eatre pour certain\u00b7es de voir leur premier film sur grand \u00e9cran! Autour d&rsquo;une th\u00e9matique bien identifi\u00e9e, aussi magique que magn\u00e9tique pour les enfants, se d\u00e9ploie une collection de petits films anim\u00e9s qui abordent la question &hellip;\" \/>\n<meta property=\"og:url\" content=\"https:\/\/welovecinema.be\/fr\/premieres-neiges-et-premier-film-pour-les-tous-petits\/\" \/>\n<meta property=\"og:site_name\" content=\"We Love Cinema\" \/>\n<meta property=\"article:publisher\" content=\"https:\/\/www.facebook.com\/welovecinema.be\" \/>\n<meta property=\"article:published_time\" content=\"2025-11-24T11:08:31+00:00\" \/>\n<meta property=\"og:image\" content=\"https:\/\/welovecinema.be\/wp-content\/uploads\/sites\/2\/2025\/11\/premieres_neiges_3.jpeg\" \/>\n\t<meta property=\"og:image:width\" content=\"1200\" \/>\n\t<meta property=\"og:image:height\" content=\"675\" \/>\n\t<meta property=\"og:image:type\" content=\"image\/jpeg\" \/>\n<meta name=\"author\" content=\"Aurore Engelen\" \/>\n<meta name=\"twitter:card\" content=\"summary_large_image\" \/>\n<meta name=\"twitter:label1\" content=\"\u00c9crit par\" \/>\n\t<meta name=\"twitter:data1\" content=\"Aurore Engelen\" \/>\n\t<meta name=\"twitter:label2\" content=\"Dur\u00e9e de lecture estim\u00e9e\" \/>\n\t<meta name=\"twitter:data2\" content=\"2 minutes\" \/>\n<script type=\"application\/ld+json\" class=\"yoast-schema-graph\">{\"@context\":\"https:\/\/schema.org\",\"@graph\":[{\"@type\":\"Article\",\"@id\":\"https:\/\/welovecinema.be\/fr\/premieres-neiges-et-premier-film-pour-les-tous-petits\/#article\",\"isPartOf\":{\"@id\":\"https:\/\/welovecinema.be\/fr\/premieres-neiges-et-premier-film-pour-les-tous-petits\/\"},\"author\":{\"name\":\"Aurore Engelen\",\"@id\":\"https:\/\/welovecinema.be\/nl\/#\/schema\/person\/8084b68c6b176142d073695c654dc7cf\"},\"headline\":\"\u00ab\u00a0Premi\u00e8res Neiges\u00a0\u00bb, et premier film pour les tous petits!\",\"datePublished\":\"2025-11-24T11:08:31+00:00\",\"dateModified\":\"2025-11-24T11:08:31+00:00\",\"mainEntityOfPage\":{\"@id\":\"https:\/\/welovecinema.be\/fr\/premieres-neiges-et-premier-film-pour-les-tous-petits\/\"},\"wordCount\":261,\"publisher\":{\"@id\":\"https:\/\/welovecinema.be\/nl\/#organization\"},\"articleSection\":[\"\u00a0We Love Belgian Cinema\",\"A l'affiche\",\"A la une\",\"Evenements\"],\"inLanguage\":\"fr-FR\"},{\"@type\":\"WebPage\",\"@id\":\"https:\/\/welovecinema.be\/fr\/premieres-neiges-et-premier-film-pour-les-tous-petits\/\",\"url\":\"https:\/\/welovecinema.be\/fr\/premieres-neiges-et-premier-film-pour-les-tous-petits\/\",\"name\":\"\\\"Premi\u00e8res Neiges\\\", et premier film pour les tous petits! - We Love Cinema\",\"isPartOf\":{\"@id\":\"https:\/\/welovecinema.be\/nl\/#website\"},\"datePublished\":\"2025-11-24T11:08:31+00:00\",\"dateModified\":\"2025-11-24T11:08:31+00:00\",\"breadcrumb\":{\"@id\":\"https:\/\/welovecinema.be\/fr\/premieres-neiges-et-premier-film-pour-les-tous-petits\/#breadcrumb\"},\"inLanguage\":\"fr-FR\",\"potentialAction\":[{\"@type\":\"ReadAction\",\"target\":[\"https:\/\/welovecinema.be\/fr\/premieres-neiges-et-premier-film-pour-les-tous-petits\/\"]}]},{\"@type\":\"BreadcrumbList\",\"@id\":\"https:\/\/welovecinema.be\/fr\/premieres-neiges-et-premier-film-pour-les-tous-petits\/#breadcrumb\",\"itemListElement\":[{\"@type\":\"ListItem\",\"position\":1,\"name\":\"Accueil\",\"item\":\"https:\/\/welovecinema.be\/fr\/\"},{\"@type\":\"ListItem\",\"position\":2,\"name\":\"\u00ab\u00a0Premi\u00e8res Neiges\u00a0\u00bb, et premier film pour les tous petits!\"}]},{\"@type\":\"WebSite\",\"@id\":\"https:\/\/welovecinema.be\/nl\/#website\",\"url\":\"https:\/\/welovecinema.be\/nl\/\",\"name\":\"We Love Cinema\",\"description\":\"Toute l\u2019information du cin\u00e9ma en Belgique\",\"publisher\":{\"@id\":\"https:\/\/welovecinema.be\/nl\/#organization\"},\"potentialAction\":[{\"@type\":\"SearchAction\",\"target\":{\"@type\":\"EntryPoint\",\"urlTemplate\":\"https:\/\/welovecinema.be\/nl\/?s={search_term_string}\"},\"query-input\":\"required name=search_term_string\"}],\"inLanguage\":\"fr-FR\"},{\"@type\":\"Organization\",\"@id\":\"https:\/\/welovecinema.be\/nl\/#organization\",\"name\":\"We Love Cinema\",\"url\":\"https:\/\/welovecinema.be\/nl\/\",\"logo\":{\"@type\":\"ImageObject\",\"inLanguage\":\"fr-FR\",\"@id\":\"https:\/\/welovecinema.be\/nl\/#\/schema\/logo\/image\/\",\"url\":\"https:\/\/welovecinema.be\/wp-content\/uploads\/sites\/2\/2023\/03\/Logo-We-Love-Cinema305x128.jpg\",\"contentUrl\":\"https:\/\/welovecinema.be\/wp-content\/uploads\/sites\/2\/2023\/03\/Logo-We-Love-Cinema305x128.jpg\",\"width\":305,\"height\":128,\"caption\":\"We Love Cinema\"},\"image\":{\"@id\":\"https:\/\/welovecinema.be\/nl\/#\/schema\/logo\/image\/\"},\"sameAs\":[\"https:\/\/www.facebook.com\/welovecinema.be\",\"https:\/\/www.youtube.com\/channel\/UCX5LYGVhnKvYauW4Nta4HJA\",\"https:\/\/www.instagram.com\/welovecinema.be\/\"]},{\"@type\":\"Person\",\"@id\":\"https:\/\/welovecinema.be\/nl\/#\/schema\/person\/8084b68c6b176142d073695c654dc7cf\",\"name\":\"Aurore Engelen\",\"url\":\"https:\/\/welovecinema.be\/fr\/author\/aurore-engelen\/\"}]}<\/script>\n<!-- \/ Yoast SEO plugin. -->","yoast_head_json":{"title":"\"Premi\u00e8res Neiges\", et premier film pour les tous petits! - We Love Cinema","robots":{"index":"index","follow":"follow","max-snippet":"max-snippet:-1","max-image-preview":"max-image-preview:large","max-video-preview":"max-video-preview:-1"},"canonical":"https:\/\/welovecinema.be\/fr\/premieres-neiges-et-premier-film-pour-les-tous-petits\/","og_locale":"fr_FR","og_type":"article","og_title":"\"Premi\u00e8res Neiges\", et premier film pour les tous petits! - We Love Cinema","og_description":"Ce mercredi 26 novembre sortira dans les salles belges Premi\u00e8res Neiges, collection de courts m\u00e9trages destin\u00e9e aux tous petits, l&rsquo;occasion peut-\u00eatre pour certain\u00b7es de voir leur premier film sur grand \u00e9cran! Autour d&rsquo;une th\u00e9matique bien identifi\u00e9e, aussi magique que magn\u00e9tique pour les enfants, se d\u00e9ploie une collection de petits films anim\u00e9s qui abordent la question &hellip;","og_url":"https:\/\/welovecinema.be\/fr\/premieres-neiges-et-premier-film-pour-les-tous-petits\/","og_site_name":"We Love Cinema","article_publisher":"https:\/\/www.facebook.com\/welovecinema.be","article_published_time":"2025-11-24T11:08:31+00:00","og_image":[{"width":1200,"height":675,"url":"https:\/\/welovecinema.be\/wp-content\/uploads\/sites\/2\/2025\/11\/premieres_neiges_3.jpeg","type":"image\/jpeg"}],"author":"Aurore Engelen","twitter_card":"summary_large_image","twitter_misc":{"\u00c9crit par":"Aurore Engelen","Dur\u00e9e de lecture estim\u00e9e":"2 minutes"},"schema":{"@context":"https:\/\/schema.org","@graph":[{"@type":"Article","@id":"https:\/\/welovecinema.be\/fr\/premieres-neiges-et-premier-film-pour-les-tous-petits\/#article","isPartOf":{"@id":"https:\/\/welovecinema.be\/fr\/premieres-neiges-et-premier-film-pour-les-tous-petits\/"},"author":{"name":"Aurore Engelen","@id":"https:\/\/welovecinema.be\/nl\/#\/schema\/person\/8084b68c6b176142d073695c654dc7cf"},"headline":"\u00ab\u00a0Premi\u00e8res Neiges\u00a0\u00bb, et premier film pour les tous petits!","datePublished":"2025-11-24T11:08:31+00:00","dateModified":"2025-11-24T11:08:31+00:00","mainEntityOfPage":{"@id":"https:\/\/welovecinema.be\/fr\/premieres-neiges-et-premier-film-pour-les-tous-petits\/"},"wordCount":261,"publisher":{"@id":"https:\/\/welovecinema.be\/nl\/#organization"},"articleSection":["\u00a0We Love Belgian Cinema","A l'affiche","A la une","Evenements"],"inLanguage":"fr-FR"},{"@type":"WebPage","@id":"https:\/\/welovecinema.be\/fr\/premieres-neiges-et-premier-film-pour-les-tous-petits\/","url":"https:\/\/welovecinema.be\/fr\/premieres-neiges-et-premier-film-pour-les-tous-petits\/","name":"\"Premi\u00e8res Neiges\", et premier film pour les tous petits! - We Love Cinema","isPartOf":{"@id":"https:\/\/welovecinema.be\/nl\/#website"},"datePublished":"2025-11-24T11:08:31+00:00","dateModified":"2025-11-24T11:08:31+00:00","breadcrumb":{"@id":"https:\/\/welovecinema.be\/fr\/premieres-neiges-et-premier-film-pour-les-tous-petits\/#breadcrumb"},"inLanguage":"fr-FR","potentialAction":[{"@type":"ReadAction","target":["https:\/\/welovecinema.be\/fr\/premieres-neiges-et-premier-film-pour-les-tous-petits\/"]}]},{"@type":"BreadcrumbList","@id":"https:\/\/welovecinema.be\/fr\/premieres-neiges-et-premier-film-pour-les-tous-petits\/#breadcrumb","itemListElement":[{"@type":"ListItem","position":1,"name":"Accueil","item":"https:\/\/welovecinema.be\/fr\/"},{"@type":"ListItem","position":2,"name":"\u00ab\u00a0Premi\u00e8res Neiges\u00a0\u00bb, et premier film pour les tous petits!"}]},{"@type":"WebSite","@id":"https:\/\/welovecinema.be\/nl\/#website","url":"https:\/\/welovecinema.be\/nl\/","name":"We Love Cinema","description":"Toute l\u2019information du cin\u00e9ma en Belgique","publisher":{"@id":"https:\/\/welovecinema.be\/nl\/#organization"},"potentialAction":[{"@type":"SearchAction","target":{"@type":"EntryPoint","urlTemplate":"https:\/\/welovecinema.be\/nl\/?s={search_term_string}"},"query-input":"required name=search_term_string"}],"inLanguage":"fr-FR"},{"@type":"Organization","@id":"https:\/\/welovecinema.be\/nl\/#organization","name":"We Love Cinema","url":"https:\/\/welovecinema.be\/nl\/","logo":{"@type":"ImageObject","inLanguage":"fr-FR","@id":"https:\/\/welovecinema.be\/nl\/#\/schema\/logo\/image\/","url":"https:\/\/welovecinema.be\/wp-content\/uploads\/sites\/2\/2023\/03\/Logo-We-Love-Cinema305x128.jpg","contentUrl":"https:\/\/welovecinema.be\/wp-content\/uploads\/sites\/2\/2023\/03\/Logo-We-Love-Cinema305x128.jpg","width":305,"height":128,"caption":"We Love Cinema"},"image":{"@id":"https:\/\/welovecinema.be\/nl\/#\/schema\/logo\/image\/"},"sameAs":["https:\/\/www.facebook.com\/welovecinema.be","https:\/\/www.youtube.com\/channel\/UCX5LYGVhnKvYauW4Nta4HJA","https:\/\/www.instagram.com\/welovecinema.be\/"]},{"@type":"Person","@id":"https:\/\/welovecinema.be\/nl\/#\/schema\/person\/8084b68c6b176142d073695c654dc7cf","name":"Aurore Engelen","url":"https:\/\/welovecinema.be\/fr\/author\/aurore-engelen\/"}]}},"_links":{"self":[{"href":"https:\/\/welovecinema.be\/fr\/wp-json\/wp\/v2\/posts\/269115","targetHints":{"allow":["GET"]}}],"collection":[{"href":"https:\/\/welovecinema.be\/fr\/wp-json\/wp\/v2\/posts"}],"about":[{"href":"https:\/\/welovecinema.be\/fr\/wp-json\/wp\/v2\/types\/post"}],"author":[{"embeddable":true,"href":"https:\/\/welovecinema.be\/fr\/wp-json\/wp\/v2\/users\/343"}],"replies":[{"embeddable":true,"href":"https:\/\/welovecinema.be\/fr\/wp-json\/wp\/v2\/comments?post=269115"}],"version-history":[{"count":2,"href":"https:\/\/welovecinema.be\/fr\/wp-json\/wp\/v2\/posts\/269115\/revisions"}],"predecessor-version":[{"id":269119,"href":"https:\/\/welovecinema.be\/fr\/wp-json\/wp\/v2\/posts\/269115\/revisions\/269119"}],"wp:featuredmedia":[{"embeddable":true,"href":"https:\/\/welovecinema.be\/fr\/wp-json\/wp\/v2\/media\/269116"}],"wp:attachment":[{"href":"https:\/\/welovecinema.be\/fr\/wp-json\/wp\/v2\/media?parent=269115"}],"wp:term":[{"taxonomy":"category","embeddable":true,"href":"https:\/\/welovecinema.be\/fr\/wp-json\/wp\/v2\/categories?post=269115"},{"taxonomy":"post_tag","embeddable":true,"href":"https:\/\/welovecinema.be\/fr\/wp-json\/wp\/v2\/tags?post=269115"}],"curies":[{"name":"wp","href":"https:\/\/api.w.org\/{rel}","templated":true}]}}