{"id":268231,"date":"2026-03-16T13:12:04","date_gmt":"2026-03-16T12:12:04","guid":{"rendered":"https:\/\/welovecinema.be\/?p=268231"},"modified":"2026-03-17T15:49:14","modified_gmt":"2026-03-17T14:49:14","slug":"tetes-brulees-pleurer-un-frere","status":"publish","type":"post","link":"https:\/\/welovecinema.be\/fr\/tetes-brulees-pleurer-un-frere\/","title":{"rendered":"\u00ab\u00a0T\u00eates br\u00fbl\u00e9es\u00a0\u00bb, pleurer un fr\u00e8re"},"content":{"rendered":"<p class=\"p1\"><b>Dans <em>T\u00eates br\u00fbl\u00e9es<\/em>, qui sortira dans les salles belges ce mercredi 18 mars, Maja-Ajmia Yde Zellama s\u2019int\u00e9resse \u00e0 la fa\u00e7on dont une enfant traverse le deuil douloureux de son grand fr\u00e8re<\/b><\/p>\n<p class=\"p1\"><i>T\u00eates Br\u00fbl\u00e9es<\/i> de Maja-Ajmia Yde Zellama, d\u00e9voil\u00e9 en f\u00e9vrier \u00e0 la Berlinale, o\u00f9 le film a re\u00e7u une Mention sp\u00e9ciale du Jury, <i><\/i> dresse le portrait d\u2019Eya, une jeune fille de 12 ans qui grandit dans une famille bruxelloise d\u2019origine tunisienne, choy\u00e9e par ses proches, et en particulier par son grand fr\u00e8re Youn\u00e8s\u00a0 avec lequel elle a d\u00e9velopp\u00e9 une tendre complicit\u00e9. Il l\u2019accompagne au lyc\u00e9e, l\u2019encourage \u00e0 faire ses devoirs, et partage avec bienveillance son quotidien, \u00e0 tel point qu\u2019Eya est une v\u00e9ritable mascotte pour son groupe d\u2019amis, qui veillent sur elle comme sur leur propre petite soeur, s\u2019enthousiasment pour ses chor\u00e9graphies TikTok, et l\u2019aident \u00e0 pr\u00e9parer ses expos\u00e9s de n\u00e9erlandais. Pour Eya, la vie a le go\u00fbt et l\u2019insouciance de l\u2019enfance. Jusqu\u2019\u00e0 la d\u00e9flagration. Un soir de liesse, \u00e0 l\u2019issue d\u2019un match de foot entre le Maroc et la France, Youn\u00e8s tombe, victime d\u2019un accident, une balle qui ne lui \u00e9tait pas destin\u00e9e.<\/p>\n<p class=\"p1\">Assise \u00e0 l\u2019arri\u00e8re de la voiture conduite par les amis de son fr\u00e8re, Eya pleure en silence\u2026 C\u2019est tout un processus de deuil qui se met en place pour la jeune fille, et autour d\u2019elle. Les rites fun\u00e9raires s\u2019organisent, dans un immense \u00e9lan de solidarit\u00e9. Maja-Ajmia Yde Zellam prend le temps d\u2019exposer ce moment si fragile, o\u00f9 la vie continue malgr\u00e9 la mort. Dans la maison soudain surpeupl\u00e9e d\u2019Eya o\u00f9 se relaient la famille et les proches, les voisins, les membres de la communaut\u00e9 qui apportent leur soutien aux parents, fr\u00e8re et soeurs endeuill\u00e9s, la foi a un pouvoir consolateur, tout comme la musique, les danses d\u2019Eya, mais aussi dans une magnifique sc\u00e8ne qui leur donne toute leur place les chants religieux, dans toute leur beaut\u00e9 et leur solennit\u00e9. <i>T\u00eates Br\u00fbl\u00e9es<\/i> est un film de peu de mots, mais beaucoup de gestes, de mains qui se tendent et de bras qui vous serrent et vous consolent. La jeune cin\u00e9aste, en concentrant son regard sur Eya, en captant son \u00e9nergie d\u2019enfant dans un monde de grands et un temps r\u00e9gi par les adultes, parvient \u00e0 saisir la force et la fragilit\u00e9 ces instants o\u00f9 la vie retrouve son chemin malgr\u00e9 le deuil. En l\u2019espace de quelques jours, Eya emprunte un chemin de r\u00e9silience. Ce n\u2019est pas un <em>coming-of-age<\/em> pr\u00e9coce vers l\u2019adolescence ou l\u2019\u00e2ge adulte que nous donne \u00e0 voir la r\u00e9alisatrice, mais plut\u00f4t une enfance dont l\u2019\u00e9quilibre est bouscul\u00e9, et qui va r\u00e9sister avec ses propres armes, la sinc\u00e9rit\u00e9, la capacit\u00e9 \u00e0 chercher la joie l\u00e0 o\u00f9 elle se trouve, \u00e0 faire des beaux souvenirs une force et \u00e0 exercer sa cr\u00e9ativit\u00e9. A vivre ce deuil comme un chagrin \u00e0 jamais ancr\u00e9 dans son jeune coeur, mais aussi par la force des choses comme une exp\u00e9rience transformative.<\/p>\n<p class=\"p1\">\n","protected":false},"excerpt":{"rendered":"<p>Dans T\u00eates br\u00fbl\u00e9es, qui sortira dans les salles belges ce mercredi 18 mars, Maja-Ajmia Yde Zellama s\u2019int\u00e9resse \u00e0 la fa\u00e7on dont une enfant traverse le deuil douloureux de son grand fr\u00e8re T\u00eates Br\u00fbl\u00e9es de Maja-Ajmia Yde Zellama, d\u00e9voil\u00e9 en f\u00e9vrier \u00e0 la Berlinale, o\u00f9 le film a re\u00e7u une Mention sp\u00e9ciale du Jury, dresse le &hellip;<\/p>\n","protected":false},"author":343,"featured_media":264063,"comment_status":"closed","ping_status":"closed","sticky":false,"template":"","format":"standard","meta":{"ngg_post_thumbnail":0,"footnotes":""},"categories":[7134,10,1926,53,12],"tags":[],"class_list":["post-268231","post","type-post","status-publish","format-standard","has-post-thumbnail","","category-we-love-belgian-cinema","category-a-l-affiche","category-a-la-une","category-coming-soon","category-awards"],"yoast_head":"<!-- This site is optimized with the Yoast SEO plugin v20.4 - https:\/\/yoast.com\/wordpress\/plugins\/seo\/ -->\n<title>&quot;T\u00eates br\u00fbl\u00e9es&quot;, pleurer un fr\u00e8re - We Love Cinema<\/title>\n<meta name=\"robots\" content=\"index, follow, max-snippet:-1, max-image-preview:large, max-video-preview:-1\" \/>\n<link rel=\"canonical\" href=\"https:\/\/welovecinema.be\/fr\/tetes-brulees-pleurer-un-frere\/\" \/>\n<meta property=\"og:locale\" content=\"fr_FR\" \/>\n<meta property=\"og:type\" content=\"article\" \/>\n<meta property=\"og:title\" content=\"&quot;T\u00eates br\u00fbl\u00e9es&quot;, pleurer un fr\u00e8re - We Love Cinema\" \/>\n<meta property=\"og:description\" content=\"Dans T\u00eates br\u00fbl\u00e9es, qui sortira dans les salles belges ce mercredi 18 mars, Maja-Ajmia Yde Zellama s\u2019int\u00e9resse \u00e0 la fa\u00e7on dont une enfant traverse le deuil douloureux de son grand fr\u00e8re T\u00eates Br\u00fbl\u00e9es de Maja-Ajmia Yde Zellama, d\u00e9voil\u00e9 en f\u00e9vrier \u00e0 la Berlinale, o\u00f9 le film a re\u00e7u une Mention sp\u00e9ciale du Jury, dresse le &hellip;\" \/>\n<meta property=\"og:url\" content=\"https:\/\/welovecinema.be\/fr\/tetes-brulees-pleurer-un-frere\/\" \/>\n<meta property=\"og:site_name\" content=\"We Love Cinema\" \/>\n<meta property=\"article:publisher\" content=\"https:\/\/www.facebook.com\/welovecinema.be\" \/>\n<meta property=\"article:published_time\" content=\"2026-03-16T12:12:04+00:00\" \/>\n<meta property=\"article:modified_time\" content=\"2026-03-17T14:49:14+00:00\" \/>\n<meta property=\"og:image\" content=\"https:\/\/welovecinema.be\/wp-content\/uploads\/sites\/2\/2025\/02\/Tetes-brulees.jpg\" \/>\n\t<meta property=\"og:image:width\" content=\"600\" \/>\n\t<meta property=\"og:image:height\" content=\"400\" \/>\n\t<meta property=\"og:image:type\" content=\"image\/jpeg\" \/>\n<meta name=\"author\" content=\"Aurore Engelen\" \/>\n<meta name=\"twitter:card\" content=\"summary_large_image\" \/>\n<meta name=\"twitter:label1\" content=\"\u00c9crit par\" \/>\n\t<meta name=\"twitter:data1\" content=\"Aurore Engelen\" \/>\n\t<meta name=\"twitter:label2\" content=\"Dur\u00e9e de lecture estim\u00e9e\" \/>\n\t<meta name=\"twitter:data2\" content=\"3 minutes\" \/>\n<script type=\"application\/ld+json\" class=\"yoast-schema-graph\">{\"@context\":\"https:\/\/schema.org\",\"@graph\":[{\"@type\":\"Article\",\"@id\":\"https:\/\/welovecinema.be\/fr\/tetes-brulees-pleurer-un-frere\/#article\",\"isPartOf\":{\"@id\":\"https:\/\/welovecinema.be\/fr\/tetes-brulees-pleurer-un-frere\/\"},\"author\":{\"name\":\"Aurore Engelen\",\"@id\":\"https:\/\/welovecinema.be\/nl\/#\/schema\/person\/8084b68c6b176142d073695c654dc7cf\"},\"headline\":\"\u00ab\u00a0T\u00eates br\u00fbl\u00e9es\u00a0\u00bb, pleurer un fr\u00e8re\",\"datePublished\":\"2026-03-16T12:12:04+00:00\",\"dateModified\":\"2026-03-17T14:49:14+00:00\",\"mainEntityOfPage\":{\"@id\":\"https:\/\/welovecinema.be\/fr\/tetes-brulees-pleurer-un-frere\/\"},\"wordCount\":548,\"publisher\":{\"@id\":\"https:\/\/welovecinema.be\/nl\/#organization\"},\"articleSection\":[\"\u00a0We Love Belgian Cinema\",\"A l'affiche\",\"A la une\",\"Coming soon\",\"Evenements\"],\"inLanguage\":\"fr-FR\"},{\"@type\":\"WebPage\",\"@id\":\"https:\/\/welovecinema.be\/fr\/tetes-brulees-pleurer-un-frere\/\",\"url\":\"https:\/\/welovecinema.be\/fr\/tetes-brulees-pleurer-un-frere\/\",\"name\":\"\\\"T\u00eates br\u00fbl\u00e9es\\\", pleurer un fr\u00e8re - We Love Cinema\",\"isPartOf\":{\"@id\":\"https:\/\/welovecinema.be\/nl\/#website\"},\"datePublished\":\"2026-03-16T12:12:04+00:00\",\"dateModified\":\"2026-03-17T14:49:14+00:00\",\"breadcrumb\":{\"@id\":\"https:\/\/welovecinema.be\/fr\/tetes-brulees-pleurer-un-frere\/#breadcrumb\"},\"inLanguage\":\"fr-FR\",\"potentialAction\":[{\"@type\":\"ReadAction\",\"target\":[\"https:\/\/welovecinema.be\/fr\/tetes-brulees-pleurer-un-frere\/\"]}]},{\"@type\":\"BreadcrumbList\",\"@id\":\"https:\/\/welovecinema.be\/fr\/tetes-brulees-pleurer-un-frere\/#breadcrumb\",\"itemListElement\":[{\"@type\":\"ListItem\",\"position\":1,\"name\":\"Accueil\",\"item\":\"https:\/\/welovecinema.be\/fr\/\"},{\"@type\":\"ListItem\",\"position\":2,\"name\":\"\u00ab\u00a0T\u00eates br\u00fbl\u00e9es\u00a0\u00bb, pleurer un fr\u00e8re\"}]},{\"@type\":\"WebSite\",\"@id\":\"https:\/\/welovecinema.be\/nl\/#website\",\"url\":\"https:\/\/welovecinema.be\/nl\/\",\"name\":\"We Love Cinema\",\"description\":\"Toute l\u2019information du cin\u00e9ma en Belgique\",\"publisher\":{\"@id\":\"https:\/\/welovecinema.be\/nl\/#organization\"},\"potentialAction\":[{\"@type\":\"SearchAction\",\"target\":{\"@type\":\"EntryPoint\",\"urlTemplate\":\"https:\/\/welovecinema.be\/nl\/?s={search_term_string}\"},\"query-input\":\"required name=search_term_string\"}],\"inLanguage\":\"fr-FR\"},{\"@type\":\"Organization\",\"@id\":\"https:\/\/welovecinema.be\/nl\/#organization\",\"name\":\"We Love Cinema\",\"url\":\"https:\/\/welovecinema.be\/nl\/\",\"logo\":{\"@type\":\"ImageObject\",\"inLanguage\":\"fr-FR\",\"@id\":\"https:\/\/welovecinema.be\/nl\/#\/schema\/logo\/image\/\",\"url\":\"https:\/\/welovecinema.be\/wp-content\/uploads\/sites\/2\/2023\/03\/Logo-We-Love-Cinema305x128.jpg\",\"contentUrl\":\"https:\/\/welovecinema.be\/wp-content\/uploads\/sites\/2\/2023\/03\/Logo-We-Love-Cinema305x128.jpg\",\"width\":305,\"height\":128,\"caption\":\"We Love Cinema\"},\"image\":{\"@id\":\"https:\/\/welovecinema.be\/nl\/#\/schema\/logo\/image\/\"},\"sameAs\":[\"https:\/\/www.facebook.com\/welovecinema.be\",\"https:\/\/www.youtube.com\/channel\/UCX5LYGVhnKvYauW4Nta4HJA\",\"https:\/\/www.instagram.com\/welovecinema.be\/\"]},{\"@type\":\"Person\",\"@id\":\"https:\/\/welovecinema.be\/nl\/#\/schema\/person\/8084b68c6b176142d073695c654dc7cf\",\"name\":\"Aurore Engelen\",\"url\":\"https:\/\/welovecinema.be\/fr\/author\/aurore-engelen\/\"}]}<\/script>\n<!-- \/ Yoast SEO plugin. -->","yoast_head_json":{"title":"\"T\u00eates br\u00fbl\u00e9es\", pleurer un fr\u00e8re - We Love Cinema","robots":{"index":"index","follow":"follow","max-snippet":"max-snippet:-1","max-image-preview":"max-image-preview:large","max-video-preview":"max-video-preview:-1"},"canonical":"https:\/\/welovecinema.be\/fr\/tetes-brulees-pleurer-un-frere\/","og_locale":"fr_FR","og_type":"article","og_title":"\"T\u00eates br\u00fbl\u00e9es\", pleurer un fr\u00e8re - We Love Cinema","og_description":"Dans T\u00eates br\u00fbl\u00e9es, qui sortira dans les salles belges ce mercredi 18 mars, Maja-Ajmia Yde Zellama s\u2019int\u00e9resse \u00e0 la fa\u00e7on dont une enfant traverse le deuil douloureux de son grand fr\u00e8re T\u00eates Br\u00fbl\u00e9es de Maja-Ajmia Yde Zellama, d\u00e9voil\u00e9 en f\u00e9vrier \u00e0 la Berlinale, o\u00f9 le film a re\u00e7u une Mention sp\u00e9ciale du Jury, dresse le &hellip;","og_url":"https:\/\/welovecinema.be\/fr\/tetes-brulees-pleurer-un-frere\/","og_site_name":"We Love Cinema","article_publisher":"https:\/\/www.facebook.com\/welovecinema.be","article_published_time":"2026-03-16T12:12:04+00:00","article_modified_time":"2026-03-17T14:49:14+00:00","og_image":[{"width":600,"height":400,"url":"https:\/\/welovecinema.be\/wp-content\/uploads\/sites\/2\/2025\/02\/Tetes-brulees.jpg","type":"image\/jpeg"}],"author":"Aurore Engelen","twitter_card":"summary_large_image","twitter_misc":{"\u00c9crit par":"Aurore Engelen","Dur\u00e9e de lecture estim\u00e9e":"3 minutes"},"schema":{"@context":"https:\/\/schema.org","@graph":[{"@type":"Article","@id":"https:\/\/welovecinema.be\/fr\/tetes-brulees-pleurer-un-frere\/#article","isPartOf":{"@id":"https:\/\/welovecinema.be\/fr\/tetes-brulees-pleurer-un-frere\/"},"author":{"name":"Aurore Engelen","@id":"https:\/\/welovecinema.be\/nl\/#\/schema\/person\/8084b68c6b176142d073695c654dc7cf"},"headline":"\u00ab\u00a0T\u00eates br\u00fbl\u00e9es\u00a0\u00bb, pleurer un fr\u00e8re","datePublished":"2026-03-16T12:12:04+00:00","dateModified":"2026-03-17T14:49:14+00:00","mainEntityOfPage":{"@id":"https:\/\/welovecinema.be\/fr\/tetes-brulees-pleurer-un-frere\/"},"wordCount":548,"publisher":{"@id":"https:\/\/welovecinema.be\/nl\/#organization"},"articleSection":["\u00a0We Love Belgian Cinema","A l'affiche","A la une","Coming soon","Evenements"],"inLanguage":"fr-FR"},{"@type":"WebPage","@id":"https:\/\/welovecinema.be\/fr\/tetes-brulees-pleurer-un-frere\/","url":"https:\/\/welovecinema.be\/fr\/tetes-brulees-pleurer-un-frere\/","name":"\"T\u00eates br\u00fbl\u00e9es\", pleurer un fr\u00e8re - We Love Cinema","isPartOf":{"@id":"https:\/\/welovecinema.be\/nl\/#website"},"datePublished":"2026-03-16T12:12:04+00:00","dateModified":"2026-03-17T14:49:14+00:00","breadcrumb":{"@id":"https:\/\/welovecinema.be\/fr\/tetes-brulees-pleurer-un-frere\/#breadcrumb"},"inLanguage":"fr-FR","potentialAction":[{"@type":"ReadAction","target":["https:\/\/welovecinema.be\/fr\/tetes-brulees-pleurer-un-frere\/"]}]},{"@type":"BreadcrumbList","@id":"https:\/\/welovecinema.be\/fr\/tetes-brulees-pleurer-un-frere\/#breadcrumb","itemListElement":[{"@type":"ListItem","position":1,"name":"Accueil","item":"https:\/\/welovecinema.be\/fr\/"},{"@type":"ListItem","position":2,"name":"\u00ab\u00a0T\u00eates br\u00fbl\u00e9es\u00a0\u00bb, pleurer un fr\u00e8re"}]},{"@type":"WebSite","@id":"https:\/\/welovecinema.be\/nl\/#website","url":"https:\/\/welovecinema.be\/nl\/","name":"We Love Cinema","description":"Toute l\u2019information du cin\u00e9ma en Belgique","publisher":{"@id":"https:\/\/welovecinema.be\/nl\/#organization"},"potentialAction":[{"@type":"SearchAction","target":{"@type":"EntryPoint","urlTemplate":"https:\/\/welovecinema.be\/nl\/?s={search_term_string}"},"query-input":"required name=search_term_string"}],"inLanguage":"fr-FR"},{"@type":"Organization","@id":"https:\/\/welovecinema.be\/nl\/#organization","name":"We Love Cinema","url":"https:\/\/welovecinema.be\/nl\/","logo":{"@type":"ImageObject","inLanguage":"fr-FR","@id":"https:\/\/welovecinema.be\/nl\/#\/schema\/logo\/image\/","url":"https:\/\/welovecinema.be\/wp-content\/uploads\/sites\/2\/2023\/03\/Logo-We-Love-Cinema305x128.jpg","contentUrl":"https:\/\/welovecinema.be\/wp-content\/uploads\/sites\/2\/2023\/03\/Logo-We-Love-Cinema305x128.jpg","width":305,"height":128,"caption":"We Love Cinema"},"image":{"@id":"https:\/\/welovecinema.be\/nl\/#\/schema\/logo\/image\/"},"sameAs":["https:\/\/www.facebook.com\/welovecinema.be","https:\/\/www.youtube.com\/channel\/UCX5LYGVhnKvYauW4Nta4HJA","https:\/\/www.instagram.com\/welovecinema.be\/"]},{"@type":"Person","@id":"https:\/\/welovecinema.be\/nl\/#\/schema\/person\/8084b68c6b176142d073695c654dc7cf","name":"Aurore Engelen","url":"https:\/\/welovecinema.be\/fr\/author\/aurore-engelen\/"}]}},"_links":{"self":[{"href":"https:\/\/welovecinema.be\/fr\/wp-json\/wp\/v2\/posts\/268231","targetHints":{"allow":["GET"]}}],"collection":[{"href":"https:\/\/welovecinema.be\/fr\/wp-json\/wp\/v2\/posts"}],"about":[{"href":"https:\/\/welovecinema.be\/fr\/wp-json\/wp\/v2\/types\/post"}],"author":[{"embeddable":true,"href":"https:\/\/welovecinema.be\/fr\/wp-json\/wp\/v2\/users\/343"}],"replies":[{"embeddable":true,"href":"https:\/\/welovecinema.be\/fr\/wp-json\/wp\/v2\/comments?post=268231"}],"version-history":[{"count":2,"href":"https:\/\/welovecinema.be\/fr\/wp-json\/wp\/v2\/posts\/268231\/revisions"}],"predecessor-version":[{"id":270498,"href":"https:\/\/welovecinema.be\/fr\/wp-json\/wp\/v2\/posts\/268231\/revisions\/270498"}],"wp:featuredmedia":[{"embeddable":true,"href":"https:\/\/welovecinema.be\/fr\/wp-json\/wp\/v2\/media\/264063"}],"wp:attachment":[{"href":"https:\/\/welovecinema.be\/fr\/wp-json\/wp\/v2\/media?parent=268231"}],"wp:term":[{"taxonomy":"category","embeddable":true,"href":"https:\/\/welovecinema.be\/fr\/wp-json\/wp\/v2\/categories?post=268231"},{"taxonomy":"post_tag","embeddable":true,"href":"https:\/\/welovecinema.be\/fr\/wp-json\/wp\/v2\/tags?post=268231"}],"curies":[{"name":"wp","href":"https:\/\/api.w.org\/{rel}","templated":true}]}}