{"id":268163,"date":"2025-10-07T18:00:14","date_gmt":"2025-10-07T16:00:14","guid":{"rendered":"https:\/\/welovecinema.be\/?p=268163"},"modified":"2025-10-07T18:00:14","modified_gmt":"2025-10-07T16:00:14","slug":"linteret-dadam-thriller-humain","status":"publish","type":"post","link":"https:\/\/welovecinema.be\/fr\/linteret-dadam-thriller-humain\/","title":{"rendered":"\u00ab\u00a0L&rsquo;Int\u00e9r\u00eat d&rsquo;Adam\u00a0\u00bb: thriller humain"},"content":{"rendered":"<p class=\"p1\"><b>Laura Wandel pr\u00e9sente ce jeudi en avant-premi\u00e8re belge au Festival de Gand son deuxi\u00e8me long m\u00e9trage, \u00ab\u00a0<\/b><b><i>L\u2019Int\u00e9r\u00eat d\u2019Adam\u00a0\u00bb<\/i><\/b><b>, portrait visc\u00e9ral d\u2019un infirmi\u00e8re qui lutte sans rel\u00e2che contre l\u2019impuissance que lui conf\u00e8re l\u2019institution, d\u00e9voil\u00e9 en premi\u00e8re mondiale en mai dernier en ouverture de la Semaine de la Critique de Cannes.\u00a0<\/b><\/p>\n<p class=\"p1\">Lucie (spectaculaire Lea Drucker) est infirmi\u00e8re en chef au service des hospitalisations p\u00e9diatriques. Elle suit depuis quelques temps le cas du petit Adam, dont la sant\u00e9 est mise en danger par un r\u00e9gime alimentaire inad\u00e9quat, encourag\u00e9 par sa m\u00e8re (Anamaria Vartolomei, d&rsquo;une grande intensit\u00e9). Elle sait que pour gu\u00e9rir l\u2019enfant, il faut une prise en charge m\u00e9dicale adapt\u00e9e, mais aussi la coop\u00e9ration et la pr\u00e9sence de sa m\u00e8re, hors celle-ci fait l\u2019objet d\u2019une ordonnance de la juge des familles qui veut restreindre son droit de visite. Pourtant m\u00e8re et infirmi\u00e8re ont le m\u00eame int\u00e9r\u00eat: celui de l\u2019enfant. Alors Lucie va se battre, s\u2019impliquer, peut-\u00eatre plus qu\u2019elle ne le devrait, pour maintenir le lien qui unit la m\u00e8re et l\u2019enfant. Se battre, ce n\u2019est pas forc\u00e9ment contre des adversaires d\u00e9termin\u00e9s, mais plus souvent contre une infrastructure \u00e9crasante, qui tend \u00e0 d\u00e9shumaniser la pratique. Le corps malade n\u2019est pas seulement celui des patients, c\u2019est aussi celui de l\u2019institution, g\u00e9ant administratif qui broie les humains. Le service p\u00e9diatrique fourmille et bouillonne de d\u00e9tresse et de douleur. Chaque patient a son histoire, vient avec son pass\u00e9 et son passif. Le contexte social p\u00e8se souvent autant que le parcours m\u00e9dical, m\u00eame si quelques ballons flous au fond d\u2019un plan rappellent que parfois aussi, l\u2019h\u00f4pital peut \u00eatre un lieu de joie.<\/p>\n<p class=\"p1\"><i>\u00ab\u00a0L\u2019Int\u00e9r\u00eat d\u2019Adam\u00a0\u00bb<\/i>, rel\u00e8ve du portrait de femme, du film social, mais aussi du thriller psychologique, tant on pressent que la relation de confiance entre les deux femmes patiemment tiss\u00e9e par Lucie va \u00eatre mise \u00e0 mal par le syst\u00e8me. L\u2019histoire se d\u00e9roule en temps r\u00e9el ou presque, dans un quasi huis clos. Le cadre se concentre sur Lucie, sujet du portrait, quitte \u00e0 ce que l\u2019action et la parole soit r\u00e9guli\u00e8rement hors champ. Pourtant, en quelques sc\u00e8nes puissantes et fluides, Laura Wandel braque son attention sur les patients, qu\u2019elle parvient \u00e0 faire exister \u00e0 nos yeux comme \u00e0 ceux de Lucie, \u00e0 commencer par le petit Adam et sa famille, sa m\u00e8re aimante mais d\u00e9sempar\u00e9e, \u00e9gar\u00e9e dans des convictions qui ne seront jamais jug\u00e9es ni explicit\u00e9es, son p\u00e8re d\u00e9missionnaire, concentr\u00e9 sur sa nouvelle vie. La performance de Lea Drucker est d\u2019une rare sensibilit\u00e9 mais aussi d\u2019une rare pr\u00e9cision, tout comme le regard que pose sur elle la cin\u00e9aste. On l\u2019observe lutter, manquer de perdre pied, se relever. On est \u00e0 ses c\u00f4t\u00e9s, on partage ses doutes, sa col\u00e8re, sa d\u00e9termination. Durant un peu plus d\u2019une heure, on est avec elle, dans les chambres et les couloirs de cet h\u00f4pital, et le spectacle de sa profonde humanit\u00e9 bouleverse. Comment accepter qu&rsquo;il y ait des gens que l\u2019on ne peut pas aider, des choses que l\u2019on peut pas r\u00e9parer, des situations que l\u2019on ne peut pas sauver? A moins justement que ce qui fait notre humanit\u00e9, ce soit justement de ne pas se r\u00e9signer devant notre impuissance face \u00e0 la vie et la mort.<\/p>\n<p>Le film sortira dans le salles belges le 15 octobre prochain.<\/p>\n","protected":false},"excerpt":{"rendered":"<p>Laura Wandel pr\u00e9sente ce jeudi en avant-premi\u00e8re belge au Festival de Gand son deuxi\u00e8me long m\u00e9trage, \u00ab\u00a0L\u2019Int\u00e9r\u00eat d\u2019Adam\u00a0\u00bb, portrait visc\u00e9ral d\u2019un infirmi\u00e8re qui lutte sans rel\u00e2che contre l\u2019impuissance que lui conf\u00e8re l\u2019institution, d\u00e9voil\u00e9 en premi\u00e8re mondiale en mai dernier en ouverture de la Semaine de la Critique de Cannes.\u00a0 Lucie (spectaculaire Lea Drucker) est infirmi\u00e8re &hellip;<\/p>\n","protected":false},"author":343,"featured_media":264389,"comment_status":"closed","ping_status":"closed","sticky":false,"template":"","format":"standard","meta":{"ngg_post_thumbnail":0,"footnotes":""},"categories":[7134,10,1926,53,12],"tags":[],"class_list":["post-268163","post","type-post","status-publish","format-standard","has-post-thumbnail","","category-we-love-belgian-cinema","category-a-l-affiche","category-a-la-une","category-coming-soon","category-awards"],"yoast_head":"<!-- This site is optimized with the Yoast SEO plugin v20.4 - https:\/\/yoast.com\/wordpress\/plugins\/seo\/ -->\n<title>&quot;L&#039;Int\u00e9r\u00eat d&#039;Adam&quot;: thriller humain - We Love Cinema<\/title>\n<meta name=\"robots\" content=\"index, follow, max-snippet:-1, max-image-preview:large, max-video-preview:-1\" \/>\n<link rel=\"canonical\" href=\"https:\/\/welovecinema.be\/fr\/linteret-dadam-thriller-humain\/\" \/>\n<meta property=\"og:locale\" content=\"fr_FR\" \/>\n<meta property=\"og:type\" content=\"article\" \/>\n<meta property=\"og:title\" content=\"&quot;L&#039;Int\u00e9r\u00eat d&#039;Adam&quot;: thriller humain - We Love Cinema\" \/>\n<meta property=\"og:description\" content=\"Laura Wandel pr\u00e9sente ce jeudi en avant-premi\u00e8re belge au Festival de Gand son deuxi\u00e8me long m\u00e9trage, \u00ab\u00a0L\u2019Int\u00e9r\u00eat d\u2019Adam\u00a0\u00bb, portrait visc\u00e9ral d\u2019un infirmi\u00e8re qui lutte sans rel\u00e2che contre l\u2019impuissance que lui conf\u00e8re l\u2019institution, d\u00e9voil\u00e9 en premi\u00e8re mondiale en mai dernier en ouverture de la Semaine de la Critique de Cannes.\u00a0 Lucie (spectaculaire Lea Drucker) est infirmi\u00e8re &hellip;\" \/>\n<meta property=\"og:url\" content=\"https:\/\/welovecinema.be\/fr\/linteret-dadam-thriller-humain\/\" \/>\n<meta property=\"og:site_name\" content=\"We Love Cinema\" \/>\n<meta property=\"article:publisher\" content=\"https:\/\/www.facebook.com\/welovecinema.be\" \/>\n<meta property=\"article:published_time\" content=\"2025-10-07T16:00:14+00:00\" \/>\n<meta property=\"og:image\" content=\"https:\/\/welovecinema.be\/wp-content\/uploads\/sites\/2\/2025\/04\/L-interet-d-adam\u00a9-Maxence-Dedry-scaled.jpg\" \/>\n\t<meta property=\"og:image:width\" content=\"2560\" \/>\n\t<meta property=\"og:image:height\" content=\"1441\" \/>\n\t<meta property=\"og:image:type\" content=\"image\/jpeg\" \/>\n<meta name=\"author\" content=\"Aurore Engelen\" \/>\n<meta name=\"twitter:card\" content=\"summary_large_image\" \/>\n<meta name=\"twitter:label1\" content=\"\u00c9crit par\" \/>\n\t<meta name=\"twitter:data1\" content=\"Aurore Engelen\" \/>\n\t<meta name=\"twitter:label2\" content=\"Dur\u00e9e de lecture estim\u00e9e\" \/>\n\t<meta name=\"twitter:data2\" content=\"3 minutes\" \/>\n<script type=\"application\/ld+json\" class=\"yoast-schema-graph\">{\"@context\":\"https:\/\/schema.org\",\"@graph\":[{\"@type\":\"Article\",\"@id\":\"https:\/\/welovecinema.be\/fr\/linteret-dadam-thriller-humain\/#article\",\"isPartOf\":{\"@id\":\"https:\/\/welovecinema.be\/fr\/linteret-dadam-thriller-humain\/\"},\"author\":{\"name\":\"Aurore Engelen\",\"@id\":\"https:\/\/welovecinema.be\/nl\/#\/schema\/person\/8084b68c6b176142d073695c654dc7cf\"},\"headline\":\"\u00ab\u00a0L&rsquo;Int\u00e9r\u00eat d&rsquo;Adam\u00a0\u00bb: thriller humain\",\"datePublished\":\"2025-10-07T16:00:14+00:00\",\"dateModified\":\"2025-10-07T16:00:14+00:00\",\"mainEntityOfPage\":{\"@id\":\"https:\/\/welovecinema.be\/fr\/linteret-dadam-thriller-humain\/\"},\"wordCount\":635,\"publisher\":{\"@id\":\"https:\/\/welovecinema.be\/nl\/#organization\"},\"articleSection\":[\"\u00a0We Love Belgian Cinema\",\"A l'affiche\",\"A la une\",\"Coming soon\",\"Evenements\"],\"inLanguage\":\"fr-FR\"},{\"@type\":\"WebPage\",\"@id\":\"https:\/\/welovecinema.be\/fr\/linteret-dadam-thriller-humain\/\",\"url\":\"https:\/\/welovecinema.be\/fr\/linteret-dadam-thriller-humain\/\",\"name\":\"\\\"L'Int\u00e9r\u00eat d'Adam\\\": thriller humain - We Love Cinema\",\"isPartOf\":{\"@id\":\"https:\/\/welovecinema.be\/nl\/#website\"},\"datePublished\":\"2025-10-07T16:00:14+00:00\",\"dateModified\":\"2025-10-07T16:00:14+00:00\",\"breadcrumb\":{\"@id\":\"https:\/\/welovecinema.be\/fr\/linteret-dadam-thriller-humain\/#breadcrumb\"},\"inLanguage\":\"fr-FR\",\"potentialAction\":[{\"@type\":\"ReadAction\",\"target\":[\"https:\/\/welovecinema.be\/fr\/linteret-dadam-thriller-humain\/\"]}]},{\"@type\":\"BreadcrumbList\",\"@id\":\"https:\/\/welovecinema.be\/fr\/linteret-dadam-thriller-humain\/#breadcrumb\",\"itemListElement\":[{\"@type\":\"ListItem\",\"position\":1,\"name\":\"Accueil\",\"item\":\"https:\/\/welovecinema.be\/fr\/\"},{\"@type\":\"ListItem\",\"position\":2,\"name\":\"\u00ab\u00a0L&rsquo;Int\u00e9r\u00eat d&rsquo;Adam\u00a0\u00bb: thriller humain\"}]},{\"@type\":\"WebSite\",\"@id\":\"https:\/\/welovecinema.be\/nl\/#website\",\"url\":\"https:\/\/welovecinema.be\/nl\/\",\"name\":\"We Love Cinema\",\"description\":\"Toute l\u2019information du cin\u00e9ma en Belgique\",\"publisher\":{\"@id\":\"https:\/\/welovecinema.be\/nl\/#organization\"},\"potentialAction\":[{\"@type\":\"SearchAction\",\"target\":{\"@type\":\"EntryPoint\",\"urlTemplate\":\"https:\/\/welovecinema.be\/nl\/?s={search_term_string}\"},\"query-input\":\"required name=search_term_string\"}],\"inLanguage\":\"fr-FR\"},{\"@type\":\"Organization\",\"@id\":\"https:\/\/welovecinema.be\/nl\/#organization\",\"name\":\"We Love Cinema\",\"url\":\"https:\/\/welovecinema.be\/nl\/\",\"logo\":{\"@type\":\"ImageObject\",\"inLanguage\":\"fr-FR\",\"@id\":\"https:\/\/welovecinema.be\/nl\/#\/schema\/logo\/image\/\",\"url\":\"https:\/\/welovecinema.be\/wp-content\/uploads\/sites\/2\/2023\/03\/Logo-We-Love-Cinema305x128.jpg\",\"contentUrl\":\"https:\/\/welovecinema.be\/wp-content\/uploads\/sites\/2\/2023\/03\/Logo-We-Love-Cinema305x128.jpg\",\"width\":305,\"height\":128,\"caption\":\"We Love Cinema\"},\"image\":{\"@id\":\"https:\/\/welovecinema.be\/nl\/#\/schema\/logo\/image\/\"},\"sameAs\":[\"https:\/\/www.facebook.com\/welovecinema.be\",\"https:\/\/www.youtube.com\/channel\/UCX5LYGVhnKvYauW4Nta4HJA\",\"https:\/\/www.instagram.com\/welovecinema.be\/\"]},{\"@type\":\"Person\",\"@id\":\"https:\/\/welovecinema.be\/nl\/#\/schema\/person\/8084b68c6b176142d073695c654dc7cf\",\"name\":\"Aurore Engelen\",\"url\":\"https:\/\/welovecinema.be\/fr\/author\/aurore-engelen\/\"}]}<\/script>\n<!-- \/ Yoast SEO plugin. -->","yoast_head_json":{"title":"\"L'Int\u00e9r\u00eat d'Adam\": thriller humain - We Love Cinema","robots":{"index":"index","follow":"follow","max-snippet":"max-snippet:-1","max-image-preview":"max-image-preview:large","max-video-preview":"max-video-preview:-1"},"canonical":"https:\/\/welovecinema.be\/fr\/linteret-dadam-thriller-humain\/","og_locale":"fr_FR","og_type":"article","og_title":"\"L'Int\u00e9r\u00eat d'Adam\": thriller humain - We Love Cinema","og_description":"Laura Wandel pr\u00e9sente ce jeudi en avant-premi\u00e8re belge au Festival de Gand son deuxi\u00e8me long m\u00e9trage, \u00ab\u00a0L\u2019Int\u00e9r\u00eat d\u2019Adam\u00a0\u00bb, portrait visc\u00e9ral d\u2019un infirmi\u00e8re qui lutte sans rel\u00e2che contre l\u2019impuissance que lui conf\u00e8re l\u2019institution, d\u00e9voil\u00e9 en premi\u00e8re mondiale en mai dernier en ouverture de la Semaine de la Critique de Cannes.\u00a0 Lucie (spectaculaire Lea Drucker) est infirmi\u00e8re &hellip;","og_url":"https:\/\/welovecinema.be\/fr\/linteret-dadam-thriller-humain\/","og_site_name":"We Love Cinema","article_publisher":"https:\/\/www.facebook.com\/welovecinema.be","article_published_time":"2025-10-07T16:00:14+00:00","og_image":[{"width":2560,"height":1441,"url":"https:\/\/welovecinema.be\/wp-content\/uploads\/sites\/2\/2025\/04\/L-interet-d-adam\u00a9-Maxence-Dedry-scaled.jpg","type":"image\/jpeg"}],"author":"Aurore Engelen","twitter_card":"summary_large_image","twitter_misc":{"\u00c9crit par":"Aurore Engelen","Dur\u00e9e de lecture estim\u00e9e":"3 minutes"},"schema":{"@context":"https:\/\/schema.org","@graph":[{"@type":"Article","@id":"https:\/\/welovecinema.be\/fr\/linteret-dadam-thriller-humain\/#article","isPartOf":{"@id":"https:\/\/welovecinema.be\/fr\/linteret-dadam-thriller-humain\/"},"author":{"name":"Aurore Engelen","@id":"https:\/\/welovecinema.be\/nl\/#\/schema\/person\/8084b68c6b176142d073695c654dc7cf"},"headline":"\u00ab\u00a0L&rsquo;Int\u00e9r\u00eat d&rsquo;Adam\u00a0\u00bb: thriller humain","datePublished":"2025-10-07T16:00:14+00:00","dateModified":"2025-10-07T16:00:14+00:00","mainEntityOfPage":{"@id":"https:\/\/welovecinema.be\/fr\/linteret-dadam-thriller-humain\/"},"wordCount":635,"publisher":{"@id":"https:\/\/welovecinema.be\/nl\/#organization"},"articleSection":["\u00a0We Love Belgian Cinema","A l'affiche","A la une","Coming soon","Evenements"],"inLanguage":"fr-FR"},{"@type":"WebPage","@id":"https:\/\/welovecinema.be\/fr\/linteret-dadam-thriller-humain\/","url":"https:\/\/welovecinema.be\/fr\/linteret-dadam-thriller-humain\/","name":"\"L'Int\u00e9r\u00eat d'Adam\": thriller humain - We Love Cinema","isPartOf":{"@id":"https:\/\/welovecinema.be\/nl\/#website"},"datePublished":"2025-10-07T16:00:14+00:00","dateModified":"2025-10-07T16:00:14+00:00","breadcrumb":{"@id":"https:\/\/welovecinema.be\/fr\/linteret-dadam-thriller-humain\/#breadcrumb"},"inLanguage":"fr-FR","potentialAction":[{"@type":"ReadAction","target":["https:\/\/welovecinema.be\/fr\/linteret-dadam-thriller-humain\/"]}]},{"@type":"BreadcrumbList","@id":"https:\/\/welovecinema.be\/fr\/linteret-dadam-thriller-humain\/#breadcrumb","itemListElement":[{"@type":"ListItem","position":1,"name":"Accueil","item":"https:\/\/welovecinema.be\/fr\/"},{"@type":"ListItem","position":2,"name":"\u00ab\u00a0L&rsquo;Int\u00e9r\u00eat d&rsquo;Adam\u00a0\u00bb: thriller humain"}]},{"@type":"WebSite","@id":"https:\/\/welovecinema.be\/nl\/#website","url":"https:\/\/welovecinema.be\/nl\/","name":"We Love Cinema","description":"Toute l\u2019information du cin\u00e9ma en Belgique","publisher":{"@id":"https:\/\/welovecinema.be\/nl\/#organization"},"potentialAction":[{"@type":"SearchAction","target":{"@type":"EntryPoint","urlTemplate":"https:\/\/welovecinema.be\/nl\/?s={search_term_string}"},"query-input":"required name=search_term_string"}],"inLanguage":"fr-FR"},{"@type":"Organization","@id":"https:\/\/welovecinema.be\/nl\/#organization","name":"We Love Cinema","url":"https:\/\/welovecinema.be\/nl\/","logo":{"@type":"ImageObject","inLanguage":"fr-FR","@id":"https:\/\/welovecinema.be\/nl\/#\/schema\/logo\/image\/","url":"https:\/\/welovecinema.be\/wp-content\/uploads\/sites\/2\/2023\/03\/Logo-We-Love-Cinema305x128.jpg","contentUrl":"https:\/\/welovecinema.be\/wp-content\/uploads\/sites\/2\/2023\/03\/Logo-We-Love-Cinema305x128.jpg","width":305,"height":128,"caption":"We Love Cinema"},"image":{"@id":"https:\/\/welovecinema.be\/nl\/#\/schema\/logo\/image\/"},"sameAs":["https:\/\/www.facebook.com\/welovecinema.be","https:\/\/www.youtube.com\/channel\/UCX5LYGVhnKvYauW4Nta4HJA","https:\/\/www.instagram.com\/welovecinema.be\/"]},{"@type":"Person","@id":"https:\/\/welovecinema.be\/nl\/#\/schema\/person\/8084b68c6b176142d073695c654dc7cf","name":"Aurore Engelen","url":"https:\/\/welovecinema.be\/fr\/author\/aurore-engelen\/"}]}},"_links":{"self":[{"href":"https:\/\/welovecinema.be\/fr\/wp-json\/wp\/v2\/posts\/268163","targetHints":{"allow":["GET"]}}],"collection":[{"href":"https:\/\/welovecinema.be\/fr\/wp-json\/wp\/v2\/posts"}],"about":[{"href":"https:\/\/welovecinema.be\/fr\/wp-json\/wp\/v2\/types\/post"}],"author":[{"embeddable":true,"href":"https:\/\/welovecinema.be\/fr\/wp-json\/wp\/v2\/users\/343"}],"replies":[{"embeddable":true,"href":"https:\/\/welovecinema.be\/fr\/wp-json\/wp\/v2\/comments?post=268163"}],"version-history":[{"count":1,"href":"https:\/\/welovecinema.be\/fr\/wp-json\/wp\/v2\/posts\/268163\/revisions"}],"predecessor-version":[{"id":268164,"href":"https:\/\/welovecinema.be\/fr\/wp-json\/wp\/v2\/posts\/268163\/revisions\/268164"}],"wp:featuredmedia":[{"embeddable":true,"href":"https:\/\/welovecinema.be\/fr\/wp-json\/wp\/v2\/media\/264389"}],"wp:attachment":[{"href":"https:\/\/welovecinema.be\/fr\/wp-json\/wp\/v2\/media?parent=268163"}],"wp:term":[{"taxonomy":"category","embeddable":true,"href":"https:\/\/welovecinema.be\/fr\/wp-json\/wp\/v2\/categories?post=268163"},{"taxonomy":"post_tag","embeddable":true,"href":"https:\/\/welovecinema.be\/fr\/wp-json\/wp\/v2\/tags?post=268163"}],"curies":[{"name":"wp","href":"https:\/\/api.w.org\/{rel}","templated":true}]}}