{"id":267761,"date":"2025-09-10T15:17:54","date_gmt":"2025-09-10T13:17:54","guid":{"rendered":"https:\/\/welovecinema.be\/?p=267761"},"modified":"2025-09-11T16:51:52","modified_gmt":"2025-09-11T14:51:52","slug":"solide-programmation-belge-pour-le-40e-fiff","status":"publish","type":"post","link":"https:\/\/welovecinema.be\/fr\/solide-programmation-belge-pour-le-40e-fiff\/","title":{"rendered":"Solide programmation belge pour le 40e FIFF!"},"content":{"rendered":"<p><strong>La 40e \u00e9dition du Festival International du Film Francophone de Namur se tiendra du 3 au 10 octobre prochain dans la capitale wallonne, avec au programme pas moins de 6 longs m\u00e9trages belges pr\u00e9sent\u00e9s en exclusivit\u00e9. On vous y attend pour un festival de Cinevox Happenings!<\/strong><\/p>\n<p>Nous vous l&rsquo;annoncions il y a quelques semaines, le festival ouvrira avec <strong><em>Les Baronnes<\/em><\/strong>, le nouveau film de Nabil Ben Yadir, co-r\u00e9alis\u00e9 avec sa m\u00e8re, Mokhtaria Badaoui, qui lui en a souffl\u00e9 l\u2019id\u00e9e originale, et qui relate l\u2019histoire de quatre grands-m\u00e8res de Molenbeek qui se mettent au th\u00e9\u00e2tre et bouleversent la vie de leur famille\u2026 de leur quartier\u2026 et m\u00eame du pays tout entier.<\/p>\n<p><img loading=\"lazy\" decoding=\"async\" class=\"size-full wp-image-266823\" src=\"https:\/\/welovecinema.be\/wp-content\/uploads\/sites\/2\/2025\/08\/Les-Baronnes.jpg\" alt=\"\" width=\"560\" height=\"312\" srcset=\"https:\/\/welovecinema.be\/wp-content\/uploads\/sites\/2\/2025\/08\/Les-Baronnes.jpg 560w, https:\/\/welovecinema.be\/wp-content\/uploads\/sites\/2\/2025\/08\/Les-Baronnes-480x267.jpg 480w\" sizes=\"auto, (max-width: 560px) 100vw, 560px\" \/><\/p>\n<p>D\u00e8s le lendemain vous pourrez d\u00e9couvrir en premi\u00e8re belge <strong><em>On vous croit<\/em><\/strong>, d&rsquo;Arnaud Dufeys et Charlotte Devillers, d\u00e9couvert l&rsquo;hiver dernier \u00e0 la Berlinale, prim\u00e9 depuis dans de nombreux festivals, avec dans le r\u00f4le principal une magistrale Myriem Akheddiou, on en reparle tr\u00e8s vite.<\/p>\n<p><img loading=\"lazy\" decoding=\"async\" class=\"alignnone size-large wp-image-262919\" src=\"https:\/\/welovecinema.be\/wp-content\/uploads\/sites\/2\/2025\/01\/On-Vous-Croit-800x600.jpg\" alt=\"\" width=\"618\" height=\"464\" srcset=\"https:\/\/welovecinema.be\/wp-content\/uploads\/sites\/2\/2025\/01\/On-Vous-Croit-800x600.jpg 800w, https:\/\/welovecinema.be\/wp-content\/uploads\/sites\/2\/2025\/01\/On-Vous-Croit-360x270.jpg 360w, https:\/\/welovecinema.be\/wp-content\/uploads\/sites\/2\/2025\/01\/On-Vous-Croit-768x576.jpg 768w, https:\/\/welovecinema.be\/wp-content\/uploads\/sites\/2\/2025\/01\/On-Vous-Croit-1536x1152.jpg 1536w, https:\/\/welovecinema.be\/wp-content\/uploads\/sites\/2\/2025\/01\/On-Vous-Croit-2048x1536.jpg 2048w\" sizes=\"auto, (max-width: 618px) 100vw, 618px\" \/><\/p>\n<p>Rendez-vous le dimanche pour la premi\u00e8re mondiale de <strong><em>Filles du ciel<\/em><\/strong>, le premier long m\u00e9trage de B\u00e9rang\u00e8re McNeese, l&rsquo;histoire d&rsquo;H\u00e9lo\u00efse, tr\u00e8s jeune fille vivant en foyer, qui d\u00e9cide d&rsquo;en sortir mais n\u2019a nulle part o\u00f9 aller. Elle fait la rencontre de Mallorie qui lui propose de l\u2019h\u00e9berger dans l\u2019appartement qu\u2019elle partage avec deux autres jeunes femmes. H\u00e9lo\u00efse va trouver l\u00e0 un nouveau foyer et une nouvelle famille. Mais leurs blessures pass\u00e9es menacent l\u2019\u00e9quilibre fragile entre ces femmes en apparence si solides. Dans le r\u00f4le d&rsquo;H\u00e9lo\u00efse, H\u00e9lo\u00efse Volle, r\u00e9v\u00e9lation de <em>Matriochkas<\/em>, le court de B\u00e9rang\u00e8re McNeese, laur\u00e9at deu Magritte du Meilleur court m\u00e9trage. Face \u00e0 elle, Shirel Nataf, Yowa-Ang\u00e9lys Tshikaya et Jonas Bloquet.<\/p>\n<p><img loading=\"lazy\" decoding=\"async\" class=\"alignnone size-large wp-image-267771\" src=\"https:\/\/welovecinema.be\/wp-content\/uploads\/sites\/2\/2025\/09\/csm_FILLES_DU_CIEL_8620e63aa4-800x450.jpg\" alt=\"Filles-du-ciel\" width=\"618\" height=\"348\" srcset=\"https:\/\/welovecinema.be\/wp-content\/uploads\/sites\/2\/2025\/09\/csm_FILLES_DU_CIEL_8620e63aa4-800x450.jpg 800w, https:\/\/welovecinema.be\/wp-content\/uploads\/sites\/2\/2025\/09\/csm_FILLES_DU_CIEL_8620e63aa4-480x270.jpg 480w, https:\/\/welovecinema.be\/wp-content\/uploads\/sites\/2\/2025\/09\/csm_FILLES_DU_CIEL_8620e63aa4-200x113.jpg 200w, https:\/\/welovecinema.be\/wp-content\/uploads\/sites\/2\/2025\/09\/csm_FILLES_DU_CIEL_8620e63aa4-768x432.jpg 768w, https:\/\/welovecinema.be\/wp-content\/uploads\/sites\/2\/2025\/09\/csm_FILLES_DU_CIEL_8620e63aa4-1536x864.jpg 1536w, https:\/\/welovecinema.be\/wp-content\/uploads\/sites\/2\/2025\/09\/csm_FILLES_DU_CIEL_8620e63aa4-599x337.jpg 599w, https:\/\/welovecinema.be\/wp-content\/uploads\/sites\/2\/2025\/09\/csm_FILLES_DU_CIEL_8620e63aa4.jpg 1920w\" sizes=\"auto, (max-width: 618px) 100vw, 618px\" \/><\/p>\n<p>Le lundi, vous retrouverez <strong><em>La Derni\u00e8re Rive<\/em><\/strong>, percutant documentaire de Jean-Fran\u00e7ois Ravagnan, qui revient sur une image m\u00e9diatique. Un soir de janvier 2017, une vid\u00e9o se r\u00e9pand sur les r\u00e9seaux sociaux, celle d&rsquo;un jeune gambien en train de se noyer dans les eaux du Grand Canal de Venise. Depuis la rive, des passants l&rsquo;insultent sans lui porter assistance. Film\u00e9 avec un t\u00e9l\u00e9phone portable, le corps p\u00e9trifi\u00e9 par le froid semble se laisser couler malgr\u00e9 les quelques bou\u00e9es de sauvetage jet\u00e9es dans sa direction. Il avait 22 ans et s&rsquo;appelait Pateh Sabally. \u00c0 4.000 kilom\u00e8tres de l\u00e0, les voix et les visages de sa famille racontent l&rsquo;histoire qui a pr\u00e9c\u00e9d\u00e9 ce drame, l&rsquo;histoire au dos des images&#8230;<\/p>\n<p><img loading=\"lazy\" decoding=\"async\" class=\"alignnone size-large wp-image-267773\" src=\"https:\/\/welovecinema.be\/wp-content\/uploads\/sites\/2\/2025\/09\/LaDerniereRive2-800x450.jpg\" alt=\"\" width=\"618\" height=\"348\" srcset=\"https:\/\/welovecinema.be\/wp-content\/uploads\/sites\/2\/2025\/09\/LaDerniereRive2-800x450.jpg 800w, https:\/\/welovecinema.be\/wp-content\/uploads\/sites\/2\/2025\/09\/LaDerniereRive2-480x270.jpg 480w, https:\/\/welovecinema.be\/wp-content\/uploads\/sites\/2\/2025\/09\/LaDerniereRive2-200x113.jpg 200w, https:\/\/welovecinema.be\/wp-content\/uploads\/sites\/2\/2025\/09\/LaDerniereRive2-768x432.jpg 768w, https:\/\/welovecinema.be\/wp-content\/uploads\/sites\/2\/2025\/09\/LaDerniereRive2-1536x864.jpg 1536w, https:\/\/welovecinema.be\/wp-content\/uploads\/sites\/2\/2025\/09\/LaDerniereRive2-599x337.jpg 599w, https:\/\/welovecinema.be\/wp-content\/uploads\/sites\/2\/2025\/09\/LaDerniereRive2.jpg 1920w\" sizes=\"auto, (max-width: 618px) 100vw, 618px\" \/><\/p>\n<p>Mardi soir, c&rsquo;est au tour de Val\u00e9ry Carnoy de pr\u00e9senter son premier long m\u00e9trage, <strong><em>La Danse des Renards<\/em><\/strong>, d\u00e9couvert en mai au Festival de Cannes, le Coup de Coeur des Auteurs SACD, ainsi que le Label Europa Cin\u00e9mas. Film sensible et fougueux\u00a0 sur l\u2019adolescence, l\u2019amiti\u00e9 et la pression du corps, le rapport au corps et \u00e0 la souffrance,\u00a0<em>La Danse des Renards<\/em>\u00a0est port\u00e9 haut par son jeune casting \u00e9poustouflant de naturel, emmen\u00e9 par Samuel Kircher et Faycal Anaflous.<\/p>\n<p><img loading=\"lazy\" decoding=\"async\" class=\"alignnone size-large wp-image-264964\" src=\"https:\/\/welovecinema.be\/wp-content\/uploads\/sites\/2\/2025\/05\/La-danse-des-renards-festival-de-cannes-2025-1450x800-c-800x441.jpeg\" alt=\"\" width=\"618\" height=\"341\" srcset=\"https:\/\/welovecinema.be\/wp-content\/uploads\/sites\/2\/2025\/05\/La-danse-des-renards-festival-de-cannes-2025-1450x800-c-800x441.jpeg 800w, https:\/\/welovecinema.be\/wp-content\/uploads\/sites\/2\/2025\/05\/La-danse-des-renards-festival-de-cannes-2025-1450x800-c-480x265.jpeg 480w, https:\/\/welovecinema.be\/wp-content\/uploads\/sites\/2\/2025\/05\/La-danse-des-renards-festival-de-cannes-2025-1450x800-c-768x424.jpeg 768w, https:\/\/welovecinema.be\/wp-content\/uploads\/sites\/2\/2025\/05\/La-danse-des-renards-festival-de-cannes-2025-1450x800-c.jpeg 1450w\" sizes=\"auto, (max-width: 618px) 100vw, 618px\" \/><\/p>\n<p>Enfin le mercredi 8 octobre, le Festival programmera en premi\u00e8re mondiale <em><strong>Cap Farewell<\/strong><\/em>, le nouveau film de Vanja d&rsquo;Alcantara, avec au catsing No\u00e9e Abita et Matteo Simoni, l&rsquo;histoire de Toni, une jeune femme de 24 ans qui sort de prison et doit retourner vivre chez sa m\u00e8re Betty, avec qui les relations sont tendues. D\u00e9termin\u00e9e \u00e0 renouer avec sa fille Anna, qui a \u00e9t\u00e9 \u00e9lev\u00e9e par Betty en son absence, Toni travaille dans la brasserie de son oncle aux abords du port. Mais elle se retrouve bient\u00f4t impliqu\u00e9e de nouveau dans les affaires de contrebande de son amour d\u2019enfance, Max, le p\u00e8re d\u2019Anna, pour lequel elle est all\u00e9e en prison. Press\u00e9e de toutes parts, Toni devra faire preuve de combativit\u00e9 pour se lib\u00e9rer de cet environnement toxique et prendre sa place en tant que m\u00e8re et femme libre.<\/p>\n<p><img loading=\"lazy\" decoding=\"async\" class=\"alignnone size-large wp-image-267775\" src=\"https:\/\/welovecinema.be\/wp-content\/uploads\/sites\/2\/2025\/09\/csm_Cap_Farewell__-_Phare_paysage_1d3f087772-800x450.jpg\" alt=\"Cap-Farewell\" width=\"618\" height=\"348\" srcset=\"https:\/\/welovecinema.be\/wp-content\/uploads\/sites\/2\/2025\/09\/csm_Cap_Farewell__-_Phare_paysage_1d3f087772-800x450.jpg 800w, https:\/\/welovecinema.be\/wp-content\/uploads\/sites\/2\/2025\/09\/csm_Cap_Farewell__-_Phare_paysage_1d3f087772-480x270.jpg 480w, https:\/\/welovecinema.be\/wp-content\/uploads\/sites\/2\/2025\/09\/csm_Cap_Farewell__-_Phare_paysage_1d3f087772-200x113.jpg 200w, https:\/\/welovecinema.be\/wp-content\/uploads\/sites\/2\/2025\/09\/csm_Cap_Farewell__-_Phare_paysage_1d3f087772-768x432.jpg 768w, https:\/\/welovecinema.be\/wp-content\/uploads\/sites\/2\/2025\/09\/csm_Cap_Farewell__-_Phare_paysage_1d3f087772-1536x864.jpg 1536w, https:\/\/welovecinema.be\/wp-content\/uploads\/sites\/2\/2025\/09\/csm_Cap_Farewell__-_Phare_paysage_1d3f087772-599x337.jpg 599w, https:\/\/welovecinema.be\/wp-content\/uploads\/sites\/2\/2025\/09\/csm_Cap_Farewell__-_Phare_paysage_1d3f087772.jpg 1920w\" sizes=\"auto, (max-width: 618px) 100vw, 618px\" \/><\/p>\n<p>Rendez-vous \u00e9galement le week-end du 5 et du 6 octobre, pour la Comp\u00e9tition du Court, on l&rsquo;on retrouvera les films belges suivants: BUDA<span style=\"font-weight: 400\"> de <\/span>Rapha\u00ebl Kaddour, C\u00d4T\u00c9 COUR<span style=\"font-weight: 400\"> de <\/span>Lionel Delhaye, DEUX \u00c2MES <span style=\"font-weight: 400\">de <\/span>C\u00e9cili Maturelli et Avril Poirier, DU PAIN ET DES JEUX <span style=\"font-weight: 400\">de<\/span> Judith Longuet-Marx et L\u00e9a Tarral, GRAND BONHOMME<span style=\"font-weight: 400\"> de <\/span>Colin Cressent, JASON ET LES ROYAUMES<span style=\"font-weight: 400\"> de <\/span>Bertille Z\u00e9nobie, MOINEAUX<span style=\"font-weight: 400\"> de <\/span>R\u00e9mi Durin, LA MOISSON<span style=\"font-weight: 400\"> d&rsquo;<\/span>Aline D&rsquo;Hauwe, R\u00c9UNION DE FAMILLE<span style=\"font-weight: 400\"> de <\/span>Jean Forest et TOLGANI de Gani Jahja.<\/p>\n<p>Plus d&rsquo;infos sur <a href=\"http:\/\/www.fiff.be\">le site du festival<\/a>.<\/p>\n","protected":false},"excerpt":{"rendered":"<p>La 40e \u00e9dition du Festival International du Film Francophone de Namur se tiendra du 3 au 10 octobre prochain dans la capitale wallonne, avec au programme pas moins de 6 longs m\u00e9trages belges pr\u00e9sent\u00e9s en exclusivit\u00e9. On vous y attend pour un festival de Cinevox Happenings! Nous vous l&rsquo;annoncions il y a quelques semaines, le &hellip;<\/p>\n","protected":false},"author":343,"featured_media":267769,"comment_status":"closed","ping_status":"closed","sticky":false,"template":"","format":"standard","meta":{"ngg_post_thumbnail":0,"footnotes":""},"categories":[7134,53,1923,12],"tags":[],"class_list":["post-267761","post","type-post","status-publish","format-standard","has-post-thumbnail","","category-we-love-belgian-cinema","category-coming-soon","category-en-bref","category-awards"],"yoast_head":"<!-- This site is optimized with the Yoast SEO plugin v20.4 - https:\/\/yoast.com\/wordpress\/plugins\/seo\/ -->\n<title>Solide programmation belge pour le 40e FIFF! - We Love Cinema<\/title>\n<meta name=\"robots\" content=\"index, follow, max-snippet:-1, max-image-preview:large, max-video-preview:-1\" \/>\n<link rel=\"canonical\" href=\"https:\/\/welovecinema.be\/fr\/solide-programmation-belge-pour-le-40e-fiff\/\" \/>\n<meta property=\"og:locale\" content=\"fr_FR\" \/>\n<meta property=\"og:type\" content=\"article\" \/>\n<meta property=\"og:title\" content=\"Solide programmation belge pour le 40e FIFF! - We Love Cinema\" \/>\n<meta property=\"og:description\" content=\"La 40e \u00e9dition du Festival International du Film Francophone de Namur se tiendra du 3 au 10 octobre prochain dans la capitale wallonne, avec au programme pas moins de 6 longs m\u00e9trages belges pr\u00e9sent\u00e9s en exclusivit\u00e9. On vous y attend pour un festival de Cinevox Happenings! Nous vous l&rsquo;annoncions il y a quelques semaines, le &hellip;\" \/>\n<meta property=\"og:url\" content=\"https:\/\/welovecinema.be\/fr\/solide-programmation-belge-pour-le-40e-fiff\/\" \/>\n<meta property=\"og:site_name\" content=\"We Love Cinema\" \/>\n<meta property=\"article:publisher\" content=\"https:\/\/www.facebook.com\/welovecinema.be\" \/>\n<meta property=\"article:published_time\" content=\"2025-09-10T13:17:54+00:00\" \/>\n<meta property=\"article:modified_time\" content=\"2025-09-11T14:51:52+00:00\" \/>\n<meta property=\"og:image\" content=\"https:\/\/welovecinema.be\/wp-content\/uploads\/sites\/2\/2025\/09\/FIFF40Filmsbelges.jpg\" \/>\n\t<meta property=\"og:image:width\" content=\"1200\" \/>\n\t<meta property=\"og:image:height\" content=\"600\" \/>\n\t<meta property=\"og:image:type\" content=\"image\/jpeg\" \/>\n<meta name=\"author\" content=\"Aurore Engelen\" \/>\n<meta name=\"twitter:card\" content=\"summary_large_image\" \/>\n<meta name=\"twitter:label1\" content=\"\u00c9crit par\" \/>\n\t<meta name=\"twitter:data1\" content=\"Aurore Engelen\" \/>\n\t<meta name=\"twitter:label2\" content=\"Dur\u00e9e de lecture estim\u00e9e\" \/>\n\t<meta name=\"twitter:data2\" content=\"5 minutes\" \/>\n<script type=\"application\/ld+json\" class=\"yoast-schema-graph\">{\"@context\":\"https:\/\/schema.org\",\"@graph\":[{\"@type\":\"Article\",\"@id\":\"https:\/\/welovecinema.be\/fr\/solide-programmation-belge-pour-le-40e-fiff\/#article\",\"isPartOf\":{\"@id\":\"https:\/\/welovecinema.be\/fr\/solide-programmation-belge-pour-le-40e-fiff\/\"},\"author\":{\"name\":\"Aurore Engelen\",\"@id\":\"https:\/\/welovecinema.be\/nl\/#\/schema\/person\/8084b68c6b176142d073695c654dc7cf\"},\"headline\":\"Solide programmation belge pour le 40e FIFF!\",\"datePublished\":\"2025-09-10T13:17:54+00:00\",\"dateModified\":\"2025-09-11T14:51:52+00:00\",\"mainEntityOfPage\":{\"@id\":\"https:\/\/welovecinema.be\/fr\/solide-programmation-belge-pour-le-40e-fiff\/\"},\"wordCount\":787,\"publisher\":{\"@id\":\"https:\/\/welovecinema.be\/nl\/#organization\"},\"articleSection\":[\"\u00a0We Love Belgian Cinema\",\"Coming soon\",\"En bref\",\"Evenements\"],\"inLanguage\":\"fr-FR\"},{\"@type\":\"WebPage\",\"@id\":\"https:\/\/welovecinema.be\/fr\/solide-programmation-belge-pour-le-40e-fiff\/\",\"url\":\"https:\/\/welovecinema.be\/fr\/solide-programmation-belge-pour-le-40e-fiff\/\",\"name\":\"Solide programmation belge pour le 40e FIFF! - We Love Cinema\",\"isPartOf\":{\"@id\":\"https:\/\/welovecinema.be\/nl\/#website\"},\"datePublished\":\"2025-09-10T13:17:54+00:00\",\"dateModified\":\"2025-09-11T14:51:52+00:00\",\"breadcrumb\":{\"@id\":\"https:\/\/welovecinema.be\/fr\/solide-programmation-belge-pour-le-40e-fiff\/#breadcrumb\"},\"inLanguage\":\"fr-FR\",\"potentialAction\":[{\"@type\":\"ReadAction\",\"target\":[\"https:\/\/welovecinema.be\/fr\/solide-programmation-belge-pour-le-40e-fiff\/\"]}]},{\"@type\":\"BreadcrumbList\",\"@id\":\"https:\/\/welovecinema.be\/fr\/solide-programmation-belge-pour-le-40e-fiff\/#breadcrumb\",\"itemListElement\":[{\"@type\":\"ListItem\",\"position\":1,\"name\":\"Accueil\",\"item\":\"https:\/\/welovecinema.be\/fr\/\"},{\"@type\":\"ListItem\",\"position\":2,\"name\":\"Solide programmation belge pour le 40e FIFF!\"}]},{\"@type\":\"WebSite\",\"@id\":\"https:\/\/welovecinema.be\/nl\/#website\",\"url\":\"https:\/\/welovecinema.be\/nl\/\",\"name\":\"We Love Cinema\",\"description\":\"Toute l\u2019information du cin\u00e9ma en Belgique\",\"publisher\":{\"@id\":\"https:\/\/welovecinema.be\/nl\/#organization\"},\"potentialAction\":[{\"@type\":\"SearchAction\",\"target\":{\"@type\":\"EntryPoint\",\"urlTemplate\":\"https:\/\/welovecinema.be\/nl\/?s={search_term_string}\"},\"query-input\":\"required name=search_term_string\"}],\"inLanguage\":\"fr-FR\"},{\"@type\":\"Organization\",\"@id\":\"https:\/\/welovecinema.be\/nl\/#organization\",\"name\":\"We Love Cinema\",\"url\":\"https:\/\/welovecinema.be\/nl\/\",\"logo\":{\"@type\":\"ImageObject\",\"inLanguage\":\"fr-FR\",\"@id\":\"https:\/\/welovecinema.be\/nl\/#\/schema\/logo\/image\/\",\"url\":\"https:\/\/welovecinema.be\/wp-content\/uploads\/sites\/2\/2023\/03\/Logo-We-Love-Cinema305x128.jpg\",\"contentUrl\":\"https:\/\/welovecinema.be\/wp-content\/uploads\/sites\/2\/2023\/03\/Logo-We-Love-Cinema305x128.jpg\",\"width\":305,\"height\":128,\"caption\":\"We Love Cinema\"},\"image\":{\"@id\":\"https:\/\/welovecinema.be\/nl\/#\/schema\/logo\/image\/\"},\"sameAs\":[\"https:\/\/www.facebook.com\/welovecinema.be\",\"https:\/\/www.youtube.com\/channel\/UCX5LYGVhnKvYauW4Nta4HJA\",\"https:\/\/www.instagram.com\/welovecinema.be\/\"]},{\"@type\":\"Person\",\"@id\":\"https:\/\/welovecinema.be\/nl\/#\/schema\/person\/8084b68c6b176142d073695c654dc7cf\",\"name\":\"Aurore Engelen\",\"url\":\"https:\/\/welovecinema.be\/fr\/author\/aurore-engelen\/\"}]}<\/script>\n<!-- \/ Yoast SEO plugin. -->","yoast_head_json":{"title":"Solide programmation belge pour le 40e FIFF! - We Love Cinema","robots":{"index":"index","follow":"follow","max-snippet":"max-snippet:-1","max-image-preview":"max-image-preview:large","max-video-preview":"max-video-preview:-1"},"canonical":"https:\/\/welovecinema.be\/fr\/solide-programmation-belge-pour-le-40e-fiff\/","og_locale":"fr_FR","og_type":"article","og_title":"Solide programmation belge pour le 40e FIFF! - We Love Cinema","og_description":"La 40e \u00e9dition du Festival International du Film Francophone de Namur se tiendra du 3 au 10 octobre prochain dans la capitale wallonne, avec au programme pas moins de 6 longs m\u00e9trages belges pr\u00e9sent\u00e9s en exclusivit\u00e9. On vous y attend pour un festival de Cinevox Happenings! Nous vous l&rsquo;annoncions il y a quelques semaines, le &hellip;","og_url":"https:\/\/welovecinema.be\/fr\/solide-programmation-belge-pour-le-40e-fiff\/","og_site_name":"We Love Cinema","article_publisher":"https:\/\/www.facebook.com\/welovecinema.be","article_published_time":"2025-09-10T13:17:54+00:00","article_modified_time":"2025-09-11T14:51:52+00:00","og_image":[{"width":1200,"height":600,"url":"https:\/\/welovecinema.be\/wp-content\/uploads\/sites\/2\/2025\/09\/FIFF40Filmsbelges.jpg","type":"image\/jpeg"}],"author":"Aurore Engelen","twitter_card":"summary_large_image","twitter_misc":{"\u00c9crit par":"Aurore Engelen","Dur\u00e9e de lecture estim\u00e9e":"5 minutes"},"schema":{"@context":"https:\/\/schema.org","@graph":[{"@type":"Article","@id":"https:\/\/welovecinema.be\/fr\/solide-programmation-belge-pour-le-40e-fiff\/#article","isPartOf":{"@id":"https:\/\/welovecinema.be\/fr\/solide-programmation-belge-pour-le-40e-fiff\/"},"author":{"name":"Aurore Engelen","@id":"https:\/\/welovecinema.be\/nl\/#\/schema\/person\/8084b68c6b176142d073695c654dc7cf"},"headline":"Solide programmation belge pour le 40e FIFF!","datePublished":"2025-09-10T13:17:54+00:00","dateModified":"2025-09-11T14:51:52+00:00","mainEntityOfPage":{"@id":"https:\/\/welovecinema.be\/fr\/solide-programmation-belge-pour-le-40e-fiff\/"},"wordCount":787,"publisher":{"@id":"https:\/\/welovecinema.be\/nl\/#organization"},"articleSection":["\u00a0We Love Belgian Cinema","Coming soon","En bref","Evenements"],"inLanguage":"fr-FR"},{"@type":"WebPage","@id":"https:\/\/welovecinema.be\/fr\/solide-programmation-belge-pour-le-40e-fiff\/","url":"https:\/\/welovecinema.be\/fr\/solide-programmation-belge-pour-le-40e-fiff\/","name":"Solide programmation belge pour le 40e FIFF! - We Love Cinema","isPartOf":{"@id":"https:\/\/welovecinema.be\/nl\/#website"},"datePublished":"2025-09-10T13:17:54+00:00","dateModified":"2025-09-11T14:51:52+00:00","breadcrumb":{"@id":"https:\/\/welovecinema.be\/fr\/solide-programmation-belge-pour-le-40e-fiff\/#breadcrumb"},"inLanguage":"fr-FR","potentialAction":[{"@type":"ReadAction","target":["https:\/\/welovecinema.be\/fr\/solide-programmation-belge-pour-le-40e-fiff\/"]}]},{"@type":"BreadcrumbList","@id":"https:\/\/welovecinema.be\/fr\/solide-programmation-belge-pour-le-40e-fiff\/#breadcrumb","itemListElement":[{"@type":"ListItem","position":1,"name":"Accueil","item":"https:\/\/welovecinema.be\/fr\/"},{"@type":"ListItem","position":2,"name":"Solide programmation belge pour le 40e FIFF!"}]},{"@type":"WebSite","@id":"https:\/\/welovecinema.be\/nl\/#website","url":"https:\/\/welovecinema.be\/nl\/","name":"We Love Cinema","description":"Toute l\u2019information du cin\u00e9ma en Belgique","publisher":{"@id":"https:\/\/welovecinema.be\/nl\/#organization"},"potentialAction":[{"@type":"SearchAction","target":{"@type":"EntryPoint","urlTemplate":"https:\/\/welovecinema.be\/nl\/?s={search_term_string}"},"query-input":"required name=search_term_string"}],"inLanguage":"fr-FR"},{"@type":"Organization","@id":"https:\/\/welovecinema.be\/nl\/#organization","name":"We Love Cinema","url":"https:\/\/welovecinema.be\/nl\/","logo":{"@type":"ImageObject","inLanguage":"fr-FR","@id":"https:\/\/welovecinema.be\/nl\/#\/schema\/logo\/image\/","url":"https:\/\/welovecinema.be\/wp-content\/uploads\/sites\/2\/2023\/03\/Logo-We-Love-Cinema305x128.jpg","contentUrl":"https:\/\/welovecinema.be\/wp-content\/uploads\/sites\/2\/2023\/03\/Logo-We-Love-Cinema305x128.jpg","width":305,"height":128,"caption":"We Love Cinema"},"image":{"@id":"https:\/\/welovecinema.be\/nl\/#\/schema\/logo\/image\/"},"sameAs":["https:\/\/www.facebook.com\/welovecinema.be","https:\/\/www.youtube.com\/channel\/UCX5LYGVhnKvYauW4Nta4HJA","https:\/\/www.instagram.com\/welovecinema.be\/"]},{"@type":"Person","@id":"https:\/\/welovecinema.be\/nl\/#\/schema\/person\/8084b68c6b176142d073695c654dc7cf","name":"Aurore Engelen","url":"https:\/\/welovecinema.be\/fr\/author\/aurore-engelen\/"}]}},"_links":{"self":[{"href":"https:\/\/welovecinema.be\/fr\/wp-json\/wp\/v2\/posts\/267761","targetHints":{"allow":["GET"]}}],"collection":[{"href":"https:\/\/welovecinema.be\/fr\/wp-json\/wp\/v2\/posts"}],"about":[{"href":"https:\/\/welovecinema.be\/fr\/wp-json\/wp\/v2\/types\/post"}],"author":[{"embeddable":true,"href":"https:\/\/welovecinema.be\/fr\/wp-json\/wp\/v2\/users\/343"}],"replies":[{"embeddable":true,"href":"https:\/\/welovecinema.be\/fr\/wp-json\/wp\/v2\/comments?post=267761"}],"version-history":[{"count":2,"href":"https:\/\/welovecinema.be\/fr\/wp-json\/wp\/v2\/posts\/267761\/revisions"}],"predecessor-version":[{"id":267788,"href":"https:\/\/welovecinema.be\/fr\/wp-json\/wp\/v2\/posts\/267761\/revisions\/267788"}],"wp:featuredmedia":[{"embeddable":true,"href":"https:\/\/welovecinema.be\/fr\/wp-json\/wp\/v2\/media\/267769"}],"wp:attachment":[{"href":"https:\/\/welovecinema.be\/fr\/wp-json\/wp\/v2\/media?parent=267761"}],"wp:term":[{"taxonomy":"category","embeddable":true,"href":"https:\/\/welovecinema.be\/fr\/wp-json\/wp\/v2\/categories?post=267761"},{"taxonomy":"post_tag","embeddable":true,"href":"https:\/\/welovecinema.be\/fr\/wp-json\/wp\/v2\/tags?post=267761"}],"curies":[{"name":"wp","href":"https:\/\/api.w.org\/{rel}","templated":true}]}}