{"id":267734,"date":"2025-09-09T10:41:56","date_gmt":"2025-09-09T08:41:56","guid":{"rendered":"https:\/\/welovecinema.be\/?p=267734"},"modified":"2025-09-09T10:41:56","modified_gmt":"2025-09-09T08:41:56","slug":"le-tournage-du-film-tire-de-dix-pour-cent-va-debuter","status":"publish","type":"post","link":"https:\/\/welovecinema.be\/fr\/le-tournage-du-film-tire-de-dix-pour-cent-va-debuter\/","title":{"rendered":"Le tournage du film tir\u00e9 de \u00ab\u00a0Dix Pour Cent\u00a0\u00bb va d\u00e9buter\u00a0!"},"content":{"rendered":"<p><strong>Apr\u00e8s avoir \u00e9t\u00e9 un temps abandonn\u00e9, le projet de long-m\u00e9trage a finalement \u00e9t\u00e9 relanc\u00e9, pour la plus grande joie des fans. Le tournage devrait d\u00e9buter ce mois-ci, avec une sortie pr\u00e9vue pour 2026.<\/strong><\/p>\n<p>La s\u00e9rie fran\u00e7aise <em>Dix pour cent<\/em>, qui a connu un succ\u00e8s retentissant en France et \u00e0 l&rsquo;international, s&rsquo;est achev\u00e9e en 2020 apr\u00e8s quatre saisons. Initialement, l&rsquo;id\u00e9e d&rsquo;une suite sous forme de film a \u00e9t\u00e9 \u00e9voqu\u00e9e, puis finalement abandonn\u00e9e, laissant les spectateurs sur leur faim. Cependant, les producteurs et la cr\u00e9atrice Fanny Herrero avaient r\u00e9cemment confirm\u00e9 le red\u00e9marrage du projet.<\/p>\n<p>Le film devrait reprendre le casting original, avec Camille Cottin, Thibault de Montalembert, ou encore Gr\u00e9gory Montel, qui reprendront leurs r\u00f4les embl\u00e9matiques d&rsquo;agents artistiques de l&rsquo;agence ASK.<\/p>\n<p>La s\u00e9rie a su s\u00e9duire un large public gr\u00e2ce \u00e0 son m\u00e9lange r\u00e9ussi de com\u00e9die et de drame, et \u00e0 son concept original: faire jouer \u00e0 des stars de cin\u00e9ma leur propre r\u00f4le, avec beaucoup d&rsquo;autod\u00e9rision. Des personnalit\u00e9s comme Monica Bellucci, Isabelle Huppert ou Jean Dujardin sont pass\u00e9es par l&rsquo;agence, pour le plus grand plaisir des t\u00e9l\u00e9spectateurs. Le film devrait continuer cette tradition, en int\u00e9grant de nouvelles stars. Le succ\u00e8s de la s\u00e9rie a d&rsquo;ailleurs donn\u00e9 lieu \u00e0 de nombreux remakes internationaux, de l&rsquo;Inde au Canada en passant par le Royaume-Uni, prouvant l&rsquo;universalit\u00e9 de son concept.<\/p>\n<p>Et Fanny Herrero, qui avait quitt\u00e9 la s\u00e9rie apr\u00e8s la saison 3, sera aux commandes de ce film. Et s\u2019est montr\u00e9e tr\u00e8s enthousiaste: \u00ab\u00a0<em>Je suis si heureuse d\u2019avoir \u00e9crit \u00e0 nouveau pour eux. Ils sont si inspirants, je les aime tous. Et le fait que je sois partie et que la derni\u00e8re saison soit sortie il y a presque 5 ans\u2026 c\u2019est trop bon de se retrouver.\u00a0\u00bb<\/em><\/p>\n<p>Sortie de ce film tr\u00e8s attendu fin de l\u2019an prochain\u00a0!<\/p>\n<p>&nbsp;<\/p>\n","protected":false},"excerpt":{"rendered":"<p>Apr\u00e8s avoir \u00e9t\u00e9 un temps abandonn\u00e9, le projet de long-m\u00e9trage a finalement \u00e9t\u00e9 relanc\u00e9, pour la plus grande joie des fans. Le tournage devrait d\u00e9buter ce mois-ci, avec une sortie pr\u00e9vue pour 2026. La s\u00e9rie fran\u00e7aise Dix pour cent, qui a connu un succ\u00e8s retentissant en France et \u00e0 l&rsquo;international, s&rsquo;est achev\u00e9e en 2020 apr\u00e8s &hellip;<\/p>\n","protected":false},"author":358,"featured_media":267732,"comment_status":"closed","ping_status":"closed","sticky":false,"template":"","format":"standard","meta":{"ngg_post_thumbnail":0,"footnotes":""},"categories":[7135,7],"tags":[],"class_list":["post-267734","post","type-post","status-publish","format-standard","has-post-thumbnail","","category-we-love-worldwide","category-actualites"],"yoast_head":"<!-- This site is optimized with the Yoast SEO plugin v20.4 - https:\/\/yoast.com\/wordpress\/plugins\/seo\/ -->\n<title>Le tournage du film tir\u00e9 de \u00ab\u00a0Dix Pour Cent\u00a0\u00bb va d\u00e9buter\u00a0! - We Love Cinema<\/title>\n<meta name=\"robots\" content=\"index, follow, max-snippet:-1, max-image-preview:large, max-video-preview:-1\" \/>\n<link rel=\"canonical\" href=\"https:\/\/welovecinema.be\/fr\/le-tournage-du-film-tire-de-dix-pour-cent-va-debuter\/\" \/>\n<meta property=\"og:locale\" content=\"fr_FR\" \/>\n<meta property=\"og:type\" content=\"article\" \/>\n<meta property=\"og:title\" content=\"Le tournage du film tir\u00e9 de \u00ab\u00a0Dix Pour Cent\u00a0\u00bb va d\u00e9buter\u00a0! - We Love Cinema\" \/>\n<meta property=\"og:description\" content=\"Apr\u00e8s avoir \u00e9t\u00e9 un temps abandonn\u00e9, le projet de long-m\u00e9trage a finalement \u00e9t\u00e9 relanc\u00e9, pour la plus grande joie des fans. Le tournage devrait d\u00e9buter ce mois-ci, avec une sortie pr\u00e9vue pour 2026. La s\u00e9rie fran\u00e7aise Dix pour cent, qui a connu un succ\u00e8s retentissant en France et \u00e0 l&rsquo;international, s&rsquo;est achev\u00e9e en 2020 apr\u00e8s &hellip;\" \/>\n<meta property=\"og:url\" content=\"https:\/\/welovecinema.be\/fr\/le-tournage-du-film-tire-de-dix-pour-cent-va-debuter\/\" \/>\n<meta property=\"og:site_name\" content=\"We Love Cinema\" \/>\n<meta property=\"article:publisher\" content=\"https:\/\/www.facebook.com\/welovecinema.be\" \/>\n<meta property=\"article:published_time\" content=\"2025-09-09T08:41:56+00:00\" \/>\n<meta property=\"og:image\" content=\"https:\/\/welovecinema.be\/wp-content\/uploads\/sites\/2\/2025\/09\/10.jpg\" \/>\n\t<meta property=\"og:image:width\" content=\"1280\" \/>\n\t<meta property=\"og:image:height\" content=\"720\" \/>\n\t<meta property=\"og:image:type\" content=\"image\/jpeg\" \/>\n<meta name=\"author\" content=\"fred\" \/>\n<meta name=\"twitter:card\" content=\"summary_large_image\" \/>\n<meta name=\"twitter:label1\" content=\"\u00c9crit par\" \/>\n\t<meta name=\"twitter:data1\" content=\"fred\" \/>\n\t<meta name=\"twitter:label2\" content=\"Dur\u00e9e de lecture estim\u00e9e\" \/>\n\t<meta name=\"twitter:data2\" content=\"2 minutes\" \/>\n<script type=\"application\/ld+json\" class=\"yoast-schema-graph\">{\"@context\":\"https:\/\/schema.org\",\"@graph\":[{\"@type\":\"Article\",\"@id\":\"https:\/\/welovecinema.be\/fr\/le-tournage-du-film-tire-de-dix-pour-cent-va-debuter\/#article\",\"isPartOf\":{\"@id\":\"https:\/\/welovecinema.be\/fr\/le-tournage-du-film-tire-de-dix-pour-cent-va-debuter\/\"},\"author\":{\"name\":\"fred\",\"@id\":\"https:\/\/welovecinema.be\/nl\/#\/schema\/person\/7620619142b6dd3c9aa19e9210ad5bd5\"},\"headline\":\"Le tournage du film tir\u00e9 de \u00ab\u00a0Dix Pour Cent\u00a0\u00bb va d\u00e9buter\u00a0!\",\"datePublished\":\"2025-09-09T08:41:56+00:00\",\"dateModified\":\"2025-09-09T08:41:56+00:00\",\"mainEntityOfPage\":{\"@id\":\"https:\/\/welovecinema.be\/fr\/le-tournage-du-film-tire-de-dix-pour-cent-va-debuter\/\"},\"wordCount\":350,\"publisher\":{\"@id\":\"https:\/\/welovecinema.be\/nl\/#organization\"},\"articleSection\":[\"\u00a0We Love Worldwide Cinema\",\"News\"],\"inLanguage\":\"fr-FR\"},{\"@type\":\"WebPage\",\"@id\":\"https:\/\/welovecinema.be\/fr\/le-tournage-du-film-tire-de-dix-pour-cent-va-debuter\/\",\"url\":\"https:\/\/welovecinema.be\/fr\/le-tournage-du-film-tire-de-dix-pour-cent-va-debuter\/\",\"name\":\"Le tournage du film tir\u00e9 de \u00ab\u00a0Dix Pour Cent\u00a0\u00bb va d\u00e9buter\u00a0! - We Love Cinema\",\"isPartOf\":{\"@id\":\"https:\/\/welovecinema.be\/nl\/#website\"},\"datePublished\":\"2025-09-09T08:41:56+00:00\",\"dateModified\":\"2025-09-09T08:41:56+00:00\",\"breadcrumb\":{\"@id\":\"https:\/\/welovecinema.be\/fr\/le-tournage-du-film-tire-de-dix-pour-cent-va-debuter\/#breadcrumb\"},\"inLanguage\":\"fr-FR\",\"potentialAction\":[{\"@type\":\"ReadAction\",\"target\":[\"https:\/\/welovecinema.be\/fr\/le-tournage-du-film-tire-de-dix-pour-cent-va-debuter\/\"]}]},{\"@type\":\"BreadcrumbList\",\"@id\":\"https:\/\/welovecinema.be\/fr\/le-tournage-du-film-tire-de-dix-pour-cent-va-debuter\/#breadcrumb\",\"itemListElement\":[{\"@type\":\"ListItem\",\"position\":1,\"name\":\"Accueil\",\"item\":\"https:\/\/welovecinema.be\/fr\/\"},{\"@type\":\"ListItem\",\"position\":2,\"name\":\"Le tournage du film tir\u00e9 de \u00ab\u00a0Dix Pour Cent\u00a0\u00bb va d\u00e9buter\u00a0!\"}]},{\"@type\":\"WebSite\",\"@id\":\"https:\/\/welovecinema.be\/nl\/#website\",\"url\":\"https:\/\/welovecinema.be\/nl\/\",\"name\":\"We Love Cinema\",\"description\":\"Toute l\u2019information du cin\u00e9ma en Belgique\",\"publisher\":{\"@id\":\"https:\/\/welovecinema.be\/nl\/#organization\"},\"potentialAction\":[{\"@type\":\"SearchAction\",\"target\":{\"@type\":\"EntryPoint\",\"urlTemplate\":\"https:\/\/welovecinema.be\/nl\/?s={search_term_string}\"},\"query-input\":\"required name=search_term_string\"}],\"inLanguage\":\"fr-FR\"},{\"@type\":\"Organization\",\"@id\":\"https:\/\/welovecinema.be\/nl\/#organization\",\"name\":\"We Love Cinema\",\"url\":\"https:\/\/welovecinema.be\/nl\/\",\"logo\":{\"@type\":\"ImageObject\",\"inLanguage\":\"fr-FR\",\"@id\":\"https:\/\/welovecinema.be\/nl\/#\/schema\/logo\/image\/\",\"url\":\"https:\/\/welovecinema.be\/wp-content\/uploads\/sites\/2\/2023\/03\/Logo-We-Love-Cinema305x128.jpg\",\"contentUrl\":\"https:\/\/welovecinema.be\/wp-content\/uploads\/sites\/2\/2023\/03\/Logo-We-Love-Cinema305x128.jpg\",\"width\":305,\"height\":128,\"caption\":\"We Love Cinema\"},\"image\":{\"@id\":\"https:\/\/welovecinema.be\/nl\/#\/schema\/logo\/image\/\"},\"sameAs\":[\"https:\/\/www.facebook.com\/welovecinema.be\",\"https:\/\/www.youtube.com\/channel\/UCX5LYGVhnKvYauW4Nta4HJA\",\"https:\/\/www.instagram.com\/welovecinema.be\/\"]},{\"@type\":\"Person\",\"@id\":\"https:\/\/welovecinema.be\/nl\/#\/schema\/person\/7620619142b6dd3c9aa19e9210ad5bd5\",\"name\":\"fred\",\"url\":\"https:\/\/welovecinema.be\/fr\/author\/fred\/\"}]}<\/script>\n<!-- \/ Yoast SEO plugin. -->","yoast_head_json":{"title":"Le tournage du film tir\u00e9 de \u00ab\u00a0Dix Pour Cent\u00a0\u00bb va d\u00e9buter\u00a0! - We Love Cinema","robots":{"index":"index","follow":"follow","max-snippet":"max-snippet:-1","max-image-preview":"max-image-preview:large","max-video-preview":"max-video-preview:-1"},"canonical":"https:\/\/welovecinema.be\/fr\/le-tournage-du-film-tire-de-dix-pour-cent-va-debuter\/","og_locale":"fr_FR","og_type":"article","og_title":"Le tournage du film tir\u00e9 de \u00ab\u00a0Dix Pour Cent\u00a0\u00bb va d\u00e9buter\u00a0! - We Love Cinema","og_description":"Apr\u00e8s avoir \u00e9t\u00e9 un temps abandonn\u00e9, le projet de long-m\u00e9trage a finalement \u00e9t\u00e9 relanc\u00e9, pour la plus grande joie des fans. Le tournage devrait d\u00e9buter ce mois-ci, avec une sortie pr\u00e9vue pour 2026. La s\u00e9rie fran\u00e7aise Dix pour cent, qui a connu un succ\u00e8s retentissant en France et \u00e0 l&rsquo;international, s&rsquo;est achev\u00e9e en 2020 apr\u00e8s &hellip;","og_url":"https:\/\/welovecinema.be\/fr\/le-tournage-du-film-tire-de-dix-pour-cent-va-debuter\/","og_site_name":"We Love Cinema","article_publisher":"https:\/\/www.facebook.com\/welovecinema.be","article_published_time":"2025-09-09T08:41:56+00:00","og_image":[{"width":1280,"height":720,"url":"https:\/\/welovecinema.be\/wp-content\/uploads\/sites\/2\/2025\/09\/10.jpg","type":"image\/jpeg"}],"author":"fred","twitter_card":"summary_large_image","twitter_misc":{"\u00c9crit par":"fred","Dur\u00e9e de lecture estim\u00e9e":"2 minutes"},"schema":{"@context":"https:\/\/schema.org","@graph":[{"@type":"Article","@id":"https:\/\/welovecinema.be\/fr\/le-tournage-du-film-tire-de-dix-pour-cent-va-debuter\/#article","isPartOf":{"@id":"https:\/\/welovecinema.be\/fr\/le-tournage-du-film-tire-de-dix-pour-cent-va-debuter\/"},"author":{"name":"fred","@id":"https:\/\/welovecinema.be\/nl\/#\/schema\/person\/7620619142b6dd3c9aa19e9210ad5bd5"},"headline":"Le tournage du film tir\u00e9 de \u00ab\u00a0Dix Pour Cent\u00a0\u00bb va d\u00e9buter\u00a0!","datePublished":"2025-09-09T08:41:56+00:00","dateModified":"2025-09-09T08:41:56+00:00","mainEntityOfPage":{"@id":"https:\/\/welovecinema.be\/fr\/le-tournage-du-film-tire-de-dix-pour-cent-va-debuter\/"},"wordCount":350,"publisher":{"@id":"https:\/\/welovecinema.be\/nl\/#organization"},"articleSection":["\u00a0We Love Worldwide Cinema","News"],"inLanguage":"fr-FR"},{"@type":"WebPage","@id":"https:\/\/welovecinema.be\/fr\/le-tournage-du-film-tire-de-dix-pour-cent-va-debuter\/","url":"https:\/\/welovecinema.be\/fr\/le-tournage-du-film-tire-de-dix-pour-cent-va-debuter\/","name":"Le tournage du film tir\u00e9 de \u00ab\u00a0Dix Pour Cent\u00a0\u00bb va d\u00e9buter\u00a0! - We Love Cinema","isPartOf":{"@id":"https:\/\/welovecinema.be\/nl\/#website"},"datePublished":"2025-09-09T08:41:56+00:00","dateModified":"2025-09-09T08:41:56+00:00","breadcrumb":{"@id":"https:\/\/welovecinema.be\/fr\/le-tournage-du-film-tire-de-dix-pour-cent-va-debuter\/#breadcrumb"},"inLanguage":"fr-FR","potentialAction":[{"@type":"ReadAction","target":["https:\/\/welovecinema.be\/fr\/le-tournage-du-film-tire-de-dix-pour-cent-va-debuter\/"]}]},{"@type":"BreadcrumbList","@id":"https:\/\/welovecinema.be\/fr\/le-tournage-du-film-tire-de-dix-pour-cent-va-debuter\/#breadcrumb","itemListElement":[{"@type":"ListItem","position":1,"name":"Accueil","item":"https:\/\/welovecinema.be\/fr\/"},{"@type":"ListItem","position":2,"name":"Le tournage du film tir\u00e9 de \u00ab\u00a0Dix Pour Cent\u00a0\u00bb va d\u00e9buter\u00a0!"}]},{"@type":"WebSite","@id":"https:\/\/welovecinema.be\/nl\/#website","url":"https:\/\/welovecinema.be\/nl\/","name":"We Love Cinema","description":"Toute l\u2019information du cin\u00e9ma en Belgique","publisher":{"@id":"https:\/\/welovecinema.be\/nl\/#organization"},"potentialAction":[{"@type":"SearchAction","target":{"@type":"EntryPoint","urlTemplate":"https:\/\/welovecinema.be\/nl\/?s={search_term_string}"},"query-input":"required name=search_term_string"}],"inLanguage":"fr-FR"},{"@type":"Organization","@id":"https:\/\/welovecinema.be\/nl\/#organization","name":"We Love Cinema","url":"https:\/\/welovecinema.be\/nl\/","logo":{"@type":"ImageObject","inLanguage":"fr-FR","@id":"https:\/\/welovecinema.be\/nl\/#\/schema\/logo\/image\/","url":"https:\/\/welovecinema.be\/wp-content\/uploads\/sites\/2\/2023\/03\/Logo-We-Love-Cinema305x128.jpg","contentUrl":"https:\/\/welovecinema.be\/wp-content\/uploads\/sites\/2\/2023\/03\/Logo-We-Love-Cinema305x128.jpg","width":305,"height":128,"caption":"We Love Cinema"},"image":{"@id":"https:\/\/welovecinema.be\/nl\/#\/schema\/logo\/image\/"},"sameAs":["https:\/\/www.facebook.com\/welovecinema.be","https:\/\/www.youtube.com\/channel\/UCX5LYGVhnKvYauW4Nta4HJA","https:\/\/www.instagram.com\/welovecinema.be\/"]},{"@type":"Person","@id":"https:\/\/welovecinema.be\/nl\/#\/schema\/person\/7620619142b6dd3c9aa19e9210ad5bd5","name":"fred","url":"https:\/\/welovecinema.be\/fr\/author\/fred\/"}]}},"_links":{"self":[{"href":"https:\/\/welovecinema.be\/fr\/wp-json\/wp\/v2\/posts\/267734","targetHints":{"allow":["GET"]}}],"collection":[{"href":"https:\/\/welovecinema.be\/fr\/wp-json\/wp\/v2\/posts"}],"about":[{"href":"https:\/\/welovecinema.be\/fr\/wp-json\/wp\/v2\/types\/post"}],"author":[{"embeddable":true,"href":"https:\/\/welovecinema.be\/fr\/wp-json\/wp\/v2\/users\/358"}],"replies":[{"embeddable":true,"href":"https:\/\/welovecinema.be\/fr\/wp-json\/wp\/v2\/comments?post=267734"}],"version-history":[{"count":1,"href":"https:\/\/welovecinema.be\/fr\/wp-json\/wp\/v2\/posts\/267734\/revisions"}],"predecessor-version":[{"id":267735,"href":"https:\/\/welovecinema.be\/fr\/wp-json\/wp\/v2\/posts\/267734\/revisions\/267735"}],"wp:featuredmedia":[{"embeddable":true,"href":"https:\/\/welovecinema.be\/fr\/wp-json\/wp\/v2\/media\/267732"}],"wp:attachment":[{"href":"https:\/\/welovecinema.be\/fr\/wp-json\/wp\/v2\/media?parent=267734"}],"wp:term":[{"taxonomy":"category","embeddable":true,"href":"https:\/\/welovecinema.be\/fr\/wp-json\/wp\/v2\/categories?post=267734"},{"taxonomy":"post_tag","embeddable":true,"href":"https:\/\/welovecinema.be\/fr\/wp-json\/wp\/v2\/tags?post=267734"}],"curies":[{"name":"wp","href":"https:\/\/api.w.org\/{rel}","templated":true}]}}